{"id":28216,"date":"2026-09-02T10:56:31","date_gmt":"2026-09-02T06:56:31","guid":{"rendered":"https:\/\/kokpit.az\/?p=28216"},"modified":"2026-09-02T09:00:18","modified_gmt":"2026-09-02T05:00:18","slug":"m-ben-sulayem-soz-verdi-v8-motorlar-qayidacaq","status":"publish","type":"post","link":"https:\/\/kokpit.az\/?p=28216","title":{"rendered":"M.Ben Sulayem s\u00f6z verdi: V8 motorlar qay\u0131dacaq"},"content":{"rendered":"<p>2026-c\u0131 ild\u0259 q\u00fcvv\u0259y\u0259 min\u0259n yeni m\u00fch\u0259rrik qaydalar\u0131 il\u0259 ba\u011fl\u0131 m\u00fczakir\u0259l\u0259r davam ed\u0259rk\u0259n, V8 m\u00fch\u0259rrikl\u0259rinin Formula 1-\u0259 qay\u0131tmas\u0131 ehtimal\u0131 h\u0259r \u00f6t\u0259n g\u00fcn daha da g\u00fccl\u0259nir.<\/p>\n<p>M\u00f6vzu il\u0259 ba\u011fl\u0131 \u0259n diqq\u0259t\u00e7\u0259k\u0259n a\u00e7\u0131qlama is\u0259 FIA-n\u0131n prezidenti Mohammed Ben Sulayemd\u0259n g\u0259lib. Ben Sulayem V8 m\u00fch\u0259rrikl\u0259rin\u0259 qay\u0131d\u0131\u015f\u0131n art\u0131q sad\u0259c\u0259 ideya olmad\u0131\u011f\u0131n\u0131 v\u0259 yax\u0131n g\u0259l\u0259c\u0259kd\u0259 bu istiqam\u0259td\u0259 konkret add\u0131mlar\u0131n at\u0131laca\u011f\u0131n\u0131 bildirib.<\/p>\n<p>Prosesl\u0259 ba\u011fl\u0131 olduqca iddial\u0131 dan\u0131\u015fan Ben Sulayem deyib: \u201cV8 m\u00fch\u0259rrikl\u0259ri g\u0259lir. H\u0259m d\u0259 \u00e7ox yax\u0131nda g\u0259lir.<\/p>\n<p>Bu istiqam\u0259td\u0259 ir\u0259lil\u0259m\u0259k q\u0259rar\u0131n\u0131 m\u0259n vermi\u015f\u0259m v\u0259 bel\u0259 d\u0259 olacaq. Buna bir \u00e7ox s\u0259b\u0259b\u0259 g\u00f6r\u0259 ehtiyac\u0131m\u0131z var. Daha ucuz, daha yax\u015f\u0131 s\u0259s\u0259 malik, daha y\u00fcng\u00fcl v\u0259 daha az m\u00fcr\u0259kk\u0259b m\u00fch\u0259rrikl\u0259r olacaq.<\/p>\n<p>Formula 1-in ehtiyac\u0131 olan da m\u0259hz budur&#8221;.<\/p>\n<p>\u0130dman\u0131n g\u0259l\u0259c\u0259yind\u0259 sad\u0259liyin m\u00fch\u00fcm amil olmas\u0131 laz\u0131m oldu\u011funu vur\u011fulayan Ben Sulayem s\u00f6zl\u0259rini bel\u0259 davam etdirib: \u201cSad\u0259lik h\u0259m biznes, h\u0259m d\u0259 avtoidman \u00fc\u00e7\u00fcn faydal\u0131d\u0131r. Sad\u0259lik v\u0259 innovasiya bir arada m\u00f6vcud ola bil\u0259r. Biz d\u0259 m\u0259hz bunu edirik. Art\u0131q indid\u0259n siz\u0259 s\u00f6z ver\u0259 bil\u0259r\u0259m: V8 m\u00fch\u0259rrikl\u0259ri geri qay\u0131dacaq&#8221;.<\/p>\n","protected":false},"excerpt":{"rendered":"<p>FIA prezidenti Mohammed Ben Sulayem V8 m\u00fch\u0259rrikl\u0259rinin geri qay\u0131d\u0131\u015f\u0131 il\u0259 ba\u011fl\u0131 \u0259n konkret a\u00e7\u0131qlamas\u0131n\u0131 verib.<\/p>\n","protected":false},"author":2,"featured_media":28218,"comment_status":"open","ping_status":"open","sticky":false,"template":"","format":"standard","meta":{"footnotes":""},"categories":[2],"tags":[1264,116],"class_list":["post-28216","post","type-post","status-publish","format-standard","has-post-thumbnail","hentry","category-news","tag-formula-1-v8-engine","tag-mohammed-ben-sulayem"],"yoast_head":"<!-- This site is optimized with the Yoast SEO plugin v28.4 - https:\/\/yoast.com\/product\/yoast-seo-wordpress\/ -->\n<title>M.Ben Sulayem s\u00f6z verdi: V8 motorlar qay\u0131dacaq - X\u0259b\u0259ri Kokpitd\u0259 Oxuyun!<\/title>\n<meta name=\"robots\" content=\"index, follow, max-snippet:-1, max-image-preview:large, max-video-preview:-1\" \/>\n<link rel=\"canonical\" href=\"https:\/\/kokpit.az\/?p=28216\" \/>\n<meta property=\"og:locale\" content=\"az_AZ\" \/>\n<meta property=\"og:type\" content=\"article\" \/>\n<meta property=\"og:title\" content=\"M.Ben Sulayem s\u00f6z verdi: V8 motorlar qay\u0131dacaq - X\u0259b\u0259ri Kokpitd\u0259 Oxuyun!\" \/>\n<meta property=\"og:description\" content=\"FIA prezidenti Mohammed Ben Sulayem V8 m\u00fch\u0259rrikl\u0259rinin geri qay\u0131d\u0131\u015f\u0131 il\u0259 ba\u011fl\u0131 \u0259n konkret a\u00e7\u0131qlamas\u0131n\u0131 verib.\" \/>\n<meta property=\"og:url\" content=\"https:\/\/kokpit.az\/?p=28216\" \/>\n<meta property=\"og:site_name\" content=\"X\u0259b\u0259ri Kokpitd\u0259 Oxuyun!\" \/>\n<meta property=\"article:publisher\" content=\"https:\/\/www.facebook.com\/profile.php?id=61553756392357\" \/>\n<meta property=\"article:published_time\" content=\"2026-09-02T06:56:31+00:00\" \/>\n<meta property=\"og:image\" content=\"https:\/\/kokpit.az\/wp-content\/uploads\/2026\/09\/mohammed-ben-sulayem-fia-presi-3-e1788325187136.webp\" \/>\n\t<meta property=\"og:image:width\" content=\"1200\" \/>\n\t<meta property=\"og:image:height\" content=\"630\" \/>\n\t<meta property=\"og:image:type\" content=\"image\/webp\" \/>\n<meta name=\"author\" content=\"Rauf Hac\u0131yev\" \/>\n<meta name=\"twitter:card\" content=\"summary_large_image\" \/>\n<meta name=\"twitter:label1\" content=\"Written by\" \/>\n\t<meta name=\"twitter:data1\" content=\"Rauf Hac\u0131yev\" \/>\n\t<meta name=\"twitter:label2\" content=\"Est. reading time\" \/>\n\t<meta name=\"twitter:data2\" content=\"1 minute\" \/>\n<script type=\"application\/ld+json\" class=\"yoast-schema-graph\">{\"@context\":\"https:\\\/\\\/schema.org\",\"@graph\":[{\"@type\":\"Article\",\"@id\":\"https:\\\/\\\/kokpit.az\\\/?p=28216#article\",\"isPartOf\":{\"@id\":\"https:\\\/\\\/kokpit.az\\\/?p=28216\"},\"author\":{\"name\":\"Rauf Hac\u0131yev\",\"@id\":\"https:\\\/\\\/kokpit.az\\\/#\\\/schema\\\/person\\\/f4114e650bc2993d0650e4fb6933c581\"},\"headline\":\"M.Ben Sulayem s\u00f6z verdi: V8 motorlar qay\u0131dacaq\",\"datePublished\":\"2026-09-02T06:56:31+00:00\",\"mainEntityOfPage\":{\"@id\":\"https:\\\/\\\/kokpit.az\\\/?p=28216\"},\"wordCount\":273,\"commentCount\":0,\"publisher\":{\"@id\":\"https:\\\/\\\/kokpit.az\\\/#organization\"},\"image\":{\"@id\":\"https:\\\/\\\/kokpit.az\\\/?p=28216#primaryimage\"},\"thumbnailUrl\":\"https:\\\/\\\/kokpit.az\\\/wp-content\\\/uploads\\\/2026\\\/09\\\/mohammed-ben-sulayem-fia-presi-3-e1788325187136.webp\",\"keywords\":[\"Formula 1 V8 Engine\",\"Mohammed Ben Sulayem\"],\"articleSection\":[\"X\u0259b\u0259rl\u0259r\"],\"inLanguage\":\"az\",\"potentialAction\":[{\"@type\":\"CommentAction\",\"name\":\"Comment\",\"target\":[\"https:\\\/\\\/kokpit.az\\\/?p=28216#respond\"]}]},{\"@type\":\"WebPage\",\"@id\":\"https:\\\/\\\/kokpit.az\\\/?p=28216\",\"url\":\"https:\\\/\\\/kokpit.az\\\/?p=28216\",\"name\":\"M.Ben Sulayem s\u00f6z verdi: V8 motorlar qay\u0131dacaq - X\u0259b\u0259ri Kokpitd\u0259 Oxuyun!\",\"isPartOf\":{\"@id\":\"https:\\\/\\\/kokpit.az\\\/#website\"},\"primaryImageOfPage\":{\"@id\":\"https:\\\/\\\/kokpit.az\\\/?p=28216#primaryimage\"},\"image\":{\"@id\":\"https:\\\/\\\/kokpit.az\\\/?p=28216#primaryimage\"},\"thumbnailUrl\":\"https:\\\/\\\/kokpit.az\\\/wp-content\\\/uploads\\\/2026\\\/09\\\/mohammed-ben-sulayem-fia-presi-3-e1788325187136.webp\",\"datePublished\":\"2026-09-02T06:56:31+00:00\",\"breadcrumb\":{\"@id\":\"https:\\\/\\\/kokpit.az\\\/?p=28216#breadcrumb\"},\"inLanguage\":\"az\",\"potentialAction\":[{\"@type\":\"ReadAction\",\"target\":[\"https:\\\/\\\/kokpit.az\\\/?p=28216\"]}]},{\"@type\":\"ImageObject\",\"inLanguage\":\"az\",\"@id\":\"https:\\\/\\\/kokpit.az\\\/?p=28216#primaryimage\",\"url\":\"https:\\\/\\\/kokpit.az\\\/wp-content\\\/uploads\\\/2026\\\/09\\\/mohammed-ben-sulayem-fia-presi-3-e1788325187136.webp\",\"contentUrl\":\"https:\\\/\\\/kokpit.az\\\/wp-content\\\/uploads\\\/2026\\\/09\\\/mohammed-ben-sulayem-fia-presi-3-e1788325187136.webp\",\"width\":1200,\"height\":630},{\"@type\":\"BreadcrumbList\",\"@id\":\"https:\\\/\\\/kokpit.az\\\/?p=28216#breadcrumb\",\"itemListElement\":[{\"@type\":\"ListItem\",\"position\":1,\"name\":\"Home\",\"item\":\"https:\\\/\\\/kokpit.az\\\/\"},{\"@type\":\"ListItem\",\"position\":2,\"name\":\"M.Ben Sulayem s\u00f6z verdi: V8 motorlar qay\u0131dacaq\"}]},{\"@type\":\"WebSite\",\"@id\":\"https:\\\/\\\/kokpit.az\\\/#website\",\"url\":\"https:\\\/\\\/kokpit.az\\\/\",\"name\":\"X\u0259b\u0259ri Kokpitd\u0259 Oxuyun!\",\"description\":\"\",\"publisher\":{\"@id\":\"https:\\\/\\\/kokpit.az\\\/#organization\"},\"potentialAction\":[{\"@type\":\"SearchAction\",\"target\":{\"@type\":\"EntryPoint\",\"urlTemplate\":\"https:\\\/\\\/kokpit.az\\\/?s={search_term_string}\"},\"query-input\":{\"@type\":\"PropertyValueSpecification\",\"valueRequired\":true,\"valueName\":\"search_term_string\"}}],\"inLanguage\":\"az\"},{\"@type\":\"Organization\",\"@id\":\"https:\\\/\\\/kokpit.az\\\/#organization\",\"name\":\"X\u0259b\u0259ri Kokpitd\u0259 Oxuyun!\",\"url\":\"https:\\\/\\\/kokpit.az\\\/\",\"logo\":{\"@type\":\"ImageObject\",\"inLanguage\":\"az\",\"@id\":\"https:\\\/\\\/kokpit.az\\\/#\\\/schema\\\/logo\\\/image\\\/\",\"url\":\"https:\\\/\\\/kokpit.az\\\/wp-content\\\/uploads\\\/2023\\\/05\\\/kokpit.jpg\",\"contentUrl\":\"https:\\\/\\\/kokpit.az\\\/wp-content\\\/uploads\\\/2023\\\/05\\\/kokpit.jpg\",\"width\":488,\"height\":245,\"caption\":\"X\u0259b\u0259ri Kokpitd\u0259 Oxuyun!\"},\"image\":{\"@id\":\"https:\\\/\\\/kokpit.az\\\/#\\\/schema\\\/logo\\\/image\\\/\"},\"sameAs\":[\"https:\\\/\\\/www.facebook.com\\\/profile.php?id=61553756392357\"]},{\"@type\":\"Person\",\"@id\":\"https:\\\/\\\/kokpit.az\\\/#\\\/schema\\\/person\\\/f4114e650bc2993d0650e4fb6933c581\",\"name\":\"Rauf Hac\u0131yev\",\"image\":{\"@type\":\"ImageObject\",\"inLanguage\":\"az\",\"@id\":\"https:\\\/\\\/secure.gravatar.com\\\/avatar\\\/394a2085c47c7acdcf41f7d270b7cbb52513d6f4f24c1cb6dfbbd61f98c0503d?s=96&d=mm&r=g\",\"url\":\"https:\\\/\\\/secure.gravatar.com\\\/avatar\\\/394a2085c47c7acdcf41f7d270b7cbb52513d6f4f24c1cb6dfbbd61f98c0503d?s=96&d=mm&r=g\",\"contentUrl\":\"https:\\\/\\\/secure.gravatar.com\\\/avatar\\\/394a2085c47c7acdcf41f7d270b7cbb52513d6f4f24c1cb6dfbbd61f98c0503d?s=96&d=mm&r=g\",\"caption\":\"Rauf Hac\u0131yev\"},\"sameAs\":[\"https:\\\/\\\/kokpit.az\"],\"url\":\"https:\\\/\\\/kokpit.az\\\/?author=2\"}]}<\/script>\n<!-- \/ Yoast SEO plugin. -->","yoast_head_json":{"title":"M.Ben Sulayem s\u00f6z verdi: V8 motorlar qay\u0131dacaq - X\u0259b\u0259ri Kokpitd\u0259 Oxuyun!","robots":{"index":"index","follow":"follow","max-snippet":"max-snippet:-1","max-image-preview":"max-image-preview:large","max-video-preview":"max-video-preview:-1"},"canonical":"https:\/\/kokpit.az\/?p=28216","og_locale":"az_AZ","og_type":"article","og_title":"M.Ben Sulayem s\u00f6z verdi: V8 motorlar qay\u0131dacaq - X\u0259b\u0259ri Kokpitd\u0259 Oxuyun!","og_description":"FIA prezidenti Mohammed Ben Sulayem V8 m\u00fch\u0259rrikl\u0259rinin geri qay\u0131d\u0131\u015f\u0131 il\u0259 ba\u011fl\u0131 \u0259n konkret a\u00e7\u0131qlamas\u0131n\u0131 verib.","og_url":"https:\/\/kokpit.az\/?p=28216","og_site_name":"X\u0259b\u0259ri Kokpitd\u0259 Oxuyun!","article_publisher":"https:\/\/www.facebook.com\/profile.php?id=61553756392357","article_published_time":"2026-09-02T06:56:31+00:00","og_image":[{"width":1200,"height":630,"url":"https:\/\/kokpit.az\/wp-content\/uploads\/2026\/09\/mohammed-ben-sulayem-fia-presi-3-e1788325187136.webp","type":"image\/webp"}],"author":"Rauf Hac\u0131yev","twitter_card":"summary_large_image","twitter_misc":{"Written by":"Rauf Hac\u0131yev","Est. reading time":"1 minute"},"schema":{"@context":"https:\/\/schema.org","@graph":[{"@type":"Article","@id":"https:\/\/kokpit.az\/?p=28216#article","isPartOf":{"@id":"https:\/\/kokpit.az\/?p=28216"},"author":{"name":"Rauf Hac\u0131yev","@id":"https:\/\/kokpit.az\/#\/schema\/person\/f4114e650bc2993d0650e4fb6933c581"},"headline":"M.Ben Sulayem s\u00f6z verdi: V8 motorlar qay\u0131dacaq","datePublished":"2026-09-02T06:56:31+00:00","mainEntityOfPage":{"@id":"https:\/\/kokpit.az\/?p=28216"},"wordCount":273,"commentCount":0,"publisher":{"@id":"https:\/\/kokpit.az\/#organization"},"image":{"@id":"https:\/\/kokpit.az\/?p=28216#primaryimage"},"thumbnailUrl":"https:\/\/kokpit.az\/wp-content\/uploads\/2026\/09\/mohammed-ben-sulayem-fia-presi-3-e1788325187136.webp","keywords":["Formula 1 V8 Engine","Mohammed Ben Sulayem"],"articleSection":["X\u0259b\u0259rl\u0259r"],"inLanguage":"az","potentialAction":[{"@type":"CommentAction","name":"Comment","target":["https:\/\/kokpit.az\/?p=28216#respond"]}]},{"@type":"WebPage","@id":"https:\/\/kokpit.az\/?p=28216","url":"https:\/\/kokpit.az\/?p=28216","name":"M.Ben Sulayem s\u00f6z verdi: V8 motorlar qay\u0131dacaq - X\u0259b\u0259ri Kokpitd\u0259 Oxuyun!","isPartOf":{"@id":"https:\/\/kokpit.az\/#website"},"primaryImageOfPage":{"@id":"https:\/\/kokpit.az\/?p=28216#primaryimage"},"image":{"@id":"https:\/\/kokpit.az\/?p=28216#primaryimage"},"thumbnailUrl":"https:\/\/kokpit.az\/wp-content\/uploads\/2026\/09\/mohammed-ben-sulayem-fia-presi-3-e1788325187136.webp","datePublished":"2026-09-02T06:56:31+00:00","breadcrumb":{"@id":"https:\/\/kokpit.az\/?p=28216#breadcrumb"},"inLanguage":"az","potentialAction":[{"@type":"ReadAction","target":["https:\/\/kokpit.az\/?p=28216"]}]},{"@type":"ImageObject","inLanguage":"az","@id":"https:\/\/kokpit.az\/?p=28216#primaryimage","url":"https:\/\/kokpit.az\/wp-content\/uploads\/2026\/09\/mohammed-ben-sulayem-fia-presi-3-e1788325187136.webp","contentUrl":"https:\/\/kokpit.az\/wp-content\/uploads\/2026\/09\/mohammed-ben-sulayem-fia-presi-3-e1788325187136.webp","width":1200,"height":630},{"@type":"BreadcrumbList","@id":"https:\/\/kokpit.az\/?p=28216#breadcrumb","itemListElement":[{"@type":"ListItem","position":1,"name":"Home","item":"https:\/\/kokpit.az\/"},{"@type":"ListItem","position":2,"name":"M.Ben Sulayem s\u00f6z verdi: V8 motorlar qay\u0131dacaq"}]},{"@type":"WebSite","@id":"https:\/\/kokpit.az\/#website","url":"https:\/\/kokpit.az\/","name":"X\u0259b\u0259ri Kokpitd\u0259 Oxuyun!","description":"","publisher":{"@id":"https:\/\/kokpit.az\/#organization"},"potentialAction":[{"@type":"SearchAction","target":{"@type":"EntryPoint","urlTemplate":"https:\/\/kokpit.az\/?s={search_term_string}"},"query-input":{"@type":"PropertyValueSpecification","valueRequired":true,"valueName":"search_term_string"}}],"inLanguage":"az"},{"@type":"Organization","@id":"https:\/\/kokpit.az\/#organization","name":"X\u0259b\u0259ri Kokpitd\u0259 Oxuyun!","url":"https:\/\/kokpit.az\/","logo":{"@type":"ImageObject","inLanguage":"az","@id":"https:\/\/kokpit.az\/#\/schema\/logo\/image\/","url":"https:\/\/kokpit.az\/wp-content\/uploads\/2023\/05\/kokpit.jpg","contentUrl":"https:\/\/kokpit.az\/wp-content\/uploads\/2023\/05\/kokpit.jpg","width":488,"height":245,"caption":"X\u0259b\u0259ri Kokpitd\u0259 Oxuyun!"},"image":{"@id":"https:\/\/kokpit.az\/#\/schema\/logo\/image\/"},"sameAs":["https:\/\/www.facebook.com\/profile.php?id=61553756392357"]},{"@type":"Person","@id":"https:\/\/kokpit.az\/#\/schema\/person\/f4114e650bc2993d0650e4fb6933c581","name":"Rauf Hac\u0131yev","image":{"@type":"ImageObject","inLanguage":"az","@id":"https:\/\/secure.gravatar.com\/avatar\/394a2085c47c7acdcf41f7d270b7cbb52513d6f4f24c1cb6dfbbd61f98c0503d?s=96&d=mm&r=g","url":"https:\/\/secure.gravatar.com\/avatar\/394a2085c47c7acdcf41f7d270b7cbb52513d6f4f24c1cb6dfbbd61f98c0503d?s=96&d=mm&r=g","contentUrl":"https:\/\/secure.gravatar.com\/avatar\/394a2085c47c7acdcf41f7d270b7cbb52513d6f4f24c1cb6dfbbd61f98c0503d?s=96&d=mm&r=g","caption":"Rauf Hac\u0131yev"},"sameAs":["https:\/\/kokpit.az"],"url":"https:\/\/kokpit.az\/?author=2"}]}},"_links":{"self":[{"href":"https:\/\/kokpit.az\/index.php?rest_route=\/wp\/v2\/posts\/28216","targetHints":{"allow":["GET"]}}],"collection":[{"href":"https:\/\/kokpit.az\/index.php?rest_route=\/wp\/v2\/posts"}],"about":[{"href":"https:\/\/kokpit.az\/index.php?rest_route=\/wp\/v2\/types\/post"}],"author":[{"embeddable":true,"href":"https:\/\/kokpit.az\/index.php?rest_route=\/wp\/v2\/users\/2"}],"replies":[{"embeddable":true,"href":"https:\/\/kokpit.az\/index.php?rest_route=%2Fwp%2Fv2%2Fcomments&post=28216"}],"version-history":[{"count":1,"href":"https:\/\/kokpit.az\/index.php?rest_route=\/wp\/v2\/posts\/28216\/revisions"}],"predecessor-version":[{"id":28219,"href":"https:\/\/kokpit.az\/index.php?rest_route=\/wp\/v2\/posts\/28216\/revisions\/28219"}],"wp:featuredmedia":[{"embeddable":true,"href":"https:\/\/kokpit.az\/index.php?rest_route=\/wp\/v2\/media\/28218"}],"wp:attachment":[{"href":"https:\/\/kokpit.az\/index.php?rest_route=%2Fwp%2Fv2%2Fmedia&parent=28216"}],"wp:term":[{"taxonomy":"category","embeddable":true,"href":"https:\/\/kokpit.az\/index.php?rest_route=%2Fwp%2Fv2%2Fcategories&post=28216"},{"taxonomy":"post_tag","embeddable":true,"href":"https:\/\/kokpit.az\/index.php?rest_route=%2Fwp%2Fv2%2Ftags&post=28216"}],"curies":[{"name":"wp","href":"https:\/\/api.w.org\/{rel}","templated":true}]}}