{"id":28204,"date":"2026-09-02T08:14:21","date_gmt":"2026-09-02T04:14:21","guid":{"rendered":"https:\/\/kokpit.az\/?p=28204"},"modified":"2026-09-02T08:14:21","modified_gmt":"2026-09-02T04:14:21","slug":"fettel-monzada-bir-dovr%c9%99-vuracaq","status":"publish","type":"post","link":"https:\/\/kokpit.az\/?p=28204","title":{"rendered":"Fettel Monzada bir d\u00f6vr\u0259 vuracaq"},"content":{"rendered":"<p>Lyuis H\u0259milton v\u0259 \u015earl Leklerin idar\u0259 ed\u0259c\u0259yi Ferrari SF-26 bu x\u00fcsusi h\u0259ft\u0259sonu \u00fc\u00e7\u00fcn daha q\u0131rm\u0131z\u0131 g\u00f6r\u00fcn\u00fc\u015f\u0259 b\u00fcr\u00fcn\u0259c\u0259k. Bolidin m\u00fch\u0259rrik qapa\u011f\u0131ndak\u0131 a\u011f hiss\u0259 is\u0259 tamamil\u0259 aradan qald\u0131r\u0131l\u0131b.<\/p>\n<p>H\u0259milton v\u0259 Leklerin bolid \u00fcz\u0259rind\u0259ki n\u00f6mr\u0259l\u0259rind\u0259 retro \u015friftl\u0259rd\u0259n istifad\u0259 olunacaq. Komanda m\u00fch\u0259rrik qapa\u011f\u0131nda pilot n\u00f6mr\u0259l\u0259ri il\u0259 \u0259sas sponsor HP-nin loqosu aras\u0131na \u015eumaxerin imzas\u0131n\u0131 da yerl\u0259\u015fdirib.<\/p>\n<p>BBS diskl\u0259rinin k\u0259narlar\u0131nda q\u0131z\u0131l\u0131 detallara yer verilib. H\u0259r iki pilot, el\u0259c\u0259 d\u0259 komandan\u0131n trasdak\u0131 b\u00fct\u00fcn \u0259m\u0259kda\u015flar\u0131 x\u00fcsusi geyiml\u0259rd\u0259n istifad\u0259 ed\u0259c\u0259kl\u0259r. \u015eumaxerin d\u0259bilq\u0259sind\u0259ki ikonik a\u011f ulduzlar is\u0259 bolidin burun hiss\u0259sin\u0259 \u0259lav\u0259 olunub.<\/p>\n<p>X\u00fcsusi dizayn \u015eumaxerin Ferrari-d\u0259 ke\u00e7irdiyi ilk m\u00f6vs\u00fcm\u00fcn 30-cu ild\u00f6n\u00fcm\u00fcn\u0259 h\u0259sr olunub v\u0259 alman pilotun komandadak\u0131 ilk bolidi olan F310-dan ilhamlan\u0131b.<\/p>\n<p>1996-c\u0131 il Ferrari F310 da Monza h\u0259ft\u0259sonunda n\u00fcmayi\u015f etdiril\u0259c\u0259k. Bununla yana\u015f\u0131, \u015eumaxerin Ferrari il\u0259 yar\u0131\u015fd\u0131\u011f\u0131 son bolid olan 2006-c\u0131 ild\u0259ki 248 F1 v\u0259 \u00a0\u0259n dominant bolidl\u0259rd\u0259n biri hesab olunan F2002 s\u0259rgil\u0259n\u0259c\u0259k.<\/p>\n<p>\u015eumaxerin ke\u00e7mi\u015f komanda yolda\u015f\u0131 Rubens Barrikello, el\u0259c\u0259 d\u0259 onun yax\u0131n dostu v\u0259 ke\u00e7mi\u015f Ferrari pilotu Sebastyan Fettel alman pilotun irsini qeyd etm\u0259k \u00fc\u00e7\u00fcn \u015f\u0259nb\u0259 v\u0259 bazar g\u00fcnl\u0259ri F2002 il\u0259 Monza tras\u0131nda bir d\u00f6vr\u0259 vuracaqlar.<\/p>\n<p>Ferrari a\u00e7\u0131qlamas\u0131nda \u015eumaxerin komanda \u00fc\u00e7\u00fcn \u0259h\u0259miyy\u0259tini bel\u0259 ifad\u0259 edib: \u201cMixaelin Ferrari-d\u0259ki d\u00f6vr\u00fc yaln\u0131z q\u0259l\u0259b\u0259l\u0259r v\u0259 \u00e7empionluqlardan ibar\u0259t deyildi. M\u00fck\u0259mm\u0259lliy\u0259 olan bitib-t\u00fck\u0259nm\u0259y\u0259n axtar\u0131\u015f\u0131, detallara verdiyi diqq\u0259t, intizam\u0131 v\u0259 \u0259sl komanda oyun\u00e7usu olmas\u0131 Scuderia-n\u0131n \u0259n xarakterik x\u00fcsusiyy\u0259tl\u0259rind\u0259n birin\u0259 \u00e7evril\u0259n m\u0259d\u0259niyy\u0259tin formala\u015fmas\u0131na k\u00f6m\u0259k edib.<\/p>\n<p>Aradan 30 il ke\u00e7m\u0259sin\u0259 baxmayaraq, bu m\u0259d\u0259niyy\u0259t bu g\u00fcn d\u0259 Ferrari-nin r\u0259qab\u0259t\u0259 yana\u015fmas\u0131n\u0131n bir hiss\u0259si olaraq qal\u0131r. Buna g\u00f6r\u0259 d\u0259 Monza bu irsi qeyd etm\u0259k \u00fc\u00e7\u00fcn ideal m\u0259kand\u0131r. Bura t\u0259kc\u0259 ke\u00e7mi\u015fd\u0259 \u0259ld\u0259 olunan u\u011furlara n\u0259z\u0259r salmaq deyil, h\u0259m d\u0259 Ferrari-nin bu g\u00fcn d\u0259 m\u0259nims\u0259diyi d\u0259y\u0259rl\u0259ri xat\u0131rlamaq \u00fc\u00e7\u00fcn m\u00fck\u0259mm\u0259l yerdir&#8221;.<\/p>\n<p>\u015eumaxer 1996-2006-c\u0131 ill\u0259r aras\u0131nda Ferrari \u00fc\u00e7\u00fcn 179 yar\u0131\u015fda i\u015ftirak ed\u0259r\u0259k komandan\u0131n \u0259n uzun m\u00fcdd\u0259t \u00e7\u0131x\u0131\u015f ed\u0259n pilotu olub. 57 ya\u015fl\u0131 alman h\u0259m d\u0259 Scuderia-n\u0131n tarixind\u0259 \u0259n u\u011furlu pilot hesab olunur. O, 7 d\u00fcnya \u00e7empionlu\u011funun 5-ni 2000-2004-c\u00fc ill\u0259rd\u0259 ard\u0131c\u0131l olaraq Ferrari il\u0259 qazan\u0131b.<\/p>\n<p>\u015eumaxer Jan Todt v\u0259 Ross Braun r\u0259hb\u0259rliyind\u0259 Ferrari-nin tarixind\u0259ki \u0259n u\u011furlu d\u00f6vrl\u0259rd\u0259n birinin \u0259sas simalar\u0131ndan olub. \u018ffsan\u0259vi pilot bu m\u00fcdd\u0259td\u0259 komanda il\u0259 72 q\u0259l\u0259b\u0259 v\u0259 58 poul m\u00f6vqeyi qazan\u0131b.<\/p>\n","protected":false},"excerpt":{"rendered":"<p>Ferrari Monzadak\u0131 ev yar\u0131\u015f\u0131nda Mixael \u015eumaxer\u0259 h\u00f6rm\u0259t \u0259lam\u0259ti olaraq x\u00fcsusi dizaynla \u00e7\u0131x\u0131\u015f ed\u0259c\u0259k.<\/p>\n","protected":false},"author":2,"featured_media":28205,"comment_status":"open","ping_status":"open","sticky":false,"template":"","format":"standard","meta":{"footnotes":""},"categories":[204,2],"tags":[173,106,53,148],"class_list":["post-28204","post","type-post","status-publish","format-standard","has-post-thumbnail","hentry","category-italiya-qran-prisi","category-news","tag-autodromo-nazionale-monza","tag-italian-grand-prix","tag-scuderia-ferrari","tag-sebastian-vettel"],"yoast_head":"<!-- This site is optimized with the Yoast SEO plugin v28.4 - https:\/\/yoast.com\/product\/yoast-seo-wordpress\/ -->\n<title>Fettel Monzada bir d\u00f6vr\u0259 vuracaq - X\u0259b\u0259ri Kokpitd\u0259 Oxuyun!<\/title>\n<meta name=\"robots\" content=\"index, follow, max-snippet:-1, max-image-preview:large, max-video-preview:-1\" \/>\n<link rel=\"canonical\" href=\"https:\/\/kokpit.az\/?p=28204\" \/>\n<meta property=\"og:locale\" content=\"az_AZ\" \/>\n<meta property=\"og:type\" content=\"article\" \/>\n<meta property=\"og:title\" content=\"Fettel Monzada bir d\u00f6vr\u0259 vuracaq - X\u0259b\u0259ri Kokpitd\u0259 Oxuyun!\" \/>\n<meta property=\"og:description\" content=\"Ferrari Monzadak\u0131 ev yar\u0131\u015f\u0131nda Mixael \u015eumaxer\u0259 h\u00f6rm\u0259t \u0259lam\u0259ti olaraq x\u00fcsusi dizaynla \u00e7\u0131x\u0131\u015f ed\u0259c\u0259k.\" \/>\n<meta property=\"og:url\" content=\"https:\/\/kokpit.az\/?p=28204\" \/>\n<meta property=\"og:site_name\" content=\"X\u0259b\u0259ri Kokpitd\u0259 Oxuyun!\" \/>\n<meta property=\"article:publisher\" content=\"https:\/\/www.facebook.com\/profile.php?id=61553756392357\" \/>\n<meta property=\"article:published_time\" content=\"2026-09-02T04:14:21+00:00\" \/>\n<meta property=\"og:image\" content=\"https:\/\/kokpit.az\/wp-content\/uploads\/2026\/09\/eupn72c1kgmqfvdzfjuw-e1788322455804.webp\" \/>\n\t<meta property=\"og:image:width\" content=\"1200\" \/>\n\t<meta property=\"og:image:height\" content=\"630\" \/>\n\t<meta property=\"og:image:type\" content=\"image\/webp\" \/>\n<meta name=\"author\" content=\"Rauf Hac\u0131yev\" \/>\n<meta name=\"twitter:card\" content=\"summary_large_image\" \/>\n<meta name=\"twitter:label1\" content=\"Written by\" \/>\n\t<meta name=\"twitter:data1\" content=\"Rauf Hac\u0131yev\" \/>\n\t<meta name=\"twitter:label2\" content=\"Est. reading time\" \/>\n\t<meta name=\"twitter:data2\" content=\"3 minutes\" \/>\n<script type=\"application\/ld+json\" class=\"yoast-schema-graph\">{\"@context\":\"https:\\\/\\\/schema.org\",\"@graph\":[{\"@type\":\"Article\",\"@id\":\"https:\\\/\\\/kokpit.az\\\/?p=28204#article\",\"isPartOf\":{\"@id\":\"https:\\\/\\\/kokpit.az\\\/?p=28204\"},\"author\":{\"name\":\"Rauf Hac\u0131yev\",\"@id\":\"https:\\\/\\\/kokpit.az\\\/#\\\/schema\\\/person\\\/f4114e650bc2993d0650e4fb6933c581\"},\"headline\":\"Fettel Monzada bir d\u00f6vr\u0259 vuracaq\",\"datePublished\":\"2026-09-02T04:14:21+00:00\",\"mainEntityOfPage\":{\"@id\":\"https:\\\/\\\/kokpit.az\\\/?p=28204\"},\"wordCount\":524,\"commentCount\":0,\"publisher\":{\"@id\":\"https:\\\/\\\/kokpit.az\\\/#organization\"},\"image\":{\"@id\":\"https:\\\/\\\/kokpit.az\\\/?p=28204#primaryimage\"},\"thumbnailUrl\":\"https:\\\/\\\/kokpit.az\\\/wp-content\\\/uploads\\\/2026\\\/09\\\/eupn72c1kgmqfvdzfjuw-e1788322455804.webp\",\"keywords\":[\"Autodromo Nazionale Monza\",\"Italian Grand Prix\",\"Scuderia Ferrari\",\"Sebastian Vettel\"],\"articleSection\":[\"\u0130taliya Qran Prisi\",\"X\u0259b\u0259rl\u0259r\"],\"inLanguage\":\"az\",\"potentialAction\":[{\"@type\":\"CommentAction\",\"name\":\"Comment\",\"target\":[\"https:\\\/\\\/kokpit.az\\\/?p=28204#respond\"]}]},{\"@type\":\"WebPage\",\"@id\":\"https:\\\/\\\/kokpit.az\\\/?p=28204\",\"url\":\"https:\\\/\\\/kokpit.az\\\/?p=28204\",\"name\":\"Fettel Monzada bir d\u00f6vr\u0259 vuracaq - X\u0259b\u0259ri Kokpitd\u0259 Oxuyun!\",\"isPartOf\":{\"@id\":\"https:\\\/\\\/kokpit.az\\\/#website\"},\"primaryImageOfPage\":{\"@id\":\"https:\\\/\\\/kokpit.az\\\/?p=28204#primaryimage\"},\"image\":{\"@id\":\"https:\\\/\\\/kokpit.az\\\/?p=28204#primaryimage\"},\"thumbnailUrl\":\"https:\\\/\\\/kokpit.az\\\/wp-content\\\/uploads\\\/2026\\\/09\\\/eupn72c1kgmqfvdzfjuw-e1788322455804.webp\",\"datePublished\":\"2026-09-02T04:14:21+00:00\",\"breadcrumb\":{\"@id\":\"https:\\\/\\\/kokpit.az\\\/?p=28204#breadcrumb\"},\"inLanguage\":\"az\",\"potentialAction\":[{\"@type\":\"ReadAction\",\"target\":[\"https:\\\/\\\/kokpit.az\\\/?p=28204\"]}]},{\"@type\":\"ImageObject\",\"inLanguage\":\"az\",\"@id\":\"https:\\\/\\\/kokpit.az\\\/?p=28204#primaryimage\",\"url\":\"https:\\\/\\\/kokpit.az\\\/wp-content\\\/uploads\\\/2026\\\/09\\\/eupn72c1kgmqfvdzfjuw-e1788322455804.webp\",\"contentUrl\":\"https:\\\/\\\/kokpit.az\\\/wp-content\\\/uploads\\\/2026\\\/09\\\/eupn72c1kgmqfvdzfjuw-e1788322455804.webp\",\"width\":1200,\"height\":630},{\"@type\":\"BreadcrumbList\",\"@id\":\"https:\\\/\\\/kokpit.az\\\/?p=28204#breadcrumb\",\"itemListElement\":[{\"@type\":\"ListItem\",\"position\":1,\"name\":\"Home\",\"item\":\"https:\\\/\\\/kokpit.az\\\/\"},{\"@type\":\"ListItem\",\"position\":2,\"name\":\"Fettel Monzada bir d\u00f6vr\u0259 vuracaq\"}]},{\"@type\":\"WebSite\",\"@id\":\"https:\\\/\\\/kokpit.az\\\/#website\",\"url\":\"https:\\\/\\\/kokpit.az\\\/\",\"name\":\"X\u0259b\u0259ri Kokpitd\u0259 Oxuyun!\",\"description\":\"\",\"publisher\":{\"@id\":\"https:\\\/\\\/kokpit.az\\\/#organization\"},\"potentialAction\":[{\"@type\":\"SearchAction\",\"target\":{\"@type\":\"EntryPoint\",\"urlTemplate\":\"https:\\\/\\\/kokpit.az\\\/?s={search_term_string}\"},\"query-input\":{\"@type\":\"PropertyValueSpecification\",\"valueRequired\":true,\"valueName\":\"search_term_string\"}}],\"inLanguage\":\"az\"},{\"@type\":\"Organization\",\"@id\":\"https:\\\/\\\/kokpit.az\\\/#organization\",\"name\":\"X\u0259b\u0259ri Kokpitd\u0259 Oxuyun!\",\"url\":\"https:\\\/\\\/kokpit.az\\\/\",\"logo\":{\"@type\":\"ImageObject\",\"inLanguage\":\"az\",\"@id\":\"https:\\\/\\\/kokpit.az\\\/#\\\/schema\\\/logo\\\/image\\\/\",\"url\":\"https:\\\/\\\/kokpit.az\\\/wp-content\\\/uploads\\\/2023\\\/05\\\/kokpit.jpg\",\"contentUrl\":\"https:\\\/\\\/kokpit.az\\\/wp-content\\\/uploads\\\/2023\\\/05\\\/kokpit.jpg\",\"width\":488,\"height\":245,\"caption\":\"X\u0259b\u0259ri Kokpitd\u0259 Oxuyun!\"},\"image\":{\"@id\":\"https:\\\/\\\/kokpit.az\\\/#\\\/schema\\\/logo\\\/image\\\/\"},\"sameAs\":[\"https:\\\/\\\/www.facebook.com\\\/profile.php?id=61553756392357\"]},{\"@type\":\"Person\",\"@id\":\"https:\\\/\\\/kokpit.az\\\/#\\\/schema\\\/person\\\/f4114e650bc2993d0650e4fb6933c581\",\"name\":\"Rauf Hac\u0131yev\",\"image\":{\"@type\":\"ImageObject\",\"inLanguage\":\"az\",\"@id\":\"https:\\\/\\\/secure.gravatar.com\\\/avatar\\\/394a2085c47c7acdcf41f7d270b7cbb52513d6f4f24c1cb6dfbbd61f98c0503d?s=96&d=mm&r=g\",\"url\":\"https:\\\/\\\/secure.gravatar.com\\\/avatar\\\/394a2085c47c7acdcf41f7d270b7cbb52513d6f4f24c1cb6dfbbd61f98c0503d?s=96&d=mm&r=g\",\"contentUrl\":\"https:\\\/\\\/secure.gravatar.com\\\/avatar\\\/394a2085c47c7acdcf41f7d270b7cbb52513d6f4f24c1cb6dfbbd61f98c0503d?s=96&d=mm&r=g\",\"caption\":\"Rauf Hac\u0131yev\"},\"sameAs\":[\"https:\\\/\\\/kokpit.az\"],\"url\":\"https:\\\/\\\/kokpit.az\\\/?author=2\"}]}<\/script>\n<!-- \/ Yoast SEO plugin. -->","yoast_head_json":{"title":"Fettel Monzada bir d\u00f6vr\u0259 vuracaq - X\u0259b\u0259ri Kokpitd\u0259 Oxuyun!","robots":{"index":"index","follow":"follow","max-snippet":"max-snippet:-1","max-image-preview":"max-image-preview:large","max-video-preview":"max-video-preview:-1"},"canonical":"https:\/\/kokpit.az\/?p=28204","og_locale":"az_AZ","og_type":"article","og_title":"Fettel Monzada bir d\u00f6vr\u0259 vuracaq - X\u0259b\u0259ri Kokpitd\u0259 Oxuyun!","og_description":"Ferrari Monzadak\u0131 ev yar\u0131\u015f\u0131nda Mixael \u015eumaxer\u0259 h\u00f6rm\u0259t \u0259lam\u0259ti olaraq x\u00fcsusi dizaynla \u00e7\u0131x\u0131\u015f ed\u0259c\u0259k.","og_url":"https:\/\/kokpit.az\/?p=28204","og_site_name":"X\u0259b\u0259ri Kokpitd\u0259 Oxuyun!","article_publisher":"https:\/\/www.facebook.com\/profile.php?id=61553756392357","article_published_time":"2026-09-02T04:14:21+00:00","og_image":[{"width":1200,"height":630,"url":"https:\/\/kokpit.az\/wp-content\/uploads\/2026\/09\/eupn72c1kgmqfvdzfjuw-e1788322455804.webp","type":"image\/webp"}],"author":"Rauf Hac\u0131yev","twitter_card":"summary_large_image","twitter_misc":{"Written by":"Rauf Hac\u0131yev","Est. reading time":"3 minutes"},"schema":{"@context":"https:\/\/schema.org","@graph":[{"@type":"Article","@id":"https:\/\/kokpit.az\/?p=28204#article","isPartOf":{"@id":"https:\/\/kokpit.az\/?p=28204"},"author":{"name":"Rauf Hac\u0131yev","@id":"https:\/\/kokpit.az\/#\/schema\/person\/f4114e650bc2993d0650e4fb6933c581"},"headline":"Fettel Monzada bir d\u00f6vr\u0259 vuracaq","datePublished":"2026-09-02T04:14:21+00:00","mainEntityOfPage":{"@id":"https:\/\/kokpit.az\/?p=28204"},"wordCount":524,"commentCount":0,"publisher":{"@id":"https:\/\/kokpit.az\/#organization"},"image":{"@id":"https:\/\/kokpit.az\/?p=28204#primaryimage"},"thumbnailUrl":"https:\/\/kokpit.az\/wp-content\/uploads\/2026\/09\/eupn72c1kgmqfvdzfjuw-e1788322455804.webp","keywords":["Autodromo Nazionale Monza","Italian Grand Prix","Scuderia Ferrari","Sebastian Vettel"],"articleSection":["\u0130taliya Qran Prisi","X\u0259b\u0259rl\u0259r"],"inLanguage":"az","potentialAction":[{"@type":"CommentAction","name":"Comment","target":["https:\/\/kokpit.az\/?p=28204#respond"]}]},{"@type":"WebPage","@id":"https:\/\/kokpit.az\/?p=28204","url":"https:\/\/kokpit.az\/?p=28204","name":"Fettel Monzada bir d\u00f6vr\u0259 vuracaq - X\u0259b\u0259ri Kokpitd\u0259 Oxuyun!","isPartOf":{"@id":"https:\/\/kokpit.az\/#website"},"primaryImageOfPage":{"@id":"https:\/\/kokpit.az\/?p=28204#primaryimage"},"image":{"@id":"https:\/\/kokpit.az\/?p=28204#primaryimage"},"thumbnailUrl":"https:\/\/kokpit.az\/wp-content\/uploads\/2026\/09\/eupn72c1kgmqfvdzfjuw-e1788322455804.webp","datePublished":"2026-09-02T04:14:21+00:00","breadcrumb":{"@id":"https:\/\/kokpit.az\/?p=28204#breadcrumb"},"inLanguage":"az","potentialAction":[{"@type":"ReadAction","target":["https:\/\/kokpit.az\/?p=28204"]}]},{"@type":"ImageObject","inLanguage":"az","@id":"https:\/\/kokpit.az\/?p=28204#primaryimage","url":"https:\/\/kokpit.az\/wp-content\/uploads\/2026\/09\/eupn72c1kgmqfvdzfjuw-e1788322455804.webp","contentUrl":"https:\/\/kokpit.az\/wp-content\/uploads\/2026\/09\/eupn72c1kgmqfvdzfjuw-e1788322455804.webp","width":1200,"height":630},{"@type":"BreadcrumbList","@id":"https:\/\/kokpit.az\/?p=28204#breadcrumb","itemListElement":[{"@type":"ListItem","position":1,"name":"Home","item":"https:\/\/kokpit.az\/"},{"@type":"ListItem","position":2,"name":"Fettel Monzada bir d\u00f6vr\u0259 vuracaq"}]},{"@type":"WebSite","@id":"https:\/\/kokpit.az\/#website","url":"https:\/\/kokpit.az\/","name":"X\u0259b\u0259ri Kokpitd\u0259 Oxuyun!","description":"","publisher":{"@id":"https:\/\/kokpit.az\/#organization"},"potentialAction":[{"@type":"SearchAction","target":{"@type":"EntryPoint","urlTemplate":"https:\/\/kokpit.az\/?s={search_term_string}"},"query-input":{"@type":"PropertyValueSpecification","valueRequired":true,"valueName":"search_term_string"}}],"inLanguage":"az"},{"@type":"Organization","@id":"https:\/\/kokpit.az\/#organization","name":"X\u0259b\u0259ri Kokpitd\u0259 Oxuyun!","url":"https:\/\/kokpit.az\/","logo":{"@type":"ImageObject","inLanguage":"az","@id":"https:\/\/kokpit.az\/#\/schema\/logo\/image\/","url":"https:\/\/kokpit.az\/wp-content\/uploads\/2023\/05\/kokpit.jpg","contentUrl":"https:\/\/kokpit.az\/wp-content\/uploads\/2023\/05\/kokpit.jpg","width":488,"height":245,"caption":"X\u0259b\u0259ri Kokpitd\u0259 Oxuyun!"},"image":{"@id":"https:\/\/kokpit.az\/#\/schema\/logo\/image\/"},"sameAs":["https:\/\/www.facebook.com\/profile.php?id=61553756392357"]},{"@type":"Person","@id":"https:\/\/kokpit.az\/#\/schema\/person\/f4114e650bc2993d0650e4fb6933c581","name":"Rauf Hac\u0131yev","image":{"@type":"ImageObject","inLanguage":"az","@id":"https:\/\/secure.gravatar.com\/avatar\/394a2085c47c7acdcf41f7d270b7cbb52513d6f4f24c1cb6dfbbd61f98c0503d?s=96&d=mm&r=g","url":"https:\/\/secure.gravatar.com\/avatar\/394a2085c47c7acdcf41f7d270b7cbb52513d6f4f24c1cb6dfbbd61f98c0503d?s=96&d=mm&r=g","contentUrl":"https:\/\/secure.gravatar.com\/avatar\/394a2085c47c7acdcf41f7d270b7cbb52513d6f4f24c1cb6dfbbd61f98c0503d?s=96&d=mm&r=g","caption":"Rauf Hac\u0131yev"},"sameAs":["https:\/\/kokpit.az"],"url":"https:\/\/kokpit.az\/?author=2"}]}},"_links":{"self":[{"href":"https:\/\/kokpit.az\/index.php?rest_route=\/wp\/v2\/posts\/28204","targetHints":{"allow":["GET"]}}],"collection":[{"href":"https:\/\/kokpit.az\/index.php?rest_route=\/wp\/v2\/posts"}],"about":[{"href":"https:\/\/kokpit.az\/index.php?rest_route=\/wp\/v2\/types\/post"}],"author":[{"embeddable":true,"href":"https:\/\/kokpit.az\/index.php?rest_route=\/wp\/v2\/users\/2"}],"replies":[{"embeddable":true,"href":"https:\/\/kokpit.az\/index.php?rest_route=%2Fwp%2Fv2%2Fcomments&post=28204"}],"version-history":[{"count":1,"href":"https:\/\/kokpit.az\/index.php?rest_route=\/wp\/v2\/posts\/28204\/revisions"}],"predecessor-version":[{"id":28206,"href":"https:\/\/kokpit.az\/index.php?rest_route=\/wp\/v2\/posts\/28204\/revisions\/28206"}],"wp:featuredmedia":[{"embeddable":true,"href":"https:\/\/kokpit.az\/index.php?rest_route=\/wp\/v2\/media\/28205"}],"wp:attachment":[{"href":"https:\/\/kokpit.az\/index.php?rest_route=%2Fwp%2Fv2%2Fmedia&parent=28204"}],"wp:term":[{"taxonomy":"category","embeddable":true,"href":"https:\/\/kokpit.az\/index.php?rest_route=%2Fwp%2Fv2%2Fcategories&post=28204"},{"taxonomy":"post_tag","embeddable":true,"href":"https:\/\/kokpit.az\/index.php?rest_route=%2Fwp%2Fv2%2Ftags&post=28204"}],"curies":[{"name":"wp","href":"https:\/\/api.w.org\/{rel}","templated":true}]}}