{"id":28187,"date":"2026-08-31T19:23:00","date_gmt":"2026-08-31T15:23:00","guid":{"rendered":"https:\/\/kokpit.az\/?p=28187"},"modified":"2026-09-01T13:45:06","modified_gmt":"2026-09-01T09:45:06","slug":"audi-montsa-v%c9%99-baki-m%c9%99rh%c9%99l%c9%99l%c9%99ri-ucun-yenilikl%c9%99r-hazirlayir","status":"publish","type":"post","link":"https:\/\/kokpit.az\/?p=28187","title":{"rendered":"Audi Montsa v\u0259 Bak\u0131 m\u0259rh\u0259l\u0259l\u0259ri \u00fc\u00e7\u00fcn yenilikl\u0259r haz\u0131rlay\u0131r"},"content":{"rendered":"<p>D\u00f6rd top-komanda istisna olmaqla, Audi son d\u00f6rd m\u0259rh\u0259l\u0259nin ham\u0131s\u0131nda xal qazanan yegan\u0259 komanda olub. Halbuki bundan \u0259vv\u0259l Qabriel Bortoleto v\u0259 Niko H\u00fclkenberq ard\u0131c\u0131l yeddi trasda ilk onlu\u011fa d\u00fc\u015f\u0259 bilm\u0259yib.<\/p>\n<p>B\u00fct\u00fcn bunlar yeni zavod komandas\u0131n\u0131n ir\u0259lil\u0259yi\u015find\u0259n x\u0259b\u0259r verir, h\u0259r\u00e7\u0259nd Alan Makni\u015f bunu \u015fi\u015firtm\u0259y\u0259 meylli deyil. Audi-nin yar\u0131\u015f direktoru bu yax\u0131nlarda etiraf edib: <strong>Alan Makni\u015f:<\/strong> &#8220;Biz bilirik ki, h\u0259l\u0259 el\u0259 yar\u0131\u015flar olacaq ki, orada xal qazana bilm\u0259y\u0259c\u0259yik. \u00dcmid edir\u0259m, bunu bacaraca\u011f\u0131q, amma ehtimal b\u00f6y\u00fck deyil&#8221;.<\/p>\n<p>G\u00f6r\u00fcn\u00fcr, 2026-c\u0131 ild\u0259 alman motor\u00e7ular\u0131 g\u00fcc qur\u011fusunu art\u0131q modernl\u0259\u015fdirm\u0259yi planla\u015fd\u0131rm\u0131r. Bununla bel\u0259, Monzada R26 ma\u015f\u0131n\u0131n\u0131n yenil\u0259nmi\u015f \u00f6t\u00fcrm\u0259l\u0259r qutusu hesab\u0131na tempini art\u0131rmaq \u015fans\u0131 var.<\/p>\n<p>Avstriyan\u0131n Motorsport Magazin n\u0259\u015frinin yazd\u0131\u011f\u0131na g\u00f6r\u0259, bu qutu \u00fcz\u0259rind\u0259 i\u015f m\u00f6vs\u00fcm\u00fcn lap \u0259vv\u0259lind\u0259n apar\u0131l\u0131b. \u00c7\u00fcnki q\u0131\u015f testl\u0259rind\u0259n sonra Audi m\u00fch\u0259ndisl\u0259ri \u00f6t\u00fcrm\u0259l\u0259r qutusunun \u00f6t\u00fcrm\u0259 nisb\u0259tl\u0259rinin xeyli uzad\u0131ld\u0131\u011f\u0131n\u0131 m\u00fc\u0259yy\u0259n edibl\u0259r. Birinci \u00f6t\u00fcrm\u0259 h\u0259ddind\u0259n art\u0131q &#8220;q\u0131sa&#8221;, s\u0259kkizinci is\u0259 h\u0259ddind\u0259n art\u0131q &#8220;uzun&#8221; olub.<\/p>\n<p>\u00d6t\u00fcrm\u0259l\u0259r qutusunun t\u0259kmill\u0259\u015fdirilmi\u015f versiyas\u0131 \u00fcz\u0259rind\u0259 i\u015f 24 h\u0259ft\u0259 davam edib. \u00c7\u00fcnki bir t\u0259r\u0259fd\u0259n bu, kifay\u0259t q\u0259d\u0259r x\u0259rc t\u0259l\u0259b ed\u0259n layih\u0259dir, dig\u0259r t\u0259r\u0259fd\u0259n is\u0259 onun h\u0259yata ke\u00e7irilm\u0259si do\u011frudan da vaxt apar\u0131r. O c\u00fcml\u0259d\u0259n ona g\u00f6r\u0259 ki, bir s\u0131ra komponentl\u0259r k\u0259nar t\u0259chizat\u00e7\u0131ya sifari\u015f edilib.<\/p>\n<p>M\u0259hz \u00f6t\u00fcrm\u0259l\u0259r qutusu il\u0259 ba\u011fl\u0131 ist\u0259nil\u0259n layih\u0259nin baha ba\u015fa g\u0259lm\u0259si s\u0259b\u0259bind\u0259n McLaren m\u00f6vs\u00fcm \u0259rzind\u0259 \u00f6t\u00fcrm\u0259 nisb\u0259tl\u0259rini d\u0259yi\u015fm\u0259m\u0259k q\u0259rar\u0131na g\u0259lib. Halbuki Uokinqd\u0259 MCL40 ma\u015f\u0131n\u0131na maksimal s\u00fcr\u0259tin \u00e7atmad\u0131\u011f\u0131n\u0131 etiraf edirl\u0259r. Britaniya komandas\u0131 g\u00fcc qur\u011fular\u0131n\u0131 Mercedes-d\u0259n al\u0131r, lakin \u00f6t\u00fcrm\u0259l\u0259r qutular\u0131n\u0131, o c\u00fcml\u0259d\u0259n onlar\u0131n b\u00fct\u00fcn daxili komponentl\u0259rini \u00f6z\u00fc haz\u0131rlay\u0131r v\u0259 istehsal edir.<\/p>\n<p>Audi is\u0259 h\u0259l\u0259 ilin \u0259vv\u0259lind\u0259 \u00f6t\u00fcrm\u0259l\u0259r qutusunu modernl\u0259\u015fdirm\u0259k q\u0259rar\u0131na g\u0259lib v\u0259 tezlikl\u0259 bu i\u015fin n\u0259tic\u0259si t\u0259qdim olunacaq. H\u0259r\u00e7\u0259nd daha uzun birinci \u00f6t\u00fcrm\u0259nin s\u00fcr\u0259tl\u0259nm\u0259 dinamikas\u0131na t\u0259sir g\u00f6st\u0259r\u0259 bil\u0259c\u0259yi il\u0259 ba\u011fl\u0131 narahatl\u0131q var. \u00dcst\u0259lik, Audi pilotlar\u0131 startlar\u0131 onsuz da ideal ke\u00e7irmirl\u0259r v\u0259 buna g\u00f6r\u0259 d\u0259 komanda g\u0259l\u0259c\u0259kd\u0259 ili\u015fm\u0259 muftas\u0131n\u0131n v\u0259 onun idar\u0259etm\u0259 sisteminin i\u015fini yax\u015f\u0131la\u015fd\u0131rmal\u0131 olacaq.<\/p>\n<p>H\u0259m\u00e7inin 2027-ci il\u0259 haz\u0131rl\u0131q art\u0131q ba\u015flasa da, m\u00f6vs\u00fcm\u00fcn 15-ci m\u0259rh\u0259l\u0259sind\u0259, y\u0259ni Az\u0259rbaycan Qran Prisind\u0259 Audi ma\u015f\u0131nlar\u0131nda R26-n\u0131n aerodinamik asmas\u0131 il\u0259 ba\u011fl\u0131 m\u00fch\u00fcm yenilikl\u0259r peyda olacaq. \u00dcst\u0259lik, deyil\u0259n\u0259 g\u00f6r\u0259, bununla ma\u015f\u0131n\u0131n xarici g\u00f6r\u00fcn\u00fc\u015f\u00fc d\u0259 n\u0259z\u0259r\u0259\u00e7arpacaq d\u0259r\u0259c\u0259d\u0259 d\u0259yi\u015f\u0259c\u0259k.<\/p>\n","protected":false},"excerpt":{"rendered":"<p>Audi komandas\u0131 m\u00f6vs\u00fcm\u00fcn \u0259vv\u0259lind\u0259n \u00fcz\u0259rind\u0259 i\u015fl\u0259diyi yenil\u0259nmi\u015f \u00f6t\u00fcrm\u0259l\u0259r qutusunu Monzada s\u0131naqdan ke\u00e7ir\u0259c\u0259k, Bak\u0131 m\u0259rh\u0259l\u0259sind\u0259 is\u0259 yeni aerodinamik elementl\u0259r paketi t\u0259qdim ed\u0259c\u0259k.<\/p>\n","protected":false},"author":6,"featured_media":28189,"comment_status":"open","ping_status":"open","sticky":false,"template":"","format":"standard","meta":{"footnotes":""},"categories":[2],"tags":[2134,97,106],"class_list":["post-28187","post","type-post","status-publish","format-standard","has-post-thumbnail","hentry","category-news","tag-audi-revolut-f1-team","tag-azerbaijan-grand-prix","tag-italian-grand-prix"],"yoast_head":"<!-- This site is optimized with the Yoast SEO plugin v28.4 - https:\/\/yoast.com\/product\/yoast-seo-wordpress\/ -->\n<title>Audi F1 Monza v\u0259 Bak\u0131 \u00fc\u00e7\u00fcn yenilikl\u0259r haz\u0131rlay\u0131r<\/title>\n<meta name=\"description\" content=\"Audi F1 Monzada yenil\u0259nmi\u015f s\u00fcr\u0259tl\u0259r qutusunu s\u0131naqdan ke\u00e7ir\u0259c\u0259k, Bak\u0131da is\u0259 R26 \u00fc\u00e7\u00fcn geni\u015f aerodinamik yenilikl\u0259r t\u0259qdim ed\u0259c\u0259k.\" \/>\n<meta name=\"robots\" content=\"index, follow, max-snippet:-1, max-image-preview:large, max-video-preview:-1\" \/>\n<link rel=\"canonical\" href=\"https:\/\/kokpit.az\/?p=28187\" \/>\n<meta property=\"og:locale\" content=\"az_AZ\" \/>\n<meta property=\"og:type\" content=\"article\" \/>\n<meta property=\"og:title\" content=\"Audi F1 Monza v\u0259 Bak\u0131 \u00fc\u00e7\u00fcn yenilikl\u0259r haz\u0131rlay\u0131r\" \/>\n<meta property=\"og:description\" content=\"Audi F1 Monzada yenil\u0259nmi\u015f s\u00fcr\u0259tl\u0259r qutusunu s\u0131naqdan ke\u00e7ir\u0259c\u0259k, Bak\u0131da is\u0259 R26 \u00fc\u00e7\u00fcn geni\u015f aerodinamik yenilikl\u0259r t\u0259qdim ed\u0259c\u0259k.\" \/>\n<meta property=\"og:url\" content=\"https:\/\/kokpit.az\/?p=28187\" \/>\n<meta property=\"og:site_name\" content=\"X\u0259b\u0259ri Kokpitd\u0259 Oxuyun!\" \/>\n<meta property=\"article:publisher\" content=\"https:\/\/www.facebook.com\/profile.php?id=61553756392357\" \/>\n<meta property=\"article:published_time\" content=\"2026-08-31T15:23:00+00:00\" \/>\n<meta property=\"article:modified_time\" content=\"2026-09-01T09:45:06+00:00\" \/>\n<meta property=\"og:image\" content=\"https:\/\/kokpit.az\/wp-content\/uploads\/2026\/08\/audi-e1788255867891.jpg\" \/>\n\t<meta property=\"og:image:width\" content=\"1080\" \/>\n\t<meta property=\"og:image:height\" content=\"576\" \/>\n\t<meta property=\"og:image:type\" content=\"image\/jpeg\" \/>\n<meta name=\"author\" content=\"Gil\u0259nur H\u00fcseynova\" \/>\n<meta name=\"twitter:card\" content=\"summary_large_image\" \/>\n<meta name=\"twitter:label1\" content=\"Written by\" \/>\n\t<meta name=\"twitter:data1\" content=\"Gil\u0259nur H\u00fcseynova\" \/>\n\t<meta name=\"twitter:label2\" content=\"Est. reading time\" \/>\n\t<meta name=\"twitter:data2\" content=\"3 minutes\" \/>\n<script type=\"application\/ld+json\" class=\"yoast-schema-graph\">{\"@context\":\"https:\\\/\\\/schema.org\",\"@graph\":[{\"@type\":\"Article\",\"@id\":\"https:\\\/\\\/kokpit.az\\\/?p=28187#article\",\"isPartOf\":{\"@id\":\"https:\\\/\\\/kokpit.az\\\/?p=28187\"},\"author\":{\"name\":\"Gil\u0259nur H\u00fcseynova\",\"@id\":\"https:\\\/\\\/kokpit.az\\\/#\\\/schema\\\/person\\\/6382620b4938853967d85bfcc1898861\"},\"headline\":\"Audi Montsa v\u0259 Bak\u0131 m\u0259rh\u0259l\u0259l\u0259ri \u00fc\u00e7\u00fcn yenilikl\u0259r haz\u0131rlay\u0131r\",\"datePublished\":\"2026-08-31T15:23:00+00:00\",\"dateModified\":\"2026-09-01T09:45:06+00:00\",\"mainEntityOfPage\":{\"@id\":\"https:\\\/\\\/kokpit.az\\\/?p=28187\"},\"wordCount\":592,\"commentCount\":0,\"publisher\":{\"@id\":\"https:\\\/\\\/kokpit.az\\\/#organization\"},\"image\":{\"@id\":\"https:\\\/\\\/kokpit.az\\\/?p=28187#primaryimage\"},\"thumbnailUrl\":\"https:\\\/\\\/kokpit.az\\\/wp-content\\\/uploads\\\/2026\\\/08\\\/audi-e1788255867891.jpg\",\"keywords\":[\"Audi Revolut F1 Team\",\"Azerbaijan Grand Prix\",\"Italian Grand Prix\"],\"articleSection\":[\"X\u0259b\u0259rl\u0259r\"],\"inLanguage\":\"az\",\"potentialAction\":[{\"@type\":\"CommentAction\",\"name\":\"Comment\",\"target\":[\"https:\\\/\\\/kokpit.az\\\/?p=28187#respond\"]}]},{\"@type\":\"WebPage\",\"@id\":\"https:\\\/\\\/kokpit.az\\\/?p=28187\",\"url\":\"https:\\\/\\\/kokpit.az\\\/?p=28187\",\"name\":\"Audi F1 Monza v\u0259 Bak\u0131 \u00fc\u00e7\u00fcn yenilikl\u0259r haz\u0131rlay\u0131r\",\"isPartOf\":{\"@id\":\"https:\\\/\\\/kokpit.az\\\/#website\"},\"primaryImageOfPage\":{\"@id\":\"https:\\\/\\\/kokpit.az\\\/?p=28187#primaryimage\"},\"image\":{\"@id\":\"https:\\\/\\\/kokpit.az\\\/?p=28187#primaryimage\"},\"thumbnailUrl\":\"https:\\\/\\\/kokpit.az\\\/wp-content\\\/uploads\\\/2026\\\/08\\\/audi-e1788255867891.jpg\",\"datePublished\":\"2026-08-31T15:23:00+00:00\",\"dateModified\":\"2026-09-01T09:45:06+00:00\",\"description\":\"Audi F1 Monzada yenil\u0259nmi\u015f s\u00fcr\u0259tl\u0259r qutusunu s\u0131naqdan ke\u00e7ir\u0259c\u0259k, Bak\u0131da is\u0259 R26 \u00fc\u00e7\u00fcn geni\u015f aerodinamik yenilikl\u0259r t\u0259qdim ed\u0259c\u0259k.\",\"breadcrumb\":{\"@id\":\"https:\\\/\\\/kokpit.az\\\/?p=28187#breadcrumb\"},\"inLanguage\":\"az\",\"potentialAction\":[{\"@type\":\"ReadAction\",\"target\":[\"https:\\\/\\\/kokpit.az\\\/?p=28187\"]}]},{\"@type\":\"ImageObject\",\"inLanguage\":\"az\",\"@id\":\"https:\\\/\\\/kokpit.az\\\/?p=28187#primaryimage\",\"url\":\"https:\\\/\\\/kokpit.az\\\/wp-content\\\/uploads\\\/2026\\\/08\\\/audi-e1788255867891.jpg\",\"contentUrl\":\"https:\\\/\\\/kokpit.az\\\/wp-content\\\/uploads\\\/2026\\\/08\\\/audi-e1788255867891.jpg\",\"width\":1080,\"height\":576},{\"@type\":\"BreadcrumbList\",\"@id\":\"https:\\\/\\\/kokpit.az\\\/?p=28187#breadcrumb\",\"itemListElement\":[{\"@type\":\"ListItem\",\"position\":1,\"name\":\"Home\",\"item\":\"https:\\\/\\\/kokpit.az\\\/\"},{\"@type\":\"ListItem\",\"position\":2,\"name\":\"Audi Montsa v\u0259 Bak\u0131 m\u0259rh\u0259l\u0259l\u0259ri \u00fc\u00e7\u00fcn yenilikl\u0259r haz\u0131rlay\u0131r\"}]},{\"@type\":\"WebSite\",\"@id\":\"https:\\\/\\\/kokpit.az\\\/#website\",\"url\":\"https:\\\/\\\/kokpit.az\\\/\",\"name\":\"X\u0259b\u0259ri Kokpitd\u0259 Oxuyun!\",\"description\":\"\",\"publisher\":{\"@id\":\"https:\\\/\\\/kokpit.az\\\/#organization\"},\"potentialAction\":[{\"@type\":\"SearchAction\",\"target\":{\"@type\":\"EntryPoint\",\"urlTemplate\":\"https:\\\/\\\/kokpit.az\\\/?s={search_term_string}\"},\"query-input\":{\"@type\":\"PropertyValueSpecification\",\"valueRequired\":true,\"valueName\":\"search_term_string\"}}],\"inLanguage\":\"az\"},{\"@type\":\"Organization\",\"@id\":\"https:\\\/\\\/kokpit.az\\\/#organization\",\"name\":\"X\u0259b\u0259ri Kokpitd\u0259 Oxuyun!\",\"url\":\"https:\\\/\\\/kokpit.az\\\/\",\"logo\":{\"@type\":\"ImageObject\",\"inLanguage\":\"az\",\"@id\":\"https:\\\/\\\/kokpit.az\\\/#\\\/schema\\\/logo\\\/image\\\/\",\"url\":\"https:\\\/\\\/kokpit.az\\\/wp-content\\\/uploads\\\/2023\\\/05\\\/kokpit.jpg\",\"contentUrl\":\"https:\\\/\\\/kokpit.az\\\/wp-content\\\/uploads\\\/2023\\\/05\\\/kokpit.jpg\",\"width\":488,\"height\":245,\"caption\":\"X\u0259b\u0259ri Kokpitd\u0259 Oxuyun!\"},\"image\":{\"@id\":\"https:\\\/\\\/kokpit.az\\\/#\\\/schema\\\/logo\\\/image\\\/\"},\"sameAs\":[\"https:\\\/\\\/www.facebook.com\\\/profile.php?id=61553756392357\"]},{\"@type\":\"Person\",\"@id\":\"https:\\\/\\\/kokpit.az\\\/#\\\/schema\\\/person\\\/6382620b4938853967d85bfcc1898861\",\"name\":\"Gil\u0259nur H\u00fcseynova\",\"image\":{\"@type\":\"ImageObject\",\"inLanguage\":\"az\",\"@id\":\"https:\\\/\\\/secure.gravatar.com\\\/avatar\\\/b794200287242e39733ee61964156d4b4e19f935c868526c2b7444529a60f9a2?s=96&d=mm&r=g\",\"url\":\"https:\\\/\\\/secure.gravatar.com\\\/avatar\\\/b794200287242e39733ee61964156d4b4e19f935c868526c2b7444529a60f9a2?s=96&d=mm&r=g\",\"contentUrl\":\"https:\\\/\\\/secure.gravatar.com\\\/avatar\\\/b794200287242e39733ee61964156d4b4e19f935c868526c2b7444529a60f9a2?s=96&d=mm&r=g\",\"caption\":\"Gil\u0259nur H\u00fcseynova\"},\"url\":\"https:\\\/\\\/kokpit.az\\\/?author=6\"}]}<\/script>\n<!-- \/ Yoast SEO plugin. -->","yoast_head_json":{"title":"Audi F1 Monza v\u0259 Bak\u0131 \u00fc\u00e7\u00fcn yenilikl\u0259r haz\u0131rlay\u0131r","description":"Audi F1 Monzada yenil\u0259nmi\u015f s\u00fcr\u0259tl\u0259r qutusunu s\u0131naqdan ke\u00e7ir\u0259c\u0259k, Bak\u0131da is\u0259 R26 \u00fc\u00e7\u00fcn geni\u015f aerodinamik yenilikl\u0259r t\u0259qdim ed\u0259c\u0259k.","robots":{"index":"index","follow":"follow","max-snippet":"max-snippet:-1","max-image-preview":"max-image-preview:large","max-video-preview":"max-video-preview:-1"},"canonical":"https:\/\/kokpit.az\/?p=28187","og_locale":"az_AZ","og_type":"article","og_title":"Audi F1 Monza v\u0259 Bak\u0131 \u00fc\u00e7\u00fcn yenilikl\u0259r haz\u0131rlay\u0131r","og_description":"Audi F1 Monzada yenil\u0259nmi\u015f s\u00fcr\u0259tl\u0259r qutusunu s\u0131naqdan ke\u00e7ir\u0259c\u0259k, Bak\u0131da is\u0259 R26 \u00fc\u00e7\u00fcn geni\u015f aerodinamik yenilikl\u0259r t\u0259qdim ed\u0259c\u0259k.","og_url":"https:\/\/kokpit.az\/?p=28187","og_site_name":"X\u0259b\u0259ri Kokpitd\u0259 Oxuyun!","article_publisher":"https:\/\/www.facebook.com\/profile.php?id=61553756392357","article_published_time":"2026-08-31T15:23:00+00:00","article_modified_time":"2026-09-01T09:45:06+00:00","og_image":[{"width":1080,"height":576,"url":"https:\/\/kokpit.az\/wp-content\/uploads\/2026\/08\/audi-e1788255867891.jpg","type":"image\/jpeg"}],"author":"Gil\u0259nur H\u00fcseynova","twitter_card":"summary_large_image","twitter_misc":{"Written by":"Gil\u0259nur H\u00fcseynova","Est. reading time":"3 minutes"},"schema":{"@context":"https:\/\/schema.org","@graph":[{"@type":"Article","@id":"https:\/\/kokpit.az\/?p=28187#article","isPartOf":{"@id":"https:\/\/kokpit.az\/?p=28187"},"author":{"name":"Gil\u0259nur H\u00fcseynova","@id":"https:\/\/kokpit.az\/#\/schema\/person\/6382620b4938853967d85bfcc1898861"},"headline":"Audi Montsa v\u0259 Bak\u0131 m\u0259rh\u0259l\u0259l\u0259ri \u00fc\u00e7\u00fcn yenilikl\u0259r haz\u0131rlay\u0131r","datePublished":"2026-08-31T15:23:00+00:00","dateModified":"2026-09-01T09:45:06+00:00","mainEntityOfPage":{"@id":"https:\/\/kokpit.az\/?p=28187"},"wordCount":592,"commentCount":0,"publisher":{"@id":"https:\/\/kokpit.az\/#organization"},"image":{"@id":"https:\/\/kokpit.az\/?p=28187#primaryimage"},"thumbnailUrl":"https:\/\/kokpit.az\/wp-content\/uploads\/2026\/08\/audi-e1788255867891.jpg","keywords":["Audi Revolut F1 Team","Azerbaijan Grand Prix","Italian Grand Prix"],"articleSection":["X\u0259b\u0259rl\u0259r"],"inLanguage":"az","potentialAction":[{"@type":"CommentAction","name":"Comment","target":["https:\/\/kokpit.az\/?p=28187#respond"]}]},{"@type":"WebPage","@id":"https:\/\/kokpit.az\/?p=28187","url":"https:\/\/kokpit.az\/?p=28187","name":"Audi F1 Monza v\u0259 Bak\u0131 \u00fc\u00e7\u00fcn yenilikl\u0259r haz\u0131rlay\u0131r","isPartOf":{"@id":"https:\/\/kokpit.az\/#website"},"primaryImageOfPage":{"@id":"https:\/\/kokpit.az\/?p=28187#primaryimage"},"image":{"@id":"https:\/\/kokpit.az\/?p=28187#primaryimage"},"thumbnailUrl":"https:\/\/kokpit.az\/wp-content\/uploads\/2026\/08\/audi-e1788255867891.jpg","datePublished":"2026-08-31T15:23:00+00:00","dateModified":"2026-09-01T09:45:06+00:00","description":"Audi F1 Monzada yenil\u0259nmi\u015f s\u00fcr\u0259tl\u0259r qutusunu s\u0131naqdan ke\u00e7ir\u0259c\u0259k, Bak\u0131da is\u0259 R26 \u00fc\u00e7\u00fcn geni\u015f aerodinamik yenilikl\u0259r t\u0259qdim ed\u0259c\u0259k.","breadcrumb":{"@id":"https:\/\/kokpit.az\/?p=28187#breadcrumb"},"inLanguage":"az","potentialAction":[{"@type":"ReadAction","target":["https:\/\/kokpit.az\/?p=28187"]}]},{"@type":"ImageObject","inLanguage":"az","@id":"https:\/\/kokpit.az\/?p=28187#primaryimage","url":"https:\/\/kokpit.az\/wp-content\/uploads\/2026\/08\/audi-e1788255867891.jpg","contentUrl":"https:\/\/kokpit.az\/wp-content\/uploads\/2026\/08\/audi-e1788255867891.jpg","width":1080,"height":576},{"@type":"BreadcrumbList","@id":"https:\/\/kokpit.az\/?p=28187#breadcrumb","itemListElement":[{"@type":"ListItem","position":1,"name":"Home","item":"https:\/\/kokpit.az\/"},{"@type":"ListItem","position":2,"name":"Audi Montsa v\u0259 Bak\u0131 m\u0259rh\u0259l\u0259l\u0259ri \u00fc\u00e7\u00fcn yenilikl\u0259r haz\u0131rlay\u0131r"}]},{"@type":"WebSite","@id":"https:\/\/kokpit.az\/#website","url":"https:\/\/kokpit.az\/","name":"X\u0259b\u0259ri Kokpitd\u0259 Oxuyun!","description":"","publisher":{"@id":"https:\/\/kokpit.az\/#organization"},"potentialAction":[{"@type":"SearchAction","target":{"@type":"EntryPoint","urlTemplate":"https:\/\/kokpit.az\/?s={search_term_string}"},"query-input":{"@type":"PropertyValueSpecification","valueRequired":true,"valueName":"search_term_string"}}],"inLanguage":"az"},{"@type":"Organization","@id":"https:\/\/kokpit.az\/#organization","name":"X\u0259b\u0259ri Kokpitd\u0259 Oxuyun!","url":"https:\/\/kokpit.az\/","logo":{"@type":"ImageObject","inLanguage":"az","@id":"https:\/\/kokpit.az\/#\/schema\/logo\/image\/","url":"https:\/\/kokpit.az\/wp-content\/uploads\/2023\/05\/kokpit.jpg","contentUrl":"https:\/\/kokpit.az\/wp-content\/uploads\/2023\/05\/kokpit.jpg","width":488,"height":245,"caption":"X\u0259b\u0259ri Kokpitd\u0259 Oxuyun!"},"image":{"@id":"https:\/\/kokpit.az\/#\/schema\/logo\/image\/"},"sameAs":["https:\/\/www.facebook.com\/profile.php?id=61553756392357"]},{"@type":"Person","@id":"https:\/\/kokpit.az\/#\/schema\/person\/6382620b4938853967d85bfcc1898861","name":"Gil\u0259nur H\u00fcseynova","image":{"@type":"ImageObject","inLanguage":"az","@id":"https:\/\/secure.gravatar.com\/avatar\/b794200287242e39733ee61964156d4b4e19f935c868526c2b7444529a60f9a2?s=96&d=mm&r=g","url":"https:\/\/secure.gravatar.com\/avatar\/b794200287242e39733ee61964156d4b4e19f935c868526c2b7444529a60f9a2?s=96&d=mm&r=g","contentUrl":"https:\/\/secure.gravatar.com\/avatar\/b794200287242e39733ee61964156d4b4e19f935c868526c2b7444529a60f9a2?s=96&d=mm&r=g","caption":"Gil\u0259nur H\u00fcseynova"},"url":"https:\/\/kokpit.az\/?author=6"}]}},"_links":{"self":[{"href":"https:\/\/kokpit.az\/index.php?rest_route=\/wp\/v2\/posts\/28187","targetHints":{"allow":["GET"]}}],"collection":[{"href":"https:\/\/kokpit.az\/index.php?rest_route=\/wp\/v2\/posts"}],"about":[{"href":"https:\/\/kokpit.az\/index.php?rest_route=\/wp\/v2\/types\/post"}],"author":[{"embeddable":true,"href":"https:\/\/kokpit.az\/index.php?rest_route=\/wp\/v2\/users\/6"}],"replies":[{"embeddable":true,"href":"https:\/\/kokpit.az\/index.php?rest_route=%2Fwp%2Fv2%2Fcomments&post=28187"}],"version-history":[{"count":2,"href":"https:\/\/kokpit.az\/index.php?rest_route=\/wp\/v2\/posts\/28187\/revisions"}],"predecessor-version":[{"id":28190,"href":"https:\/\/kokpit.az\/index.php?rest_route=\/wp\/v2\/posts\/28187\/revisions\/28190"}],"wp:featuredmedia":[{"embeddable":true,"href":"https:\/\/kokpit.az\/index.php?rest_route=\/wp\/v2\/media\/28189"}],"wp:attachment":[{"href":"https:\/\/kokpit.az\/index.php?rest_route=%2Fwp%2Fv2%2Fmedia&parent=28187"}],"wp:term":[{"taxonomy":"category","embeddable":true,"href":"https:\/\/kokpit.az\/index.php?rest_route=%2Fwp%2Fv2%2Fcategories&post=28187"},{"taxonomy":"post_tag","embeddable":true,"href":"https:\/\/kokpit.az\/index.php?rest_route=%2Fwp%2Fv2%2Ftags&post=28187"}],"curies":[{"name":"wp","href":"https:\/\/api.w.org\/{rel}","templated":true}]}}