{"id":28160,"date":"2026-08-31T14:43:19","date_gmt":"2026-08-31T10:43:19","guid":{"rendered":"https:\/\/kokpit.az\/?p=28160"},"modified":"2026-08-31T14:43:19","modified_gmt":"2026-08-31T10:43:19","slug":"mercedes-komanda-%c9%99mri-ucun-izahat-verib","status":"publish","type":"post","link":"https:\/\/kokpit.az\/?p=28160","title":{"rendered":"Mercedes komanda \u0259mri \u00fc\u00e7\u00fcn izahat verib"},"content":{"rendered":"<p>Komandan\u0131n izah\u0131na g\u00f6r\u0259, \u0259sas m\u0259qs\u0259d lider bolid\u0259 \u00f6tm\u0259 imkan\u0131ndan istifad\u0259 etm\u0259k \u00fc\u00e7\u00fcn \u201cprioritet\u201d verm\u0259k olub. M\u0259hz bu yana\u015fma Zandfortda Corc Rassell\u0259 m\u00f6vqeyini Kimi Antonelliy\u0259 qaytarmaq g\u00f6st\u0259ri\u015finin verilm\u0259sind\u0259 \u0259sas rol oynay\u0131b.<\/p>\n<p>Esteban Okonun Haas bolidi trasda qald\u0131\u011f\u0131 \u00fc\u00e7\u00fcn Virtual T\u0259hl\u00fck\u0259sizlik Avtomobili rejimi t\u0259tbiq olunark\u0259n Mercedes ikinci yerd\u0259 olan Antonellini pit\u0259 \u00e7a\u011f\u0131r\u0131b. N\u0259tic\u0259d\u0259 Rassell ikinci yer\u0259 y\u00fcks\u0259lib, italyan s\u00fcr\u00fcc\u00fc is\u0259 daha t\u0259z\u0259 t\u0259k\u0259rl\u0259rl\u0259 onun arxas\u0131nda q\u0259rarla\u015f\u0131b.<\/p>\n<p>Yar\u0131\u015f yenid\u0259n ba\u015flad\u0131qdan q\u0131sa m\u00fcdd\u0259t sonra Rassell\u0259 m\u00f6vqeyini Antonelliy\u0259 verm\u0259si tap\u015f\u0131r\u0131l\u0131b. M\u0259qs\u0259d italiyal\u0131 pilotun ikinci yeri geri qaytarmas\u0131 v\u0259 lider Lando Norris\u0259 \u00e7ataraq q\u0259l\u0259b\u0259 u\u011frunda m\u00fcbariz\u0259 aparmas\u0131 olub.<\/p>\n<p>Rassell \u00fc\u00e7\u00fcn v\u0259ziyy\u0259ti \u00e7\u0259tinl\u0259\u015fdir\u0259n m\u0259qam is\u0259 Antonelliy\u0259 yol verdiyi halda \u00e7empionluq m\u00fcbariz\u0259sind\u0259 alt\u0131 xal itkisi il\u0259 \u00fczl\u0259\u015fm\u0259si idi. Buna baxmayaraq, britaniyal\u0131 komanda yolda\u015f\u0131n\u0131 qaba\u011fa burax\u0131b.<\/p>\n<p>Daha sonra Rassell Ferrari pilotlar\u0131 il\u0259 \u00fc\u00e7\u00fcnc\u00fc yer u\u011frunda g\u0259rgin m\u00fcbariz\u0259y\u0259 girib v\u0259 podiumdak\u0131 m\u00f6vqeyini qoruma\u011f\u0131 bacar\u0131b. Yar\u0131\u015f\u0131n sonlar\u0131nda ba\u015flayan daha bir Virtual T\u0259hl\u00fck\u0259sizlik Avtomobili rejimi d\u0259 ona k\u00f6m\u0259k edib.<\/p>\n<p>Lakin Rassell buna baxmayaraq Antonellid\u0259n 59 xal gerid\u0259 qal\u0131b. Bel\u0259likl\u0259, Sprint yar\u0131\u015f\u0131ndak\u0131 q\u0259l\u0259b\u0259si il\u0259 qazand\u0131\u011f\u0131 \u00fc\u00e7 xal faktiki olaraq silinib v\u0259 britaniyal\u0131n\u0131n italiyal\u0131 pilotdan f\u0259rqi h\u0259ft\u0259sonuna ba\u015flad\u0131\u011f\u0131 v\u0259ziyy\u0259td\u0259 qal\u0131b.<\/p>\n<p>Komanda \u0259mrin\u0259 m\u00fcnasib\u0259t bildir\u0259n Mercedes-in komanda r\u0259hb\u0259rinin m\u00fcavini Bredli Lord yar\u0131\u015fdan \u0259vv\u0259l ke\u00e7iril\u0259n toplant\u0131da bel\u0259 bir q\u0259rar\u0131n m\u00fcmk\u00fcnl\u00fcy\u00fcn\u00fcn a\u00e7\u0131q \u015f\u0259kild\u0259 m\u00fczakir\u0259 edildiyini v\u0259 \u0259sas prioritetin h\u0259min g\u00fcn ikinci yerd\u0259 olan Antonelliy\u0259 q\u0259l\u0259b\u0259 \u00fc\u00e7\u00fcn \u0259n yax\u015f\u0131 \u015fans\u0131 verm\u0259k oldu\u011funu bildirib.<\/p>\n<p>Bredli Lord: \u201cRassell bunu naraz\u0131l\u0131qla qar\u015f\u0131lamad\u0131. Yar\u0131\u015f\u0131n \u0259vv\u0259lind\u0259 \u00e7\u0131xan q\u0131rm\u0131z\u0131 bayraq v\u0259 d\u0259yi\u015fdirilmi\u015f yar\u0131\u015f vaxt\u0131na g\u00f6r\u0259 tam m\u00fczakir\u0259ni yar\u0131\u015fdan d\u0259rhal sonra deyil, bazar ert\u0259si ke\u00e7irdik. Corc g\u00f6st\u0259ri\u015fi ilk ald\u0131\u011f\u0131nda t\u0259bii olaraq sual verdi, amma \u00fcmumi m\u0259nz\u0259r\u0259ni ba\u015fa d\u00fc\u015fd\u00fc.<\/p>\n<p>Kimi Virtual T\u0259hl\u00fck\u0259sizlik Avtomobili zaman\u0131 pit\u0259 girm\u0259k f\u00fcrs\u0259ti \u0259ld\u0259 etmi\u015fdi. Corc d\u0259 eyni pit stopu ets\u0259ydi, Ferrari-l\u0259rd\u0259n birinin arxas\u0131na d\u00fc\u015f\u0259c\u0259k v\u0259 podiumdak\u0131 m\u00f6vqeyini itir\u0259c\u0259kdi.<\/p>\n<p>Bazar g\u00fcn\u00fc s\u0259h\u0259r ke\u00e7iril\u0259n strategiya toplant\u0131s\u0131nda da s\u00fcr\u00fcc\u00fcl\u0259rimizin bir-biri il\u0259 m\u00fcbariz\u0259 apararaq vaxt itirm\u0259si \u00fc\u00e7\u00fcn pelotonun h\u0259ddind\u0259n art\u0131q s\u0131x oldu\u011funu a\u00e7\u0131q \u015f\u0259kild\u0259 bildirmi\u015fdik. Q\u0259rar\u0131n \u0259sas\u0131 da bu m\u00fczakir\u0259 oldu.<\/p>\n<p>V\u0259ziyy\u0259t \u0259ksin\u0259 olsayd\u0131, eyni \u015f\u0259kild\u0259 h\u0259r\u0259k\u0259t ed\u0259rdik. Prioritet ikinci yerd\u0259 olan bolid\u0259 h\u00fccum etm\u0259k \u00fc\u00e7\u00fcn \u0259n yax\u015f\u0131 \u015fans\u0131 verm\u0259k, \u00fc\u00e7\u00fcnc\u00fc yerd\u0259ki bolid\u0259 is\u0259 t\u0259miz hava v\u0259 m\u00f6vqeyini qorumaq \u00fc\u00e7\u00fcn \u0259n yax\u015f\u0131 imkan yaratmaq idi\u201d.<\/p>\n<p>Mercedes-in tras \u00fczr\u0259 Ba\u015f M\u00fch\u0259ndisi Endryu \u015eovlin is\u0259 Antonellinin Norris\u0259 \u00e7ata bilm\u0259y\u0259c\u0259yi ayd\u0131nla\u015fd\u0131qdan sonra onun geriy\u0259 \u00e7\u0259kil\u0259r\u0259k Rassell\u0259 \u00f6tm\u0259 rejimind\u0259n istifad\u0259 etm\u0259k v\u0259 Lyuis H\u0259miltonla \u015earl Leklerin Ferrari-l\u0259rin\u0259 qar\u015f\u0131 \u00fc\u00e7\u00fcnc\u00fc yeri qorumaq \u00fc\u00e7\u00fcn \u0259lav\u0259 g\u00fcc qazand\u0131rmas\u0131n\u0131n m\u00fczakir\u0259 edilib-edilm\u0259diyini a\u00e7\u0131qlay\u0131b: \u201cBunu m\u00fczakir\u0259 etdik. Qazanc t\u0259xmin\u0259n 0.2 saniy\u0259 idi v\u0259 \u0259sas\u0259n d\u00fczl\u00fckd\u0259 \u0259ld\u0259 olunurdu. Corcun \u0259n h\u0259ssas oldu\u011fu yer d\u0259 m\u0259hz d\u00fczl\u00fck idi.<\/p>\n<p>Narahatl\u0131q ondan ibar\u0259t idi ki, \u0259vv\u0259ll\u0259r m\u0259\u015fq etm\u0259diyimiz bir \u015feyi s\u0131namaq bolidl\u0259rin bir-birin\u0259 ili\u015fm\u0259sin\u0259 s\u0259b\u0259b ola bil\u0259rdi. D\u00f6vr\u0259 vaxt\u0131ndak\u0131 qazanc b\u00f6y\u00fck olmad\u0131\u011f\u0131 \u00fc\u00e7\u00fcn Kiminin problemsiz \u015f\u0259kild\u0259 qaba\u011fa ke\u00e7m\u0259sinin v\u0259 Corca m\u00fcmk\u00fcn q\u0259d\u0259r yax\u015f\u0131 \u00e7\u0131x\u0131\u015f v\u0259 \u0259yl\u0259c performans\u0131 \u00fc\u00e7\u00fcn t\u0259miz hava verm\u0259yin daha yax\u015f\u0131 oldu\u011funa q\u0259rar verdik.<\/p>\n<p>Bu bolidl\u0259rl\u0259 0.2 saniy\u0259lik m\u0259saf\u0259d\u0259n izl\u0259m\u0259k m\u00fcmk\u00fcn deyil. Ferrari \u00fc\u00e7\u00fcn \u0259n yax\u015f\u0131 \u015fans son d\u00f6ng\u0259d\u0259n \u00e7\u0131x\u0131\u015fda s\u00fcr\u0259tl\u0259nm\u0259k v\u0259 ya \u00e7ox gec \u0259yl\u0259cl\u0259n\u0259r\u0259k h\u00fccum etm\u0259k idi.<\/p>\n<p>Corcun m\u00fcdafi\u0259si olduqca t\u0259sirli idi. H\u0259tta h\u0259r iki Ferrari-ni arxas\u0131nda saxlamaq \u015fans\u0131n\u0131 50 faizd\u0259n \u00e7ox qiym\u0259tl\u0259ndirm\u0259k bel\u0259 m\u00fcmk\u00fcn olmazd\u0131. Virtual T\u0259hl\u00fck\u0259sizlik Avtomobili v\u0259ziyy\u0259ti bir-iki d\u00f6vr\u0259lik sakitl\u0259\u015fdirm\u0259y\u0259 v\u0259 onun enerjisini idar\u0259 etm\u0259sin\u0259 imkan verdi, amma Corc m\u00fcdafi\u0259ni m\u00f6ht\u0259\u015f\u0259m \u015f\u0259kild\u0259 h\u0259yata ke\u00e7irdi\u201d.<\/p>\n","protected":false},"excerpt":{"rendered":"<p>Kokpit.az bildirir ki, \u201cG\u00fcm\u00fc\u015f\u00fc Oxlar\u201d Zandfortdak\u0131 yar\u0131\u015fda Kimi Antonelli v\u0259 Corc Rassell aras\u0131nda t\u0259tbiq etdiyi komanda \u0259mrl\u0259rinin s\u0259b\u0259bl\u0259rin\u0259 ayd\u0131nl\u0131q g\u0259tirib.<\/p>\n","protected":false},"author":2,"featured_media":28162,"comment_status":"open","ping_status":"open","sticky":false,"template":"","format":"standard","meta":{"footnotes":""},"categories":[203,2],"tags":[52],"class_list":["post-28160","post","type-post","status-publish","format-standard","has-post-thumbnail","hentry","category-niderland-qran-prisi","category-news","tag-mercedes-amg-petronas-f1-team"],"yoast_head":"<!-- This site is optimized with the Yoast SEO plugin v28.3 - https:\/\/yoast.com\/product\/yoast-seo-wordpress\/ -->\n<title>Mercedes komanda \u0259mri \u00fc\u00e7\u00fcn izahat verib - X\u0259b\u0259ri Kokpitd\u0259 Oxuyun!<\/title>\n<meta name=\"robots\" content=\"index, follow, max-snippet:-1, max-image-preview:large, max-video-preview:-1\" \/>\n<link rel=\"canonical\" href=\"https:\/\/kokpit.az\/?p=28160\" \/>\n<meta property=\"og:locale\" content=\"az_AZ\" \/>\n<meta property=\"og:type\" content=\"article\" \/>\n<meta property=\"og:title\" content=\"Mercedes komanda \u0259mri \u00fc\u00e7\u00fcn izahat verib - X\u0259b\u0259ri Kokpitd\u0259 Oxuyun!\" \/>\n<meta property=\"og:description\" content=\"Kokpit.az bildirir ki, \u201cG\u00fcm\u00fc\u015f\u00fc Oxlar\u201d Zandfortdak\u0131 yar\u0131\u015fda Kimi Antonelli v\u0259 Corc Rassell aras\u0131nda t\u0259tbiq etdiyi komanda \u0259mrl\u0259rinin s\u0259b\u0259bl\u0259rin\u0259 ayd\u0131nl\u0131q g\u0259tirib.\" \/>\n<meta property=\"og:url\" content=\"https:\/\/kokpit.az\/?p=28160\" \/>\n<meta property=\"og:site_name\" content=\"X\u0259b\u0259ri Kokpitd\u0259 Oxuyun!\" \/>\n<meta property=\"article:publisher\" content=\"https:\/\/www.facebook.com\/profile.php?id=61553756392357\" \/>\n<meta property=\"article:published_time\" content=\"2026-08-31T10:43:19+00:00\" \/>\n<meta property=\"og:image\" content=\"https:\/\/kokpit.az\/wp-content\/uploads\/2026\/08\/IMG_9051.webp\" \/>\n\t<meta property=\"og:image:width\" content=\"899\" \/>\n\t<meta property=\"og:image:height\" content=\"600\" \/>\n\t<meta property=\"og:image:type\" content=\"image\/webp\" \/>\n<meta name=\"author\" content=\"Rauf Hac\u0131yev\" \/>\n<meta name=\"twitter:card\" content=\"summary_large_image\" \/>\n<meta name=\"twitter:label1\" content=\"Written by\" \/>\n\t<meta name=\"twitter:data1\" content=\"Rauf Hac\u0131yev\" \/>\n\t<meta name=\"twitter:label2\" content=\"Est. reading time\" \/>\n\t<meta name=\"twitter:data2\" content=\"4 minutes\" \/>\n<script type=\"application\/ld+json\" class=\"yoast-schema-graph\">{\"@context\":\"https:\\\/\\\/schema.org\",\"@graph\":[{\"@type\":\"Article\",\"@id\":\"https:\\\/\\\/kokpit.az\\\/?p=28160#article\",\"isPartOf\":{\"@id\":\"https:\\\/\\\/kokpit.az\\\/?p=28160\"},\"author\":{\"name\":\"Rauf Hac\u0131yev\",\"@id\":\"https:\\\/\\\/kokpit.az\\\/#\\\/schema\\\/person\\\/f4114e650bc2993d0650e4fb6933c581\"},\"headline\":\"Mercedes komanda \u0259mri \u00fc\u00e7\u00fcn izahat verib\",\"datePublished\":\"2026-08-31T10:43:19+00:00\",\"mainEntityOfPage\":{\"@id\":\"https:\\\/\\\/kokpit.az\\\/?p=28160\"},\"wordCount\":826,\"commentCount\":0,\"publisher\":{\"@id\":\"https:\\\/\\\/kokpit.az\\\/#organization\"},\"image\":{\"@id\":\"https:\\\/\\\/kokpit.az\\\/?p=28160#primaryimage\"},\"thumbnailUrl\":\"https:\\\/\\\/kokpit.az\\\/wp-content\\\/uploads\\\/2026\\\/08\\\/IMG_9051.webp\",\"keywords\":[\"Mercedes AMG Petronas F1 Team\"],\"articleSection\":[\"Niderland Qran Prisi\",\"X\u0259b\u0259rl\u0259r\"],\"inLanguage\":\"az\",\"potentialAction\":[{\"@type\":\"CommentAction\",\"name\":\"Comment\",\"target\":[\"https:\\\/\\\/kokpit.az\\\/?p=28160#respond\"]}]},{\"@type\":\"WebPage\",\"@id\":\"https:\\\/\\\/kokpit.az\\\/?p=28160\",\"url\":\"https:\\\/\\\/kokpit.az\\\/?p=28160\",\"name\":\"Mercedes komanda \u0259mri \u00fc\u00e7\u00fcn izahat verib - X\u0259b\u0259ri Kokpitd\u0259 Oxuyun!\",\"isPartOf\":{\"@id\":\"https:\\\/\\\/kokpit.az\\\/#website\"},\"primaryImageOfPage\":{\"@id\":\"https:\\\/\\\/kokpit.az\\\/?p=28160#primaryimage\"},\"image\":{\"@id\":\"https:\\\/\\\/kokpit.az\\\/?p=28160#primaryimage\"},\"thumbnailUrl\":\"https:\\\/\\\/kokpit.az\\\/wp-content\\\/uploads\\\/2026\\\/08\\\/IMG_9051.webp\",\"datePublished\":\"2026-08-31T10:43:19+00:00\",\"breadcrumb\":{\"@id\":\"https:\\\/\\\/kokpit.az\\\/?p=28160#breadcrumb\"},\"inLanguage\":\"az\",\"potentialAction\":[{\"@type\":\"ReadAction\",\"target\":[\"https:\\\/\\\/kokpit.az\\\/?p=28160\"]}]},{\"@type\":\"ImageObject\",\"inLanguage\":\"az\",\"@id\":\"https:\\\/\\\/kokpit.az\\\/?p=28160#primaryimage\",\"url\":\"https:\\\/\\\/kokpit.az\\\/wp-content\\\/uploads\\\/2026\\\/08\\\/IMG_9051.webp\",\"contentUrl\":\"https:\\\/\\\/kokpit.az\\\/wp-content\\\/uploads\\\/2026\\\/08\\\/IMG_9051.webp\",\"width\":899,\"height\":600},{\"@type\":\"BreadcrumbList\",\"@id\":\"https:\\\/\\\/kokpit.az\\\/?p=28160#breadcrumb\",\"itemListElement\":[{\"@type\":\"ListItem\",\"position\":1,\"name\":\"Home\",\"item\":\"https:\\\/\\\/kokpit.az\\\/\"},{\"@type\":\"ListItem\",\"position\":2,\"name\":\"Mercedes komanda \u0259mri \u00fc\u00e7\u00fcn izahat verib\"}]},{\"@type\":\"WebSite\",\"@id\":\"https:\\\/\\\/kokpit.az\\\/#website\",\"url\":\"https:\\\/\\\/kokpit.az\\\/\",\"name\":\"X\u0259b\u0259ri Kokpitd\u0259 Oxuyun!\",\"description\":\"\",\"publisher\":{\"@id\":\"https:\\\/\\\/kokpit.az\\\/#organization\"},\"potentialAction\":[{\"@type\":\"SearchAction\",\"target\":{\"@type\":\"EntryPoint\",\"urlTemplate\":\"https:\\\/\\\/kokpit.az\\\/?s={search_term_string}\"},\"query-input\":{\"@type\":\"PropertyValueSpecification\",\"valueRequired\":true,\"valueName\":\"search_term_string\"}}],\"inLanguage\":\"az\"},{\"@type\":\"Organization\",\"@id\":\"https:\\\/\\\/kokpit.az\\\/#organization\",\"name\":\"X\u0259b\u0259ri Kokpitd\u0259 Oxuyun!\",\"url\":\"https:\\\/\\\/kokpit.az\\\/\",\"logo\":{\"@type\":\"ImageObject\",\"inLanguage\":\"az\",\"@id\":\"https:\\\/\\\/kokpit.az\\\/#\\\/schema\\\/logo\\\/image\\\/\",\"url\":\"https:\\\/\\\/kokpit.az\\\/wp-content\\\/uploads\\\/2023\\\/05\\\/kokpit.jpg\",\"contentUrl\":\"https:\\\/\\\/kokpit.az\\\/wp-content\\\/uploads\\\/2023\\\/05\\\/kokpit.jpg\",\"width\":488,\"height\":245,\"caption\":\"X\u0259b\u0259ri Kokpitd\u0259 Oxuyun!\"},\"image\":{\"@id\":\"https:\\\/\\\/kokpit.az\\\/#\\\/schema\\\/logo\\\/image\\\/\"},\"sameAs\":[\"https:\\\/\\\/www.facebook.com\\\/profile.php?id=61553756392357\"]},{\"@type\":\"Person\",\"@id\":\"https:\\\/\\\/kokpit.az\\\/#\\\/schema\\\/person\\\/f4114e650bc2993d0650e4fb6933c581\",\"name\":\"Rauf Hac\u0131yev\",\"image\":{\"@type\":\"ImageObject\",\"inLanguage\":\"az\",\"@id\":\"https:\\\/\\\/secure.gravatar.com\\\/avatar\\\/394a2085c47c7acdcf41f7d270b7cbb52513d6f4f24c1cb6dfbbd61f98c0503d?s=96&d=mm&r=g\",\"url\":\"https:\\\/\\\/secure.gravatar.com\\\/avatar\\\/394a2085c47c7acdcf41f7d270b7cbb52513d6f4f24c1cb6dfbbd61f98c0503d?s=96&d=mm&r=g\",\"contentUrl\":\"https:\\\/\\\/secure.gravatar.com\\\/avatar\\\/394a2085c47c7acdcf41f7d270b7cbb52513d6f4f24c1cb6dfbbd61f98c0503d?s=96&d=mm&r=g\",\"caption\":\"Rauf Hac\u0131yev\"},\"sameAs\":[\"https:\\\/\\\/kokpit.az\"],\"url\":\"https:\\\/\\\/kokpit.az\\\/?author=2\"}]}<\/script>\n<!-- \/ Yoast SEO plugin. -->","yoast_head_json":{"title":"Mercedes komanda \u0259mri \u00fc\u00e7\u00fcn izahat verib - X\u0259b\u0259ri Kokpitd\u0259 Oxuyun!","robots":{"index":"index","follow":"follow","max-snippet":"max-snippet:-1","max-image-preview":"max-image-preview:large","max-video-preview":"max-video-preview:-1"},"canonical":"https:\/\/kokpit.az\/?p=28160","og_locale":"az_AZ","og_type":"article","og_title":"Mercedes komanda \u0259mri \u00fc\u00e7\u00fcn izahat verib - X\u0259b\u0259ri Kokpitd\u0259 Oxuyun!","og_description":"Kokpit.az bildirir ki, \u201cG\u00fcm\u00fc\u015f\u00fc Oxlar\u201d Zandfortdak\u0131 yar\u0131\u015fda Kimi Antonelli v\u0259 Corc Rassell aras\u0131nda t\u0259tbiq etdiyi komanda \u0259mrl\u0259rinin s\u0259b\u0259bl\u0259rin\u0259 ayd\u0131nl\u0131q g\u0259tirib.","og_url":"https:\/\/kokpit.az\/?p=28160","og_site_name":"X\u0259b\u0259ri Kokpitd\u0259 Oxuyun!","article_publisher":"https:\/\/www.facebook.com\/profile.php?id=61553756392357","article_published_time":"2026-08-31T10:43:19+00:00","og_image":[{"width":899,"height":600,"url":"https:\/\/kokpit.az\/wp-content\/uploads\/2026\/08\/IMG_9051.webp","type":"image\/webp"}],"author":"Rauf Hac\u0131yev","twitter_card":"summary_large_image","twitter_misc":{"Written by":"Rauf Hac\u0131yev","Est. reading time":"4 minutes"},"schema":{"@context":"https:\/\/schema.org","@graph":[{"@type":"Article","@id":"https:\/\/kokpit.az\/?p=28160#article","isPartOf":{"@id":"https:\/\/kokpit.az\/?p=28160"},"author":{"name":"Rauf Hac\u0131yev","@id":"https:\/\/kokpit.az\/#\/schema\/person\/f4114e650bc2993d0650e4fb6933c581"},"headline":"Mercedes komanda \u0259mri \u00fc\u00e7\u00fcn izahat verib","datePublished":"2026-08-31T10:43:19+00:00","mainEntityOfPage":{"@id":"https:\/\/kokpit.az\/?p=28160"},"wordCount":826,"commentCount":0,"publisher":{"@id":"https:\/\/kokpit.az\/#organization"},"image":{"@id":"https:\/\/kokpit.az\/?p=28160#primaryimage"},"thumbnailUrl":"https:\/\/kokpit.az\/wp-content\/uploads\/2026\/08\/IMG_9051.webp","keywords":["Mercedes AMG Petronas F1 Team"],"articleSection":["Niderland Qran Prisi","X\u0259b\u0259rl\u0259r"],"inLanguage":"az","potentialAction":[{"@type":"CommentAction","name":"Comment","target":["https:\/\/kokpit.az\/?p=28160#respond"]}]},{"@type":"WebPage","@id":"https:\/\/kokpit.az\/?p=28160","url":"https:\/\/kokpit.az\/?p=28160","name":"Mercedes komanda \u0259mri \u00fc\u00e7\u00fcn izahat verib - X\u0259b\u0259ri Kokpitd\u0259 Oxuyun!","isPartOf":{"@id":"https:\/\/kokpit.az\/#website"},"primaryImageOfPage":{"@id":"https:\/\/kokpit.az\/?p=28160#primaryimage"},"image":{"@id":"https:\/\/kokpit.az\/?p=28160#primaryimage"},"thumbnailUrl":"https:\/\/kokpit.az\/wp-content\/uploads\/2026\/08\/IMG_9051.webp","datePublished":"2026-08-31T10:43:19+00:00","breadcrumb":{"@id":"https:\/\/kokpit.az\/?p=28160#breadcrumb"},"inLanguage":"az","potentialAction":[{"@type":"ReadAction","target":["https:\/\/kokpit.az\/?p=28160"]}]},{"@type":"ImageObject","inLanguage":"az","@id":"https:\/\/kokpit.az\/?p=28160#primaryimage","url":"https:\/\/kokpit.az\/wp-content\/uploads\/2026\/08\/IMG_9051.webp","contentUrl":"https:\/\/kokpit.az\/wp-content\/uploads\/2026\/08\/IMG_9051.webp","width":899,"height":600},{"@type":"BreadcrumbList","@id":"https:\/\/kokpit.az\/?p=28160#breadcrumb","itemListElement":[{"@type":"ListItem","position":1,"name":"Home","item":"https:\/\/kokpit.az\/"},{"@type":"ListItem","position":2,"name":"Mercedes komanda \u0259mri \u00fc\u00e7\u00fcn izahat verib"}]},{"@type":"WebSite","@id":"https:\/\/kokpit.az\/#website","url":"https:\/\/kokpit.az\/","name":"X\u0259b\u0259ri Kokpitd\u0259 Oxuyun!","description":"","publisher":{"@id":"https:\/\/kokpit.az\/#organization"},"potentialAction":[{"@type":"SearchAction","target":{"@type":"EntryPoint","urlTemplate":"https:\/\/kokpit.az\/?s={search_term_string}"},"query-input":{"@type":"PropertyValueSpecification","valueRequired":true,"valueName":"search_term_string"}}],"inLanguage":"az"},{"@type":"Organization","@id":"https:\/\/kokpit.az\/#organization","name":"X\u0259b\u0259ri Kokpitd\u0259 Oxuyun!","url":"https:\/\/kokpit.az\/","logo":{"@type":"ImageObject","inLanguage":"az","@id":"https:\/\/kokpit.az\/#\/schema\/logo\/image\/","url":"https:\/\/kokpit.az\/wp-content\/uploads\/2023\/05\/kokpit.jpg","contentUrl":"https:\/\/kokpit.az\/wp-content\/uploads\/2023\/05\/kokpit.jpg","width":488,"height":245,"caption":"X\u0259b\u0259ri Kokpitd\u0259 Oxuyun!"},"image":{"@id":"https:\/\/kokpit.az\/#\/schema\/logo\/image\/"},"sameAs":["https:\/\/www.facebook.com\/profile.php?id=61553756392357"]},{"@type":"Person","@id":"https:\/\/kokpit.az\/#\/schema\/person\/f4114e650bc2993d0650e4fb6933c581","name":"Rauf Hac\u0131yev","image":{"@type":"ImageObject","inLanguage":"az","@id":"https:\/\/secure.gravatar.com\/avatar\/394a2085c47c7acdcf41f7d270b7cbb52513d6f4f24c1cb6dfbbd61f98c0503d?s=96&d=mm&r=g","url":"https:\/\/secure.gravatar.com\/avatar\/394a2085c47c7acdcf41f7d270b7cbb52513d6f4f24c1cb6dfbbd61f98c0503d?s=96&d=mm&r=g","contentUrl":"https:\/\/secure.gravatar.com\/avatar\/394a2085c47c7acdcf41f7d270b7cbb52513d6f4f24c1cb6dfbbd61f98c0503d?s=96&d=mm&r=g","caption":"Rauf Hac\u0131yev"},"sameAs":["https:\/\/kokpit.az"],"url":"https:\/\/kokpit.az\/?author=2"}]}},"_links":{"self":[{"href":"https:\/\/kokpit.az\/index.php?rest_route=\/wp\/v2\/posts\/28160","targetHints":{"allow":["GET"]}}],"collection":[{"href":"https:\/\/kokpit.az\/index.php?rest_route=\/wp\/v2\/posts"}],"about":[{"href":"https:\/\/kokpit.az\/index.php?rest_route=\/wp\/v2\/types\/post"}],"author":[{"embeddable":true,"href":"https:\/\/kokpit.az\/index.php?rest_route=\/wp\/v2\/users\/2"}],"replies":[{"embeddable":true,"href":"https:\/\/kokpit.az\/index.php?rest_route=%2Fwp%2Fv2%2Fcomments&post=28160"}],"version-history":[{"count":2,"href":"https:\/\/kokpit.az\/index.php?rest_route=\/wp\/v2\/posts\/28160\/revisions"}],"predecessor-version":[{"id":28163,"href":"https:\/\/kokpit.az\/index.php?rest_route=\/wp\/v2\/posts\/28160\/revisions\/28163"}],"wp:featuredmedia":[{"embeddable":true,"href":"https:\/\/kokpit.az\/index.php?rest_route=\/wp\/v2\/media\/28162"}],"wp:attachment":[{"href":"https:\/\/kokpit.az\/index.php?rest_route=%2Fwp%2Fv2%2Fmedia&parent=28160"}],"wp:term":[{"taxonomy":"category","embeddable":true,"href":"https:\/\/kokpit.az\/index.php?rest_route=%2Fwp%2Fv2%2Fcategories&post=28160"},{"taxonomy":"post_tag","embeddable":true,"href":"https:\/\/kokpit.az\/index.php?rest_route=%2Fwp%2Fv2%2Ftags&post=28160"}],"curies":[{"name":"wp","href":"https:\/\/api.w.org\/{rel}","templated":true}]}}