{"id":28137,"date":"2026-08-30T21:58:53","date_gmt":"2026-08-30T17:58:53","guid":{"rendered":"https:\/\/kokpit.az\/?p=28137"},"modified":"2026-08-30T21:58:53","modified_gmt":"2026-08-30T17:58:53","slug":"t-volff-ferstappen-cempionluga-layiq-idi","status":"publish","type":"post","link":"https:\/\/kokpit.az\/?p=28137","title":{"rendered":"T.Volff: Ferstappen \u00e7empionlu\u011fa layiq idi"},"content":{"rendered":"<p>Kokpit.az xat\u0131rlad\u0131r ki, Lyuis H\u0259milton 2021-ci ilin m\u00fcbahis\u0259li m\u00f6vs\u00fcm final\u0131nda FIA yar\u0131\u015f direktorunun t\u0259hl\u00fck\u0259sizlik avtomobili prosedurunu d\u00fczg\u00fcn t\u0259tbiq etm\u0259m\u0259si s\u0259b\u0259bind\u0259n s\u0259kkizinci d\u00fcnya \u00e7empionlu\u011funu qazanmaq f\u00fcrs\u0259tini itirmi\u015fdi.<\/p>\n<p>Haz\u0131rda Ferrari \u00fc\u00e7\u00fcn yar\u0131\u015fan britaniyal\u0131 s\u00fcr\u00fcc\u00fc 2024-c\u00fc ilin sonunda Mercedes-d\u0259n ayr\u0131ld\u0131qdan sonra c\u0259mi bir yar\u0131\u015f q\u0259l\u0259b\u0259si qazan\u0131b.<\/p>\n<p>Toto Volff SAP podkast\u0131na qonaq oldu\u011fu proqramda 2021-ci ilin \u018fbu Dabi Qran Prisinin yaratd\u0131\u011f\u0131 a\u011fr\u0131n\u0131n \u201ch\u0259l\u0259 d\u0259 ona t\u0259sir etdiyini\u201d s\u00f6yl\u0259yib.<\/p>\n<p>Bununla bel\u0259, avstriyal\u0131 komanda r\u0259hb\u0259ri Ferstappenin h\u0259min m\u00f6vs\u00fcm \u201c\u00e7empionlu\u011fa layiq oldu\u011funu\u201d q\u0259bul edib v\u0259 h\u0259m \u00f6z\u00fcn\u00fcn, h\u0259m d\u0259 H\u0259miltonun Yas Marina-da ba\u015f ver\u0259nl\u0259ri art\u0131q gerid\u0259 qoydu\u011funu bildirib.<\/p>\n<p>2021-ci il deyildikd\u0259 a\u011fl\u0131na ilk olaraq n\u0259 g\u0259ldiyi soru\u015fulan Toto Volff bel\u0259 cavab verib: \u201c\u018fbu Dabi. S\u0259kkiz M\u00fch\u0259ndisl\u0259r Kuboku m\u00f6ht\u0259\u015f\u0259m n\u0259tic\u0259dir v\u0259 ba\u015fqa he\u00e7 bir idman n\u00f6v\u00fcnd\u0259 \u0259vv\u0259ll\u0259r buna nail olunmay\u0131b. Buna g\u00f6r\u0259 d\u0259 bu, g\u00f6z\u0259l m\u0259qam idi.<\/p>\n<p>Amma h\u0259min yar\u0131\u015f\u0131n nec\u0259 ba\u015fa \u00e7atmas\u0131\u2026 Bu, \u00f6mr\u00fcm\u00fcn sonuna q\u0259d\u0259r a\u011fl\u0131mda qalacaq.<\/p>\n<p>Art\u0131q bununla bar\u0131\u015fm\u0131\u015fam, Lyuis d\u0259 bar\u0131\u015f\u0131b. Maks is\u0259, \u015f\u00fcbh\u0259siz, \u00e7empionlu\u011fa layiq olan pilotdur. Bir m\u00f6vs\u00fcm t\u0259kc\u0259 bir g\u00fcnorta v\u0259 ya ax\u015famla m\u00fc\u0259yy\u0259n olunmur.<\/p>\n<p>Ancaq 2021-ci il dey\u0259nd\u0259 a\u011fl\u0131mda h\u0259l\u0259 d\u0259 ilk olaraq bu hadis\u0259 canlan\u0131r.<\/p>\n<p>2021-ci il\u0259 baxanda \u00e7oxlu u\u011fur qazand\u0131\u011f\u0131m\u0131z g\u00f6r\u00fcn\u0259 bil\u0259r. \u018fslind\u0259 is\u0259 bel\u0259 deyildi. M\u00f6vs\u00fcm\u00fcn \u0259vv\u0259lind\u0259, d\u00fc\u015f\u00fcn\u00fcr\u0259m ki, iyun ay\u0131na v\u0259 Silverstouna q\u0259d\u0259r \u00e7\u0259tinlik \u00e7\u0259kirdik. Daha sonra yenid\u0259n y\u00fcks\u0259li\u015f\u0259 ke\u00e7dik v\u0259 i\u015fl\u0259r yax\u015f\u0131 getm\u0259y\u0259 ba\u015flad\u0131.<\/p>\n<p>Yax\u015f\u0131 bir dinamika qazanm\u0131\u015fd\u0131q. Daha sonra Lyuis Braziliyada haqs\u0131z yer\u0259 diskvalifikasiya edildi.<\/p>\n<p>Sprint yar\u0131\u015f\u0131nda start d\u00fcz\u00fcl\u00fc\u015f\u00fcn\u00fcn arxas\u0131na g\u00f6nd\u0259rildi, amma m\u00f6ht\u0259\u015f\u0259m \u015f\u0259kild\u0259 gerid\u00f6n\u00fc\u015f etdi v\u0259 daha sonra sanki azadl\u0131\u011fa \u00e7\u0131xd\u0131. H\u0259min ill\u0259rd\u0259 g\u00f6rd\u00fcy\u00fcm \u0259n yax\u015f\u0131 Lyuis idi. Lakin sonda al\u0131nmad\u0131\u201d.<\/p>\n<p>Toto Volff \u018fbu Dabid\u0259ki yenid\u0259n start zaman\u0131 FIA yar\u0131\u015f direktorunun q\u0259rar\u0131n\u0131 radio vasit\u0259sil\u0259 s\u0259rt \u015f\u0259kild\u0259 sor\u011fulamas\u0131 il\u0259 d\u0259 yadda qal\u0131b.<\/p>\n<p>Yar\u0131\u015f\u0131n ba\u015fa \u00e7atmas\u0131ndan sonra verdiyi reaksiyan\u0131 izah ed\u0259n Toto Volff bel\u0259 dan\u0131\u015f\u0131b: \u201cM\u0259nim reaksiyam, a\u00e7\u0131\u011f\u0131\u2026 U\u015faql\u0131qdan b\u0259ri h\u0259r \u015feyi n\u0259zar\u0259td\u0259 saxlama\u011fa \u00e7al\u0131\u015fm\u0131\u015fam, \u00e7\u00fcnki \u00e7\u0259tin u\u015faql\u0131q ke\u00e7irmi\u015f\u0259m. S\u0259kkiz, doqquz, 10 ya\u015f\u0131mda m\u00fcst\u0259qil olmaq, valideynl\u0259rimd\u0259n v\u0259 dig\u0259r insanlardan as\u0131l\u0131 olmadan \u00f6z q\u0259rarlar\u0131m\u0131 verm\u0259k ist\u0259diyimi ba\u015fa d\u00fc\u015fd\u00fcy\u00fcm\u00fc xat\u0131rlay\u0131ram.<\/p>\n<p>V\u0259 h\u0259min an h\u0259r \u015feyin art\u0131q m\u00fc\u0259yy\u0259n edildiyini hiss etdim. Yar\u0131\u015f\u0131n bitm\u0259sin\u0259 10 d\u00f6vr\u0259 v\u0259 ya n\u0259 q\u0259d\u0259r vaxt qalm\u0131\u015fd\u0131sa, \u00e7empionlu\u011fu \u0259limizd\u0259n ala bil\u0259c\u0259k he\u00e7 bir ssenari yox idi.<\/p>\n<p>Sonra \u00e7empionluq \u0259limizd\u0259n al\u0131nd\u0131 v\u0259 bu, inan\u0131lmazl\u0131q hissi yaratd\u0131. M\u0259nim \u015f\u0259xsi reaksiyam bel\u0259 idi.<\/p>\n<p>Ancaq daha sonra i\u00e7imd\u0259ki m\u00fcbariz\u0259\u00e7i t\u0259r\u0259f ortaya \u00e7\u0131xd\u0131 v\u0259 \u2018Yenid\u0259n nec\u0259 m\u00fcbariz\u0259 apara bil\u0259rik? Bu n\u0259tic\u0259ni d\u0259yi\u015fm\u0259k \u00fc\u00e7\u00fcn hans\u0131 se\u00e7iml\u0259rimiz var?\u2019 dey\u0259 d\u00fc\u015f\u00fcnd\u00fcm.<\/p>\n<p>Sonra m\u0259ntiqli t\u0259r\u0259fim i\u015f\u0259 d\u00fc\u015fd\u00fc v\u0259 v\u0259ziyy\u0259ti qiym\u0259tl\u0259ndirm\u0259y\u0259 ba\u015flad\u0131m. \u015eirk\u0259tin R\u0259hb\u0259ri Ola orada idi, Lyuis d\u0259 oradayd\u0131. Ham\u0131m\u0131z eyni otaqda idik. B\u00fct\u00fcn yar\u0131\u015f komandas\u0131 \u015fok v\u0259ziyy\u0259tind\u0259 idi v\u0259 n\u0259 etm\u0259li oldu\u011fumuzu anlama\u011fa \u00e7al\u0131\u015f\u0131rd\u0131q.<\/p>\n<p>D\u00fc\u015f\u00fcn\u00fcr\u0259m ki, h\u0259min ax\u015fam \u0259rzind\u0259 ya\u015fananlar\u0131 add\u0131m-add\u0131m gerid\u0259 qoyduq\u201d.<\/p>\n","protected":false},"excerpt":{"rendered":"<p>Mercedes konandas\u0131n\u0131n r\u0259hb\u0259ri Toto Volff, Lyuis H\u0259miltonun 2021-ci il \u018fbu Dabi Qran Prisind\u0259 Maks Ferstappen\u0259 uduzmas\u0131ndan sonra ya\u015fananlar\u0131 art\u0131q q\u0259bul etdiyini v\u0259 Ferstappenin h\u0259min m\u00f6vs\u00fcm \u201c\u00e7empionlu\u011fa layiq oldu\u011funu\u201d bildirib.<\/p>\n","protected":false},"author":2,"featured_media":28139,"comment_status":"open","ping_status":"open","sticky":false,"template":"","format":"standard","meta":{"footnotes":""},"categories":[2],"tags":[56,52,60],"class_list":["post-28137","post","type-post","status-publish","format-standard","has-post-thumbnail","hentry","category-news","tag-max-verstappen","tag-mercedes-amg-petronas-f1-team","tag-toto-wolff"],"yoast_head":"<!-- This site is optimized with the Yoast SEO plugin v28.3 - https:\/\/yoast.com\/product\/yoast-seo-wordpress\/ -->\n<title>T.Volff: Ferstappen \u00e7empionlu\u011fa layiq idi - X\u0259b\u0259ri Kokpitd\u0259 Oxuyun!<\/title>\n<meta name=\"robots\" content=\"index, follow, max-snippet:-1, max-image-preview:large, max-video-preview:-1\" \/>\n<link rel=\"canonical\" href=\"https:\/\/kokpit.az\/?p=28137\" \/>\n<meta property=\"og:locale\" content=\"az_AZ\" \/>\n<meta property=\"og:type\" content=\"article\" \/>\n<meta property=\"og:title\" content=\"T.Volff: Ferstappen \u00e7empionlu\u011fa layiq idi - X\u0259b\u0259ri Kokpitd\u0259 Oxuyun!\" \/>\n<meta property=\"og:description\" content=\"Mercedes konandas\u0131n\u0131n r\u0259hb\u0259ri Toto Volff, Lyuis H\u0259miltonun 2021-ci il \u018fbu Dabi Qran Prisind\u0259 Maks Ferstappen\u0259 uduzmas\u0131ndan sonra ya\u015fananlar\u0131 art\u0131q q\u0259bul etdiyini v\u0259 Ferstappenin h\u0259min m\u00f6vs\u00fcm \u201c\u00e7empionlu\u011fa layiq oldu\u011funu\u201d bildirib.\" \/>\n<meta property=\"og:url\" content=\"https:\/\/kokpit.az\/?p=28137\" \/>\n<meta property=\"og:site_name\" content=\"X\u0259b\u0259ri Kokpitd\u0259 Oxuyun!\" \/>\n<meta property=\"article:publisher\" content=\"https:\/\/www.facebook.com\/profile.php?id=61553756392357\" \/>\n<meta property=\"article:published_time\" content=\"2026-08-30T17:58:53+00:00\" \/>\n<meta property=\"og:image\" content=\"https:\/\/kokpit.az\/wp-content\/uploads\/2026\/08\/IMG_9033.jpeg\" \/>\n\t<meta property=\"og:image:width\" content=\"1200\" \/>\n\t<meta property=\"og:image:height\" content=\"768\" \/>\n\t<meta property=\"og:image:type\" content=\"image\/jpeg\" \/>\n<meta name=\"author\" content=\"Rauf Hac\u0131yev\" \/>\n<meta name=\"twitter:card\" content=\"summary_large_image\" \/>\n<meta name=\"twitter:label1\" content=\"Written by\" \/>\n\t<meta name=\"twitter:data1\" content=\"Rauf Hac\u0131yev\" \/>\n\t<meta name=\"twitter:label2\" content=\"Est. reading time\" \/>\n\t<meta name=\"twitter:data2\" content=\"3 minutes\" \/>\n<script type=\"application\/ld+json\" class=\"yoast-schema-graph\">{\"@context\":\"https:\\\/\\\/schema.org\",\"@graph\":[{\"@type\":\"Article\",\"@id\":\"https:\\\/\\\/kokpit.az\\\/?p=28137#article\",\"isPartOf\":{\"@id\":\"https:\\\/\\\/kokpit.az\\\/?p=28137\"},\"author\":{\"name\":\"Rauf Hac\u0131yev\",\"@id\":\"https:\\\/\\\/kokpit.az\\\/#\\\/schema\\\/person\\\/f4114e650bc2993d0650e4fb6933c581\"},\"headline\":\"T.Volff: Ferstappen \u00e7empionlu\u011fa layiq idi\",\"datePublished\":\"2026-08-30T17:58:53+00:00\",\"mainEntityOfPage\":{\"@id\":\"https:\\\/\\\/kokpit.az\\\/?p=28137\"},\"wordCount\":701,\"commentCount\":0,\"publisher\":{\"@id\":\"https:\\\/\\\/kokpit.az\\\/#organization\"},\"image\":{\"@id\":\"https:\\\/\\\/kokpit.az\\\/?p=28137#primaryimage\"},\"thumbnailUrl\":\"https:\\\/\\\/kokpit.az\\\/wp-content\\\/uploads\\\/2026\\\/08\\\/IMG_9033.jpeg\",\"keywords\":[\"Max Verstappen\",\"Mercedes AMG Petronas F1 Team\",\"Toto Wolff\"],\"articleSection\":[\"X\u0259b\u0259rl\u0259r\"],\"inLanguage\":\"az\",\"potentialAction\":[{\"@type\":\"CommentAction\",\"name\":\"Comment\",\"target\":[\"https:\\\/\\\/kokpit.az\\\/?p=28137#respond\"]}]},{\"@type\":\"WebPage\",\"@id\":\"https:\\\/\\\/kokpit.az\\\/?p=28137\",\"url\":\"https:\\\/\\\/kokpit.az\\\/?p=28137\",\"name\":\"T.Volff: Ferstappen \u00e7empionlu\u011fa layiq idi - X\u0259b\u0259ri Kokpitd\u0259 Oxuyun!\",\"isPartOf\":{\"@id\":\"https:\\\/\\\/kokpit.az\\\/#website\"},\"primaryImageOfPage\":{\"@id\":\"https:\\\/\\\/kokpit.az\\\/?p=28137#primaryimage\"},\"image\":{\"@id\":\"https:\\\/\\\/kokpit.az\\\/?p=28137#primaryimage\"},\"thumbnailUrl\":\"https:\\\/\\\/kokpit.az\\\/wp-content\\\/uploads\\\/2026\\\/08\\\/IMG_9033.jpeg\",\"datePublished\":\"2026-08-30T17:58:53+00:00\",\"breadcrumb\":{\"@id\":\"https:\\\/\\\/kokpit.az\\\/?p=28137#breadcrumb\"},\"inLanguage\":\"az\",\"potentialAction\":[{\"@type\":\"ReadAction\",\"target\":[\"https:\\\/\\\/kokpit.az\\\/?p=28137\"]}]},{\"@type\":\"ImageObject\",\"inLanguage\":\"az\",\"@id\":\"https:\\\/\\\/kokpit.az\\\/?p=28137#primaryimage\",\"url\":\"https:\\\/\\\/kokpit.az\\\/wp-content\\\/uploads\\\/2026\\\/08\\\/IMG_9033.jpeg\",\"contentUrl\":\"https:\\\/\\\/kokpit.az\\\/wp-content\\\/uploads\\\/2026\\\/08\\\/IMG_9033.jpeg\",\"width\":1200,\"height\":768},{\"@type\":\"BreadcrumbList\",\"@id\":\"https:\\\/\\\/kokpit.az\\\/?p=28137#breadcrumb\",\"itemListElement\":[{\"@type\":\"ListItem\",\"position\":1,\"name\":\"Home\",\"item\":\"https:\\\/\\\/kokpit.az\\\/\"},{\"@type\":\"ListItem\",\"position\":2,\"name\":\"T.Volff: Ferstappen \u00e7empionlu\u011fa layiq idi\"}]},{\"@type\":\"WebSite\",\"@id\":\"https:\\\/\\\/kokpit.az\\\/#website\",\"url\":\"https:\\\/\\\/kokpit.az\\\/\",\"name\":\"X\u0259b\u0259ri Kokpitd\u0259 Oxuyun!\",\"description\":\"\",\"publisher\":{\"@id\":\"https:\\\/\\\/kokpit.az\\\/#organization\"},\"potentialAction\":[{\"@type\":\"SearchAction\",\"target\":{\"@type\":\"EntryPoint\",\"urlTemplate\":\"https:\\\/\\\/kokpit.az\\\/?s={search_term_string}\"},\"query-input\":{\"@type\":\"PropertyValueSpecification\",\"valueRequired\":true,\"valueName\":\"search_term_string\"}}],\"inLanguage\":\"az\"},{\"@type\":\"Organization\",\"@id\":\"https:\\\/\\\/kokpit.az\\\/#organization\",\"name\":\"X\u0259b\u0259ri Kokpitd\u0259 Oxuyun!\",\"url\":\"https:\\\/\\\/kokpit.az\\\/\",\"logo\":{\"@type\":\"ImageObject\",\"inLanguage\":\"az\",\"@id\":\"https:\\\/\\\/kokpit.az\\\/#\\\/schema\\\/logo\\\/image\\\/\",\"url\":\"https:\\\/\\\/kokpit.az\\\/wp-content\\\/uploads\\\/2023\\\/05\\\/kokpit.jpg\",\"contentUrl\":\"https:\\\/\\\/kokpit.az\\\/wp-content\\\/uploads\\\/2023\\\/05\\\/kokpit.jpg\",\"width\":488,\"height\":245,\"caption\":\"X\u0259b\u0259ri Kokpitd\u0259 Oxuyun!\"},\"image\":{\"@id\":\"https:\\\/\\\/kokpit.az\\\/#\\\/schema\\\/logo\\\/image\\\/\"},\"sameAs\":[\"https:\\\/\\\/www.facebook.com\\\/profile.php?id=61553756392357\"]},{\"@type\":\"Person\",\"@id\":\"https:\\\/\\\/kokpit.az\\\/#\\\/schema\\\/person\\\/f4114e650bc2993d0650e4fb6933c581\",\"name\":\"Rauf Hac\u0131yev\",\"image\":{\"@type\":\"ImageObject\",\"inLanguage\":\"az\",\"@id\":\"https:\\\/\\\/secure.gravatar.com\\\/avatar\\\/394a2085c47c7acdcf41f7d270b7cbb52513d6f4f24c1cb6dfbbd61f98c0503d?s=96&d=mm&r=g\",\"url\":\"https:\\\/\\\/secure.gravatar.com\\\/avatar\\\/394a2085c47c7acdcf41f7d270b7cbb52513d6f4f24c1cb6dfbbd61f98c0503d?s=96&d=mm&r=g\",\"contentUrl\":\"https:\\\/\\\/secure.gravatar.com\\\/avatar\\\/394a2085c47c7acdcf41f7d270b7cbb52513d6f4f24c1cb6dfbbd61f98c0503d?s=96&d=mm&r=g\",\"caption\":\"Rauf Hac\u0131yev\"},\"sameAs\":[\"https:\\\/\\\/kokpit.az\"],\"url\":\"https:\\\/\\\/kokpit.az\\\/?author=2\"}]}<\/script>\n<!-- \/ Yoast SEO plugin. -->","yoast_head_json":{"title":"T.Volff: Ferstappen \u00e7empionlu\u011fa layiq idi - X\u0259b\u0259ri Kokpitd\u0259 Oxuyun!","robots":{"index":"index","follow":"follow","max-snippet":"max-snippet:-1","max-image-preview":"max-image-preview:large","max-video-preview":"max-video-preview:-1"},"canonical":"https:\/\/kokpit.az\/?p=28137","og_locale":"az_AZ","og_type":"article","og_title":"T.Volff: Ferstappen \u00e7empionlu\u011fa layiq idi - X\u0259b\u0259ri Kokpitd\u0259 Oxuyun!","og_description":"Mercedes konandas\u0131n\u0131n r\u0259hb\u0259ri Toto Volff, Lyuis H\u0259miltonun 2021-ci il \u018fbu Dabi Qran Prisind\u0259 Maks Ferstappen\u0259 uduzmas\u0131ndan sonra ya\u015fananlar\u0131 art\u0131q q\u0259bul etdiyini v\u0259 Ferstappenin h\u0259min m\u00f6vs\u00fcm \u201c\u00e7empionlu\u011fa layiq oldu\u011funu\u201d bildirib.","og_url":"https:\/\/kokpit.az\/?p=28137","og_site_name":"X\u0259b\u0259ri Kokpitd\u0259 Oxuyun!","article_publisher":"https:\/\/www.facebook.com\/profile.php?id=61553756392357","article_published_time":"2026-08-30T17:58:53+00:00","og_image":[{"width":1200,"height":768,"url":"https:\/\/kokpit.az\/wp-content\/uploads\/2026\/08\/IMG_9033.jpeg","type":"image\/jpeg"}],"author":"Rauf Hac\u0131yev","twitter_card":"summary_large_image","twitter_misc":{"Written by":"Rauf Hac\u0131yev","Est. reading time":"3 minutes"},"schema":{"@context":"https:\/\/schema.org","@graph":[{"@type":"Article","@id":"https:\/\/kokpit.az\/?p=28137#article","isPartOf":{"@id":"https:\/\/kokpit.az\/?p=28137"},"author":{"name":"Rauf Hac\u0131yev","@id":"https:\/\/kokpit.az\/#\/schema\/person\/f4114e650bc2993d0650e4fb6933c581"},"headline":"T.Volff: Ferstappen \u00e7empionlu\u011fa layiq idi","datePublished":"2026-08-30T17:58:53+00:00","mainEntityOfPage":{"@id":"https:\/\/kokpit.az\/?p=28137"},"wordCount":701,"commentCount":0,"publisher":{"@id":"https:\/\/kokpit.az\/#organization"},"image":{"@id":"https:\/\/kokpit.az\/?p=28137#primaryimage"},"thumbnailUrl":"https:\/\/kokpit.az\/wp-content\/uploads\/2026\/08\/IMG_9033.jpeg","keywords":["Max Verstappen","Mercedes AMG Petronas F1 Team","Toto Wolff"],"articleSection":["X\u0259b\u0259rl\u0259r"],"inLanguage":"az","potentialAction":[{"@type":"CommentAction","name":"Comment","target":["https:\/\/kokpit.az\/?p=28137#respond"]}]},{"@type":"WebPage","@id":"https:\/\/kokpit.az\/?p=28137","url":"https:\/\/kokpit.az\/?p=28137","name":"T.Volff: Ferstappen \u00e7empionlu\u011fa layiq idi - X\u0259b\u0259ri Kokpitd\u0259 Oxuyun!","isPartOf":{"@id":"https:\/\/kokpit.az\/#website"},"primaryImageOfPage":{"@id":"https:\/\/kokpit.az\/?p=28137#primaryimage"},"image":{"@id":"https:\/\/kokpit.az\/?p=28137#primaryimage"},"thumbnailUrl":"https:\/\/kokpit.az\/wp-content\/uploads\/2026\/08\/IMG_9033.jpeg","datePublished":"2026-08-30T17:58:53+00:00","breadcrumb":{"@id":"https:\/\/kokpit.az\/?p=28137#breadcrumb"},"inLanguage":"az","potentialAction":[{"@type":"ReadAction","target":["https:\/\/kokpit.az\/?p=28137"]}]},{"@type":"ImageObject","inLanguage":"az","@id":"https:\/\/kokpit.az\/?p=28137#primaryimage","url":"https:\/\/kokpit.az\/wp-content\/uploads\/2026\/08\/IMG_9033.jpeg","contentUrl":"https:\/\/kokpit.az\/wp-content\/uploads\/2026\/08\/IMG_9033.jpeg","width":1200,"height":768},{"@type":"BreadcrumbList","@id":"https:\/\/kokpit.az\/?p=28137#breadcrumb","itemListElement":[{"@type":"ListItem","position":1,"name":"Home","item":"https:\/\/kokpit.az\/"},{"@type":"ListItem","position":2,"name":"T.Volff: Ferstappen \u00e7empionlu\u011fa layiq idi"}]},{"@type":"WebSite","@id":"https:\/\/kokpit.az\/#website","url":"https:\/\/kokpit.az\/","name":"X\u0259b\u0259ri Kokpitd\u0259 Oxuyun!","description":"","publisher":{"@id":"https:\/\/kokpit.az\/#organization"},"potentialAction":[{"@type":"SearchAction","target":{"@type":"EntryPoint","urlTemplate":"https:\/\/kokpit.az\/?s={search_term_string}"},"query-input":{"@type":"PropertyValueSpecification","valueRequired":true,"valueName":"search_term_string"}}],"inLanguage":"az"},{"@type":"Organization","@id":"https:\/\/kokpit.az\/#organization","name":"X\u0259b\u0259ri Kokpitd\u0259 Oxuyun!","url":"https:\/\/kokpit.az\/","logo":{"@type":"ImageObject","inLanguage":"az","@id":"https:\/\/kokpit.az\/#\/schema\/logo\/image\/","url":"https:\/\/kokpit.az\/wp-content\/uploads\/2023\/05\/kokpit.jpg","contentUrl":"https:\/\/kokpit.az\/wp-content\/uploads\/2023\/05\/kokpit.jpg","width":488,"height":245,"caption":"X\u0259b\u0259ri Kokpitd\u0259 Oxuyun!"},"image":{"@id":"https:\/\/kokpit.az\/#\/schema\/logo\/image\/"},"sameAs":["https:\/\/www.facebook.com\/profile.php?id=61553756392357"]},{"@type":"Person","@id":"https:\/\/kokpit.az\/#\/schema\/person\/f4114e650bc2993d0650e4fb6933c581","name":"Rauf Hac\u0131yev","image":{"@type":"ImageObject","inLanguage":"az","@id":"https:\/\/secure.gravatar.com\/avatar\/394a2085c47c7acdcf41f7d270b7cbb52513d6f4f24c1cb6dfbbd61f98c0503d?s=96&d=mm&r=g","url":"https:\/\/secure.gravatar.com\/avatar\/394a2085c47c7acdcf41f7d270b7cbb52513d6f4f24c1cb6dfbbd61f98c0503d?s=96&d=mm&r=g","contentUrl":"https:\/\/secure.gravatar.com\/avatar\/394a2085c47c7acdcf41f7d270b7cbb52513d6f4f24c1cb6dfbbd61f98c0503d?s=96&d=mm&r=g","caption":"Rauf Hac\u0131yev"},"sameAs":["https:\/\/kokpit.az"],"url":"https:\/\/kokpit.az\/?author=2"}]}},"_links":{"self":[{"href":"https:\/\/kokpit.az\/index.php?rest_route=\/wp\/v2\/posts\/28137","targetHints":{"allow":["GET"]}}],"collection":[{"href":"https:\/\/kokpit.az\/index.php?rest_route=\/wp\/v2\/posts"}],"about":[{"href":"https:\/\/kokpit.az\/index.php?rest_route=\/wp\/v2\/types\/post"}],"author":[{"embeddable":true,"href":"https:\/\/kokpit.az\/index.php?rest_route=\/wp\/v2\/users\/2"}],"replies":[{"embeddable":true,"href":"https:\/\/kokpit.az\/index.php?rest_route=%2Fwp%2Fv2%2Fcomments&post=28137"}],"version-history":[{"count":1,"href":"https:\/\/kokpit.az\/index.php?rest_route=\/wp\/v2\/posts\/28137\/revisions"}],"predecessor-version":[{"id":28138,"href":"https:\/\/kokpit.az\/index.php?rest_route=\/wp\/v2\/posts\/28137\/revisions\/28138"}],"wp:featuredmedia":[{"embeddable":true,"href":"https:\/\/kokpit.az\/index.php?rest_route=\/wp\/v2\/media\/28139"}],"wp:attachment":[{"href":"https:\/\/kokpit.az\/index.php?rest_route=%2Fwp%2Fv2%2Fmedia&parent=28137"}],"wp:term":[{"taxonomy":"category","embeddable":true,"href":"https:\/\/kokpit.az\/index.php?rest_route=%2Fwp%2Fv2%2Fcategories&post=28137"},{"taxonomy":"post_tag","embeddable":true,"href":"https:\/\/kokpit.az\/index.php?rest_route=%2Fwp%2Fv2%2Ftags&post=28137"}],"curies":[{"name":"wp","href":"https:\/\/api.w.org\/{rel}","templated":true}]}}