{"id":28132,"date":"2026-08-30T16:48:59","date_gmt":"2026-08-30T12:48:59","guid":{"rendered":"https:\/\/kokpit.az\/?p=28132"},"modified":"2026-08-30T16:56:39","modified_gmt":"2026-08-30T12:56:39","slug":"motogp-aragon-markes-yarisda-da-q%c9%99l%c9%99b%c9%99-qazanib","status":"publish","type":"post","link":"https:\/\/kokpit.az\/?p=28132","title":{"rendered":"MotoGP Aragon: Markes yar\u0131\u015fda da q\u0259l\u0259b\u0259 qazan\u0131b"},"content":{"rendered":"<p>Yar\u0131\u015f\u0131n ba\u015flamas\u0131na t\u0259xmin\u0259n 20 d\u0259qiq\u0259 qalm\u0131\u015f h\u0259ft\u0259sonunun indiy\u0259d\u0259k \u0259n isti \u015f\u0259raiti m\u00fc\u015fahid\u0259 olunub. Havan\u0131n temperaturu 30\u00b0C, trekinki is\u0259 50\u00b0C t\u0259\u015fkil edib.<\/p>\n<p>Startla birlikd\u0259 poul m\u00f6vqeyind\u0259n yar\u0131\u015fa ba\u015flayan Marko Bezzekki liderliyini qoruya bilm\u0259yib v\u0259 Mark Markes ilk s\u0131raya y\u00fcks\u0259lib. Bir ne\u00e7\u0259 d\u00f6ng\u0259 sonra is\u0259 Mark Markes \u00fc\u00e7\u00fcnc\u00fc yer\u0259 geril\u0259yib. Xorxe Martin ikinci, Bezzekki is\u0259 liderliyini qoruyub.<\/p>\n<p>Toprak Razqatl\u0131o\u011flu startdan sonra d\u00f6rd pill\u0259 ir\u0259lil\u0259y\u0259r\u0259k 17-ci yer\u0259 y\u00fcks\u0259lib.<\/p>\n<p>\u0130lk d\u00f6vr\u0259nin sonunda Xorxe Martin t\u0259dric\u0259n geril\u0259y\u0259r\u0259k be\u015finci yer\u0259 d\u00fc\u015f\u00fcb. Pedro Akosta \u00fc\u00e7\u00fcnc\u00fcl\u00fcy\u0259 y\u00fcks\u0259lib, Mark Markes is\u0259 yenid\u0259n ikinci pill\u0259ni \u0259l\u0259 ke\u00e7irib.<\/p>\n<p>6-c\u0131 d\u00f6vr\u0259d\u0259 Fran\u00e7esko Banyaya v\u0259 Raul Fernandes q\u0259za ed\u0259r\u0259k m\u00fcbariz\u0259ni dayand\u0131r\u0131blar. Mark Markes is\u0259 liderliyi \u0259l\u0259 ke\u00e7irib. Marko Bezzekki \u00fc\u00e7\u00fcnc\u00fc yer\u0259 geril\u0259yib.<\/p>\n<p>Markes liderliy\u0259 y\u00fcks\u0259ls\u0259 d\u0259, ikinci yerd\u0259ki Akosta onun f\u0259rqi a\u00e7mas\u0131na imkan verm\u0259yib v\u0259 ilk MotoGP q\u0259l\u0259b\u0259si \u00fc\u00e7\u00fcn yax\u0131n t\u0259qibini davam etdirib.<\/p>\n<p>Yar\u0131\u015f\u0131n bitm\u0259sin\u0259 iki d\u00f6vr\u0259 qalm\u0131\u015f Toprak Razqatl\u0131o\u011flu 12-ci d\u00f6ng\u0259d\u0259 q\u0259za ed\u0259r\u0259k m\u00fcbariz\u0259ni dayand\u0131r\u0131b.<\/p>\n<p>Qalan d\u00f6vr\u0259l\u0259rd\u0259 Mark Markes liderliyini qoruyub v\u0259 damal\u0131 bayra\u011f\u0131 ilk s\u0131rada ke\u00e7\u0259r\u0259k yar\u0131\u015f\u0131n qalibi olub. \u0130spaniyal\u0131 s\u00fcr\u00fcc\u00fcn\u00fc podiumda Pedro Akosta v\u0259 Marko Bezzekki m\u00fc\u015fayi\u0259t edibl\u0259r.<\/p>\n<p>Aleks Markes yar\u0131\u015f\u0131 d\u00f6rd\u00fcnc\u00fc, Xorxe Martin be\u015finci, Fermin Aldeqer alt\u0131nc\u0131 pill\u0259d\u0259 tamamlay\u0131b. Fabio Di Cannantonio yeddinci olub, Enea Bastyanini is\u0259 onun ard\u0131nca fini\u015f g\u00f6r\u00fcb.<\/p>\n","protected":false},"excerpt":{"rendered":"<p>MotoGP \u00fczr\u0259 Araqon Qran Prisinin qalibi Mark Markes olub.<\/p>\n","protected":false},"author":2,"featured_media":28134,"comment_status":"open","ping_status":"open","sticky":false,"template":"","format":"standard","meta":{"footnotes":""},"categories":[5,232],"tags":[1164,320],"class_list":["post-28132","post","type-post","status-publish","format-standard","has-post-thumbnail","hentry","category-other-series","category-motogp","tag-aragon-grand-prix","tag-marc-marquez"],"yoast_head":"<!-- This site is optimized with the Yoast SEO plugin v28.3 - https:\/\/yoast.com\/product\/yoast-seo-wordpress\/ -->\n<title>MotoGP Aragon: Markes yar\u0131\u015fda da q\u0259l\u0259b\u0259 qazan\u0131b - X\u0259b\u0259ri Kokpitd\u0259 Oxuyun!<\/title>\n<meta name=\"robots\" content=\"index, follow, max-snippet:-1, max-image-preview:large, max-video-preview:-1\" \/>\n<link rel=\"canonical\" href=\"https:\/\/kokpit.az\/?p=28132\" \/>\n<meta property=\"og:locale\" content=\"az_AZ\" \/>\n<meta property=\"og:type\" content=\"article\" \/>\n<meta property=\"og:title\" content=\"MotoGP Aragon: Markes yar\u0131\u015fda da q\u0259l\u0259b\u0259 qazan\u0131b - X\u0259b\u0259ri Kokpitd\u0259 Oxuyun!\" \/>\n<meta property=\"og:description\" content=\"MotoGP \u00fczr\u0259 Araqon Qran Prisinin qalibi Mark Markes olub.\" \/>\n<meta property=\"og:url\" content=\"https:\/\/kokpit.az\/?p=28132\" \/>\n<meta property=\"og:site_name\" content=\"X\u0259b\u0259ri Kokpitd\u0259 Oxuyun!\" \/>\n<meta property=\"article:publisher\" content=\"https:\/\/www.facebook.com\/profile.php?id=61553756392357\" \/>\n<meta property=\"article:published_time\" content=\"2026-08-30T12:48:59+00:00\" \/>\n<meta property=\"article:modified_time\" content=\"2026-08-30T12:56:39+00:00\" \/>\n<meta property=\"og:image\" content=\"https:\/\/kokpit.az\/wp-content\/uploads\/2026\/08\/marc-marquez-ducati-team-8-e1788094481986.webp\" \/>\n\t<meta property=\"og:image:width\" content=\"1200\" \/>\n\t<meta property=\"og:image:height\" content=\"630\" \/>\n\t<meta property=\"og:image:type\" content=\"image\/webp\" \/>\n<meta name=\"author\" content=\"Rauf Hac\u0131yev\" \/>\n<meta name=\"twitter:card\" content=\"summary_large_image\" \/>\n<meta name=\"twitter:label1\" content=\"Written by\" \/>\n\t<meta name=\"twitter:data1\" content=\"Rauf Hac\u0131yev\" \/>\n\t<meta name=\"twitter:label2\" content=\"Est. reading time\" \/>\n\t<meta name=\"twitter:data2\" content=\"1 minute\" \/>\n<script type=\"application\/ld+json\" class=\"yoast-schema-graph\">{\"@context\":\"https:\\\/\\\/schema.org\",\"@graph\":[{\"@type\":\"Article\",\"@id\":\"https:\\\/\\\/kokpit.az\\\/?p=28132#article\",\"isPartOf\":{\"@id\":\"https:\\\/\\\/kokpit.az\\\/?p=28132\"},\"author\":{\"name\":\"Rauf Hac\u0131yev\",\"@id\":\"https:\\\/\\\/kokpit.az\\\/#\\\/schema\\\/person\\\/f4114e650bc2993d0650e4fb6933c581\"},\"headline\":\"MotoGP Aragon: Markes yar\u0131\u015fda da q\u0259l\u0259b\u0259 qazan\u0131b\",\"datePublished\":\"2026-08-30T12:48:59+00:00\",\"dateModified\":\"2026-08-30T12:56:39+00:00\",\"mainEntityOfPage\":{\"@id\":\"https:\\\/\\\/kokpit.az\\\/?p=28132\"},\"wordCount\":310,\"commentCount\":0,\"publisher\":{\"@id\":\"https:\\\/\\\/kokpit.az\\\/#organization\"},\"image\":{\"@id\":\"https:\\\/\\\/kokpit.az\\\/?p=28132#primaryimage\"},\"thumbnailUrl\":\"https:\\\/\\\/kokpit.az\\\/wp-content\\\/uploads\\\/2026\\\/08\\\/marc-marquez-ducati-team-8-e1788094481986.webp\",\"keywords\":[\"Aragon Grand Prix\",\"Marc Marquez\"],\"articleSection\":[\"Dig\u0259r seriyalar\",\"MotoGP\"],\"inLanguage\":\"az\",\"potentialAction\":[{\"@type\":\"CommentAction\",\"name\":\"Comment\",\"target\":[\"https:\\\/\\\/kokpit.az\\\/?p=28132#respond\"]}]},{\"@type\":\"WebPage\",\"@id\":\"https:\\\/\\\/kokpit.az\\\/?p=28132\",\"url\":\"https:\\\/\\\/kokpit.az\\\/?p=28132\",\"name\":\"MotoGP Aragon: Markes yar\u0131\u015fda da q\u0259l\u0259b\u0259 qazan\u0131b - X\u0259b\u0259ri Kokpitd\u0259 Oxuyun!\",\"isPartOf\":{\"@id\":\"https:\\\/\\\/kokpit.az\\\/#website\"},\"primaryImageOfPage\":{\"@id\":\"https:\\\/\\\/kokpit.az\\\/?p=28132#primaryimage\"},\"image\":{\"@id\":\"https:\\\/\\\/kokpit.az\\\/?p=28132#primaryimage\"},\"thumbnailUrl\":\"https:\\\/\\\/kokpit.az\\\/wp-content\\\/uploads\\\/2026\\\/08\\\/marc-marquez-ducati-team-8-e1788094481986.webp\",\"datePublished\":\"2026-08-30T12:48:59+00:00\",\"dateModified\":\"2026-08-30T12:56:39+00:00\",\"breadcrumb\":{\"@id\":\"https:\\\/\\\/kokpit.az\\\/?p=28132#breadcrumb\"},\"inLanguage\":\"az\",\"potentialAction\":[{\"@type\":\"ReadAction\",\"target\":[\"https:\\\/\\\/kokpit.az\\\/?p=28132\"]}]},{\"@type\":\"ImageObject\",\"inLanguage\":\"az\",\"@id\":\"https:\\\/\\\/kokpit.az\\\/?p=28132#primaryimage\",\"url\":\"https:\\\/\\\/kokpit.az\\\/wp-content\\\/uploads\\\/2026\\\/08\\\/marc-marquez-ducati-team-8-e1788094481986.webp\",\"contentUrl\":\"https:\\\/\\\/kokpit.az\\\/wp-content\\\/uploads\\\/2026\\\/08\\\/marc-marquez-ducati-team-8-e1788094481986.webp\",\"width\":1200,\"height\":630},{\"@type\":\"BreadcrumbList\",\"@id\":\"https:\\\/\\\/kokpit.az\\\/?p=28132#breadcrumb\",\"itemListElement\":[{\"@type\":\"ListItem\",\"position\":1,\"name\":\"Home\",\"item\":\"https:\\\/\\\/kokpit.az\\\/\"},{\"@type\":\"ListItem\",\"position\":2,\"name\":\"MotoGP Aragon: Markes yar\u0131\u015fda da q\u0259l\u0259b\u0259 qazan\u0131b\"}]},{\"@type\":\"WebSite\",\"@id\":\"https:\\\/\\\/kokpit.az\\\/#website\",\"url\":\"https:\\\/\\\/kokpit.az\\\/\",\"name\":\"X\u0259b\u0259ri Kokpitd\u0259 Oxuyun!\",\"description\":\"\",\"publisher\":{\"@id\":\"https:\\\/\\\/kokpit.az\\\/#organization\"},\"potentialAction\":[{\"@type\":\"SearchAction\",\"target\":{\"@type\":\"EntryPoint\",\"urlTemplate\":\"https:\\\/\\\/kokpit.az\\\/?s={search_term_string}\"},\"query-input\":{\"@type\":\"PropertyValueSpecification\",\"valueRequired\":true,\"valueName\":\"search_term_string\"}}],\"inLanguage\":\"az\"},{\"@type\":\"Organization\",\"@id\":\"https:\\\/\\\/kokpit.az\\\/#organization\",\"name\":\"X\u0259b\u0259ri Kokpitd\u0259 Oxuyun!\",\"url\":\"https:\\\/\\\/kokpit.az\\\/\",\"logo\":{\"@type\":\"ImageObject\",\"inLanguage\":\"az\",\"@id\":\"https:\\\/\\\/kokpit.az\\\/#\\\/schema\\\/logo\\\/image\\\/\",\"url\":\"https:\\\/\\\/kokpit.az\\\/wp-content\\\/uploads\\\/2023\\\/05\\\/kokpit.jpg\",\"contentUrl\":\"https:\\\/\\\/kokpit.az\\\/wp-content\\\/uploads\\\/2023\\\/05\\\/kokpit.jpg\",\"width\":488,\"height\":245,\"caption\":\"X\u0259b\u0259ri Kokpitd\u0259 Oxuyun!\"},\"image\":{\"@id\":\"https:\\\/\\\/kokpit.az\\\/#\\\/schema\\\/logo\\\/image\\\/\"},\"sameAs\":[\"https:\\\/\\\/www.facebook.com\\\/profile.php?id=61553756392357\"]},{\"@type\":\"Person\",\"@id\":\"https:\\\/\\\/kokpit.az\\\/#\\\/schema\\\/person\\\/f4114e650bc2993d0650e4fb6933c581\",\"name\":\"Rauf Hac\u0131yev\",\"image\":{\"@type\":\"ImageObject\",\"inLanguage\":\"az\",\"@id\":\"https:\\\/\\\/secure.gravatar.com\\\/avatar\\\/394a2085c47c7acdcf41f7d270b7cbb52513d6f4f24c1cb6dfbbd61f98c0503d?s=96&d=mm&r=g\",\"url\":\"https:\\\/\\\/secure.gravatar.com\\\/avatar\\\/394a2085c47c7acdcf41f7d270b7cbb52513d6f4f24c1cb6dfbbd61f98c0503d?s=96&d=mm&r=g\",\"contentUrl\":\"https:\\\/\\\/secure.gravatar.com\\\/avatar\\\/394a2085c47c7acdcf41f7d270b7cbb52513d6f4f24c1cb6dfbbd61f98c0503d?s=96&d=mm&r=g\",\"caption\":\"Rauf Hac\u0131yev\"},\"sameAs\":[\"https:\\\/\\\/kokpit.az\"],\"url\":\"https:\\\/\\\/kokpit.az\\\/?author=2\"}]}<\/script>\n<!-- \/ Yoast SEO plugin. -->","yoast_head_json":{"title":"MotoGP Aragon: Markes yar\u0131\u015fda da q\u0259l\u0259b\u0259 qazan\u0131b - X\u0259b\u0259ri Kokpitd\u0259 Oxuyun!","robots":{"index":"index","follow":"follow","max-snippet":"max-snippet:-1","max-image-preview":"max-image-preview:large","max-video-preview":"max-video-preview:-1"},"canonical":"https:\/\/kokpit.az\/?p=28132","og_locale":"az_AZ","og_type":"article","og_title":"MotoGP Aragon: Markes yar\u0131\u015fda da q\u0259l\u0259b\u0259 qazan\u0131b - X\u0259b\u0259ri Kokpitd\u0259 Oxuyun!","og_description":"MotoGP \u00fczr\u0259 Araqon Qran Prisinin qalibi Mark Markes olub.","og_url":"https:\/\/kokpit.az\/?p=28132","og_site_name":"X\u0259b\u0259ri Kokpitd\u0259 Oxuyun!","article_publisher":"https:\/\/www.facebook.com\/profile.php?id=61553756392357","article_published_time":"2026-08-30T12:48:59+00:00","article_modified_time":"2026-08-30T12:56:39+00:00","og_image":[{"width":1200,"height":630,"url":"https:\/\/kokpit.az\/wp-content\/uploads\/2026\/08\/marc-marquez-ducati-team-8-e1788094481986.webp","type":"image\/webp"}],"author":"Rauf Hac\u0131yev","twitter_card":"summary_large_image","twitter_misc":{"Written by":"Rauf Hac\u0131yev","Est. reading time":"1 minute"},"schema":{"@context":"https:\/\/schema.org","@graph":[{"@type":"Article","@id":"https:\/\/kokpit.az\/?p=28132#article","isPartOf":{"@id":"https:\/\/kokpit.az\/?p=28132"},"author":{"name":"Rauf Hac\u0131yev","@id":"https:\/\/kokpit.az\/#\/schema\/person\/f4114e650bc2993d0650e4fb6933c581"},"headline":"MotoGP Aragon: Markes yar\u0131\u015fda da q\u0259l\u0259b\u0259 qazan\u0131b","datePublished":"2026-08-30T12:48:59+00:00","dateModified":"2026-08-30T12:56:39+00:00","mainEntityOfPage":{"@id":"https:\/\/kokpit.az\/?p=28132"},"wordCount":310,"commentCount":0,"publisher":{"@id":"https:\/\/kokpit.az\/#organization"},"image":{"@id":"https:\/\/kokpit.az\/?p=28132#primaryimage"},"thumbnailUrl":"https:\/\/kokpit.az\/wp-content\/uploads\/2026\/08\/marc-marquez-ducati-team-8-e1788094481986.webp","keywords":["Aragon Grand Prix","Marc Marquez"],"articleSection":["Dig\u0259r seriyalar","MotoGP"],"inLanguage":"az","potentialAction":[{"@type":"CommentAction","name":"Comment","target":["https:\/\/kokpit.az\/?p=28132#respond"]}]},{"@type":"WebPage","@id":"https:\/\/kokpit.az\/?p=28132","url":"https:\/\/kokpit.az\/?p=28132","name":"MotoGP Aragon: Markes yar\u0131\u015fda da q\u0259l\u0259b\u0259 qazan\u0131b - X\u0259b\u0259ri Kokpitd\u0259 Oxuyun!","isPartOf":{"@id":"https:\/\/kokpit.az\/#website"},"primaryImageOfPage":{"@id":"https:\/\/kokpit.az\/?p=28132#primaryimage"},"image":{"@id":"https:\/\/kokpit.az\/?p=28132#primaryimage"},"thumbnailUrl":"https:\/\/kokpit.az\/wp-content\/uploads\/2026\/08\/marc-marquez-ducati-team-8-e1788094481986.webp","datePublished":"2026-08-30T12:48:59+00:00","dateModified":"2026-08-30T12:56:39+00:00","breadcrumb":{"@id":"https:\/\/kokpit.az\/?p=28132#breadcrumb"},"inLanguage":"az","potentialAction":[{"@type":"ReadAction","target":["https:\/\/kokpit.az\/?p=28132"]}]},{"@type":"ImageObject","inLanguage":"az","@id":"https:\/\/kokpit.az\/?p=28132#primaryimage","url":"https:\/\/kokpit.az\/wp-content\/uploads\/2026\/08\/marc-marquez-ducati-team-8-e1788094481986.webp","contentUrl":"https:\/\/kokpit.az\/wp-content\/uploads\/2026\/08\/marc-marquez-ducati-team-8-e1788094481986.webp","width":1200,"height":630},{"@type":"BreadcrumbList","@id":"https:\/\/kokpit.az\/?p=28132#breadcrumb","itemListElement":[{"@type":"ListItem","position":1,"name":"Home","item":"https:\/\/kokpit.az\/"},{"@type":"ListItem","position":2,"name":"MotoGP Aragon: Markes yar\u0131\u015fda da q\u0259l\u0259b\u0259 qazan\u0131b"}]},{"@type":"WebSite","@id":"https:\/\/kokpit.az\/#website","url":"https:\/\/kokpit.az\/","name":"X\u0259b\u0259ri Kokpitd\u0259 Oxuyun!","description":"","publisher":{"@id":"https:\/\/kokpit.az\/#organization"},"potentialAction":[{"@type":"SearchAction","target":{"@type":"EntryPoint","urlTemplate":"https:\/\/kokpit.az\/?s={search_term_string}"},"query-input":{"@type":"PropertyValueSpecification","valueRequired":true,"valueName":"search_term_string"}}],"inLanguage":"az"},{"@type":"Organization","@id":"https:\/\/kokpit.az\/#organization","name":"X\u0259b\u0259ri Kokpitd\u0259 Oxuyun!","url":"https:\/\/kokpit.az\/","logo":{"@type":"ImageObject","inLanguage":"az","@id":"https:\/\/kokpit.az\/#\/schema\/logo\/image\/","url":"https:\/\/kokpit.az\/wp-content\/uploads\/2023\/05\/kokpit.jpg","contentUrl":"https:\/\/kokpit.az\/wp-content\/uploads\/2023\/05\/kokpit.jpg","width":488,"height":245,"caption":"X\u0259b\u0259ri Kokpitd\u0259 Oxuyun!"},"image":{"@id":"https:\/\/kokpit.az\/#\/schema\/logo\/image\/"},"sameAs":["https:\/\/www.facebook.com\/profile.php?id=61553756392357"]},{"@type":"Person","@id":"https:\/\/kokpit.az\/#\/schema\/person\/f4114e650bc2993d0650e4fb6933c581","name":"Rauf Hac\u0131yev","image":{"@type":"ImageObject","inLanguage":"az","@id":"https:\/\/secure.gravatar.com\/avatar\/394a2085c47c7acdcf41f7d270b7cbb52513d6f4f24c1cb6dfbbd61f98c0503d?s=96&d=mm&r=g","url":"https:\/\/secure.gravatar.com\/avatar\/394a2085c47c7acdcf41f7d270b7cbb52513d6f4f24c1cb6dfbbd61f98c0503d?s=96&d=mm&r=g","contentUrl":"https:\/\/secure.gravatar.com\/avatar\/394a2085c47c7acdcf41f7d270b7cbb52513d6f4f24c1cb6dfbbd61f98c0503d?s=96&d=mm&r=g","caption":"Rauf Hac\u0131yev"},"sameAs":["https:\/\/kokpit.az"],"url":"https:\/\/kokpit.az\/?author=2"}]}},"_links":{"self":[{"href":"https:\/\/kokpit.az\/index.php?rest_route=\/wp\/v2\/posts\/28132","targetHints":{"allow":["GET"]}}],"collection":[{"href":"https:\/\/kokpit.az\/index.php?rest_route=\/wp\/v2\/posts"}],"about":[{"href":"https:\/\/kokpit.az\/index.php?rest_route=\/wp\/v2\/types\/post"}],"author":[{"embeddable":true,"href":"https:\/\/kokpit.az\/index.php?rest_route=\/wp\/v2\/users\/2"}],"replies":[{"embeddable":true,"href":"https:\/\/kokpit.az\/index.php?rest_route=%2Fwp%2Fv2%2Fcomments&post=28132"}],"version-history":[{"count":2,"href":"https:\/\/kokpit.az\/index.php?rest_route=\/wp\/v2\/posts\/28132\/revisions"}],"predecessor-version":[{"id":28136,"href":"https:\/\/kokpit.az\/index.php?rest_route=\/wp\/v2\/posts\/28132\/revisions\/28136"}],"wp:featuredmedia":[{"embeddable":true,"href":"https:\/\/kokpit.az\/index.php?rest_route=\/wp\/v2\/media\/28134"}],"wp:attachment":[{"href":"https:\/\/kokpit.az\/index.php?rest_route=%2Fwp%2Fv2%2Fmedia&parent=28132"}],"wp:term":[{"taxonomy":"category","embeddable":true,"href":"https:\/\/kokpit.az\/index.php?rest_route=%2Fwp%2Fv2%2Fcategories&post=28132"},{"taxonomy":"post_tag","embeddable":true,"href":"https:\/\/kokpit.az\/index.php?rest_route=%2Fwp%2Fv2%2Ftags&post=28132"}],"curies":[{"name":"wp","href":"https:\/\/api.w.org\/{rel}","templated":true}]}}