{"id":25139,"date":"2026-05-02T02:37:38","date_gmt":"2026-05-01T22:37:38","guid":{"rendered":"https:\/\/kokpit.az\/?p=25139"},"modified":"2026-05-02T08:46:25","modified_gmt":"2026-05-02T04:46:25","slug":"kantonelli-bunu-gozl%c9%99yirdik","status":"publish","type":"post","link":"https:\/\/kokpit.az\/?p=25139","title":{"rendered":"K,Antonelli: Bunu g\u00f6zl\u0259yirdik"},"content":{"rendered":"<p data-start=\"0\" data-end=\"359\">Mayamid\u0259ki sprint \u00fc\u00e7\u00fcn s\u0131ralanma turunda \u00a0Mercedes s\u00fcr\u00fcc\u00fcl\u0259ri a\u00e7\u0131q favorit say\u0131lm\u0131rd\u0131. Amma Kimi Antonelli m\u00fcbariz\u0259 apararaq ikinci n\u0259tic\u0259ni g\u00f6st\u0259rib.<\/p>\n<p data-start=\"0\" data-end=\"359\"><strong><span style=\"color: #33cccc;\">Kimi Antonelli<\/span>:<\/strong> &#8220;Kifay\u0259t q\u0259d\u0259r qar\u0131\u015f\u0131q bir kvalifikasiya oldu. Ma\u015f\u0131nla ciddi probleml\u0259rim vard\u0131. Medium t\u0259k\u0259rl\u0259rd\u0259 yax\u015f\u0131 d\u00f6vr\u0259 vura bildim, amma Soft-da ma\u015f\u0131n bird\u0259n \u201cdirildi\u201d v\u0259 s\u00fckan arxas\u0131nda \u00f6z\u00fcm\u00fc daha rahat hiss etdim.<\/p>\n<p data-start=\"596\" data-end=\"898\">T\u0259\u0259ss\u00fcf ki, m\u0259\u015fqd\u0259 Soft t\u0259k\u0259rl\u0259ri yoxlamad\u0131q. D\u00fc\u015f\u00fcn\u00fcr\u0259m ki, daha yax\u015f\u0131 n\u0259tic\u0259 \u0259ld\u0259 etm\u0259k olard\u0131. Amma buna baxmayaraq, yax\u015f\u0131 n\u0259tic\u0259dir v\u0259 komanda geri qay\u0131tmaq \u00fc\u00e7\u00fcn yax\u015f\u0131 i\u015f g\u00f6rd\u00fc. Art\u0131q \u015f\u0259nb\u0259ni s\u0259birsizlikl\u0259 g\u00f6zl\u0259yirik, baxmayaraq ki, ax\u015fam h\u0259l\u0259 d\u0259 ma\u015f\u0131n\u0131 nec\u0259 daha s\u00fcr\u0259tli ed\u0259c\u0259yimizi d\u00fc\u015f\u00fcnm\u0259liyik.<\/p>\n<p data-start=\"900\" data-end=\"1056\">Bu h\u0259ft\u0259sonunun \u00e7\u0259tin ke\u00e7\u0259c\u0259yini g\u00f6zl\u0259yirdik, \u00e7\u00fcnki b\u00fct\u00fcn komandalar ciddi yenilikl\u0259r g\u0259tiribl\u0259r. Onlar n\u0259inki f\u0259rqi azaltd\u0131lar, b\u0259zil\u0259ri h\u0259tta \u00f6n\u0259 d\u0259 ke\u00e7dil\u0259r.<\/p>\n<p data-start=\"1058\" data-end=\"1272\" data-is-last-node=\"\" data-is-only-node=\"\">McLaren bizd\u0259ki il\u0259 eyni g\u00fcc qur\u011fusundan istifad\u0259 edir v\u0259 ma\u015f\u0131n\u0131 xeyli t\u0259kmill\u0259\u015fdiribl\u0259r, ona g\u00f6r\u0259 d\u0259 onlar\u0131n liderliyi g\u00f6zl\u0259nil\u0259ndir. Lakin m\u0259nc\u0259, m\u00fcbariz\u0259 apara bil\u0259rik v\u0259 bunu \u015f\u0259nb\u0259 v\u0259 bazar g\u00fcn\u00fc etm\u0259y\u0259 haz\u0131r\u0131q<\/p>\n","protected":false},"excerpt":{"rendered":"<p>Mercedes komandas\u0131n\u0131n s\u00fcr\u00fcc\u00fcs\u00fc Kimi Antonelli bildirib ki, Soft t\u0259k\u0259rl\u0259r Medium t\u0259k\u0259rl\u0259r\u0259 yax\u015f\u0131 i\u015fl\u0259yib.<\/p>\n","protected":false},"author":2,"featured_media":25140,"comment_status":"open","ping_status":"open","sticky":false,"template":"","format":"standard","meta":{"footnotes":""},"categories":[211,2],"tags":[389,52,98,158],"class_list":["post-25139","post","type-post","status-publish","format-standard","has-post-thumbnail","hentry","category-mayami-qran-prisi","category-news","tag-kimi-antonelli","tag-mercedes-amg-petronas-f1-team","tag-miami-grand-prix","tag-miami-international-autodrome"],"yoast_head":"<!-- This site is optimized with the Yoast SEO plugin v27.5 - https:\/\/yoast.com\/product\/yoast-seo-wordpress\/ -->\n<title>K,Antonelli: Bunu g\u00f6zl\u0259yirdik - X\u0259b\u0259ri Kokpitd\u0259 Oxuyun!<\/title>\n<meta name=\"robots\" content=\"index, follow, max-snippet:-1, max-image-preview:large, max-video-preview:-1\" \/>\n<link rel=\"canonical\" href=\"https:\/\/kokpit.az\/?p=25139\" \/>\n<meta property=\"og:locale\" content=\"az_AZ\" \/>\n<meta property=\"og:type\" content=\"article\" \/>\n<meta property=\"og:title\" content=\"K,Antonelli: Bunu g\u00f6zl\u0259yirdik - X\u0259b\u0259ri Kokpitd\u0259 Oxuyun!\" \/>\n<meta property=\"og:description\" content=\"Mercedes komandas\u0131n\u0131n s\u00fcr\u00fcc\u00fcs\u00fc Kimi Antonelli bildirib ki, Soft t\u0259k\u0259rl\u0259r Medium t\u0259k\u0259rl\u0259r\u0259 yax\u015f\u0131 i\u015fl\u0259yib.\" \/>\n<meta property=\"og:url\" content=\"https:\/\/kokpit.az\/?p=25139\" \/>\n<meta property=\"og:site_name\" content=\"X\u0259b\u0259ri Kokpitd\u0259 Oxuyun!\" \/>\n<meta property=\"article:publisher\" content=\"https:\/\/www.facebook.com\/profile.php?id=61553756392357\" \/>\n<meta property=\"article:published_time\" content=\"2026-05-01T22:37:38+00:00\" \/>\n<meta property=\"article:modified_time\" content=\"2026-05-02T04:46:25+00:00\" \/>\n<meta property=\"og:image\" content=\"https:\/\/kokpit.az\/wp-content\/uploads\/2026\/05\/racefansdotnet-24-05-01-12-53-31-8-12-friday-miami-2026-e1777697168810.jpg\" \/>\n\t<meta property=\"og:image:width\" content=\"1200\" \/>\n\t<meta property=\"og:image:height\" content=\"630\" \/>\n\t<meta property=\"og:image:type\" content=\"image\/jpeg\" \/>\n<meta name=\"author\" content=\"Rauf Hac\u0131yev\" \/>\n<meta name=\"twitter:card\" content=\"summary_large_image\" \/>\n<meta name=\"twitter:label1\" content=\"Written by\" \/>\n\t<meta name=\"twitter:data1\" content=\"Rauf Hac\u0131yev\" \/>\n\t<meta name=\"twitter:label2\" content=\"Est. reading time\" \/>\n\t<meta name=\"twitter:data2\" content=\"1 minute\" \/>\n<script type=\"application\/ld+json\" class=\"yoast-schema-graph\">{\"@context\":\"https:\\\/\\\/schema.org\",\"@graph\":[{\"@type\":\"Article\",\"@id\":\"https:\\\/\\\/kokpit.az\\\/?p=25139#article\",\"isPartOf\":{\"@id\":\"https:\\\/\\\/kokpit.az\\\/?p=25139\"},\"author\":{\"name\":\"Rauf Hac\u0131yev\",\"@id\":\"https:\\\/\\\/kokpit.az\\\/#\\\/schema\\\/person\\\/f4114e650bc2993d0650e4fb6933c581\"},\"headline\":\"K,Antonelli: Bunu g\u00f6zl\u0259yirdik\",\"datePublished\":\"2026-05-01T22:37:38+00:00\",\"dateModified\":\"2026-05-02T04:46:25+00:00\",\"mainEntityOfPage\":{\"@id\":\"https:\\\/\\\/kokpit.az\\\/?p=25139\"},\"wordCount\":245,\"commentCount\":0,\"publisher\":{\"@id\":\"https:\\\/\\\/kokpit.az\\\/#organization\"},\"image\":{\"@id\":\"https:\\\/\\\/kokpit.az\\\/?p=25139#primaryimage\"},\"thumbnailUrl\":\"https:\\\/\\\/kokpit.az\\\/wp-content\\\/uploads\\\/2026\\\/05\\\/racefansdotnet-24-05-01-12-53-31-8-12-friday-miami-2026-e1777697168810.jpg\",\"keywords\":[\"Kimi Antonelli\",\"Mercedes AMG Petronas F1 Team\",\"Miami Grand Prix\",\"Miami International Autodrome\"],\"articleSection\":[\"Mayami Qran Prisi\",\"X\u0259b\u0259rl\u0259r\"],\"inLanguage\":\"az\",\"potentialAction\":[{\"@type\":\"CommentAction\",\"name\":\"Comment\",\"target\":[\"https:\\\/\\\/kokpit.az\\\/?p=25139#respond\"]}]},{\"@type\":\"WebPage\",\"@id\":\"https:\\\/\\\/kokpit.az\\\/?p=25139\",\"url\":\"https:\\\/\\\/kokpit.az\\\/?p=25139\",\"name\":\"K,Antonelli: Bunu g\u00f6zl\u0259yirdik - X\u0259b\u0259ri Kokpitd\u0259 Oxuyun!\",\"isPartOf\":{\"@id\":\"https:\\\/\\\/kokpit.az\\\/#website\"},\"primaryImageOfPage\":{\"@id\":\"https:\\\/\\\/kokpit.az\\\/?p=25139#primaryimage\"},\"image\":{\"@id\":\"https:\\\/\\\/kokpit.az\\\/?p=25139#primaryimage\"},\"thumbnailUrl\":\"https:\\\/\\\/kokpit.az\\\/wp-content\\\/uploads\\\/2026\\\/05\\\/racefansdotnet-24-05-01-12-53-31-8-12-friday-miami-2026-e1777697168810.jpg\",\"datePublished\":\"2026-05-01T22:37:38+00:00\",\"dateModified\":\"2026-05-02T04:46:25+00:00\",\"breadcrumb\":{\"@id\":\"https:\\\/\\\/kokpit.az\\\/?p=25139#breadcrumb\"},\"inLanguage\":\"az\",\"potentialAction\":[{\"@type\":\"ReadAction\",\"target\":[\"https:\\\/\\\/kokpit.az\\\/?p=25139\"]}]},{\"@type\":\"ImageObject\",\"inLanguage\":\"az\",\"@id\":\"https:\\\/\\\/kokpit.az\\\/?p=25139#primaryimage\",\"url\":\"https:\\\/\\\/kokpit.az\\\/wp-content\\\/uploads\\\/2026\\\/05\\\/racefansdotnet-24-05-01-12-53-31-8-12-friday-miami-2026-e1777697168810.jpg\",\"contentUrl\":\"https:\\\/\\\/kokpit.az\\\/wp-content\\\/uploads\\\/2026\\\/05\\\/racefansdotnet-24-05-01-12-53-31-8-12-friday-miami-2026-e1777697168810.jpg\",\"width\":1200,\"height\":630,\"caption\":\"MIAMI, FLORIDA - MAY 01: Andrea Kimi Antonelli of Italy driving the (12) Mercedes AMG Petronas F1 Team W17 on track during practice ahead of the F1 Grand Prix of Miami at Miami International Autodrome on May 01, 2026 in Miami, Florida. (Photo by Sona Maleterova\\\/LAT Images)\"},{\"@type\":\"BreadcrumbList\",\"@id\":\"https:\\\/\\\/kokpit.az\\\/?p=25139#breadcrumb\",\"itemListElement\":[{\"@type\":\"ListItem\",\"position\":1,\"name\":\"Home\",\"item\":\"https:\\\/\\\/kokpit.az\\\/\"},{\"@type\":\"ListItem\",\"position\":2,\"name\":\"K,Antonelli: Bunu g\u00f6zl\u0259yirdik\"}]},{\"@type\":\"WebSite\",\"@id\":\"https:\\\/\\\/kokpit.az\\\/#website\",\"url\":\"https:\\\/\\\/kokpit.az\\\/\",\"name\":\"X\u0259b\u0259ri Kokpitd\u0259 Oxuyun!\",\"description\":\"\",\"publisher\":{\"@id\":\"https:\\\/\\\/kokpit.az\\\/#organization\"},\"potentialAction\":[{\"@type\":\"SearchAction\",\"target\":{\"@type\":\"EntryPoint\",\"urlTemplate\":\"https:\\\/\\\/kokpit.az\\\/?s={search_term_string}\"},\"query-input\":{\"@type\":\"PropertyValueSpecification\",\"valueRequired\":true,\"valueName\":\"search_term_string\"}}],\"inLanguage\":\"az\"},{\"@type\":\"Organization\",\"@id\":\"https:\\\/\\\/kokpit.az\\\/#organization\",\"name\":\"X\u0259b\u0259ri Kokpitd\u0259 Oxuyun!\",\"url\":\"https:\\\/\\\/kokpit.az\\\/\",\"logo\":{\"@type\":\"ImageObject\",\"inLanguage\":\"az\",\"@id\":\"https:\\\/\\\/kokpit.az\\\/#\\\/schema\\\/logo\\\/image\\\/\",\"url\":\"https:\\\/\\\/kokpit.az\\\/wp-content\\\/uploads\\\/2023\\\/05\\\/kokpit.jpg\",\"contentUrl\":\"https:\\\/\\\/kokpit.az\\\/wp-content\\\/uploads\\\/2023\\\/05\\\/kokpit.jpg\",\"width\":488,\"height\":245,\"caption\":\"X\u0259b\u0259ri Kokpitd\u0259 Oxuyun!\"},\"image\":{\"@id\":\"https:\\\/\\\/kokpit.az\\\/#\\\/schema\\\/logo\\\/image\\\/\"},\"sameAs\":[\"https:\\\/\\\/www.facebook.com\\\/profile.php?id=61553756392357\"]},{\"@type\":\"Person\",\"@id\":\"https:\\\/\\\/kokpit.az\\\/#\\\/schema\\\/person\\\/f4114e650bc2993d0650e4fb6933c581\",\"name\":\"Rauf Hac\u0131yev\",\"image\":{\"@type\":\"ImageObject\",\"inLanguage\":\"az\",\"@id\":\"https:\\\/\\\/secure.gravatar.com\\\/avatar\\\/394a2085c47c7acdcf41f7d270b7cbb52513d6f4f24c1cb6dfbbd61f98c0503d?s=96&d=mm&r=g\",\"url\":\"https:\\\/\\\/secure.gravatar.com\\\/avatar\\\/394a2085c47c7acdcf41f7d270b7cbb52513d6f4f24c1cb6dfbbd61f98c0503d?s=96&d=mm&r=g\",\"contentUrl\":\"https:\\\/\\\/secure.gravatar.com\\\/avatar\\\/394a2085c47c7acdcf41f7d270b7cbb52513d6f4f24c1cb6dfbbd61f98c0503d?s=96&d=mm&r=g\",\"caption\":\"Rauf Hac\u0131yev\"},\"sameAs\":[\"https:\\\/\\\/kokpit.az\"],\"url\":\"https:\\\/\\\/kokpit.az\\\/?author=2\"}]}<\/script>\n<!-- \/ Yoast SEO plugin. -->","yoast_head_json":{"title":"K,Antonelli: Bunu g\u00f6zl\u0259yirdik - X\u0259b\u0259ri Kokpitd\u0259 Oxuyun!","robots":{"index":"index","follow":"follow","max-snippet":"max-snippet:-1","max-image-preview":"max-image-preview:large","max-video-preview":"max-video-preview:-1"},"canonical":"https:\/\/kokpit.az\/?p=25139","og_locale":"az_AZ","og_type":"article","og_title":"K,Antonelli: Bunu g\u00f6zl\u0259yirdik - X\u0259b\u0259ri Kokpitd\u0259 Oxuyun!","og_description":"Mercedes komandas\u0131n\u0131n s\u00fcr\u00fcc\u00fcs\u00fc Kimi Antonelli bildirib ki, Soft t\u0259k\u0259rl\u0259r Medium t\u0259k\u0259rl\u0259r\u0259 yax\u015f\u0131 i\u015fl\u0259yib.","og_url":"https:\/\/kokpit.az\/?p=25139","og_site_name":"X\u0259b\u0259ri Kokpitd\u0259 Oxuyun!","article_publisher":"https:\/\/www.facebook.com\/profile.php?id=61553756392357","article_published_time":"2026-05-01T22:37:38+00:00","article_modified_time":"2026-05-02T04:46:25+00:00","og_image":[{"width":1200,"height":630,"url":"https:\/\/kokpit.az\/wp-content\/uploads\/2026\/05\/racefansdotnet-24-05-01-12-53-31-8-12-friday-miami-2026-e1777697168810.jpg","type":"image\/jpeg"}],"author":"Rauf Hac\u0131yev","twitter_card":"summary_large_image","twitter_misc":{"Written by":"Rauf Hac\u0131yev","Est. reading time":"1 minute"},"schema":{"@context":"https:\/\/schema.org","@graph":[{"@type":"Article","@id":"https:\/\/kokpit.az\/?p=25139#article","isPartOf":{"@id":"https:\/\/kokpit.az\/?p=25139"},"author":{"name":"Rauf Hac\u0131yev","@id":"https:\/\/kokpit.az\/#\/schema\/person\/f4114e650bc2993d0650e4fb6933c581"},"headline":"K,Antonelli: Bunu g\u00f6zl\u0259yirdik","datePublished":"2026-05-01T22:37:38+00:00","dateModified":"2026-05-02T04:46:25+00:00","mainEntityOfPage":{"@id":"https:\/\/kokpit.az\/?p=25139"},"wordCount":245,"commentCount":0,"publisher":{"@id":"https:\/\/kokpit.az\/#organization"},"image":{"@id":"https:\/\/kokpit.az\/?p=25139#primaryimage"},"thumbnailUrl":"https:\/\/kokpit.az\/wp-content\/uploads\/2026\/05\/racefansdotnet-24-05-01-12-53-31-8-12-friday-miami-2026-e1777697168810.jpg","keywords":["Kimi Antonelli","Mercedes AMG Petronas F1 Team","Miami Grand Prix","Miami International Autodrome"],"articleSection":["Mayami Qran Prisi","X\u0259b\u0259rl\u0259r"],"inLanguage":"az","potentialAction":[{"@type":"CommentAction","name":"Comment","target":["https:\/\/kokpit.az\/?p=25139#respond"]}]},{"@type":"WebPage","@id":"https:\/\/kokpit.az\/?p=25139","url":"https:\/\/kokpit.az\/?p=25139","name":"K,Antonelli: Bunu g\u00f6zl\u0259yirdik - X\u0259b\u0259ri Kokpitd\u0259 Oxuyun!","isPartOf":{"@id":"https:\/\/kokpit.az\/#website"},"primaryImageOfPage":{"@id":"https:\/\/kokpit.az\/?p=25139#primaryimage"},"image":{"@id":"https:\/\/kokpit.az\/?p=25139#primaryimage"},"thumbnailUrl":"https:\/\/kokpit.az\/wp-content\/uploads\/2026\/05\/racefansdotnet-24-05-01-12-53-31-8-12-friday-miami-2026-e1777697168810.jpg","datePublished":"2026-05-01T22:37:38+00:00","dateModified":"2026-05-02T04:46:25+00:00","breadcrumb":{"@id":"https:\/\/kokpit.az\/?p=25139#breadcrumb"},"inLanguage":"az","potentialAction":[{"@type":"ReadAction","target":["https:\/\/kokpit.az\/?p=25139"]}]},{"@type":"ImageObject","inLanguage":"az","@id":"https:\/\/kokpit.az\/?p=25139#primaryimage","url":"https:\/\/kokpit.az\/wp-content\/uploads\/2026\/05\/racefansdotnet-24-05-01-12-53-31-8-12-friday-miami-2026-e1777697168810.jpg","contentUrl":"https:\/\/kokpit.az\/wp-content\/uploads\/2026\/05\/racefansdotnet-24-05-01-12-53-31-8-12-friday-miami-2026-e1777697168810.jpg","width":1200,"height":630,"caption":"MIAMI, FLORIDA - MAY 01: Andrea Kimi Antonelli of Italy driving the (12) Mercedes AMG Petronas F1 Team W17 on track during practice ahead of the F1 Grand Prix of Miami at Miami International Autodrome on May 01, 2026 in Miami, Florida. (Photo by Sona Maleterova\/LAT Images)"},{"@type":"BreadcrumbList","@id":"https:\/\/kokpit.az\/?p=25139#breadcrumb","itemListElement":[{"@type":"ListItem","position":1,"name":"Home","item":"https:\/\/kokpit.az\/"},{"@type":"ListItem","position":2,"name":"K,Antonelli: Bunu g\u00f6zl\u0259yirdik"}]},{"@type":"WebSite","@id":"https:\/\/kokpit.az\/#website","url":"https:\/\/kokpit.az\/","name":"X\u0259b\u0259ri Kokpitd\u0259 Oxuyun!","description":"","publisher":{"@id":"https:\/\/kokpit.az\/#organization"},"potentialAction":[{"@type":"SearchAction","target":{"@type":"EntryPoint","urlTemplate":"https:\/\/kokpit.az\/?s={search_term_string}"},"query-input":{"@type":"PropertyValueSpecification","valueRequired":true,"valueName":"search_term_string"}}],"inLanguage":"az"},{"@type":"Organization","@id":"https:\/\/kokpit.az\/#organization","name":"X\u0259b\u0259ri Kokpitd\u0259 Oxuyun!","url":"https:\/\/kokpit.az\/","logo":{"@type":"ImageObject","inLanguage":"az","@id":"https:\/\/kokpit.az\/#\/schema\/logo\/image\/","url":"https:\/\/kokpit.az\/wp-content\/uploads\/2023\/05\/kokpit.jpg","contentUrl":"https:\/\/kokpit.az\/wp-content\/uploads\/2023\/05\/kokpit.jpg","width":488,"height":245,"caption":"X\u0259b\u0259ri Kokpitd\u0259 Oxuyun!"},"image":{"@id":"https:\/\/kokpit.az\/#\/schema\/logo\/image\/"},"sameAs":["https:\/\/www.facebook.com\/profile.php?id=61553756392357"]},{"@type":"Person","@id":"https:\/\/kokpit.az\/#\/schema\/person\/f4114e650bc2993d0650e4fb6933c581","name":"Rauf Hac\u0131yev","image":{"@type":"ImageObject","inLanguage":"az","@id":"https:\/\/secure.gravatar.com\/avatar\/394a2085c47c7acdcf41f7d270b7cbb52513d6f4f24c1cb6dfbbd61f98c0503d?s=96&d=mm&r=g","url":"https:\/\/secure.gravatar.com\/avatar\/394a2085c47c7acdcf41f7d270b7cbb52513d6f4f24c1cb6dfbbd61f98c0503d?s=96&d=mm&r=g","contentUrl":"https:\/\/secure.gravatar.com\/avatar\/394a2085c47c7acdcf41f7d270b7cbb52513d6f4f24c1cb6dfbbd61f98c0503d?s=96&d=mm&r=g","caption":"Rauf Hac\u0131yev"},"sameAs":["https:\/\/kokpit.az"],"url":"https:\/\/kokpit.az\/?author=2"}]}},"_links":{"self":[{"href":"https:\/\/kokpit.az\/index.php?rest_route=\/wp\/v2\/posts\/25139","targetHints":{"allow":["GET"]}}],"collection":[{"href":"https:\/\/kokpit.az\/index.php?rest_route=\/wp\/v2\/posts"}],"about":[{"href":"https:\/\/kokpit.az\/index.php?rest_route=\/wp\/v2\/types\/post"}],"author":[{"embeddable":true,"href":"https:\/\/kokpit.az\/index.php?rest_route=\/wp\/v2\/users\/2"}],"replies":[{"embeddable":true,"href":"https:\/\/kokpit.az\/index.php?rest_route=%2Fwp%2Fv2%2Fcomments&post=25139"}],"version-history":[{"count":1,"href":"https:\/\/kokpit.az\/index.php?rest_route=\/wp\/v2\/posts\/25139\/revisions"}],"predecessor-version":[{"id":25141,"href":"https:\/\/kokpit.az\/index.php?rest_route=\/wp\/v2\/posts\/25139\/revisions\/25141"}],"wp:featuredmedia":[{"embeddable":true,"href":"https:\/\/kokpit.az\/index.php?rest_route=\/wp\/v2\/media\/25140"}],"wp:attachment":[{"href":"https:\/\/kokpit.az\/index.php?rest_route=%2Fwp%2Fv2%2Fmedia&parent=25139"}],"wp:term":[{"taxonomy":"category","embeddable":true,"href":"https:\/\/kokpit.az\/index.php?rest_route=%2Fwp%2Fv2%2Fcategories&post=25139"},{"taxonomy":"post_tag","embeddable":true,"href":"https:\/\/kokpit.az\/index.php?rest_route=%2Fwp%2Fv2%2Ftags&post=25139"}],"curies":[{"name":"wp","href":"https:\/\/api.w.org\/{rel}","templated":true}]}}