{"id":25096,"date":"2026-05-01T15:55:22","date_gmt":"2026-05-01T11:55:22","guid":{"rendered":"https:\/\/kokpit.az\/?p=25096"},"modified":"2026-05-01T18:18:58","modified_gmt":"2026-05-01T14:18:58","slug":"efsan%c9%99nin-son-dovr%c9%99si-ayrton-senna-v%c9%99-imolada-son%c9%99n-ulduz","status":"publish","type":"post","link":"https:\/\/kokpit.az\/?p=25096","title":{"rendered":"\u018ffsan\u0259nin son d\u00f6vr\u0259si: Ayrton Senna v\u0259 \u0130molada s\u00f6n\u0259n ulduz"},"content":{"rendered":"<p>Formula 1 tarixinin \u0259n parlaq v\u0259 eyni zamanda \u0259n dramatik simalar\u0131ndan biri olan Ayrton Sennan\u0131n ad\u0131 bu g\u00fcn d\u0259 s\u00fcr\u0259t, istedad v\u0259 m\u00fck\u0259mm\u0259llikl\u0259 sinonim kimi \u00e7\u0259kilir. Braziliyal\u0131 pilotun karyeras\u0131 yaln\u0131z q\u0259l\u0259b\u0259l\u0259rl\u0259 yox, h\u0259m d\u0259 avtoidman\u0131n taleyini d\u0259yi\u015f\u0259n hadis\u0259l\u0259rl\u0259 yadda qal\u0131b.<\/p>\n<h3>Karyeran\u0131n zirv\u0259si<\/h3>\n<p><img loading=\"lazy\" decoding=\"async\" class=\"aligncenter wp-image-25099 size-large\" src=\"https:\/\/kokpit.az\/wp-content\/uploads\/2026\/05\/aryton-senna-and-alain-prost-in-1989-x-post-from-r-f1porn-v0-4o7CKgQGpfDAE03qID2M_rGRcf2ayB987wRListIYYw.jpg-e1777643243507-1024x538.webp\" alt=\"\" width=\"770\" height=\"405\" srcset=\"https:\/\/kokpit.az\/wp-content\/uploads\/2026\/05\/aryton-senna-and-alain-prost-in-1989-x-post-from-r-f1porn-v0-4o7CKgQGpfDAE03qID2M_rGRcf2ayB987wRListIYYw.jpg-e1777643243507-1024x538.webp 1024w, https:\/\/kokpit.az\/wp-content\/uploads\/2026\/05\/aryton-senna-and-alain-prost-in-1989-x-post-from-r-f1porn-v0-4o7CKgQGpfDAE03qID2M_rGRcf2ayB987wRListIYYw.jpg-e1777643243507-300x158.webp 300w, https:\/\/kokpit.az\/wp-content\/uploads\/2026\/05\/aryton-senna-and-alain-prost-in-1989-x-post-from-r-f1porn-v0-4o7CKgQGpfDAE03qID2M_rGRcf2ayB987wRListIYYw.jpg-e1777643243507-768x403.webp 768w, https:\/\/kokpit.az\/wp-content\/uploads\/2026\/05\/aryton-senna-and-alain-prost-in-1989-x-post-from-r-f1porn-v0-4o7CKgQGpfDAE03qID2M_rGRcf2ayB987wRListIYYw.jpg-e1777643243507-270x142.webp 270w, https:\/\/kokpit.az\/wp-content\/uploads\/2026\/05\/aryton-senna-and-alain-prost-in-1989-x-post-from-r-f1porn-v0-4o7CKgQGpfDAE03qID2M_rGRcf2ayB987wRListIYYw.jpg-e1777643243507-370x194.webp 370w, https:\/\/kokpit.az\/wp-content\/uploads\/2026\/05\/aryton-senna-and-alain-prost-in-1989-x-post-from-r-f1porn-v0-4o7CKgQGpfDAE03qID2M_rGRcf2ayB987wRListIYYw.jpg-e1777643243507-570x299.webp 570w, https:\/\/kokpit.az\/wp-content\/uploads\/2026\/05\/aryton-senna-and-alain-prost-in-1989-x-post-from-r-f1porn-v0-4o7CKgQGpfDAE03qID2M_rGRcf2ayB987wRListIYYw.jpg-e1777643243507-740x389.webp 740w, https:\/\/kokpit.az\/wp-content\/uploads\/2026\/05\/aryton-senna-and-alain-prost-in-1989-x-post-from-r-f1porn-v0-4o7CKgQGpfDAE03qID2M_rGRcf2ayB987wRListIYYw.jpg-e1777643243507.webp 1200w\" sizes=\"auto, (max-width: 770px) 100vw, 770px\" \/><\/p>\n<p>1960-c\u0131 ild\u0259 Braziliyan\u0131n San-Paulu \u015f\u0259h\u0259rind\u0259 do\u011fulan Senna kartinqd\u0259n Formula 1-\u0259 q\u0259d\u0259r s\u00fcr\u0259tl\u0259 y\u00fcks\u0259lib. 1984-c\u00fc ild\u0259 Toleman komandas\u0131 il\u0259 deb\u00fct ed\u0259n pilot, ya\u011f\u0131\u015fl\u0131 Monako Qran Prisind\u0259ki m\u00f6ht\u0259\u015f\u0259m performans\u0131 il\u0259 d\u0259rhal diqq\u0259t \u00e7\u0259kib.<\/p>\n<p>\u018fsl y\u00fcks\u0259li\u015f is\u0259 McLaren komandas\u0131nda ba\u015flay\u0131b. 1988, 1990 v\u0259 1991-ci ill\u0259rd\u0259 D\u00fcnya \u00c7empionu olan Senna, x\u00fcsusil\u0259 komanda yolda\u015f\u0131 Alen Prost il\u0259 r\u0259qab\u0259ti il\u0259 yadda qal\u0131b. Bu duel Formula 1 tarixinin \u0259n g\u0259rgin v\u0259 emosional qar\u015f\u0131durmalar\u0131ndan biri say\u0131l\u0131r.<\/p>\n<p>1994-c\u00fc ild\u0259 is\u0259 Senna yeni \u00e7a\u011f\u0131r\u0131\u015f\u0131 q\u0259bul ed\u0259r\u0259k Williams komandas\u0131nda \u00e7\u0131x\u0131\u015f etm\u0259y\u0259 ba\u015flay\u0131b. Lakin m\u00f6vs\u00fcm onun \u00fc\u00e7\u00fcn g\u00f6zl\u0259nildiyi kimi ba\u015flamay\u0131b.<\/p>\n<h3>Qara h\u0259ft\u0259sonu \u2013 \u0130mola 1994<\/h3>\n<p><img loading=\"lazy\" decoding=\"async\" class=\"aligncenter wp-image-25100 size-large\" src=\"https:\/\/kokpit.az\/wp-content\/uploads\/2026\/05\/San-Marino-GP_3133103-e1777643361356-1024x538.jpg\" alt=\"\" width=\"770\" height=\"405\" srcset=\"https:\/\/kokpit.az\/wp-content\/uploads\/2026\/05\/San-Marino-GP_3133103-e1777643361356-1024x538.jpg 1024w, https:\/\/kokpit.az\/wp-content\/uploads\/2026\/05\/San-Marino-GP_3133103-e1777643361356-300x158.jpg 300w, https:\/\/kokpit.az\/wp-content\/uploads\/2026\/05\/San-Marino-GP_3133103-e1777643361356-768x403.jpg 768w, https:\/\/kokpit.az\/wp-content\/uploads\/2026\/05\/San-Marino-GP_3133103-e1777643361356-270x142.jpg 270w, https:\/\/kokpit.az\/wp-content\/uploads\/2026\/05\/San-Marino-GP_3133103-e1777643361356-370x194.jpg 370w, https:\/\/kokpit.az\/wp-content\/uploads\/2026\/05\/San-Marino-GP_3133103-e1777643361356-570x299.jpg 570w, https:\/\/kokpit.az\/wp-content\/uploads\/2026\/05\/San-Marino-GP_3133103-e1777643361356-740x389.jpg 740w, https:\/\/kokpit.az\/wp-content\/uploads\/2026\/05\/San-Marino-GP_3133103-e1777643361356.jpg 1200w\" sizes=\"auto, (max-width: 770px) 100vw, 770px\" \/><\/p>\n<p>1994-c\u00fc ilin San Marino Qran Prisi h\u0259ft\u0259sonu Formula 1 tarixinin \u0259n faci\u0259vi s\u0259hif\u0259l\u0259rind\u0259n biri kimi yadda qal\u0131b. \u0130taliyan\u0131n \u0130mola \u015f\u0259h\u0259rind\u0259 ke\u00e7iril\u0259n yar\u0131\u015f \u00f6nc\u0259si hadis\u0259l\u0259r art\u0131q t\u0259hl\u00fck\u0259nin siqnal\u0131n\u0131 vermi\u015fdi.<\/p>\n<p>C\u00fcm\u0259 g\u00fcn\u00fc braziliyal\u0131 pilot Rubens Barrikello a\u011f\u0131r q\u0259za ke\u00e7ir\u0259r\u0259k m\u00f6c\u00fcz\u0259 n\u0259tic\u0259sind\u0259 sa\u011f qalm\u0131\u015fd\u0131. \u015e\u0259nb\u0259 g\u00fcn\u00fc is\u0259 avstriyal\u0131 pilot <strong><a href=\"https:\/\/kokpit.az\/?p=25070\">Roland Ratzenberger s\u0131ralama turunda d\u00fcnyas\u0131n\u0131 d\u0259yi\u015fmi\u015fdi<\/a><\/strong>. Bu, 1982-ci ild\u0259n sonra Formula 1-d\u0259 ilk \u00f6l\u00fcm hadis\u0259si olmu\u015fdu.<\/p>\n<h3>Son d\u00f6vr\u0259<\/h3>\n<p><img loading=\"lazy\" decoding=\"async\" class=\"aligncenter wp-image-25098 size-large\" src=\"https:\/\/kokpit.az\/wp-content\/uploads\/2026\/05\/lap-7.jpg-e1777643026543-1024x538.webp\" alt=\"\" width=\"770\" height=\"405\" srcset=\"https:\/\/kokpit.az\/wp-content\/uploads\/2026\/05\/lap-7.jpg-e1777643026543-1024x538.webp 1024w, https:\/\/kokpit.az\/wp-content\/uploads\/2026\/05\/lap-7.jpg-e1777643026543-300x158.webp 300w, https:\/\/kokpit.az\/wp-content\/uploads\/2026\/05\/lap-7.jpg-e1777643026543-768x403.webp 768w, https:\/\/kokpit.az\/wp-content\/uploads\/2026\/05\/lap-7.jpg-e1777643026543-270x142.webp 270w, https:\/\/kokpit.az\/wp-content\/uploads\/2026\/05\/lap-7.jpg-e1777643026543-370x194.webp 370w, https:\/\/kokpit.az\/wp-content\/uploads\/2026\/05\/lap-7.jpg-e1777643026543-570x299.webp 570w, https:\/\/kokpit.az\/wp-content\/uploads\/2026\/05\/lap-7.jpg-e1777643026543-740x389.webp 740w, https:\/\/kokpit.az\/wp-content\/uploads\/2026\/05\/lap-7.jpg-e1777643026543.webp 1200w\" sizes=\"auto, (max-width: 770px) 100vw, 770px\" \/><\/p>\n<p>May\u0131n 1-d\u0259 start g\u00f6t\u00fcr\u0259n yar\u0131\u015fda Senna pouldan start al\u0131rd\u0131. Yar\u0131\u015f\u0131n 7-ci d\u00f6vr\u0259sind\u0259 onun bolidi Tamburello d\u00f6ng\u0259sind\u0259 idar\u0259etm\u0259ni itir\u0259r\u0259k y\u00fcks\u0259k s\u00fcr\u0259tl\u0259 beton divara \u00e7\u0131rp\u0131lm\u0131\u015fd\u0131.<\/p>\n<p>Q\u0259za n\u0259tic\u0259sind\u0259 Senna a\u011f\u0131r k\u0259ll\u0259-beyin travmas\u0131 alm\u0131\u015f v\u0259 x\u0259st\u0259xanaya \u00e7atd\u0131r\u0131lsa da, onun h\u0259yat\u0131n\u0131 xilas etm\u0259k m\u00fcmk\u00fcn olmam\u0131\u015fd\u0131. Bel\u0259likl\u0259, 34 ya\u015fl\u0131 \u0259fsan\u0259vi pilotun h\u0259yat\u0131 faci\u0259vi \u015f\u0259kild\u0259 ba\u015fa \u00e7atm\u0131\u015fd\u0131.<\/p>\n<h3>Miras v\u0259 d\u0259yi\u015f\u0259n Formula 1<\/h3>\n<p><img loading=\"lazy\" decoding=\"async\" class=\"aligncenter wp-image-25101 size-large\" src=\"https:\/\/kokpit.az\/wp-content\/uploads\/2026\/05\/33cfed6117b5a6d381ae6fad687a7f0f-e1777643551722-1024x538.jpeg\" alt=\"\" width=\"770\" height=\"405\" srcset=\"https:\/\/kokpit.az\/wp-content\/uploads\/2026\/05\/33cfed6117b5a6d381ae6fad687a7f0f-e1777643551722-1024x538.jpeg 1024w, https:\/\/kokpit.az\/wp-content\/uploads\/2026\/05\/33cfed6117b5a6d381ae6fad687a7f0f-e1777643551722-300x158.jpeg 300w, https:\/\/kokpit.az\/wp-content\/uploads\/2026\/05\/33cfed6117b5a6d381ae6fad687a7f0f-e1777643551722-768x403.jpeg 768w, https:\/\/kokpit.az\/wp-content\/uploads\/2026\/05\/33cfed6117b5a6d381ae6fad687a7f0f-e1777643551722-270x142.jpeg 270w, https:\/\/kokpit.az\/wp-content\/uploads\/2026\/05\/33cfed6117b5a6d381ae6fad687a7f0f-e1777643551722-370x194.jpeg 370w, https:\/\/kokpit.az\/wp-content\/uploads\/2026\/05\/33cfed6117b5a6d381ae6fad687a7f0f-e1777643551722-570x299.jpeg 570w, https:\/\/kokpit.az\/wp-content\/uploads\/2026\/05\/33cfed6117b5a6d381ae6fad687a7f0f-e1777643551722-740x389.jpeg 740w, https:\/\/kokpit.az\/wp-content\/uploads\/2026\/05\/33cfed6117b5a6d381ae6fad687a7f0f-e1777643551722.jpeg 1200w\" sizes=\"auto, (max-width: 770px) 100vw, 770px\" \/><\/p>\n<p>Sennan\u0131n \u00f6l\u00fcm\u00fc Formula 1-d\u0259 t\u0259hl\u00fck\u0259sizlik m\u0259s\u0259l\u0259l\u0259rin\u0259 k\u00f6kl\u00fc d\u0259yi\u015fiklikl\u0259r\u0259 s\u0259b\u0259b olub. Beyn\u0259lxalq Avtomobil Federasiyas\u0131 (FIA) yeni qaydalar t\u0259tbiq ed\u0259r\u0259k traslar\u0131n v\u0259 bolidl\u0259rin t\u0259hl\u00fck\u0259sizliyini art\u0131rma\u011fa ba\u015flay\u0131b.<\/p>\n<p><a href=\"https:\/\/kokpit.az\/?p=24878\">Bu g\u00fcn t\u0259tbiq olunan \u0259ks\u0259r t\u0259hl\u00fck\u0259sizlik standartlar\u0131n\u0131n \u0259sas\u0131nda m\u0259hz h\u0259min qara h\u0259ft\u0259sonunun d\u0259rsl\u0259ri dayan\u0131r.<\/a><\/p>\n<p>Ayrton Senna is\u0259 yaln\u0131z statistika il\u0259 \u00f6l\u00e7\u00fclm\u0259y\u0259n bir irs qoyub. Bel\u0259 ki, onun s\u00fcr\u00fcc\u00fcl\u00fck \u00fcslubu, risk\u0259 bax\u0131\u015f\u0131 v\u0259 q\u0259l\u0259b\u0259 \u0259zmi Formula 1 tarixind\u0259 silinm\u0259z iz burax\u0131b. O, sad\u0259c\u0259 \u00e7empion deyildi, eyni zamanda avtoidman\u0131n ruhunu d\u0259yi\u015f\u0259n bir simvol idi.<\/p>\n","protected":false},"excerpt":{"rendered":"<p>Bu g\u00fcn \u0259fsan\u0259vi Ayrton Sennan\u0131n \u00f6l\u00fcm\u00fcnd\u0259n 32 il ke\u00e7ir. <\/p>\n","protected":false},"author":2,"featured_media":25102,"comment_status":"open","ping_status":"open","sticky":false,"template":"","format":"standard","meta":{"footnotes":""},"categories":[3,4,2],"tags":[2447,140,2487,2488],"class_list":["post-25096","post","type-post","status-publish","format-standard","has-post-thumbnail","hentry","category-articles","category-manshet","category-news","tag-1994-san-marino-grand-prix","tag-ayrton-senna","tag-ayrton-senna-last-lap","tag-senna-fatal-crash"],"yoast_head":"<!-- This site is optimized with the Yoast SEO plugin v27.5 - https:\/\/yoast.com\/product\/yoast-seo-wordpress\/ -->\n<title>\u018ffsan\u0259nin son d\u00f6vr\u0259si: Ayrton Senna v\u0259 \u0130molada s\u00f6n\u0259n ulduz - X\u0259b\u0259ri Kokpitd\u0259 Oxuyun!<\/title>\n<meta name=\"robots\" content=\"index, follow, max-snippet:-1, max-image-preview:large, max-video-preview:-1\" \/>\n<link rel=\"canonical\" href=\"https:\/\/kokpit.az\/?p=25096\" \/>\n<meta property=\"og:locale\" content=\"az_AZ\" \/>\n<meta property=\"og:type\" content=\"article\" \/>\n<meta property=\"og:title\" content=\"\u018ffsan\u0259nin son d\u00f6vr\u0259si: Ayrton Senna v\u0259 \u0130molada s\u00f6n\u0259n ulduz - X\u0259b\u0259ri Kokpitd\u0259 Oxuyun!\" \/>\n<meta property=\"og:description\" content=\"Bu g\u00fcn \u0259fsan\u0259vi Ayrton Sennan\u0131n \u00f6l\u00fcm\u00fcnd\u0259n 32 il ke\u00e7ir.\" \/>\n<meta property=\"og:url\" content=\"https:\/\/kokpit.az\/?p=25096\" \/>\n<meta property=\"og:site_name\" content=\"X\u0259b\u0259ri Kokpitd\u0259 Oxuyun!\" \/>\n<meta property=\"article:publisher\" content=\"https:\/\/www.facebook.com\/profile.php?id=61553756392357\" \/>\n<meta property=\"article:published_time\" content=\"2026-05-01T11:55:22+00:00\" \/>\n<meta property=\"article:modified_time\" content=\"2026-05-01T14:18:58+00:00\" \/>\n<meta property=\"og:image\" content=\"https:\/\/kokpit.az\/wp-content\/uploads\/2026\/05\/MV5BMjEwNjE0MTkwNF5BMl5BanBnXkFtZTcwNDc3MDQ2NA@@._V1_-e1777643701596.jpg\" \/>\n\t<meta property=\"og:image:width\" content=\"1200\" \/>\n\t<meta property=\"og:image:height\" content=\"630\" \/>\n\t<meta property=\"og:image:type\" content=\"image\/jpeg\" \/>\n<meta name=\"author\" content=\"Rauf Hac\u0131yev\" \/>\n<meta name=\"twitter:card\" content=\"summary_large_image\" \/>\n<meta name=\"twitter:label1\" content=\"Written by\" \/>\n\t<meta name=\"twitter:data1\" content=\"Rauf Hac\u0131yev\" \/>\n\t<meta name=\"twitter:label2\" content=\"Est. reading time\" \/>\n\t<meta name=\"twitter:data2\" content=\"3 minutes\" \/>\n<script type=\"application\/ld+json\" class=\"yoast-schema-graph\">{\"@context\":\"https:\\\/\\\/schema.org\",\"@graph\":[{\"@type\":\"Article\",\"@id\":\"https:\\\/\\\/kokpit.az\\\/?p=25096#article\",\"isPartOf\":{\"@id\":\"https:\\\/\\\/kokpit.az\\\/?p=25096\"},\"author\":{\"name\":\"Rauf Hac\u0131yev\",\"@id\":\"https:\\\/\\\/kokpit.az\\\/#\\\/schema\\\/person\\\/f4114e650bc2993d0650e4fb6933c581\"},\"headline\":\"\u018ffsan\u0259nin son d\u00f6vr\u0259si: Ayrton Senna v\u0259 \u0130molada s\u00f6n\u0259n ulduz\",\"datePublished\":\"2026-05-01T11:55:22+00:00\",\"dateModified\":\"2026-05-01T14:18:58+00:00\",\"mainEntityOfPage\":{\"@id\":\"https:\\\/\\\/kokpit.az\\\/?p=25096\"},\"wordCount\":557,\"commentCount\":0,\"publisher\":{\"@id\":\"https:\\\/\\\/kokpit.az\\\/#organization\"},\"image\":{\"@id\":\"https:\\\/\\\/kokpit.az\\\/?p=25096#primaryimage\"},\"thumbnailUrl\":\"https:\\\/\\\/kokpit.az\\\/wp-content\\\/uploads\\\/2026\\\/05\\\/MV5BMjEwNjE0MTkwNF5BMl5BanBnXkFtZTcwNDc3MDQ2NA@@._V1_-e1777643701596.jpg\",\"keywords\":[\"1994 San Marino Grand Prix\",\"Ayrton Senna\",\"Ayrton Senna Last Lap\",\"Senna Fatal Crash\"],\"articleSection\":[\"K\u00f6\u015f\u0259 yaz\u0131lar\u0131\",\"Man\u015fet\",\"X\u0259b\u0259rl\u0259r\"],\"inLanguage\":\"az\",\"potentialAction\":[{\"@type\":\"CommentAction\",\"name\":\"Comment\",\"target\":[\"https:\\\/\\\/kokpit.az\\\/?p=25096#respond\"]}]},{\"@type\":\"WebPage\",\"@id\":\"https:\\\/\\\/kokpit.az\\\/?p=25096\",\"url\":\"https:\\\/\\\/kokpit.az\\\/?p=25096\",\"name\":\"\u018ffsan\u0259nin son d\u00f6vr\u0259si: Ayrton Senna v\u0259 \u0130molada s\u00f6n\u0259n ulduz - X\u0259b\u0259ri Kokpitd\u0259 Oxuyun!\",\"isPartOf\":{\"@id\":\"https:\\\/\\\/kokpit.az\\\/#website\"},\"primaryImageOfPage\":{\"@id\":\"https:\\\/\\\/kokpit.az\\\/?p=25096#primaryimage\"},\"image\":{\"@id\":\"https:\\\/\\\/kokpit.az\\\/?p=25096#primaryimage\"},\"thumbnailUrl\":\"https:\\\/\\\/kokpit.az\\\/wp-content\\\/uploads\\\/2026\\\/05\\\/MV5BMjEwNjE0MTkwNF5BMl5BanBnXkFtZTcwNDc3MDQ2NA@@._V1_-e1777643701596.jpg\",\"datePublished\":\"2026-05-01T11:55:22+00:00\",\"dateModified\":\"2026-05-01T14:18:58+00:00\",\"breadcrumb\":{\"@id\":\"https:\\\/\\\/kokpit.az\\\/?p=25096#breadcrumb\"},\"inLanguage\":\"az\",\"potentialAction\":[{\"@type\":\"ReadAction\",\"target\":[\"https:\\\/\\\/kokpit.az\\\/?p=25096\"]}]},{\"@type\":\"ImageObject\",\"inLanguage\":\"az\",\"@id\":\"https:\\\/\\\/kokpit.az\\\/?p=25096#primaryimage\",\"url\":\"https:\\\/\\\/kokpit.az\\\/wp-content\\\/uploads\\\/2026\\\/05\\\/MV5BMjEwNjE0MTkwNF5BMl5BanBnXkFtZTcwNDc3MDQ2NA@@._V1_-e1777643701596.jpg\",\"contentUrl\":\"https:\\\/\\\/kokpit.az\\\/wp-content\\\/uploads\\\/2026\\\/05\\\/MV5BMjEwNjE0MTkwNF5BMl5BanBnXkFtZTcwNDc3MDQ2NA@@._V1_-e1777643701596.jpg\",\"width\":1200,\"height\":630,\"caption\":\"Ayrton Senna at the GP do Brasil in Sao Paulo, Brazil in 1993.\"},{\"@type\":\"BreadcrumbList\",\"@id\":\"https:\\\/\\\/kokpit.az\\\/?p=25096#breadcrumb\",\"itemListElement\":[{\"@type\":\"ListItem\",\"position\":1,\"name\":\"Home\",\"item\":\"https:\\\/\\\/kokpit.az\\\/\"},{\"@type\":\"ListItem\",\"position\":2,\"name\":\"\u018ffsan\u0259nin son d\u00f6vr\u0259si: Ayrton Senna v\u0259 \u0130molada s\u00f6n\u0259n ulduz\"}]},{\"@type\":\"WebSite\",\"@id\":\"https:\\\/\\\/kokpit.az\\\/#website\",\"url\":\"https:\\\/\\\/kokpit.az\\\/\",\"name\":\"X\u0259b\u0259ri Kokpitd\u0259 Oxuyun!\",\"description\":\"\",\"publisher\":{\"@id\":\"https:\\\/\\\/kokpit.az\\\/#organization\"},\"potentialAction\":[{\"@type\":\"SearchAction\",\"target\":{\"@type\":\"EntryPoint\",\"urlTemplate\":\"https:\\\/\\\/kokpit.az\\\/?s={search_term_string}\"},\"query-input\":{\"@type\":\"PropertyValueSpecification\",\"valueRequired\":true,\"valueName\":\"search_term_string\"}}],\"inLanguage\":\"az\"},{\"@type\":\"Organization\",\"@id\":\"https:\\\/\\\/kokpit.az\\\/#organization\",\"name\":\"X\u0259b\u0259ri Kokpitd\u0259 Oxuyun!\",\"url\":\"https:\\\/\\\/kokpit.az\\\/\",\"logo\":{\"@type\":\"ImageObject\",\"inLanguage\":\"az\",\"@id\":\"https:\\\/\\\/kokpit.az\\\/#\\\/schema\\\/logo\\\/image\\\/\",\"url\":\"https:\\\/\\\/kokpit.az\\\/wp-content\\\/uploads\\\/2023\\\/05\\\/kokpit.jpg\",\"contentUrl\":\"https:\\\/\\\/kokpit.az\\\/wp-content\\\/uploads\\\/2023\\\/05\\\/kokpit.jpg\",\"width\":488,\"height\":245,\"caption\":\"X\u0259b\u0259ri Kokpitd\u0259 Oxuyun!\"},\"image\":{\"@id\":\"https:\\\/\\\/kokpit.az\\\/#\\\/schema\\\/logo\\\/image\\\/\"},\"sameAs\":[\"https:\\\/\\\/www.facebook.com\\\/profile.php?id=61553756392357\"]},{\"@type\":\"Person\",\"@id\":\"https:\\\/\\\/kokpit.az\\\/#\\\/schema\\\/person\\\/f4114e650bc2993d0650e4fb6933c581\",\"name\":\"Rauf Hac\u0131yev\",\"image\":{\"@type\":\"ImageObject\",\"inLanguage\":\"az\",\"@id\":\"https:\\\/\\\/secure.gravatar.com\\\/avatar\\\/394a2085c47c7acdcf41f7d270b7cbb52513d6f4f24c1cb6dfbbd61f98c0503d?s=96&d=mm&r=g\",\"url\":\"https:\\\/\\\/secure.gravatar.com\\\/avatar\\\/394a2085c47c7acdcf41f7d270b7cbb52513d6f4f24c1cb6dfbbd61f98c0503d?s=96&d=mm&r=g\",\"contentUrl\":\"https:\\\/\\\/secure.gravatar.com\\\/avatar\\\/394a2085c47c7acdcf41f7d270b7cbb52513d6f4f24c1cb6dfbbd61f98c0503d?s=96&d=mm&r=g\",\"caption\":\"Rauf Hac\u0131yev\"},\"sameAs\":[\"https:\\\/\\\/kokpit.az\"],\"url\":\"https:\\\/\\\/kokpit.az\\\/?author=2\"}]}<\/script>\n<!-- \/ Yoast SEO plugin. -->","yoast_head_json":{"title":"\u018ffsan\u0259nin son d\u00f6vr\u0259si: Ayrton Senna v\u0259 \u0130molada s\u00f6n\u0259n ulduz - X\u0259b\u0259ri Kokpitd\u0259 Oxuyun!","robots":{"index":"index","follow":"follow","max-snippet":"max-snippet:-1","max-image-preview":"max-image-preview:large","max-video-preview":"max-video-preview:-1"},"canonical":"https:\/\/kokpit.az\/?p=25096","og_locale":"az_AZ","og_type":"article","og_title":"\u018ffsan\u0259nin son d\u00f6vr\u0259si: Ayrton Senna v\u0259 \u0130molada s\u00f6n\u0259n ulduz - X\u0259b\u0259ri Kokpitd\u0259 Oxuyun!","og_description":"Bu g\u00fcn \u0259fsan\u0259vi Ayrton Sennan\u0131n \u00f6l\u00fcm\u00fcnd\u0259n 32 il ke\u00e7ir.","og_url":"https:\/\/kokpit.az\/?p=25096","og_site_name":"X\u0259b\u0259ri Kokpitd\u0259 Oxuyun!","article_publisher":"https:\/\/www.facebook.com\/profile.php?id=61553756392357","article_published_time":"2026-05-01T11:55:22+00:00","article_modified_time":"2026-05-01T14:18:58+00:00","og_image":[{"width":1200,"height":630,"url":"https:\/\/kokpit.az\/wp-content\/uploads\/2026\/05\/MV5BMjEwNjE0MTkwNF5BMl5BanBnXkFtZTcwNDc3MDQ2NA@@._V1_-e1777643701596.jpg","type":"image\/jpeg"}],"author":"Rauf Hac\u0131yev","twitter_card":"summary_large_image","twitter_misc":{"Written by":"Rauf Hac\u0131yev","Est. reading time":"3 minutes"},"schema":{"@context":"https:\/\/schema.org","@graph":[{"@type":"Article","@id":"https:\/\/kokpit.az\/?p=25096#article","isPartOf":{"@id":"https:\/\/kokpit.az\/?p=25096"},"author":{"name":"Rauf Hac\u0131yev","@id":"https:\/\/kokpit.az\/#\/schema\/person\/f4114e650bc2993d0650e4fb6933c581"},"headline":"\u018ffsan\u0259nin son d\u00f6vr\u0259si: Ayrton Senna v\u0259 \u0130molada s\u00f6n\u0259n ulduz","datePublished":"2026-05-01T11:55:22+00:00","dateModified":"2026-05-01T14:18:58+00:00","mainEntityOfPage":{"@id":"https:\/\/kokpit.az\/?p=25096"},"wordCount":557,"commentCount":0,"publisher":{"@id":"https:\/\/kokpit.az\/#organization"},"image":{"@id":"https:\/\/kokpit.az\/?p=25096#primaryimage"},"thumbnailUrl":"https:\/\/kokpit.az\/wp-content\/uploads\/2026\/05\/MV5BMjEwNjE0MTkwNF5BMl5BanBnXkFtZTcwNDc3MDQ2NA@@._V1_-e1777643701596.jpg","keywords":["1994 San Marino Grand Prix","Ayrton Senna","Ayrton Senna Last Lap","Senna Fatal Crash"],"articleSection":["K\u00f6\u015f\u0259 yaz\u0131lar\u0131","Man\u015fet","X\u0259b\u0259rl\u0259r"],"inLanguage":"az","potentialAction":[{"@type":"CommentAction","name":"Comment","target":["https:\/\/kokpit.az\/?p=25096#respond"]}]},{"@type":"WebPage","@id":"https:\/\/kokpit.az\/?p=25096","url":"https:\/\/kokpit.az\/?p=25096","name":"\u018ffsan\u0259nin son d\u00f6vr\u0259si: Ayrton Senna v\u0259 \u0130molada s\u00f6n\u0259n ulduz - X\u0259b\u0259ri Kokpitd\u0259 Oxuyun!","isPartOf":{"@id":"https:\/\/kokpit.az\/#website"},"primaryImageOfPage":{"@id":"https:\/\/kokpit.az\/?p=25096#primaryimage"},"image":{"@id":"https:\/\/kokpit.az\/?p=25096#primaryimage"},"thumbnailUrl":"https:\/\/kokpit.az\/wp-content\/uploads\/2026\/05\/MV5BMjEwNjE0MTkwNF5BMl5BanBnXkFtZTcwNDc3MDQ2NA@@._V1_-e1777643701596.jpg","datePublished":"2026-05-01T11:55:22+00:00","dateModified":"2026-05-01T14:18:58+00:00","breadcrumb":{"@id":"https:\/\/kokpit.az\/?p=25096#breadcrumb"},"inLanguage":"az","potentialAction":[{"@type":"ReadAction","target":["https:\/\/kokpit.az\/?p=25096"]}]},{"@type":"ImageObject","inLanguage":"az","@id":"https:\/\/kokpit.az\/?p=25096#primaryimage","url":"https:\/\/kokpit.az\/wp-content\/uploads\/2026\/05\/MV5BMjEwNjE0MTkwNF5BMl5BanBnXkFtZTcwNDc3MDQ2NA@@._V1_-e1777643701596.jpg","contentUrl":"https:\/\/kokpit.az\/wp-content\/uploads\/2026\/05\/MV5BMjEwNjE0MTkwNF5BMl5BanBnXkFtZTcwNDc3MDQ2NA@@._V1_-e1777643701596.jpg","width":1200,"height":630,"caption":"Ayrton Senna at the GP do Brasil in Sao Paulo, Brazil in 1993."},{"@type":"BreadcrumbList","@id":"https:\/\/kokpit.az\/?p=25096#breadcrumb","itemListElement":[{"@type":"ListItem","position":1,"name":"Home","item":"https:\/\/kokpit.az\/"},{"@type":"ListItem","position":2,"name":"\u018ffsan\u0259nin son d\u00f6vr\u0259si: Ayrton Senna v\u0259 \u0130molada s\u00f6n\u0259n ulduz"}]},{"@type":"WebSite","@id":"https:\/\/kokpit.az\/#website","url":"https:\/\/kokpit.az\/","name":"X\u0259b\u0259ri Kokpitd\u0259 Oxuyun!","description":"","publisher":{"@id":"https:\/\/kokpit.az\/#organization"},"potentialAction":[{"@type":"SearchAction","target":{"@type":"EntryPoint","urlTemplate":"https:\/\/kokpit.az\/?s={search_term_string}"},"query-input":{"@type":"PropertyValueSpecification","valueRequired":true,"valueName":"search_term_string"}}],"inLanguage":"az"},{"@type":"Organization","@id":"https:\/\/kokpit.az\/#organization","name":"X\u0259b\u0259ri Kokpitd\u0259 Oxuyun!","url":"https:\/\/kokpit.az\/","logo":{"@type":"ImageObject","inLanguage":"az","@id":"https:\/\/kokpit.az\/#\/schema\/logo\/image\/","url":"https:\/\/kokpit.az\/wp-content\/uploads\/2023\/05\/kokpit.jpg","contentUrl":"https:\/\/kokpit.az\/wp-content\/uploads\/2023\/05\/kokpit.jpg","width":488,"height":245,"caption":"X\u0259b\u0259ri Kokpitd\u0259 Oxuyun!"},"image":{"@id":"https:\/\/kokpit.az\/#\/schema\/logo\/image\/"},"sameAs":["https:\/\/www.facebook.com\/profile.php?id=61553756392357"]},{"@type":"Person","@id":"https:\/\/kokpit.az\/#\/schema\/person\/f4114e650bc2993d0650e4fb6933c581","name":"Rauf Hac\u0131yev","image":{"@type":"ImageObject","inLanguage":"az","@id":"https:\/\/secure.gravatar.com\/avatar\/394a2085c47c7acdcf41f7d270b7cbb52513d6f4f24c1cb6dfbbd61f98c0503d?s=96&d=mm&r=g","url":"https:\/\/secure.gravatar.com\/avatar\/394a2085c47c7acdcf41f7d270b7cbb52513d6f4f24c1cb6dfbbd61f98c0503d?s=96&d=mm&r=g","contentUrl":"https:\/\/secure.gravatar.com\/avatar\/394a2085c47c7acdcf41f7d270b7cbb52513d6f4f24c1cb6dfbbd61f98c0503d?s=96&d=mm&r=g","caption":"Rauf Hac\u0131yev"},"sameAs":["https:\/\/kokpit.az"],"url":"https:\/\/kokpit.az\/?author=2"}]}},"_links":{"self":[{"href":"https:\/\/kokpit.az\/index.php?rest_route=\/wp\/v2\/posts\/25096","targetHints":{"allow":["GET"]}}],"collection":[{"href":"https:\/\/kokpit.az\/index.php?rest_route=\/wp\/v2\/posts"}],"about":[{"href":"https:\/\/kokpit.az\/index.php?rest_route=\/wp\/v2\/types\/post"}],"author":[{"embeddable":true,"href":"https:\/\/kokpit.az\/index.php?rest_route=\/wp\/v2\/users\/2"}],"replies":[{"embeddable":true,"href":"https:\/\/kokpit.az\/index.php?rest_route=%2Fwp%2Fv2%2Fcomments&post=25096"}],"version-history":[{"count":3,"href":"https:\/\/kokpit.az\/index.php?rest_route=\/wp\/v2\/posts\/25096\/revisions"}],"predecessor-version":[{"id":25104,"href":"https:\/\/kokpit.az\/index.php?rest_route=\/wp\/v2\/posts\/25096\/revisions\/25104"}],"wp:featuredmedia":[{"embeddable":true,"href":"https:\/\/kokpit.az\/index.php?rest_route=\/wp\/v2\/media\/25102"}],"wp:attachment":[{"href":"https:\/\/kokpit.az\/index.php?rest_route=%2Fwp%2Fv2%2Fmedia&parent=25096"}],"wp:term":[{"taxonomy":"category","embeddable":true,"href":"https:\/\/kokpit.az\/index.php?rest_route=%2Fwp%2Fv2%2Fcategories&post=25096"},{"taxonomy":"post_tag","embeddable":true,"href":"https:\/\/kokpit.az\/index.php?rest_route=%2Fwp%2Fv2%2Ftags&post=25096"}],"curies":[{"name":"wp","href":"https:\/\/api.w.org\/{rel}","templated":true}]}}