{"id":25085,"date":"2026-05-01T09:36:58","date_gmt":"2026-05-01T05:36:58","guid":{"rendered":"https:\/\/kokpit.az\/?p=25085"},"modified":"2026-05-01T13:41:49","modified_gmt":"2026-05-01T09:41:49","slug":"s-lekler-mercedes-%c9%99-catmaq-c%c9%99tindir","status":"publish","type":"post","link":"https:\/\/kokpit.az\/?p=25085","title":{"rendered":"\u015e.Lekler: Mercedes-\u0259 \u00e7atmaq \u00e7\u0259tindir"},"content":{"rendered":"<p>Kokpit.az xat\u0131rlad\u0131r ki, Formula 1 be\u015fh\u0259ft\u0259lik fasil\u0259d\u0259n sonra Mayami Qran Prisi il\u0259 qay\u0131d\u0131\u015f edir.<\/p>\n<p><span style=\"color: #ff0000;\"><strong>\u015earl Lekler<\/strong><\/span>: \u201cKomandalarda bu q\u0259d\u0259r \u00e7ox yenilik g\u00f6rm\u0259k maraql\u0131 olacaq. Yar\u0131\u015flar aras\u0131nda be\u015fh\u0259ft\u0259lik fasil\u0259 oldu\u011funu n\u0259z\u0259r\u0259 alsaq, \u0259ks\u0259r komandalar Mayamiy\u0259 dem\u0259k olar ki, tam yenil\u0259nmi\u015f ma\u015f\u0131nlarla g\u0259lirl\u0259r. Amma d\u00fc\u015f\u00fcnm\u00fcr\u0259m ki, bu, m\u00f6vs\u00fcm\u00fcn \u0259vv\u0259lind\u0259 formala\u015fm\u0131\u015f q\u00fcvv\u0259l\u0259r balans\u0131n\u0131 ciddi \u015f\u0259kild\u0259 d\u0259yi\u015f\u0259c\u0259k. Ola bilsin, b\u0259zi komandalar aras\u0131nda f\u0259rq azals\u0131n v\u0259 ya arts\u0131n, \u0259min deyil\u0259m.<\/p>\n<p>\u018fn az\u0131 biz McLaren-l\u0259 m\u00fcbariz\u0259 apar\u0131r\u0131q. Son m\u0259rh\u0259l\u0259d\u0259 aram\u0131zda \u00e7ox s\u0131x r\u0259qab\u0259t var idi v\u0259 \u00fcmid edir\u0259m ki, yenilikl\u0259r onlar\u0131n \u00f6n\u00fcn\u0259 ke\u00e7m\u0259y\u0259 k\u00f6m\u0259k ed\u0259c\u0259k. Amma Mercedes-\u0259 g\u0259linc\u0259, onlar bizd\u0259n \u00e7ox \u00f6nd\u0259dirl\u0259r v\u0259 g\u0259tirdiyimiz yenilikl\u0259rl\u0259 onlara \u00e7atmaq \u00e7\u0259tin g\u00f6r\u00fcn\u00fcr. Buna baxmayaraq, maraql\u0131 olacaq.<\/p>\n<p>D\u00fc\u015f\u00fcn\u00fcr\u0259m ki, Mayami m\u0259rh\u0259l\u0259si bizim g\u0259l\u0259c\u0259k add\u0131mlar\u0131m\u0131z\u0131 m\u00fc\u0259yy\u0259nl\u0259\u015fdir\u0259c\u0259k. \u00c7\u00fcnki dig\u0259r komandalar\u0131n yenilikl\u0259rini t\u0259hlil etdikd\u0259n sonra hans\u0131 istiqam\u0259td\u0259 inki\u015faf etm\u0259li oldu\u011fumuzu daha yax\u015f\u0131 anlayaca\u011f\u0131q&#8221;.<\/p>\n<p>Aprel fasil\u0259sini nec\u0259 ke\u00e7irdiyi il\u0259 ba\u011fl\u0131 suala Lekler bel\u0259 cavab verib: \u201cA\u00e7\u0131\u011f\u0131, bazada v\u0259 simulyatorda \u00e7ox i\u015fl\u0259dim. \u0130lk \u00fc\u00e7 yar\u0131\u015fda g\u00f6rd\u00fckl\u0259rimizl\u0259 simulyatorun n\u0259tic\u0259l\u0259rinin n\u0259 d\u0259r\u0259c\u0259d\u0259 uy\u011fun g\u0259ldiyini yoxlamaq laz\u0131m idi. \u018fmin olmal\u0131 idik ki, simulyatorda s\u0131naqdan ke\u00e7irdiyimiz yenilikl\u0259r real trasda da eyni c\u00fcr i\u015fl\u0259y\u0259c\u0259k.<\/p>\n<p>Mayami \u00fc\u00e7\u00fcn haz\u0131rlanan yenilikl\u0259ri v\u0259 g\u0259l\u0259c\u0259k inki\u015faf istiqam\u0259tl\u0259rini test etdik. \u00c7ox i\u015f oldu, ancaq faydal\u0131 ke\u00e7di.<\/p>\n<p>\u0130lin \u0259vv\u0259lind\u0259 yeni ma\u015f\u0131nlarla ba\u011fl\u0131 \u00e7oxlu m\u0259lumat toplad\u0131q, ona g\u00f6r\u0259 d\u0259 komandan\u0131n bunlar\u0131 t\u0259hlil etm\u0259si v\u0259 n\u00f6vb\u0259ti add\u0131mlar\u0131 m\u00fc\u0259yy\u0259nl\u0259\u015fdirm\u0259si \u00fc\u00e7\u00fcn vaxta ehtiyac var idi. \u0130ndi \u00f6z\u00fcm\u00fc dinc\u0259lmi\u015f hiss edir\u0259m v\u0259 m\u00fcbariz\u0259y\u0259 haz\u0131ram&#8221;.<\/p>\n","protected":false},"excerpt":{"rendered":"<p>Mayamid\u0259 Formula 1 komandalar\u0131 yenil\u0259nmi\u015f ma\u015f\u0131nlarla \u00e7\u0131x\u0131\u015f ed\u0259c\u0259k. Ferrari d\u0259 \u00e7oxlu yenilikl\u0259r haz\u0131rlay\u0131b, lakin \u015earl Lekler hesab edir ki, bu h\u0259ft\u0259sonu q\u00fcvv\u0259l\u0259r balans\u0131nda ciddi d\u0259yi\u015fiklik g\u00f6rm\u0259k \u00e7\u0259tin olacaq.<\/p>\n","protected":false},"author":2,"featured_media":23600,"comment_status":"open","ping_status":"open","sticky":false,"template":"","format":"standard","meta":{"footnotes":""},"categories":[211,2],"tags":[64,98,158,53],"class_list":["post-25085","post","type-post","status-publish","format-standard","has-post-thumbnail","hentry","category-mayami-qran-prisi","category-news","tag-charles-leclerc","tag-miami-grand-prix","tag-miami-international-autodrome","tag-scuderia-ferrari"],"yoast_head":"<!-- This site is optimized with the Yoast SEO plugin v27.5 - https:\/\/yoast.com\/product\/yoast-seo-wordpress\/ -->\n<title>\u015e.Lekler: Mercedes-\u0259 \u00e7atmaq \u00e7\u0259tindir - X\u0259b\u0259ri Kokpitd\u0259 Oxuyun!<\/title>\n<meta name=\"robots\" content=\"index, follow, max-snippet:-1, max-image-preview:large, max-video-preview:-1\" \/>\n<link rel=\"canonical\" href=\"https:\/\/kokpit.az\/?p=25085\" \/>\n<meta property=\"og:locale\" content=\"az_AZ\" \/>\n<meta property=\"og:type\" content=\"article\" \/>\n<meta property=\"og:title\" content=\"\u015e.Lekler: Mercedes-\u0259 \u00e7atmaq \u00e7\u0259tindir - X\u0259b\u0259ri Kokpitd\u0259 Oxuyun!\" \/>\n<meta property=\"og:description\" content=\"Mayamid\u0259 Formula 1 komandalar\u0131 yenil\u0259nmi\u015f ma\u015f\u0131nlarla \u00e7\u0131x\u0131\u015f ed\u0259c\u0259k. Ferrari d\u0259 \u00e7oxlu yenilikl\u0259r haz\u0131rlay\u0131b, lakin \u015earl Lekler hesab edir ki, bu h\u0259ft\u0259sonu q\u00fcvv\u0259l\u0259r balans\u0131nda ciddi d\u0259yi\u015fiklik g\u00f6rm\u0259k \u00e7\u0259tin olacaq.\" \/>\n<meta property=\"og:url\" content=\"https:\/\/kokpit.az\/?p=25085\" \/>\n<meta property=\"og:site_name\" content=\"X\u0259b\u0259ri Kokpitd\u0259 Oxuyun!\" \/>\n<meta property=\"article:publisher\" content=\"https:\/\/www.facebook.com\/profile.php?id=61553756392357\" \/>\n<meta property=\"article:published_time\" content=\"2026-05-01T05:36:58+00:00\" \/>\n<meta property=\"article:modified_time\" content=\"2026-05-01T09:41:49+00:00\" \/>\n<meta property=\"og:image\" content=\"https:\/\/kokpit.az\/wp-content\/uploads\/2026\/02\/IMG_3657-e1771749143667.webp\" \/>\n\t<meta property=\"og:image:width\" content=\"1200\" \/>\n\t<meta property=\"og:image:height\" content=\"632\" \/>\n\t<meta property=\"og:image:type\" content=\"image\/webp\" \/>\n<meta name=\"author\" content=\"Rauf Hac\u0131yev\" \/>\n<meta name=\"twitter:card\" content=\"summary_large_image\" \/>\n<meta name=\"twitter:label1\" content=\"Written by\" \/>\n\t<meta name=\"twitter:data1\" content=\"Rauf Hac\u0131yev\" \/>\n\t<meta name=\"twitter:label2\" content=\"Est. reading time\" \/>\n\t<meta name=\"twitter:data2\" content=\"2 minutes\" \/>\n<script type=\"application\/ld+json\" class=\"yoast-schema-graph\">{\"@context\":\"https:\\\/\\\/schema.org\",\"@graph\":[{\"@type\":\"Article\",\"@id\":\"https:\\\/\\\/kokpit.az\\\/?p=25085#article\",\"isPartOf\":{\"@id\":\"https:\\\/\\\/kokpit.az\\\/?p=25085\"},\"author\":{\"name\":\"Rauf Hac\u0131yev\",\"@id\":\"https:\\\/\\\/kokpit.az\\\/#\\\/schema\\\/person\\\/f4114e650bc2993d0650e4fb6933c581\"},\"headline\":\"\u015e.Lekler: Mercedes-\u0259 \u00e7atmaq \u00e7\u0259tindir\",\"datePublished\":\"2026-05-01T05:36:58+00:00\",\"dateModified\":\"2026-05-01T09:41:49+00:00\",\"mainEntityOfPage\":{\"@id\":\"https:\\\/\\\/kokpit.az\\\/?p=25085\"},\"wordCount\":385,\"commentCount\":0,\"publisher\":{\"@id\":\"https:\\\/\\\/kokpit.az\\\/#organization\"},\"image\":{\"@id\":\"https:\\\/\\\/kokpit.az\\\/?p=25085#primaryimage\"},\"thumbnailUrl\":\"https:\\\/\\\/kokpit.az\\\/wp-content\\\/uploads\\\/2026\\\/02\\\/IMG_3657-e1771749143667.webp\",\"keywords\":[\"Charles Leclerc\",\"Miami Grand Prix\",\"Miami International Autodrome\",\"Scuderia Ferrari\"],\"articleSection\":[\"Mayami Qran Prisi\",\"X\u0259b\u0259rl\u0259r\"],\"inLanguage\":\"az\",\"potentialAction\":[{\"@type\":\"CommentAction\",\"name\":\"Comment\",\"target\":[\"https:\\\/\\\/kokpit.az\\\/?p=25085#respond\"]}]},{\"@type\":\"WebPage\",\"@id\":\"https:\\\/\\\/kokpit.az\\\/?p=25085\",\"url\":\"https:\\\/\\\/kokpit.az\\\/?p=25085\",\"name\":\"\u015e.Lekler: Mercedes-\u0259 \u00e7atmaq \u00e7\u0259tindir - X\u0259b\u0259ri Kokpitd\u0259 Oxuyun!\",\"isPartOf\":{\"@id\":\"https:\\\/\\\/kokpit.az\\\/#website\"},\"primaryImageOfPage\":{\"@id\":\"https:\\\/\\\/kokpit.az\\\/?p=25085#primaryimage\"},\"image\":{\"@id\":\"https:\\\/\\\/kokpit.az\\\/?p=25085#primaryimage\"},\"thumbnailUrl\":\"https:\\\/\\\/kokpit.az\\\/wp-content\\\/uploads\\\/2026\\\/02\\\/IMG_3657-e1771749143667.webp\",\"datePublished\":\"2026-05-01T05:36:58+00:00\",\"dateModified\":\"2026-05-01T09:41:49+00:00\",\"breadcrumb\":{\"@id\":\"https:\\\/\\\/kokpit.az\\\/?p=25085#breadcrumb\"},\"inLanguage\":\"az\",\"potentialAction\":[{\"@type\":\"ReadAction\",\"target\":[\"https:\\\/\\\/kokpit.az\\\/?p=25085\"]}]},{\"@type\":\"ImageObject\",\"inLanguage\":\"az\",\"@id\":\"https:\\\/\\\/kokpit.az\\\/?p=25085#primaryimage\",\"url\":\"https:\\\/\\\/kokpit.az\\\/wp-content\\\/uploads\\\/2026\\\/02\\\/IMG_3657-e1771749143667.webp\",\"contentUrl\":\"https:\\\/\\\/kokpit.az\\\/wp-content\\\/uploads\\\/2026\\\/02\\\/IMG_3657-e1771749143667.webp\",\"width\":1200,\"height\":632},{\"@type\":\"BreadcrumbList\",\"@id\":\"https:\\\/\\\/kokpit.az\\\/?p=25085#breadcrumb\",\"itemListElement\":[{\"@type\":\"ListItem\",\"position\":1,\"name\":\"Home\",\"item\":\"https:\\\/\\\/kokpit.az\\\/\"},{\"@type\":\"ListItem\",\"position\":2,\"name\":\"\u015e.Lekler: Mercedes-\u0259 \u00e7atmaq \u00e7\u0259tindir\"}]},{\"@type\":\"WebSite\",\"@id\":\"https:\\\/\\\/kokpit.az\\\/#website\",\"url\":\"https:\\\/\\\/kokpit.az\\\/\",\"name\":\"X\u0259b\u0259ri Kokpitd\u0259 Oxuyun!\",\"description\":\"\",\"publisher\":{\"@id\":\"https:\\\/\\\/kokpit.az\\\/#organization\"},\"potentialAction\":[{\"@type\":\"SearchAction\",\"target\":{\"@type\":\"EntryPoint\",\"urlTemplate\":\"https:\\\/\\\/kokpit.az\\\/?s={search_term_string}\"},\"query-input\":{\"@type\":\"PropertyValueSpecification\",\"valueRequired\":true,\"valueName\":\"search_term_string\"}}],\"inLanguage\":\"az\"},{\"@type\":\"Organization\",\"@id\":\"https:\\\/\\\/kokpit.az\\\/#organization\",\"name\":\"X\u0259b\u0259ri Kokpitd\u0259 Oxuyun!\",\"url\":\"https:\\\/\\\/kokpit.az\\\/\",\"logo\":{\"@type\":\"ImageObject\",\"inLanguage\":\"az\",\"@id\":\"https:\\\/\\\/kokpit.az\\\/#\\\/schema\\\/logo\\\/image\\\/\",\"url\":\"https:\\\/\\\/kokpit.az\\\/wp-content\\\/uploads\\\/2023\\\/05\\\/kokpit.jpg\",\"contentUrl\":\"https:\\\/\\\/kokpit.az\\\/wp-content\\\/uploads\\\/2023\\\/05\\\/kokpit.jpg\",\"width\":488,\"height\":245,\"caption\":\"X\u0259b\u0259ri Kokpitd\u0259 Oxuyun!\"},\"image\":{\"@id\":\"https:\\\/\\\/kokpit.az\\\/#\\\/schema\\\/logo\\\/image\\\/\"},\"sameAs\":[\"https:\\\/\\\/www.facebook.com\\\/profile.php?id=61553756392357\"]},{\"@type\":\"Person\",\"@id\":\"https:\\\/\\\/kokpit.az\\\/#\\\/schema\\\/person\\\/f4114e650bc2993d0650e4fb6933c581\",\"name\":\"Rauf Hac\u0131yev\",\"image\":{\"@type\":\"ImageObject\",\"inLanguage\":\"az\",\"@id\":\"https:\\\/\\\/secure.gravatar.com\\\/avatar\\\/394a2085c47c7acdcf41f7d270b7cbb52513d6f4f24c1cb6dfbbd61f98c0503d?s=96&d=mm&r=g\",\"url\":\"https:\\\/\\\/secure.gravatar.com\\\/avatar\\\/394a2085c47c7acdcf41f7d270b7cbb52513d6f4f24c1cb6dfbbd61f98c0503d?s=96&d=mm&r=g\",\"contentUrl\":\"https:\\\/\\\/secure.gravatar.com\\\/avatar\\\/394a2085c47c7acdcf41f7d270b7cbb52513d6f4f24c1cb6dfbbd61f98c0503d?s=96&d=mm&r=g\",\"caption\":\"Rauf Hac\u0131yev\"},\"sameAs\":[\"https:\\\/\\\/kokpit.az\"],\"url\":\"https:\\\/\\\/kokpit.az\\\/?author=2\"}]}<\/script>\n<!-- \/ Yoast SEO plugin. -->","yoast_head_json":{"title":"\u015e.Lekler: Mercedes-\u0259 \u00e7atmaq \u00e7\u0259tindir - X\u0259b\u0259ri Kokpitd\u0259 Oxuyun!","robots":{"index":"index","follow":"follow","max-snippet":"max-snippet:-1","max-image-preview":"max-image-preview:large","max-video-preview":"max-video-preview:-1"},"canonical":"https:\/\/kokpit.az\/?p=25085","og_locale":"az_AZ","og_type":"article","og_title":"\u015e.Lekler: Mercedes-\u0259 \u00e7atmaq \u00e7\u0259tindir - X\u0259b\u0259ri Kokpitd\u0259 Oxuyun!","og_description":"Mayamid\u0259 Formula 1 komandalar\u0131 yenil\u0259nmi\u015f ma\u015f\u0131nlarla \u00e7\u0131x\u0131\u015f ed\u0259c\u0259k. Ferrari d\u0259 \u00e7oxlu yenilikl\u0259r haz\u0131rlay\u0131b, lakin \u015earl Lekler hesab edir ki, bu h\u0259ft\u0259sonu q\u00fcvv\u0259l\u0259r balans\u0131nda ciddi d\u0259yi\u015fiklik g\u00f6rm\u0259k \u00e7\u0259tin olacaq.","og_url":"https:\/\/kokpit.az\/?p=25085","og_site_name":"X\u0259b\u0259ri Kokpitd\u0259 Oxuyun!","article_publisher":"https:\/\/www.facebook.com\/profile.php?id=61553756392357","article_published_time":"2026-05-01T05:36:58+00:00","article_modified_time":"2026-05-01T09:41:49+00:00","og_image":[{"width":1200,"height":632,"url":"https:\/\/kokpit.az\/wp-content\/uploads\/2026\/02\/IMG_3657-e1771749143667.webp","type":"image\/webp"}],"author":"Rauf Hac\u0131yev","twitter_card":"summary_large_image","twitter_misc":{"Written by":"Rauf Hac\u0131yev","Est. reading time":"2 minutes"},"schema":{"@context":"https:\/\/schema.org","@graph":[{"@type":"Article","@id":"https:\/\/kokpit.az\/?p=25085#article","isPartOf":{"@id":"https:\/\/kokpit.az\/?p=25085"},"author":{"name":"Rauf Hac\u0131yev","@id":"https:\/\/kokpit.az\/#\/schema\/person\/f4114e650bc2993d0650e4fb6933c581"},"headline":"\u015e.Lekler: Mercedes-\u0259 \u00e7atmaq \u00e7\u0259tindir","datePublished":"2026-05-01T05:36:58+00:00","dateModified":"2026-05-01T09:41:49+00:00","mainEntityOfPage":{"@id":"https:\/\/kokpit.az\/?p=25085"},"wordCount":385,"commentCount":0,"publisher":{"@id":"https:\/\/kokpit.az\/#organization"},"image":{"@id":"https:\/\/kokpit.az\/?p=25085#primaryimage"},"thumbnailUrl":"https:\/\/kokpit.az\/wp-content\/uploads\/2026\/02\/IMG_3657-e1771749143667.webp","keywords":["Charles Leclerc","Miami Grand Prix","Miami International Autodrome","Scuderia Ferrari"],"articleSection":["Mayami Qran Prisi","X\u0259b\u0259rl\u0259r"],"inLanguage":"az","potentialAction":[{"@type":"CommentAction","name":"Comment","target":["https:\/\/kokpit.az\/?p=25085#respond"]}]},{"@type":"WebPage","@id":"https:\/\/kokpit.az\/?p=25085","url":"https:\/\/kokpit.az\/?p=25085","name":"\u015e.Lekler: Mercedes-\u0259 \u00e7atmaq \u00e7\u0259tindir - X\u0259b\u0259ri Kokpitd\u0259 Oxuyun!","isPartOf":{"@id":"https:\/\/kokpit.az\/#website"},"primaryImageOfPage":{"@id":"https:\/\/kokpit.az\/?p=25085#primaryimage"},"image":{"@id":"https:\/\/kokpit.az\/?p=25085#primaryimage"},"thumbnailUrl":"https:\/\/kokpit.az\/wp-content\/uploads\/2026\/02\/IMG_3657-e1771749143667.webp","datePublished":"2026-05-01T05:36:58+00:00","dateModified":"2026-05-01T09:41:49+00:00","breadcrumb":{"@id":"https:\/\/kokpit.az\/?p=25085#breadcrumb"},"inLanguage":"az","potentialAction":[{"@type":"ReadAction","target":["https:\/\/kokpit.az\/?p=25085"]}]},{"@type":"ImageObject","inLanguage":"az","@id":"https:\/\/kokpit.az\/?p=25085#primaryimage","url":"https:\/\/kokpit.az\/wp-content\/uploads\/2026\/02\/IMG_3657-e1771749143667.webp","contentUrl":"https:\/\/kokpit.az\/wp-content\/uploads\/2026\/02\/IMG_3657-e1771749143667.webp","width":1200,"height":632},{"@type":"BreadcrumbList","@id":"https:\/\/kokpit.az\/?p=25085#breadcrumb","itemListElement":[{"@type":"ListItem","position":1,"name":"Home","item":"https:\/\/kokpit.az\/"},{"@type":"ListItem","position":2,"name":"\u015e.Lekler: Mercedes-\u0259 \u00e7atmaq \u00e7\u0259tindir"}]},{"@type":"WebSite","@id":"https:\/\/kokpit.az\/#website","url":"https:\/\/kokpit.az\/","name":"X\u0259b\u0259ri Kokpitd\u0259 Oxuyun!","description":"","publisher":{"@id":"https:\/\/kokpit.az\/#organization"},"potentialAction":[{"@type":"SearchAction","target":{"@type":"EntryPoint","urlTemplate":"https:\/\/kokpit.az\/?s={search_term_string}"},"query-input":{"@type":"PropertyValueSpecification","valueRequired":true,"valueName":"search_term_string"}}],"inLanguage":"az"},{"@type":"Organization","@id":"https:\/\/kokpit.az\/#organization","name":"X\u0259b\u0259ri Kokpitd\u0259 Oxuyun!","url":"https:\/\/kokpit.az\/","logo":{"@type":"ImageObject","inLanguage":"az","@id":"https:\/\/kokpit.az\/#\/schema\/logo\/image\/","url":"https:\/\/kokpit.az\/wp-content\/uploads\/2023\/05\/kokpit.jpg","contentUrl":"https:\/\/kokpit.az\/wp-content\/uploads\/2023\/05\/kokpit.jpg","width":488,"height":245,"caption":"X\u0259b\u0259ri Kokpitd\u0259 Oxuyun!"},"image":{"@id":"https:\/\/kokpit.az\/#\/schema\/logo\/image\/"},"sameAs":["https:\/\/www.facebook.com\/profile.php?id=61553756392357"]},{"@type":"Person","@id":"https:\/\/kokpit.az\/#\/schema\/person\/f4114e650bc2993d0650e4fb6933c581","name":"Rauf Hac\u0131yev","image":{"@type":"ImageObject","inLanguage":"az","@id":"https:\/\/secure.gravatar.com\/avatar\/394a2085c47c7acdcf41f7d270b7cbb52513d6f4f24c1cb6dfbbd61f98c0503d?s=96&d=mm&r=g","url":"https:\/\/secure.gravatar.com\/avatar\/394a2085c47c7acdcf41f7d270b7cbb52513d6f4f24c1cb6dfbbd61f98c0503d?s=96&d=mm&r=g","contentUrl":"https:\/\/secure.gravatar.com\/avatar\/394a2085c47c7acdcf41f7d270b7cbb52513d6f4f24c1cb6dfbbd61f98c0503d?s=96&d=mm&r=g","caption":"Rauf Hac\u0131yev"},"sameAs":["https:\/\/kokpit.az"],"url":"https:\/\/kokpit.az\/?author=2"}]}},"_links":{"self":[{"href":"https:\/\/kokpit.az\/index.php?rest_route=\/wp\/v2\/posts\/25085","targetHints":{"allow":["GET"]}}],"collection":[{"href":"https:\/\/kokpit.az\/index.php?rest_route=\/wp\/v2\/posts"}],"about":[{"href":"https:\/\/kokpit.az\/index.php?rest_route=\/wp\/v2\/types\/post"}],"author":[{"embeddable":true,"href":"https:\/\/kokpit.az\/index.php?rest_route=\/wp\/v2\/users\/2"}],"replies":[{"embeddable":true,"href":"https:\/\/kokpit.az\/index.php?rest_route=%2Fwp%2Fv2%2Fcomments&post=25085"}],"version-history":[{"count":1,"href":"https:\/\/kokpit.az\/index.php?rest_route=\/wp\/v2\/posts\/25085\/revisions"}],"predecessor-version":[{"id":25086,"href":"https:\/\/kokpit.az\/index.php?rest_route=\/wp\/v2\/posts\/25085\/revisions\/25086"}],"wp:featuredmedia":[{"embeddable":true,"href":"https:\/\/kokpit.az\/index.php?rest_route=\/wp\/v2\/media\/23600"}],"wp:attachment":[{"href":"https:\/\/kokpit.az\/index.php?rest_route=%2Fwp%2Fv2%2Fmedia&parent=25085"}],"wp:term":[{"taxonomy":"category","embeddable":true,"href":"https:\/\/kokpit.az\/index.php?rest_route=%2Fwp%2Fv2%2Fcategories&post=25085"},{"taxonomy":"post_tag","embeddable":true,"href":"https:\/\/kokpit.az\/index.php?rest_route=%2Fwp%2Fv2%2Ftags&post=25085"}],"curies":[{"name":"wp","href":"https:\/\/api.w.org\/{rel}","templated":true}]}}