{"id":25000,"date":"2026-04-28T08:25:25","date_gmt":"2026-04-28T04:25:25","guid":{"rendered":"https:\/\/kokpit.az\/?p=25000"},"modified":"2026-04-28T08:25:25","modified_gmt":"2026-04-28T04:25:25","slug":"turkiy%c9%99-qran-prisinin-unudulmaz-anlari","status":"publish","type":"post","link":"https:\/\/kokpit.az\/?p=25000","title":{"rendered":"T\u00fcrkiy\u0259 Qran Prisinin unudulmaz anlar\u0131"},"content":{"rendered":"<p>Kokpit.az xat\u0131rlad\u0131r ki, T\u00fcrkiy\u0259 Qran Prisi g\u0259l\u0259n ild\u0259n etibar\u0259n t\u0259qvim\u0259 qay\u0131d\u0131r. 2005\u20132011-ci ill\u0259rd\u0259ki yar\u0131\u015flardan sonra 2020 v\u0259 2021-ci ill\u0259rd\u0259 d\u0259 t\u0259qvim\u0259 qay\u0131dan \u0130stanbul Park unudulmaz anlarla yadda qal\u0131b.<\/p>\n<p>2027-ci ild\u0259n \u0259vv\u0259l xat\u0131rlanmal\u0131 \u0259n \u00f6n\u0259mli \u0130stanbul GP anlar\u0131:<\/p>\n<h3>\u0130stanbul Parkda ilk yar\u0131\u015f v\u0259 q\u0259za \u2013 2005<\/h3>\n<p><img loading=\"lazy\" decoding=\"async\" class=\"aligncenter wp-image-25002 size-large\" src=\"https:\/\/kokpit.az\/wp-content\/uploads\/2026\/04\/x1080-e1777315446296-1024x538.jpeg\" alt=\"\" width=\"770\" height=\"405\" srcset=\"https:\/\/kokpit.az\/wp-content\/uploads\/2026\/04\/x1080-e1777315446296-1024x538.jpeg 1024w, https:\/\/kokpit.az\/wp-content\/uploads\/2026\/04\/x1080-e1777315446296-300x158.jpeg 300w, https:\/\/kokpit.az\/wp-content\/uploads\/2026\/04\/x1080-e1777315446296-768x403.jpeg 768w, https:\/\/kokpit.az\/wp-content\/uploads\/2026\/04\/x1080-e1777315446296-270x142.jpeg 270w, https:\/\/kokpit.az\/wp-content\/uploads\/2026\/04\/x1080-e1777315446296-370x194.jpeg 370w, https:\/\/kokpit.az\/wp-content\/uploads\/2026\/04\/x1080-e1777315446296-570x299.jpeg 570w, https:\/\/kokpit.az\/wp-content\/uploads\/2026\/04\/x1080-e1777315446296-740x389.jpeg 740w, https:\/\/kokpit.az\/wp-content\/uploads\/2026\/04\/x1080-e1777315446296.jpeg 1200w\" sizes=\"auto, (max-width: 770px) 100vw, 770px\" \/><\/p>\n<p>Formula 1-in T\u00fcrkiy\u0259d\u0259ki ilk yar\u0131\u015f\u0131nda 110 min tama\u015fa\u00e7\u0131 i\u015ftiral etmi\u015f v\u0259 bu, \u0259n b\u00f6y\u00fck idman t\u0259dbirl\u0259rind\u0259n biri olmu\u015fdu. Yar\u0131\u015f\u0131n 14-c\u00fc d\u00f6vr\u0259sind\u0259 Mixael \u015eumaxer v\u0259 Mark Vebber aras\u0131nda ba\u015f ver\u0259n q\u0259za b\u00f6y\u00fck t\u0259\u0259cc\u00fcb yaratm\u0131\u015f v\u0259 \u015eumaxerin yar\u0131\u015f\u0131 dayand\u0131rmas\u0131na s\u0259b\u0259b olmu\u015fdu.<\/p>\n<h3>Felipe Massan\u0131n ilk q\u0259l\u0259b\u0259si \u2013 2006<\/h3>\n<p><img loading=\"lazy\" decoding=\"async\" class=\"aligncenter wp-image-25003\" src=\"https:\/\/kokpit.az\/wp-content\/uploads\/2026\/04\/2006-Turkish-GP-Felipe-Massa-1024x576-1.jpg\" alt=\"\" width=\"770\" height=\"433\" srcset=\"https:\/\/kokpit.az\/wp-content\/uploads\/2026\/04\/2006-Turkish-GP-Felipe-Massa-1024x576-1.jpg 1024w, https:\/\/kokpit.az\/wp-content\/uploads\/2026\/04\/2006-Turkish-GP-Felipe-Massa-1024x576-1-300x169.jpg 300w, https:\/\/kokpit.az\/wp-content\/uploads\/2026\/04\/2006-Turkish-GP-Felipe-Massa-1024x576-1-768x432.jpg 768w, https:\/\/kokpit.az\/wp-content\/uploads\/2026\/04\/2006-Turkish-GP-Felipe-Massa-1024x576-1-270x152.jpg 270w, https:\/\/kokpit.az\/wp-content\/uploads\/2026\/04\/2006-Turkish-GP-Felipe-Massa-1024x576-1-370x208.jpg 370w, https:\/\/kokpit.az\/wp-content\/uploads\/2026\/04\/2006-Turkish-GP-Felipe-Massa-1024x576-1-570x321.jpg 570w, https:\/\/kokpit.az\/wp-content\/uploads\/2026\/04\/2006-Turkish-GP-Felipe-Massa-1024x576-1-740x416.jpg 740w\" sizes=\"auto, (max-width: 770px) 100vw, 770px\" \/><\/p>\n<p>Ferrari il\u0259 ilk q\u0259l\u0259b\u0259sini qazanan Felipe Massa, poul m\u00f6vqeyind\u0259n ba\u015flad\u0131\u011f\u0131 yar\u0131\u015f\u0131 son d\u00f6vr\u0259y\u0259 q\u0259d\u0259r lider tamamlam\u0131\u015fd\u0131.<\/p>\n<h3>Lyuis H\u0259miltonun t\u0259k\u0259r problemi \u2013 2007<\/h3>\n<p>Yar\u0131\u015f\u0131n bitm\u0259sin\u0259 15 d\u00f6vr\u0259 qalm\u0131\u015f Lyuis H\u0259milton \u00f6n sa\u011f t\u0259k\u0259rind\u0259 a\u015f\u0131nma problemi ya\u015fam\u0131\u015fd\u0131. B\u00f6y\u00fck risk\u0259 baxmayaraq ma\u015f\u0131n\u0131 boksa q\u0259d\u0259r \u00e7atd\u0131rma\u011f\u0131 bacarm\u0131\u015f v\u0259 yar\u0131\u015f\u0131 be\u015finci yerd\u0259 tamamlam\u0131\u015fd\u0131.<\/p>\n<h3>Cankarlo Fizikellan\u0131n unudulmaz q\u0259zas\u0131 \u2013 2008<\/h3>\n<p><img loading=\"lazy\" decoding=\"async\" class=\"wp-image-25004 size-large\" src=\"https:\/\/kokpit.az\/wp-content\/uploads\/2026\/04\/v811cvd3ohf61-scaled-e1777315778263-1024x539.jpg\" alt=\"\" width=\"770\" height=\"405\" srcset=\"https:\/\/kokpit.az\/wp-content\/uploads\/2026\/04\/v811cvd3ohf61-scaled-e1777315778263-1024x539.jpg 1024w, https:\/\/kokpit.az\/wp-content\/uploads\/2026\/04\/v811cvd3ohf61-scaled-e1777315778263-300x158.jpg 300w, https:\/\/kokpit.az\/wp-content\/uploads\/2026\/04\/v811cvd3ohf61-scaled-e1777315778263-768x404.jpg 768w, https:\/\/kokpit.az\/wp-content\/uploads\/2026\/04\/v811cvd3ohf61-scaled-e1777315778263-270x142.jpg 270w, https:\/\/kokpit.az\/wp-content\/uploads\/2026\/04\/v811cvd3ohf61-scaled-e1777315778263-370x195.jpg 370w, https:\/\/kokpit.az\/wp-content\/uploads\/2026\/04\/v811cvd3ohf61-scaled-e1777315778263-570x300.jpg 570w, https:\/\/kokpit.az\/wp-content\/uploads\/2026\/04\/v811cvd3ohf61-scaled-e1777315778263-740x390.jpg 740w, https:\/\/kokpit.az\/wp-content\/uploads\/2026\/04\/v811cvd3ohf61-scaled-e1777315778263.jpg 1200w\" sizes=\"auto, (max-width: 770px) 100vw, 770px\" \/><\/p>\n<p>Force India pilotu Cankarlo Fizikella startda 19-cu idi. Aqressiv start c\u0259hdind\u0259 ilk d\u00f6ng\u0259d\u0259 Kazuki Nakajima il\u0259 toqqu\u015fmu\u015f v\u0259 havaya qalxaraq r\u0259qibin \u00fcz\u0259rind\u0259n ke\u00e7mi\u015fdi. H\u0259r iki pilot yar\u0131\u015f\u0131 dayand\u0131rm\u0131\u015fd\u0131.<\/p>\n<h3>Sebastian Fettel\u0131n kritik s\u0259hvi \u2013 2009<\/h3>\n<p>S\u0131ralanma turunda poul qazanan Sebastian Fettel yar\u0131\u015f\u0131n ilk d\u00f6vr\u0259sind\u0259 s\u0259hv ed\u0259r\u0259k trasdan \u00e7\u0131xm\u0131\u015f v\u0259 \u00fcst\u00fcnl\u00fcy\u00fcn\u00fc itir\u0259r\u0259k m\u00f6vqeyini Censon Battona vermi\u015fdi.<\/p>\n<h3>Red Bull pilotlar\u0131n\u0131n toqqu\u015fmas\u0131 \u2013 2010<\/h3>\n<p><img loading=\"lazy\" decoding=\"async\" class=\"aligncenter wp-image-25005 size-large\" src=\"https:\/\/kokpit.az\/wp-content\/uploads\/2026\/04\/287446_w1300_h969-e1777316021293-1024x538.webp\" alt=\"\" width=\"770\" height=\"405\" srcset=\"https:\/\/kokpit.az\/wp-content\/uploads\/2026\/04\/287446_w1300_h969-e1777316021293-1024x538.webp 1024w, https:\/\/kokpit.az\/wp-content\/uploads\/2026\/04\/287446_w1300_h969-e1777316021293-300x158.webp 300w, https:\/\/kokpit.az\/wp-content\/uploads\/2026\/04\/287446_w1300_h969-e1777316021293-768x403.webp 768w, https:\/\/kokpit.az\/wp-content\/uploads\/2026\/04\/287446_w1300_h969-e1777316021293-270x142.webp 270w, https:\/\/kokpit.az\/wp-content\/uploads\/2026\/04\/287446_w1300_h969-e1777316021293-370x194.webp 370w, https:\/\/kokpit.az\/wp-content\/uploads\/2026\/04\/287446_w1300_h969-e1777316021293-570x299.webp 570w, https:\/\/kokpit.az\/wp-content\/uploads\/2026\/04\/287446_w1300_h969-e1777316021293-740x389.webp 740w, https:\/\/kokpit.az\/wp-content\/uploads\/2026\/04\/287446_w1300_h969-e1777316021293.webp 1200w\" sizes=\"auto, (max-width: 770px) 100vw, 770px\" \/><\/p>\n<p>2010-cu il yar\u0131\u015f\u0131n\u0131n \u0259n yaddaqalan an\u0131 Red Bull pilotlar\u0131n\u0131n toqqu\u015fmas\u0131 oldu. Mark Vebber v\u0259 Sebastian Fettel 40-c\u0131 d\u00f6vr\u0259d\u0259 320 km\/saat s\u00fcr\u0259tl\u0259 ged\u0259rk\u0259n toqqu\u015fmu\u015fdular. Fettel yar\u0131\u015f\u0131 dayand\u0131rm\u0131\u015f, Vebber is\u0259 pit-stopdan sonra yar\u0131\u015f\u0131 \u00fc\u00e7\u00fcnc\u00fc tamamlam\u0131\u015fd\u0131.<\/p>\n<h3>Azarke\u015fl\u0259r \u00fc\u00e7\u00fcn emosional anlar \u2013 2011<\/h3>\n<p>2012-ci ild\u0259 yar\u0131\u015f\u0131n t\u0259qvimd\u0259n \u00e7\u0131xaca\u011f\u0131 x\u0259b\u0259rl\u0259ri yay\u0131lma\u011fa ba\u015flayanda azarke\u015fl\u0259r son yar\u0131\u015f\u0131 izl\u0259y\u0259rk\u0259n h\u0259m d\u0259 emosional anlar ya\u015fam\u0131\u015fd\u0131lar.<\/p>\n<h3>\u0130stanbul Park\u0131n geri d\u00f6n\u00fc\u015f\u00fc \u2013 2020<\/h3>\n<p><img loading=\"lazy\" decoding=\"async\" class=\"aligncenter wp-image-25006 size-large\" src=\"https:\/\/kokpit.az\/wp-content\/uploads\/2026\/04\/2020-11-15T131439Z_799032415_UP1EGBF0YUUR6_RTRMADP_3_MOTOR-F1-TURKEY_2020_11_15_22_22_41-e1777316126679-1024x538.jpg\" alt=\"\" width=\"770\" height=\"405\" srcset=\"https:\/\/kokpit.az\/wp-content\/uploads\/2026\/04\/2020-11-15T131439Z_799032415_UP1EGBF0YUUR6_RTRMADP_3_MOTOR-F1-TURKEY_2020_11_15_22_22_41-e1777316126679-1024x538.jpg 1024w, https:\/\/kokpit.az\/wp-content\/uploads\/2026\/04\/2020-11-15T131439Z_799032415_UP1EGBF0YUUR6_RTRMADP_3_MOTOR-F1-TURKEY_2020_11_15_22_22_41-e1777316126679-300x158.jpg 300w, https:\/\/kokpit.az\/wp-content\/uploads\/2026\/04\/2020-11-15T131439Z_799032415_UP1EGBF0YUUR6_RTRMADP_3_MOTOR-F1-TURKEY_2020_11_15_22_22_41-e1777316126679-768x403.jpg 768w, https:\/\/kokpit.az\/wp-content\/uploads\/2026\/04\/2020-11-15T131439Z_799032415_UP1EGBF0YUUR6_RTRMADP_3_MOTOR-F1-TURKEY_2020_11_15_22_22_41-e1777316126679-270x142.jpg 270w, https:\/\/kokpit.az\/wp-content\/uploads\/2026\/04\/2020-11-15T131439Z_799032415_UP1EGBF0YUUR6_RTRMADP_3_MOTOR-F1-TURKEY_2020_11_15_22_22_41-e1777316126679-370x194.jpg 370w, https:\/\/kokpit.az\/wp-content\/uploads\/2026\/04\/2020-11-15T131439Z_799032415_UP1EGBF0YUUR6_RTRMADP_3_MOTOR-F1-TURKEY_2020_11_15_22_22_41-e1777316126679-570x299.jpg 570w, https:\/\/kokpit.az\/wp-content\/uploads\/2026\/04\/2020-11-15T131439Z_799032415_UP1EGBF0YUUR6_RTRMADP_3_MOTOR-F1-TURKEY_2020_11_15_22_22_41-e1777316126679-740x389.jpg 740w, https:\/\/kokpit.az\/wp-content\/uploads\/2026\/04\/2020-11-15T131439Z_799032415_UP1EGBF0YUUR6_RTRMADP_3_MOTOR-F1-TURKEY_2020_11_15_22_22_41-e1777316126679.jpg 1200w\" sizes=\"auto, (max-width: 770px) 100vw, 770px\" \/><\/p>\n<p>Doqquz illik fasil\u0259d\u0259n sonra qay\u0131dan yar\u0131\u015f ya\u011f\u0131\u015fl\u0131 \u015f\u0259rait ke\u00e7irilmi\u015fdi. L\u0259ns Stroll bir m\u00fcdd\u0259t lider gets\u0259 d\u0259, Lyuis H\u0259milton m\u00f6ht\u0259\u015f\u0259m performansla ir\u0259li \u00e7\u0131xaraq 94-c\u00fc q\u0259l\u0259b\u0259sini qazanm\u0131\u015f v\u0259 7-ci \u00e7empionlu\u011funu t\u0259min etmi\u015fdi.<\/p>\n<p>Yar\u0131\u015f daha sonra m\u00f6vs\u00fcm\u00fcn \u0259n yax\u015f\u0131 yar\u0131\u015f\u0131 se\u00e7ilmi\u015fdi.<\/p>\n<h3>Pit strategiyas\u0131 h\u0259lledici oldu \u2013 2021<\/h3>\n<p>Ya\u011f\u0131\u015fl\u0131 \u015f\u0259raitd\u0259 ke\u00e7iril\u0259n yar\u0131\u015fda pit strategiyas\u0131 \u0259sas rol oynam\u0131\u015fd\u0131. Yar\u0131\u015f\u0131 Mercedes komandas\u0131n\u0131n pilotu Valtteri Bottas qazanm\u0131\u015fd\u0131. Maks Ferstappen is\u0259 Serxio Peresin \u00f6n\u00fcnd\u0259 ikinci olmu\u015fdu.<\/p>\n<p>\u0130stanbul Park\u0131n geri d\u00f6n\u00fc\u015f\u00fc il\u0259 Formula 1 h\u0259y\u0259can\u0131 yenid\u0259n zirv\u0259y\u0259 qalxma\u011fa haz\u0131rla\u015f\u0131r.<\/p>\n","protected":false},"excerpt":{"rendered":"<p>2005\u20132011-ci ill\u0259r aras\u0131nda m\u00fcnt\u0259z\u0259m olaraq Formula 1 t\u0259qvimind\u0259 yer alan \u0130stanbul Park tras\u0131nda yar\u0131\u015f h\u0259y\u0259can\u0131n\u0131n zirv\u0259y\u0259 \u00e7\u0131xd\u0131\u011f\u0131 anlara \u015fahidlik etmi\u015fik.<\/p>\n","protected":false},"author":2,"featured_media":25007,"comment_status":"open","ping_status":"open","sticky":false,"template":"","format":"standard","meta":{"footnotes":""},"categories":[3,2],"tags":[2463,1415],"class_list":["post-25000","post","type-post","status-publish","format-standard","has-post-thumbnail","hentry","category-articles","category-news","tag-istanbul-park","tag-turkish-grand-prix"],"yoast_head":"<!-- This site is optimized with the Yoast SEO plugin v27.4 - https:\/\/yoast.com\/product\/yoast-seo-wordpress\/ -->\n<title>T\u00fcrkiy\u0259 Qran Prisinin unudulmaz anlar\u0131 - X\u0259b\u0259ri Kokpitd\u0259 Oxuyun!<\/title>\n<meta name=\"robots\" content=\"index, follow, max-snippet:-1, max-image-preview:large, max-video-preview:-1\" \/>\n<link rel=\"canonical\" href=\"https:\/\/kokpit.az\/?p=25000\" \/>\n<meta property=\"og:locale\" content=\"az_AZ\" \/>\n<meta property=\"og:type\" content=\"article\" \/>\n<meta property=\"og:title\" content=\"T\u00fcrkiy\u0259 Qran Prisinin unudulmaz anlar\u0131 - X\u0259b\u0259ri Kokpitd\u0259 Oxuyun!\" \/>\n<meta property=\"og:description\" content=\"2005\u20132011-ci ill\u0259r aras\u0131nda m\u00fcnt\u0259z\u0259m olaraq Formula 1 t\u0259qvimind\u0259 yer alan \u0130stanbul Park tras\u0131nda yar\u0131\u015f h\u0259y\u0259can\u0131n\u0131n zirv\u0259y\u0259 \u00e7\u0131xd\u0131\u011f\u0131 anlara \u015fahidlik etmi\u015fik.\" \/>\n<meta property=\"og:url\" content=\"https:\/\/kokpit.az\/?p=25000\" \/>\n<meta property=\"og:site_name\" content=\"X\u0259b\u0259ri Kokpitd\u0259 Oxuyun!\" \/>\n<meta property=\"article:publisher\" content=\"https:\/\/www.facebook.com\/profile.php?id=61553756392357\" \/>\n<meta property=\"article:published_time\" content=\"2026-04-28T04:25:25+00:00\" \/>\n<meta property=\"og:image\" content=\"https:\/\/kokpit.az\/wp-content\/uploads\/2026\/04\/racefansdotnet-2020-11-15-14-34-51-52-e1777316243580.jpg\" \/>\n\t<meta property=\"og:image:width\" content=\"1200\" \/>\n\t<meta property=\"og:image:height\" content=\"630\" \/>\n\t<meta property=\"og:image:type\" content=\"image\/jpeg\" \/>\n<meta name=\"author\" content=\"Rauf Hac\u0131yev\" \/>\n<meta name=\"twitter:card\" content=\"summary_large_image\" \/>\n<meta name=\"twitter:label1\" content=\"Written by\" \/>\n\t<meta name=\"twitter:data1\" content=\"Rauf Hac\u0131yev\" \/>\n\t<meta name=\"twitter:label2\" content=\"Est. reading time\" \/>\n\t<meta name=\"twitter:data2\" content=\"3 minutes\" \/>\n<script type=\"application\/ld+json\" class=\"yoast-schema-graph\">{\"@context\":\"https:\\\/\\\/schema.org\",\"@graph\":[{\"@type\":\"Article\",\"@id\":\"https:\\\/\\\/kokpit.az\\\/?p=25000#article\",\"isPartOf\":{\"@id\":\"https:\\\/\\\/kokpit.az\\\/?p=25000\"},\"author\":{\"name\":\"Rauf Hac\u0131yev\",\"@id\":\"https:\\\/\\\/kokpit.az\\\/#\\\/schema\\\/person\\\/f4114e650bc2993d0650e4fb6933c581\"},\"headline\":\"T\u00fcrkiy\u0259 Qran Prisinin unudulmaz anlar\u0131\",\"datePublished\":\"2026-04-28T04:25:25+00:00\",\"mainEntityOfPage\":{\"@id\":\"https:\\\/\\\/kokpit.az\\\/?p=25000\"},\"wordCount\":529,\"commentCount\":0,\"publisher\":{\"@id\":\"https:\\\/\\\/kokpit.az\\\/#organization\"},\"image\":{\"@id\":\"https:\\\/\\\/kokpit.az\\\/?p=25000#primaryimage\"},\"thumbnailUrl\":\"https:\\\/\\\/kokpit.az\\\/wp-content\\\/uploads\\\/2026\\\/04\\\/racefansdotnet-2020-11-15-14-34-51-52-e1777316243580.jpg\",\"keywords\":[\"\u0130stanbul Park\",\"Turkish Grand Prix\"],\"articleSection\":[\"K\u00f6\u015f\u0259 yaz\u0131lar\u0131\",\"X\u0259b\u0259rl\u0259r\"],\"inLanguage\":\"az\",\"potentialAction\":[{\"@type\":\"CommentAction\",\"name\":\"Comment\",\"target\":[\"https:\\\/\\\/kokpit.az\\\/?p=25000#respond\"]}]},{\"@type\":\"WebPage\",\"@id\":\"https:\\\/\\\/kokpit.az\\\/?p=25000\",\"url\":\"https:\\\/\\\/kokpit.az\\\/?p=25000\",\"name\":\"T\u00fcrkiy\u0259 Qran Prisinin unudulmaz anlar\u0131 - X\u0259b\u0259ri Kokpitd\u0259 Oxuyun!\",\"isPartOf\":{\"@id\":\"https:\\\/\\\/kokpit.az\\\/#website\"},\"primaryImageOfPage\":{\"@id\":\"https:\\\/\\\/kokpit.az\\\/?p=25000#primaryimage\"},\"image\":{\"@id\":\"https:\\\/\\\/kokpit.az\\\/?p=25000#primaryimage\"},\"thumbnailUrl\":\"https:\\\/\\\/kokpit.az\\\/wp-content\\\/uploads\\\/2026\\\/04\\\/racefansdotnet-2020-11-15-14-34-51-52-e1777316243580.jpg\",\"datePublished\":\"2026-04-28T04:25:25+00:00\",\"breadcrumb\":{\"@id\":\"https:\\\/\\\/kokpit.az\\\/?p=25000#breadcrumb\"},\"inLanguage\":\"az\",\"potentialAction\":[{\"@type\":\"ReadAction\",\"target\":[\"https:\\\/\\\/kokpit.az\\\/?p=25000\"]}]},{\"@type\":\"ImageObject\",\"inLanguage\":\"az\",\"@id\":\"https:\\\/\\\/kokpit.az\\\/?p=25000#primaryimage\",\"url\":\"https:\\\/\\\/kokpit.az\\\/wp-content\\\/uploads\\\/2026\\\/04\\\/racefansdotnet-2020-11-15-14-34-51-52-e1777316243580.jpg\",\"contentUrl\":\"https:\\\/\\\/kokpit.az\\\/wp-content\\\/uploads\\\/2026\\\/04\\\/racefansdotnet-2020-11-15-14-34-51-52-e1777316243580.jpg\",\"width\":1200,\"height\":630},{\"@type\":\"BreadcrumbList\",\"@id\":\"https:\\\/\\\/kokpit.az\\\/?p=25000#breadcrumb\",\"itemListElement\":[{\"@type\":\"ListItem\",\"position\":1,\"name\":\"Home\",\"item\":\"https:\\\/\\\/kokpit.az\\\/\"},{\"@type\":\"ListItem\",\"position\":2,\"name\":\"T\u00fcrkiy\u0259 Qran Prisinin unudulmaz anlar\u0131\"}]},{\"@type\":\"WebSite\",\"@id\":\"https:\\\/\\\/kokpit.az\\\/#website\",\"url\":\"https:\\\/\\\/kokpit.az\\\/\",\"name\":\"X\u0259b\u0259ri Kokpitd\u0259 Oxuyun!\",\"description\":\"\",\"publisher\":{\"@id\":\"https:\\\/\\\/kokpit.az\\\/#organization\"},\"potentialAction\":[{\"@type\":\"SearchAction\",\"target\":{\"@type\":\"EntryPoint\",\"urlTemplate\":\"https:\\\/\\\/kokpit.az\\\/?s={search_term_string}\"},\"query-input\":{\"@type\":\"PropertyValueSpecification\",\"valueRequired\":true,\"valueName\":\"search_term_string\"}}],\"inLanguage\":\"az\"},{\"@type\":\"Organization\",\"@id\":\"https:\\\/\\\/kokpit.az\\\/#organization\",\"name\":\"X\u0259b\u0259ri Kokpitd\u0259 Oxuyun!\",\"url\":\"https:\\\/\\\/kokpit.az\\\/\",\"logo\":{\"@type\":\"ImageObject\",\"inLanguage\":\"az\",\"@id\":\"https:\\\/\\\/kokpit.az\\\/#\\\/schema\\\/logo\\\/image\\\/\",\"url\":\"https:\\\/\\\/kokpit.az\\\/wp-content\\\/uploads\\\/2023\\\/05\\\/kokpit.jpg\",\"contentUrl\":\"https:\\\/\\\/kokpit.az\\\/wp-content\\\/uploads\\\/2023\\\/05\\\/kokpit.jpg\",\"width\":488,\"height\":245,\"caption\":\"X\u0259b\u0259ri Kokpitd\u0259 Oxuyun!\"},\"image\":{\"@id\":\"https:\\\/\\\/kokpit.az\\\/#\\\/schema\\\/logo\\\/image\\\/\"},\"sameAs\":[\"https:\\\/\\\/www.facebook.com\\\/profile.php?id=61553756392357\"]},{\"@type\":\"Person\",\"@id\":\"https:\\\/\\\/kokpit.az\\\/#\\\/schema\\\/person\\\/f4114e650bc2993d0650e4fb6933c581\",\"name\":\"Rauf Hac\u0131yev\",\"image\":{\"@type\":\"ImageObject\",\"inLanguage\":\"az\",\"@id\":\"https:\\\/\\\/secure.gravatar.com\\\/avatar\\\/394a2085c47c7acdcf41f7d270b7cbb52513d6f4f24c1cb6dfbbd61f98c0503d?s=96&d=mm&r=g\",\"url\":\"https:\\\/\\\/secure.gravatar.com\\\/avatar\\\/394a2085c47c7acdcf41f7d270b7cbb52513d6f4f24c1cb6dfbbd61f98c0503d?s=96&d=mm&r=g\",\"contentUrl\":\"https:\\\/\\\/secure.gravatar.com\\\/avatar\\\/394a2085c47c7acdcf41f7d270b7cbb52513d6f4f24c1cb6dfbbd61f98c0503d?s=96&d=mm&r=g\",\"caption\":\"Rauf Hac\u0131yev\"},\"sameAs\":[\"https:\\\/\\\/kokpit.az\"],\"url\":\"https:\\\/\\\/kokpit.az\\\/?author=2\"}]}<\/script>\n<!-- \/ Yoast SEO plugin. -->","yoast_head_json":{"title":"T\u00fcrkiy\u0259 Qran Prisinin unudulmaz anlar\u0131 - X\u0259b\u0259ri Kokpitd\u0259 Oxuyun!","robots":{"index":"index","follow":"follow","max-snippet":"max-snippet:-1","max-image-preview":"max-image-preview:large","max-video-preview":"max-video-preview:-1"},"canonical":"https:\/\/kokpit.az\/?p=25000","og_locale":"az_AZ","og_type":"article","og_title":"T\u00fcrkiy\u0259 Qran Prisinin unudulmaz anlar\u0131 - X\u0259b\u0259ri Kokpitd\u0259 Oxuyun!","og_description":"2005\u20132011-ci ill\u0259r aras\u0131nda m\u00fcnt\u0259z\u0259m olaraq Formula 1 t\u0259qvimind\u0259 yer alan \u0130stanbul Park tras\u0131nda yar\u0131\u015f h\u0259y\u0259can\u0131n\u0131n zirv\u0259y\u0259 \u00e7\u0131xd\u0131\u011f\u0131 anlara \u015fahidlik etmi\u015fik.","og_url":"https:\/\/kokpit.az\/?p=25000","og_site_name":"X\u0259b\u0259ri Kokpitd\u0259 Oxuyun!","article_publisher":"https:\/\/www.facebook.com\/profile.php?id=61553756392357","article_published_time":"2026-04-28T04:25:25+00:00","og_image":[{"width":1200,"height":630,"url":"https:\/\/kokpit.az\/wp-content\/uploads\/2026\/04\/racefansdotnet-2020-11-15-14-34-51-52-e1777316243580.jpg","type":"image\/jpeg"}],"author":"Rauf Hac\u0131yev","twitter_card":"summary_large_image","twitter_misc":{"Written by":"Rauf Hac\u0131yev","Est. reading time":"3 minutes"},"schema":{"@context":"https:\/\/schema.org","@graph":[{"@type":"Article","@id":"https:\/\/kokpit.az\/?p=25000#article","isPartOf":{"@id":"https:\/\/kokpit.az\/?p=25000"},"author":{"name":"Rauf Hac\u0131yev","@id":"https:\/\/kokpit.az\/#\/schema\/person\/f4114e650bc2993d0650e4fb6933c581"},"headline":"T\u00fcrkiy\u0259 Qran Prisinin unudulmaz anlar\u0131","datePublished":"2026-04-28T04:25:25+00:00","mainEntityOfPage":{"@id":"https:\/\/kokpit.az\/?p=25000"},"wordCount":529,"commentCount":0,"publisher":{"@id":"https:\/\/kokpit.az\/#organization"},"image":{"@id":"https:\/\/kokpit.az\/?p=25000#primaryimage"},"thumbnailUrl":"https:\/\/kokpit.az\/wp-content\/uploads\/2026\/04\/racefansdotnet-2020-11-15-14-34-51-52-e1777316243580.jpg","keywords":["\u0130stanbul Park","Turkish Grand Prix"],"articleSection":["K\u00f6\u015f\u0259 yaz\u0131lar\u0131","X\u0259b\u0259rl\u0259r"],"inLanguage":"az","potentialAction":[{"@type":"CommentAction","name":"Comment","target":["https:\/\/kokpit.az\/?p=25000#respond"]}]},{"@type":"WebPage","@id":"https:\/\/kokpit.az\/?p=25000","url":"https:\/\/kokpit.az\/?p=25000","name":"T\u00fcrkiy\u0259 Qran Prisinin unudulmaz anlar\u0131 - X\u0259b\u0259ri Kokpitd\u0259 Oxuyun!","isPartOf":{"@id":"https:\/\/kokpit.az\/#website"},"primaryImageOfPage":{"@id":"https:\/\/kokpit.az\/?p=25000#primaryimage"},"image":{"@id":"https:\/\/kokpit.az\/?p=25000#primaryimage"},"thumbnailUrl":"https:\/\/kokpit.az\/wp-content\/uploads\/2026\/04\/racefansdotnet-2020-11-15-14-34-51-52-e1777316243580.jpg","datePublished":"2026-04-28T04:25:25+00:00","breadcrumb":{"@id":"https:\/\/kokpit.az\/?p=25000#breadcrumb"},"inLanguage":"az","potentialAction":[{"@type":"ReadAction","target":["https:\/\/kokpit.az\/?p=25000"]}]},{"@type":"ImageObject","inLanguage":"az","@id":"https:\/\/kokpit.az\/?p=25000#primaryimage","url":"https:\/\/kokpit.az\/wp-content\/uploads\/2026\/04\/racefansdotnet-2020-11-15-14-34-51-52-e1777316243580.jpg","contentUrl":"https:\/\/kokpit.az\/wp-content\/uploads\/2026\/04\/racefansdotnet-2020-11-15-14-34-51-52-e1777316243580.jpg","width":1200,"height":630},{"@type":"BreadcrumbList","@id":"https:\/\/kokpit.az\/?p=25000#breadcrumb","itemListElement":[{"@type":"ListItem","position":1,"name":"Home","item":"https:\/\/kokpit.az\/"},{"@type":"ListItem","position":2,"name":"T\u00fcrkiy\u0259 Qran Prisinin unudulmaz anlar\u0131"}]},{"@type":"WebSite","@id":"https:\/\/kokpit.az\/#website","url":"https:\/\/kokpit.az\/","name":"X\u0259b\u0259ri Kokpitd\u0259 Oxuyun!","description":"","publisher":{"@id":"https:\/\/kokpit.az\/#organization"},"potentialAction":[{"@type":"SearchAction","target":{"@type":"EntryPoint","urlTemplate":"https:\/\/kokpit.az\/?s={search_term_string}"},"query-input":{"@type":"PropertyValueSpecification","valueRequired":true,"valueName":"search_term_string"}}],"inLanguage":"az"},{"@type":"Organization","@id":"https:\/\/kokpit.az\/#organization","name":"X\u0259b\u0259ri Kokpitd\u0259 Oxuyun!","url":"https:\/\/kokpit.az\/","logo":{"@type":"ImageObject","inLanguage":"az","@id":"https:\/\/kokpit.az\/#\/schema\/logo\/image\/","url":"https:\/\/kokpit.az\/wp-content\/uploads\/2023\/05\/kokpit.jpg","contentUrl":"https:\/\/kokpit.az\/wp-content\/uploads\/2023\/05\/kokpit.jpg","width":488,"height":245,"caption":"X\u0259b\u0259ri Kokpitd\u0259 Oxuyun!"},"image":{"@id":"https:\/\/kokpit.az\/#\/schema\/logo\/image\/"},"sameAs":["https:\/\/www.facebook.com\/profile.php?id=61553756392357"]},{"@type":"Person","@id":"https:\/\/kokpit.az\/#\/schema\/person\/f4114e650bc2993d0650e4fb6933c581","name":"Rauf Hac\u0131yev","image":{"@type":"ImageObject","inLanguage":"az","@id":"https:\/\/secure.gravatar.com\/avatar\/394a2085c47c7acdcf41f7d270b7cbb52513d6f4f24c1cb6dfbbd61f98c0503d?s=96&d=mm&r=g","url":"https:\/\/secure.gravatar.com\/avatar\/394a2085c47c7acdcf41f7d270b7cbb52513d6f4f24c1cb6dfbbd61f98c0503d?s=96&d=mm&r=g","contentUrl":"https:\/\/secure.gravatar.com\/avatar\/394a2085c47c7acdcf41f7d270b7cbb52513d6f4f24c1cb6dfbbd61f98c0503d?s=96&d=mm&r=g","caption":"Rauf Hac\u0131yev"},"sameAs":["https:\/\/kokpit.az"],"url":"https:\/\/kokpit.az\/?author=2"}]}},"_links":{"self":[{"href":"https:\/\/kokpit.az\/index.php?rest_route=\/wp\/v2\/posts\/25000","targetHints":{"allow":["GET"]}}],"collection":[{"href":"https:\/\/kokpit.az\/index.php?rest_route=\/wp\/v2\/posts"}],"about":[{"href":"https:\/\/kokpit.az\/index.php?rest_route=\/wp\/v2\/types\/post"}],"author":[{"embeddable":true,"href":"https:\/\/kokpit.az\/index.php?rest_route=\/wp\/v2\/users\/2"}],"replies":[{"embeddable":true,"href":"https:\/\/kokpit.az\/index.php?rest_route=%2Fwp%2Fv2%2Fcomments&post=25000"}],"version-history":[{"count":3,"href":"https:\/\/kokpit.az\/index.php?rest_route=\/wp\/v2\/posts\/25000\/revisions"}],"predecessor-version":[{"id":25015,"href":"https:\/\/kokpit.az\/index.php?rest_route=\/wp\/v2\/posts\/25000\/revisions\/25015"}],"wp:featuredmedia":[{"embeddable":true,"href":"https:\/\/kokpit.az\/index.php?rest_route=\/wp\/v2\/media\/25007"}],"wp:attachment":[{"href":"https:\/\/kokpit.az\/index.php?rest_route=%2Fwp%2Fv2%2Fmedia&parent=25000"}],"wp:term":[{"taxonomy":"category","embeddable":true,"href":"https:\/\/kokpit.az\/index.php?rest_route=%2Fwp%2Fv2%2Fcategories&post=25000"},{"taxonomy":"post_tag","embeddable":true,"href":"https:\/\/kokpit.az\/index.php?rest_route=%2Fwp%2Fv2%2Ftags&post=25000"}],"curies":[{"name":"wp","href":"https:\/\/api.w.org\/{rel}","templated":true}]}}