{"id":22969,"date":"2026-01-22T15:17:32","date_gmt":"2026-01-22T11:17:32","guid":{"rendered":"https:\/\/kokpit.az\/?p=22969"},"modified":"2026-01-22T17:23:28","modified_gmt":"2026-01-22T13:23:28","slug":"mclaren-testl%c9%99rin-ilk-gunun%c9%99-catmayacaq","status":"publish","type":"post","link":"https:\/\/kokpit.az\/?p=22969","title":{"rendered":"McLaren testl\u0259rin ilk g\u00fcn\u00fcn\u0259 \u00e7atmayacaq"},"content":{"rendered":"<p>\u00c7empion komandan\u0131n r\u0259hb\u0259ri Andrea Stella bu q\u0259rar\u0131n \u0259vv\u0259lc\u0259d\u0259n verildiyini t\u0259sdiql\u0259yib. Onun s\u00f6zl\u0259rin\u0259 g\u00f6r\u0259, haz\u0131rda 2026-c\u0131 il \u00fc\u00e7\u00fcn n\u0259z\u0259rd\u0259 tutulmu\u015f ma\u015f\u0131n Avstriyada, AVL RACETECH \u015firk\u0259tinin dinamometr stendind\u0259 s\u0131naqlardan ke\u00e7irilir.<\/p>\n<p>Andrea Stella: \u201cBiz art\u0131q bir m\u00fcdd\u0259tdir ki, Avstriyada AVL bazas\u0131ndan istifad\u0259 edirik v\u0259 haz\u0131rda ma\u015f\u0131n\u0131m\u0131z \u00a0oradad\u0131r. Daha sonra onu Barselonaya testl\u0259r\u0259 g\u0259tir\u0259c\u0259yik. Bu, art\u0131q testl\u0259r zaman\u0131 ba\u015f ver\u0259c\u0259k. Biz i\u015fi ikinci v\u0259 ya \u00fc\u00e7\u00fcnc\u00fc g\u00fcn ba\u015flama\u011f\u0131 planla\u015fd\u0131r\u0131r\u0131q, y\u0259ni testl\u0259rin ilk g\u00fcn\u00fcn\u00fc buraxaca\u011f\u0131q.<\/p>\n<p>Biz inki\u015faf prosesin\u0259 m\u00fcmk\u00fcn q\u0259d\u0259r \u00e7ox vaxt ay\u0131rmaq ist\u0259yirdik. Y\u0259qin bilirsiniz ki, Barselonada be\u015f g\u00fcn\u00fcn yaln\u0131z \u00fc\u00e7\u00fcnd\u0259 i\u015fl\u0259m\u0259y\u0259 icaz\u0259 verilir. Buna g\u00f6r\u0259 d\u0259 biz ikinci v\u0259 ya \u00fc\u00e7\u00fcnc\u00fc g\u00fcnd\u0259n ba\u015flayaca\u011f\u0131q v\u0259 \u00fc\u00e7 g\u00fcn i\u015fl\u0259y\u0259c\u0259yik.<\/p>\n<p>Bu, \u0259vv\u0259lc\u0259d\u0259n m\u00fc\u0259yy\u0259n etdiyimiz \u201cPlan A\u201d idi. Bu il o q\u0259d\u0259r \u00e7ox d\u0259yi\u015fiklik ba\u015f verib ki, trasda ilk \u00e7\u0131xan olmaq m\u00fctl\u0259q deyil. Dediyim kimi, biz inki\u015faf \u00fc\u00e7\u00fcn \u00f6z\u00fcm\u00fcz\u0259 maksimum vaxt verm\u0259k ist\u0259dik, \u00e7\u00fcnki bazada ke\u00e7iril\u0259n h\u0259r \u0259lav\u0259 g\u00fcn ki\u00e7ik d\u0259 olsa s\u00fcr\u0259t art\u0131m\u0131 \u0259ld\u0259 etm\u0259y\u0259 imkan verir.<\/p>\n<p>Bu, eyni zamanda o dem\u0259kdir ki, \u0259g\u0259r trasda daha tez \u00e7\u0131x\u0131\u015f edirsinizs\u0259, b\u0259zi m\u0259qamlar\u0131 m\u00fcmk\u00fcn q\u0259d\u0259r tez yoxlamaq ist\u0259diyinizi bilirsiniz. Dig\u0259r t\u0259r\u0259fd\u0259n is\u0259 bu, layih\u0259l\u0259ndirm\u0259 v\u0259 ma\u015f\u0131n\u0131n qurulmas\u0131na daha erk\u0259n ba\u015flad\u0131\u011f\u0131n\u0131z anlam\u0131na g\u0259lir. Bel\u0259likl\u0259, inki\u015faf vaxt\u0131n\u0131n v\u0259 s\u00fcr\u0259tin bir hiss\u0259sini qurban vermi\u015f olursunuz. \u018flb\u0259tt\u0259, sonradan yenilikl\u0259r d\u0259 olacaq. D\u00fc\u015f\u00fcn\u00fcr\u0259m ki, h\u0259r bir ma\u015f\u0131n Barselonadak\u0131 testl\u0259rl\u0259 ilk yar\u0131\u015f aras\u0131nda m\u00fc\u0259yy\u0259n yenilikl\u0259r alacaq.<\/p>\n<p>Biz is\u0259 hesab etdik ki, avtomobili trasda \u0259n r\u0259qab\u0259t\u0259davaml\u0131 konfiqurasiyada \u00e7\u0131xarmaq daha m\u0259qs\u0259d\u0259uy\u011fundur. Buna g\u00f6r\u0259 d\u0259 b\u00fct\u00fcn m\u00fcdd\u0259tl\u0259ri a\u011flabatan \u00e7\u0259r\u00e7iv\u0259d\u0259 maksimum h\u0259dd\u0259 q\u0259d\u0259r uzatd\u0131q.<\/p>\n<p>Dediyim kimi, haz\u0131rda plan\u0131m\u0131z testl\u0259r\u0259 ikinci g\u00fcnd\u0259n ba\u015flamaqd\u0131r, \u00e7\u00fcnki ilk g\u00fcnd\u0259n etibar\u0259n i\u015fl\u0259m\u0259y\u0259 ehtiyac duymad\u0131q\u201d.<\/p>\n","protected":false},"excerpt":{"rendered":"<p>McLaren komandas\u0131 26\u201330 yanvarda Barselonada ke\u00e7iril\u0259c\u0259k testl\u0259rin ilk g\u00fcn\u00fcn\u00fc buraxacaq.<\/p>\n","protected":false},"author":2,"featured_media":9756,"comment_status":"open","ping_status":"open","sticky":false,"template":"","format":"standard","meta":{"footnotes":""},"categories":[2],"tags":[1349,2272,72,1485,70,2263],"class_list":["post-22969","post","type-post","status-publish","format-standard","has-post-thumbnail","hentry","category-news","tag-2026-f1-cars","tag-2026-f1-test","tag-andrea-stella","tag-mclaren-2026-f1-car","tag-mclaren-formula-1-team","tag-pre-season-test"],"yoast_head":"<!-- This site is optimized with the Yoast SEO plugin v27.5 - https:\/\/yoast.com\/product\/yoast-seo-wordpress\/ -->\n<title>McLaren testl\u0259rin ilk g\u00fcn\u00fcn\u0259 \u00e7atmayacaq - X\u0259b\u0259ri Kokpitd\u0259 Oxuyun!<\/title>\n<meta name=\"robots\" content=\"index, follow, max-snippet:-1, max-image-preview:large, max-video-preview:-1\" \/>\n<link rel=\"canonical\" href=\"https:\/\/kokpit.az\/?p=22969\" \/>\n<meta property=\"og:locale\" content=\"az_AZ\" \/>\n<meta property=\"og:type\" content=\"article\" \/>\n<meta property=\"og:title\" content=\"McLaren testl\u0259rin ilk g\u00fcn\u00fcn\u0259 \u00e7atmayacaq - X\u0259b\u0259ri Kokpitd\u0259 Oxuyun!\" \/>\n<meta property=\"og:description\" content=\"McLaren komandas\u0131 26\u201330 yanvarda Barselonada ke\u00e7iril\u0259c\u0259k testl\u0259rin ilk g\u00fcn\u00fcn\u00fc buraxacaq.\" \/>\n<meta property=\"og:url\" content=\"https:\/\/kokpit.az\/?p=22969\" \/>\n<meta property=\"og:site_name\" content=\"X\u0259b\u0259ri Kokpitd\u0259 Oxuyun!\" \/>\n<meta property=\"article:publisher\" content=\"https:\/\/www.facebook.com\/profile.php?id=61553756392357\" \/>\n<meta property=\"article:published_time\" content=\"2026-01-22T11:17:32+00:00\" \/>\n<meta property=\"article:modified_time\" content=\"2026-01-22T13:23:28+00:00\" \/>\n<meta property=\"og:image\" content=\"https:\/\/kokpit.az\/wp-content\/uploads\/2024\/09\/Mclaren.jpeg\" \/>\n\t<meta property=\"og:image:width\" content=\"1600\" \/>\n\t<meta property=\"og:image:height\" content=\"840\" \/>\n\t<meta property=\"og:image:type\" content=\"image\/jpeg\" \/>\n<meta name=\"author\" content=\"Rauf Hac\u0131yev\" \/>\n<meta name=\"twitter:card\" content=\"summary_large_image\" \/>\n<meta name=\"twitter:label1\" content=\"Written by\" \/>\n\t<meta name=\"twitter:data1\" content=\"Rauf Hac\u0131yev\" \/>\n\t<meta name=\"twitter:label2\" content=\"Est. reading time\" \/>\n\t<meta name=\"twitter:data2\" content=\"2 minutes\" \/>\n<script type=\"application\/ld+json\" class=\"yoast-schema-graph\">{\"@context\":\"https:\\\/\\\/schema.org\",\"@graph\":[{\"@type\":\"Article\",\"@id\":\"https:\\\/\\\/kokpit.az\\\/?p=22969#article\",\"isPartOf\":{\"@id\":\"https:\\\/\\\/kokpit.az\\\/?p=22969\"},\"author\":{\"name\":\"Rauf Hac\u0131yev\",\"@id\":\"https:\\\/\\\/kokpit.az\\\/#\\\/schema\\\/person\\\/f4114e650bc2993d0650e4fb6933c581\"},\"headline\":\"McLaren testl\u0259rin ilk g\u00fcn\u00fcn\u0259 \u00e7atmayacaq\",\"datePublished\":\"2026-01-22T11:17:32+00:00\",\"dateModified\":\"2026-01-22T13:23:28+00:00\",\"mainEntityOfPage\":{\"@id\":\"https:\\\/\\\/kokpit.az\\\/?p=22969\"},\"wordCount\":434,\"commentCount\":0,\"publisher\":{\"@id\":\"https:\\\/\\\/kokpit.az\\\/#organization\"},\"image\":{\"@id\":\"https:\\\/\\\/kokpit.az\\\/?p=22969#primaryimage\"},\"thumbnailUrl\":\"https:\\\/\\\/kokpit.az\\\/wp-content\\\/uploads\\\/2024\\\/09\\\/Mclaren.jpeg\",\"keywords\":[\"2026 F1 Cars\",\"2026 F1 Test\",\"Andrea Stella\",\"Mclaren 2026 F1 car\",\"McLaren Formula 1 Team\",\"Pre Season Test\"],\"articleSection\":[\"X\u0259b\u0259rl\u0259r\"],\"inLanguage\":\"az\",\"potentialAction\":[{\"@type\":\"CommentAction\",\"name\":\"Comment\",\"target\":[\"https:\\\/\\\/kokpit.az\\\/?p=22969#respond\"]}]},{\"@type\":\"WebPage\",\"@id\":\"https:\\\/\\\/kokpit.az\\\/?p=22969\",\"url\":\"https:\\\/\\\/kokpit.az\\\/?p=22969\",\"name\":\"McLaren testl\u0259rin ilk g\u00fcn\u00fcn\u0259 \u00e7atmayacaq - X\u0259b\u0259ri Kokpitd\u0259 Oxuyun!\",\"isPartOf\":{\"@id\":\"https:\\\/\\\/kokpit.az\\\/#website\"},\"primaryImageOfPage\":{\"@id\":\"https:\\\/\\\/kokpit.az\\\/?p=22969#primaryimage\"},\"image\":{\"@id\":\"https:\\\/\\\/kokpit.az\\\/?p=22969#primaryimage\"},\"thumbnailUrl\":\"https:\\\/\\\/kokpit.az\\\/wp-content\\\/uploads\\\/2024\\\/09\\\/Mclaren.jpeg\",\"datePublished\":\"2026-01-22T11:17:32+00:00\",\"dateModified\":\"2026-01-22T13:23:28+00:00\",\"breadcrumb\":{\"@id\":\"https:\\\/\\\/kokpit.az\\\/?p=22969#breadcrumb\"},\"inLanguage\":\"az\",\"potentialAction\":[{\"@type\":\"ReadAction\",\"target\":[\"https:\\\/\\\/kokpit.az\\\/?p=22969\"]}]},{\"@type\":\"ImageObject\",\"inLanguage\":\"az\",\"@id\":\"https:\\\/\\\/kokpit.az\\\/?p=22969#primaryimage\",\"url\":\"https:\\\/\\\/kokpit.az\\\/wp-content\\\/uploads\\\/2024\\\/09\\\/Mclaren.jpeg\",\"contentUrl\":\"https:\\\/\\\/kokpit.az\\\/wp-content\\\/uploads\\\/2024\\\/09\\\/Mclaren.jpeg\",\"width\":1600,\"height\":840},{\"@type\":\"BreadcrumbList\",\"@id\":\"https:\\\/\\\/kokpit.az\\\/?p=22969#breadcrumb\",\"itemListElement\":[{\"@type\":\"ListItem\",\"position\":1,\"name\":\"Home\",\"item\":\"https:\\\/\\\/kokpit.az\\\/\"},{\"@type\":\"ListItem\",\"position\":2,\"name\":\"McLaren testl\u0259rin ilk g\u00fcn\u00fcn\u0259 \u00e7atmayacaq\"}]},{\"@type\":\"WebSite\",\"@id\":\"https:\\\/\\\/kokpit.az\\\/#website\",\"url\":\"https:\\\/\\\/kokpit.az\\\/\",\"name\":\"X\u0259b\u0259ri Kokpitd\u0259 Oxuyun!\",\"description\":\"\",\"publisher\":{\"@id\":\"https:\\\/\\\/kokpit.az\\\/#organization\"},\"potentialAction\":[{\"@type\":\"SearchAction\",\"target\":{\"@type\":\"EntryPoint\",\"urlTemplate\":\"https:\\\/\\\/kokpit.az\\\/?s={search_term_string}\"},\"query-input\":{\"@type\":\"PropertyValueSpecification\",\"valueRequired\":true,\"valueName\":\"search_term_string\"}}],\"inLanguage\":\"az\"},{\"@type\":\"Organization\",\"@id\":\"https:\\\/\\\/kokpit.az\\\/#organization\",\"name\":\"X\u0259b\u0259ri Kokpitd\u0259 Oxuyun!\",\"url\":\"https:\\\/\\\/kokpit.az\\\/\",\"logo\":{\"@type\":\"ImageObject\",\"inLanguage\":\"az\",\"@id\":\"https:\\\/\\\/kokpit.az\\\/#\\\/schema\\\/logo\\\/image\\\/\",\"url\":\"https:\\\/\\\/kokpit.az\\\/wp-content\\\/uploads\\\/2023\\\/05\\\/kokpit.jpg\",\"contentUrl\":\"https:\\\/\\\/kokpit.az\\\/wp-content\\\/uploads\\\/2023\\\/05\\\/kokpit.jpg\",\"width\":488,\"height\":245,\"caption\":\"X\u0259b\u0259ri Kokpitd\u0259 Oxuyun!\"},\"image\":{\"@id\":\"https:\\\/\\\/kokpit.az\\\/#\\\/schema\\\/logo\\\/image\\\/\"},\"sameAs\":[\"https:\\\/\\\/www.facebook.com\\\/profile.php?id=61553756392357\"]},{\"@type\":\"Person\",\"@id\":\"https:\\\/\\\/kokpit.az\\\/#\\\/schema\\\/person\\\/f4114e650bc2993d0650e4fb6933c581\",\"name\":\"Rauf Hac\u0131yev\",\"image\":{\"@type\":\"ImageObject\",\"inLanguage\":\"az\",\"@id\":\"https:\\\/\\\/secure.gravatar.com\\\/avatar\\\/394a2085c47c7acdcf41f7d270b7cbb52513d6f4f24c1cb6dfbbd61f98c0503d?s=96&d=mm&r=g\",\"url\":\"https:\\\/\\\/secure.gravatar.com\\\/avatar\\\/394a2085c47c7acdcf41f7d270b7cbb52513d6f4f24c1cb6dfbbd61f98c0503d?s=96&d=mm&r=g\",\"contentUrl\":\"https:\\\/\\\/secure.gravatar.com\\\/avatar\\\/394a2085c47c7acdcf41f7d270b7cbb52513d6f4f24c1cb6dfbbd61f98c0503d?s=96&d=mm&r=g\",\"caption\":\"Rauf Hac\u0131yev\"},\"sameAs\":[\"https:\\\/\\\/kokpit.az\"],\"url\":\"https:\\\/\\\/kokpit.az\\\/?author=2\"}]}<\/script>\n<!-- \/ Yoast SEO plugin. -->","yoast_head_json":{"title":"McLaren testl\u0259rin ilk g\u00fcn\u00fcn\u0259 \u00e7atmayacaq - X\u0259b\u0259ri Kokpitd\u0259 Oxuyun!","robots":{"index":"index","follow":"follow","max-snippet":"max-snippet:-1","max-image-preview":"max-image-preview:large","max-video-preview":"max-video-preview:-1"},"canonical":"https:\/\/kokpit.az\/?p=22969","og_locale":"az_AZ","og_type":"article","og_title":"McLaren testl\u0259rin ilk g\u00fcn\u00fcn\u0259 \u00e7atmayacaq - X\u0259b\u0259ri Kokpitd\u0259 Oxuyun!","og_description":"McLaren komandas\u0131 26\u201330 yanvarda Barselonada ke\u00e7iril\u0259c\u0259k testl\u0259rin ilk g\u00fcn\u00fcn\u00fc buraxacaq.","og_url":"https:\/\/kokpit.az\/?p=22969","og_site_name":"X\u0259b\u0259ri Kokpitd\u0259 Oxuyun!","article_publisher":"https:\/\/www.facebook.com\/profile.php?id=61553756392357","article_published_time":"2026-01-22T11:17:32+00:00","article_modified_time":"2026-01-22T13:23:28+00:00","og_image":[{"width":1600,"height":840,"url":"https:\/\/kokpit.az\/wp-content\/uploads\/2024\/09\/Mclaren.jpeg","type":"image\/jpeg"}],"author":"Rauf Hac\u0131yev","twitter_card":"summary_large_image","twitter_misc":{"Written by":"Rauf Hac\u0131yev","Est. reading time":"2 minutes"},"schema":{"@context":"https:\/\/schema.org","@graph":[{"@type":"Article","@id":"https:\/\/kokpit.az\/?p=22969#article","isPartOf":{"@id":"https:\/\/kokpit.az\/?p=22969"},"author":{"name":"Rauf Hac\u0131yev","@id":"https:\/\/kokpit.az\/#\/schema\/person\/f4114e650bc2993d0650e4fb6933c581"},"headline":"McLaren testl\u0259rin ilk g\u00fcn\u00fcn\u0259 \u00e7atmayacaq","datePublished":"2026-01-22T11:17:32+00:00","dateModified":"2026-01-22T13:23:28+00:00","mainEntityOfPage":{"@id":"https:\/\/kokpit.az\/?p=22969"},"wordCount":434,"commentCount":0,"publisher":{"@id":"https:\/\/kokpit.az\/#organization"},"image":{"@id":"https:\/\/kokpit.az\/?p=22969#primaryimage"},"thumbnailUrl":"https:\/\/kokpit.az\/wp-content\/uploads\/2024\/09\/Mclaren.jpeg","keywords":["2026 F1 Cars","2026 F1 Test","Andrea Stella","Mclaren 2026 F1 car","McLaren Formula 1 Team","Pre Season Test"],"articleSection":["X\u0259b\u0259rl\u0259r"],"inLanguage":"az","potentialAction":[{"@type":"CommentAction","name":"Comment","target":["https:\/\/kokpit.az\/?p=22969#respond"]}]},{"@type":"WebPage","@id":"https:\/\/kokpit.az\/?p=22969","url":"https:\/\/kokpit.az\/?p=22969","name":"McLaren testl\u0259rin ilk g\u00fcn\u00fcn\u0259 \u00e7atmayacaq - X\u0259b\u0259ri Kokpitd\u0259 Oxuyun!","isPartOf":{"@id":"https:\/\/kokpit.az\/#website"},"primaryImageOfPage":{"@id":"https:\/\/kokpit.az\/?p=22969#primaryimage"},"image":{"@id":"https:\/\/kokpit.az\/?p=22969#primaryimage"},"thumbnailUrl":"https:\/\/kokpit.az\/wp-content\/uploads\/2024\/09\/Mclaren.jpeg","datePublished":"2026-01-22T11:17:32+00:00","dateModified":"2026-01-22T13:23:28+00:00","breadcrumb":{"@id":"https:\/\/kokpit.az\/?p=22969#breadcrumb"},"inLanguage":"az","potentialAction":[{"@type":"ReadAction","target":["https:\/\/kokpit.az\/?p=22969"]}]},{"@type":"ImageObject","inLanguage":"az","@id":"https:\/\/kokpit.az\/?p=22969#primaryimage","url":"https:\/\/kokpit.az\/wp-content\/uploads\/2024\/09\/Mclaren.jpeg","contentUrl":"https:\/\/kokpit.az\/wp-content\/uploads\/2024\/09\/Mclaren.jpeg","width":1600,"height":840},{"@type":"BreadcrumbList","@id":"https:\/\/kokpit.az\/?p=22969#breadcrumb","itemListElement":[{"@type":"ListItem","position":1,"name":"Home","item":"https:\/\/kokpit.az\/"},{"@type":"ListItem","position":2,"name":"McLaren testl\u0259rin ilk g\u00fcn\u00fcn\u0259 \u00e7atmayacaq"}]},{"@type":"WebSite","@id":"https:\/\/kokpit.az\/#website","url":"https:\/\/kokpit.az\/","name":"X\u0259b\u0259ri Kokpitd\u0259 Oxuyun!","description":"","publisher":{"@id":"https:\/\/kokpit.az\/#organization"},"potentialAction":[{"@type":"SearchAction","target":{"@type":"EntryPoint","urlTemplate":"https:\/\/kokpit.az\/?s={search_term_string}"},"query-input":{"@type":"PropertyValueSpecification","valueRequired":true,"valueName":"search_term_string"}}],"inLanguage":"az"},{"@type":"Organization","@id":"https:\/\/kokpit.az\/#organization","name":"X\u0259b\u0259ri Kokpitd\u0259 Oxuyun!","url":"https:\/\/kokpit.az\/","logo":{"@type":"ImageObject","inLanguage":"az","@id":"https:\/\/kokpit.az\/#\/schema\/logo\/image\/","url":"https:\/\/kokpit.az\/wp-content\/uploads\/2023\/05\/kokpit.jpg","contentUrl":"https:\/\/kokpit.az\/wp-content\/uploads\/2023\/05\/kokpit.jpg","width":488,"height":245,"caption":"X\u0259b\u0259ri Kokpitd\u0259 Oxuyun!"},"image":{"@id":"https:\/\/kokpit.az\/#\/schema\/logo\/image\/"},"sameAs":["https:\/\/www.facebook.com\/profile.php?id=61553756392357"]},{"@type":"Person","@id":"https:\/\/kokpit.az\/#\/schema\/person\/f4114e650bc2993d0650e4fb6933c581","name":"Rauf Hac\u0131yev","image":{"@type":"ImageObject","inLanguage":"az","@id":"https:\/\/secure.gravatar.com\/avatar\/394a2085c47c7acdcf41f7d270b7cbb52513d6f4f24c1cb6dfbbd61f98c0503d?s=96&d=mm&r=g","url":"https:\/\/secure.gravatar.com\/avatar\/394a2085c47c7acdcf41f7d270b7cbb52513d6f4f24c1cb6dfbbd61f98c0503d?s=96&d=mm&r=g","contentUrl":"https:\/\/secure.gravatar.com\/avatar\/394a2085c47c7acdcf41f7d270b7cbb52513d6f4f24c1cb6dfbbd61f98c0503d?s=96&d=mm&r=g","caption":"Rauf Hac\u0131yev"},"sameAs":["https:\/\/kokpit.az"],"url":"https:\/\/kokpit.az\/?author=2"}]}},"_links":{"self":[{"href":"https:\/\/kokpit.az\/index.php?rest_route=\/wp\/v2\/posts\/22969","targetHints":{"allow":["GET"]}}],"collection":[{"href":"https:\/\/kokpit.az\/index.php?rest_route=\/wp\/v2\/posts"}],"about":[{"href":"https:\/\/kokpit.az\/index.php?rest_route=\/wp\/v2\/types\/post"}],"author":[{"embeddable":true,"href":"https:\/\/kokpit.az\/index.php?rest_route=\/wp\/v2\/users\/2"}],"replies":[{"embeddable":true,"href":"https:\/\/kokpit.az\/index.php?rest_route=%2Fwp%2Fv2%2Fcomments&post=22969"}],"version-history":[{"count":1,"href":"https:\/\/kokpit.az\/index.php?rest_route=\/wp\/v2\/posts\/22969\/revisions"}],"predecessor-version":[{"id":22970,"href":"https:\/\/kokpit.az\/index.php?rest_route=\/wp\/v2\/posts\/22969\/revisions\/22970"}],"wp:featuredmedia":[{"embeddable":true,"href":"https:\/\/kokpit.az\/index.php?rest_route=\/wp\/v2\/media\/9756"}],"wp:attachment":[{"href":"https:\/\/kokpit.az\/index.php?rest_route=%2Fwp%2Fv2%2Fmedia&parent=22969"}],"wp:term":[{"taxonomy":"category","embeddable":true,"href":"https:\/\/kokpit.az\/index.php?rest_route=%2Fwp%2Fv2%2Fcategories&post=22969"},{"taxonomy":"post_tag","embeddable":true,"href":"https:\/\/kokpit.az\/index.php?rest_route=%2Fwp%2Fv2%2Ftags&post=22969"}],"curies":[{"name":"wp","href":"https:\/\/api.w.org\/{rel}","templated":true}]}}