{"id":22507,"date":"2025-12-22T14:39:50","date_gmt":"2025-12-22T10:39:50","guid":{"rendered":"https:\/\/kokpit.az\/?p=22507"},"modified":"2025-12-22T23:46:13","modified_gmt":"2025-12-22T19:46:13","slug":"aston-martin-d%c9%99-yeni-t%c9%99yinat","status":"publish","type":"post","link":"https:\/\/kokpit.az\/?p=22507","title":{"rendered":"Aston Martin-d\u0259 yeni t\u0259yinat"},"content":{"rendered":"<p>Texniki strukturunu g\u00fccl\u0259ndirm\u0259yi davam etdir\u0259n Silverstoun m\u0259rk\u0259zli Aston Martin komandas\u0131 s\u0259th dizayn departamentinin r\u0259hb\u0259rliyini Pablo Vaskes Fernandes\u0259 tap\u015f\u0131r\u0131b.<\/p>\n<p>T\u0259cr\u00fcb\u0259li m\u00fch\u0259ndis noyabr ay\u0131ndan etibar\u0259n Aston Martin-d\u0259 f\u0259aliyy\u0259t\u0259 ba\u015flay\u0131b. Vaskes Formula 1 karyeras\u0131 \u0259rzind\u0259 ancaq Enstoundak\u0131 bazada i\u015fl\u0259yib. O, \u0259vv\u0259lc\u0259 Renault, daha sonra is\u0259 Alpine ad\u0131 il\u0259 yar\u0131\u015fan komandada f\u0259aliyy\u0259td\u0259 olub. O, 2016-c\u0131 ild\u0259 Formula 1-\u0259 q\u0259d\u0259m qoyub v\u0259 burada \u00fcmumilikd\u0259 10 m\u00f6vs\u00fcm \u00e7al\u0131\u015f\u0131b.<\/p>\n<p>Aston Martin-d\u0259 s\u0259th dizayn\u0131 \u00fczr\u0259 ba\u015f m\u00fch\u0259ndis v\u0259zif\u0259sini icra ed\u0259c\u0259k Vaskesin \u0259sas ixtisas sah\u0259si d\u0259 m\u0259hz bu departament olub. Formula 1 karyeras\u0131na daha a\u015fa\u011f\u0131 v\u0259zif\u0259l\u0259rd\u0259n ba\u015flayan ispan m\u00fct\u0259x\u0259ssis zamanla lider dizayner m\u00f6vqeyin\u0259 y\u00fcks\u0259lib v\u0259 Alpine-d\u0259 bu m\u0259suliyy\u0259ti \u00fcz\u0259rin\u0259 g\u00f6t\u00fcr\u00fcb.<\/p>\n<p>LinkedIn profilind\u0259 yer alan m\u0259lumata g\u00f6r\u0259, Vaskes noyabr ay\u0131nda Alpine-d\u0259n ayr\u0131l\u0131b v\u0259 el\u0259 h\u0259min ay Aston Martin-\u0259 qo\u015fulub. Bu s\u0259b\u0259bd\u0259n onun \u00fc\u00e7\u00fcn n\u0259z\u0259rd\u0259 tutulan m\u0259cburi g\u00f6zl\u0259m\u0259 m\u00fcdd\u0259tinin ya \u00e7ox q\u0131sa oldu\u011fu, ya da \u00fcmumiyy\u0259tl\u0259 t\u0259tbiq edilm\u0259diyi bildirilib. Bu da m\u00fch\u0259ndisin yeni komandas\u0131nda i\u015f\u0259 d\u0259rhal ba\u015flamas\u0131na imkan verib.<\/p>\n<p>Pablo Vaskes Fernandes yani i\u015f yerind\u0259 Adrian Nyuinin r\u0259hb\u0259rlik etdiyi texniki strukturun bir \u00fczv\u00fc olacaq.<\/p>\n<p>Bu transferl\u0259 birlikd\u0259 Aston Martin-d\u0259 ispan t\u0259msil\u00e7il\u0259rin say\u0131 da art\u0131b. Fernando Alonso komandan\u0131n \u0259sas simas\u0131 olaraq qalmaqda davam ed\u0259rk\u0259n, Pedro de la Rosa, Mari Boya v\u0259 Pablo Vaskes Fernandes texniki hey\u0259td\u0259 m\u00fch\u00fcm rollar\u0131 \u00fcz\u0259ril\u0259rin\u0259 g\u00f6t\u00fcr\u00fcbl\u0259r.<\/p>\n","protected":false},"excerpt":{"rendered":"<p>Aston Martin komandas\u0131 Alpine-d\u0259 10 m\u00f6vs\u00fcm t\u0259cr\u00fcb\u0259 toplam\u0131\u015f ispan m\u00fch\u0259ndis Pablo Vaskes Fernandes il\u0259 raz\u0131l\u0131\u011fa g\u0259lib.<\/p>\n","protected":false},"author":2,"featured_media":9409,"comment_status":"open","ping_status":"open","sticky":false,"template":"","format":"standard","meta":{"footnotes":""},"categories":[2],"tags":[275,2156],"class_list":["post-22507","post","type-post","status-publish","format-standard","has-post-thumbnail","hentry","category-news","tag-aston-martin-aramco-formula-1-team","tag-pablo-vazquez-fernandez"],"yoast_head":"<!-- This site is optimized with the Yoast SEO plugin v27.5 - https:\/\/yoast.com\/product\/yoast-seo-wordpress\/ -->\n<title>Aston Martin-d\u0259 yeni t\u0259yinat - X\u0259b\u0259ri Kokpitd\u0259 Oxuyun!<\/title>\n<meta name=\"robots\" content=\"index, follow, max-snippet:-1, max-image-preview:large, max-video-preview:-1\" \/>\n<link rel=\"canonical\" href=\"https:\/\/kokpit.az\/?p=22507\" \/>\n<meta property=\"og:locale\" content=\"az_AZ\" \/>\n<meta property=\"og:type\" content=\"article\" \/>\n<meta property=\"og:title\" content=\"Aston Martin-d\u0259 yeni t\u0259yinat - X\u0259b\u0259ri Kokpitd\u0259 Oxuyun!\" \/>\n<meta property=\"og:description\" content=\"Aston Martin komandas\u0131 Alpine-d\u0259 10 m\u00f6vs\u00fcm t\u0259cr\u00fcb\u0259 toplam\u0131\u015f ispan m\u00fch\u0259ndis Pablo Vaskes Fernandes il\u0259 raz\u0131l\u0131\u011fa g\u0259lib.\" \/>\n<meta property=\"og:url\" content=\"https:\/\/kokpit.az\/?p=22507\" \/>\n<meta property=\"og:site_name\" content=\"X\u0259b\u0259ri Kokpitd\u0259 Oxuyun!\" \/>\n<meta property=\"article:publisher\" content=\"https:\/\/www.facebook.com\/profile.php?id=61553756392357\" \/>\n<meta property=\"article:published_time\" content=\"2025-12-22T10:39:50+00:00\" \/>\n<meta property=\"article:modified_time\" content=\"2025-12-22T19:46:13+00:00\" \/>\n<meta property=\"og:image\" content=\"https:\/\/kokpit.az\/wp-content\/uploads\/2024\/09\/fernando-alonso-aston-martin-amr24-race-2024-azerbaijan-gp-v0-wpkyzmb0mepd1.jpeg-scaled-e1726809650273.webp\" \/>\n\t<meta property=\"og:image:width\" content=\"1200\" \/>\n\t<meta property=\"og:image:height\" content=\"630\" \/>\n\t<meta property=\"og:image:type\" content=\"image\/webp\" \/>\n<meta name=\"author\" content=\"Rauf Hac\u0131yev\" \/>\n<meta name=\"twitter:card\" content=\"summary_large_image\" \/>\n<meta name=\"twitter:label1\" content=\"Written by\" \/>\n\t<meta name=\"twitter:data1\" content=\"Rauf Hac\u0131yev\" \/>\n\t<meta name=\"twitter:label2\" content=\"Est. reading time\" \/>\n\t<meta name=\"twitter:data2\" content=\"2 minutes\" \/>\n<script type=\"application\/ld+json\" class=\"yoast-schema-graph\">{\"@context\":\"https:\\\/\\\/schema.org\",\"@graph\":[{\"@type\":\"Article\",\"@id\":\"https:\\\/\\\/kokpit.az\\\/?p=22507#article\",\"isPartOf\":{\"@id\":\"https:\\\/\\\/kokpit.az\\\/?p=22507\"},\"author\":{\"name\":\"Rauf Hac\u0131yev\",\"@id\":\"https:\\\/\\\/kokpit.az\\\/#\\\/schema\\\/person\\\/f4114e650bc2993d0650e4fb6933c581\"},\"headline\":\"Aston Martin-d\u0259 yeni t\u0259yinat\",\"datePublished\":\"2025-12-22T10:39:50+00:00\",\"dateModified\":\"2025-12-22T19:46:13+00:00\",\"mainEntityOfPage\":{\"@id\":\"https:\\\/\\\/kokpit.az\\\/?p=22507\"},\"wordCount\":308,\"commentCount\":0,\"publisher\":{\"@id\":\"https:\\\/\\\/kokpit.az\\\/#organization\"},\"image\":{\"@id\":\"https:\\\/\\\/kokpit.az\\\/?p=22507#primaryimage\"},\"thumbnailUrl\":\"https:\\\/\\\/kokpit.az\\\/wp-content\\\/uploads\\\/2024\\\/09\\\/fernando-alonso-aston-martin-amr24-race-2024-azerbaijan-gp-v0-wpkyzmb0mepd1.jpeg-scaled-e1726809650273.webp\",\"keywords\":[\"Aston Martin Aramco Formula 1 Team\",\"Pablo V\u00e1zquez Fern\u00e1ndez\"],\"articleSection\":[\"X\u0259b\u0259rl\u0259r\"],\"inLanguage\":\"az\",\"potentialAction\":[{\"@type\":\"CommentAction\",\"name\":\"Comment\",\"target\":[\"https:\\\/\\\/kokpit.az\\\/?p=22507#respond\"]}]},{\"@type\":\"WebPage\",\"@id\":\"https:\\\/\\\/kokpit.az\\\/?p=22507\",\"url\":\"https:\\\/\\\/kokpit.az\\\/?p=22507\",\"name\":\"Aston Martin-d\u0259 yeni t\u0259yinat - X\u0259b\u0259ri Kokpitd\u0259 Oxuyun!\",\"isPartOf\":{\"@id\":\"https:\\\/\\\/kokpit.az\\\/#website\"},\"primaryImageOfPage\":{\"@id\":\"https:\\\/\\\/kokpit.az\\\/?p=22507#primaryimage\"},\"image\":{\"@id\":\"https:\\\/\\\/kokpit.az\\\/?p=22507#primaryimage\"},\"thumbnailUrl\":\"https:\\\/\\\/kokpit.az\\\/wp-content\\\/uploads\\\/2024\\\/09\\\/fernando-alonso-aston-martin-amr24-race-2024-azerbaijan-gp-v0-wpkyzmb0mepd1.jpeg-scaled-e1726809650273.webp\",\"datePublished\":\"2025-12-22T10:39:50+00:00\",\"dateModified\":\"2025-12-22T19:46:13+00:00\",\"breadcrumb\":{\"@id\":\"https:\\\/\\\/kokpit.az\\\/?p=22507#breadcrumb\"},\"inLanguage\":\"az\",\"potentialAction\":[{\"@type\":\"ReadAction\",\"target\":[\"https:\\\/\\\/kokpit.az\\\/?p=22507\"]}]},{\"@type\":\"ImageObject\",\"inLanguage\":\"az\",\"@id\":\"https:\\\/\\\/kokpit.az\\\/?p=22507#primaryimage\",\"url\":\"https:\\\/\\\/kokpit.az\\\/wp-content\\\/uploads\\\/2024\\\/09\\\/fernando-alonso-aston-martin-amr24-race-2024-azerbaijan-gp-v0-wpkyzmb0mepd1.jpeg-scaled-e1726809650273.webp\",\"contentUrl\":\"https:\\\/\\\/kokpit.az\\\/wp-content\\\/uploads\\\/2024\\\/09\\\/fernando-alonso-aston-martin-amr24-race-2024-azerbaijan-gp-v0-wpkyzmb0mepd1.jpeg-scaled-e1726809650273.webp\",\"width\":1200,\"height\":630},{\"@type\":\"BreadcrumbList\",\"@id\":\"https:\\\/\\\/kokpit.az\\\/?p=22507#breadcrumb\",\"itemListElement\":[{\"@type\":\"ListItem\",\"position\":1,\"name\":\"Home\",\"item\":\"https:\\\/\\\/kokpit.az\\\/\"},{\"@type\":\"ListItem\",\"position\":2,\"name\":\"Aston Martin-d\u0259 yeni t\u0259yinat\"}]},{\"@type\":\"WebSite\",\"@id\":\"https:\\\/\\\/kokpit.az\\\/#website\",\"url\":\"https:\\\/\\\/kokpit.az\\\/\",\"name\":\"X\u0259b\u0259ri Kokpitd\u0259 Oxuyun!\",\"description\":\"\",\"publisher\":{\"@id\":\"https:\\\/\\\/kokpit.az\\\/#organization\"},\"potentialAction\":[{\"@type\":\"SearchAction\",\"target\":{\"@type\":\"EntryPoint\",\"urlTemplate\":\"https:\\\/\\\/kokpit.az\\\/?s={search_term_string}\"},\"query-input\":{\"@type\":\"PropertyValueSpecification\",\"valueRequired\":true,\"valueName\":\"search_term_string\"}}],\"inLanguage\":\"az\"},{\"@type\":\"Organization\",\"@id\":\"https:\\\/\\\/kokpit.az\\\/#organization\",\"name\":\"X\u0259b\u0259ri Kokpitd\u0259 Oxuyun!\",\"url\":\"https:\\\/\\\/kokpit.az\\\/\",\"logo\":{\"@type\":\"ImageObject\",\"inLanguage\":\"az\",\"@id\":\"https:\\\/\\\/kokpit.az\\\/#\\\/schema\\\/logo\\\/image\\\/\",\"url\":\"https:\\\/\\\/kokpit.az\\\/wp-content\\\/uploads\\\/2023\\\/05\\\/kokpit.jpg\",\"contentUrl\":\"https:\\\/\\\/kokpit.az\\\/wp-content\\\/uploads\\\/2023\\\/05\\\/kokpit.jpg\",\"width\":488,\"height\":245,\"caption\":\"X\u0259b\u0259ri Kokpitd\u0259 Oxuyun!\"},\"image\":{\"@id\":\"https:\\\/\\\/kokpit.az\\\/#\\\/schema\\\/logo\\\/image\\\/\"},\"sameAs\":[\"https:\\\/\\\/www.facebook.com\\\/profile.php?id=61553756392357\"]},{\"@type\":\"Person\",\"@id\":\"https:\\\/\\\/kokpit.az\\\/#\\\/schema\\\/person\\\/f4114e650bc2993d0650e4fb6933c581\",\"name\":\"Rauf Hac\u0131yev\",\"image\":{\"@type\":\"ImageObject\",\"inLanguage\":\"az\",\"@id\":\"https:\\\/\\\/secure.gravatar.com\\\/avatar\\\/394a2085c47c7acdcf41f7d270b7cbb52513d6f4f24c1cb6dfbbd61f98c0503d?s=96&d=mm&r=g\",\"url\":\"https:\\\/\\\/secure.gravatar.com\\\/avatar\\\/394a2085c47c7acdcf41f7d270b7cbb52513d6f4f24c1cb6dfbbd61f98c0503d?s=96&d=mm&r=g\",\"contentUrl\":\"https:\\\/\\\/secure.gravatar.com\\\/avatar\\\/394a2085c47c7acdcf41f7d270b7cbb52513d6f4f24c1cb6dfbbd61f98c0503d?s=96&d=mm&r=g\",\"caption\":\"Rauf Hac\u0131yev\"},\"sameAs\":[\"https:\\\/\\\/kokpit.az\"],\"url\":\"https:\\\/\\\/kokpit.az\\\/?author=2\"}]}<\/script>\n<!-- \/ Yoast SEO plugin. -->","yoast_head_json":{"title":"Aston Martin-d\u0259 yeni t\u0259yinat - X\u0259b\u0259ri Kokpitd\u0259 Oxuyun!","robots":{"index":"index","follow":"follow","max-snippet":"max-snippet:-1","max-image-preview":"max-image-preview:large","max-video-preview":"max-video-preview:-1"},"canonical":"https:\/\/kokpit.az\/?p=22507","og_locale":"az_AZ","og_type":"article","og_title":"Aston Martin-d\u0259 yeni t\u0259yinat - X\u0259b\u0259ri Kokpitd\u0259 Oxuyun!","og_description":"Aston Martin komandas\u0131 Alpine-d\u0259 10 m\u00f6vs\u00fcm t\u0259cr\u00fcb\u0259 toplam\u0131\u015f ispan m\u00fch\u0259ndis Pablo Vaskes Fernandes il\u0259 raz\u0131l\u0131\u011fa g\u0259lib.","og_url":"https:\/\/kokpit.az\/?p=22507","og_site_name":"X\u0259b\u0259ri Kokpitd\u0259 Oxuyun!","article_publisher":"https:\/\/www.facebook.com\/profile.php?id=61553756392357","article_published_time":"2025-12-22T10:39:50+00:00","article_modified_time":"2025-12-22T19:46:13+00:00","og_image":[{"width":1200,"height":630,"url":"https:\/\/kokpit.az\/wp-content\/uploads\/2024\/09\/fernando-alonso-aston-martin-amr24-race-2024-azerbaijan-gp-v0-wpkyzmb0mepd1.jpeg-scaled-e1726809650273.webp","type":"image\/webp"}],"author":"Rauf Hac\u0131yev","twitter_card":"summary_large_image","twitter_misc":{"Written by":"Rauf Hac\u0131yev","Est. reading time":"2 minutes"},"schema":{"@context":"https:\/\/schema.org","@graph":[{"@type":"Article","@id":"https:\/\/kokpit.az\/?p=22507#article","isPartOf":{"@id":"https:\/\/kokpit.az\/?p=22507"},"author":{"name":"Rauf Hac\u0131yev","@id":"https:\/\/kokpit.az\/#\/schema\/person\/f4114e650bc2993d0650e4fb6933c581"},"headline":"Aston Martin-d\u0259 yeni t\u0259yinat","datePublished":"2025-12-22T10:39:50+00:00","dateModified":"2025-12-22T19:46:13+00:00","mainEntityOfPage":{"@id":"https:\/\/kokpit.az\/?p=22507"},"wordCount":308,"commentCount":0,"publisher":{"@id":"https:\/\/kokpit.az\/#organization"},"image":{"@id":"https:\/\/kokpit.az\/?p=22507#primaryimage"},"thumbnailUrl":"https:\/\/kokpit.az\/wp-content\/uploads\/2024\/09\/fernando-alonso-aston-martin-amr24-race-2024-azerbaijan-gp-v0-wpkyzmb0mepd1.jpeg-scaled-e1726809650273.webp","keywords":["Aston Martin Aramco Formula 1 Team","Pablo V\u00e1zquez Fern\u00e1ndez"],"articleSection":["X\u0259b\u0259rl\u0259r"],"inLanguage":"az","potentialAction":[{"@type":"CommentAction","name":"Comment","target":["https:\/\/kokpit.az\/?p=22507#respond"]}]},{"@type":"WebPage","@id":"https:\/\/kokpit.az\/?p=22507","url":"https:\/\/kokpit.az\/?p=22507","name":"Aston Martin-d\u0259 yeni t\u0259yinat - X\u0259b\u0259ri Kokpitd\u0259 Oxuyun!","isPartOf":{"@id":"https:\/\/kokpit.az\/#website"},"primaryImageOfPage":{"@id":"https:\/\/kokpit.az\/?p=22507#primaryimage"},"image":{"@id":"https:\/\/kokpit.az\/?p=22507#primaryimage"},"thumbnailUrl":"https:\/\/kokpit.az\/wp-content\/uploads\/2024\/09\/fernando-alonso-aston-martin-amr24-race-2024-azerbaijan-gp-v0-wpkyzmb0mepd1.jpeg-scaled-e1726809650273.webp","datePublished":"2025-12-22T10:39:50+00:00","dateModified":"2025-12-22T19:46:13+00:00","breadcrumb":{"@id":"https:\/\/kokpit.az\/?p=22507#breadcrumb"},"inLanguage":"az","potentialAction":[{"@type":"ReadAction","target":["https:\/\/kokpit.az\/?p=22507"]}]},{"@type":"ImageObject","inLanguage":"az","@id":"https:\/\/kokpit.az\/?p=22507#primaryimage","url":"https:\/\/kokpit.az\/wp-content\/uploads\/2024\/09\/fernando-alonso-aston-martin-amr24-race-2024-azerbaijan-gp-v0-wpkyzmb0mepd1.jpeg-scaled-e1726809650273.webp","contentUrl":"https:\/\/kokpit.az\/wp-content\/uploads\/2024\/09\/fernando-alonso-aston-martin-amr24-race-2024-azerbaijan-gp-v0-wpkyzmb0mepd1.jpeg-scaled-e1726809650273.webp","width":1200,"height":630},{"@type":"BreadcrumbList","@id":"https:\/\/kokpit.az\/?p=22507#breadcrumb","itemListElement":[{"@type":"ListItem","position":1,"name":"Home","item":"https:\/\/kokpit.az\/"},{"@type":"ListItem","position":2,"name":"Aston Martin-d\u0259 yeni t\u0259yinat"}]},{"@type":"WebSite","@id":"https:\/\/kokpit.az\/#website","url":"https:\/\/kokpit.az\/","name":"X\u0259b\u0259ri Kokpitd\u0259 Oxuyun!","description":"","publisher":{"@id":"https:\/\/kokpit.az\/#organization"},"potentialAction":[{"@type":"SearchAction","target":{"@type":"EntryPoint","urlTemplate":"https:\/\/kokpit.az\/?s={search_term_string}"},"query-input":{"@type":"PropertyValueSpecification","valueRequired":true,"valueName":"search_term_string"}}],"inLanguage":"az"},{"@type":"Organization","@id":"https:\/\/kokpit.az\/#organization","name":"X\u0259b\u0259ri Kokpitd\u0259 Oxuyun!","url":"https:\/\/kokpit.az\/","logo":{"@type":"ImageObject","inLanguage":"az","@id":"https:\/\/kokpit.az\/#\/schema\/logo\/image\/","url":"https:\/\/kokpit.az\/wp-content\/uploads\/2023\/05\/kokpit.jpg","contentUrl":"https:\/\/kokpit.az\/wp-content\/uploads\/2023\/05\/kokpit.jpg","width":488,"height":245,"caption":"X\u0259b\u0259ri Kokpitd\u0259 Oxuyun!"},"image":{"@id":"https:\/\/kokpit.az\/#\/schema\/logo\/image\/"},"sameAs":["https:\/\/www.facebook.com\/profile.php?id=61553756392357"]},{"@type":"Person","@id":"https:\/\/kokpit.az\/#\/schema\/person\/f4114e650bc2993d0650e4fb6933c581","name":"Rauf Hac\u0131yev","image":{"@type":"ImageObject","inLanguage":"az","@id":"https:\/\/secure.gravatar.com\/avatar\/394a2085c47c7acdcf41f7d270b7cbb52513d6f4f24c1cb6dfbbd61f98c0503d?s=96&d=mm&r=g","url":"https:\/\/secure.gravatar.com\/avatar\/394a2085c47c7acdcf41f7d270b7cbb52513d6f4f24c1cb6dfbbd61f98c0503d?s=96&d=mm&r=g","contentUrl":"https:\/\/secure.gravatar.com\/avatar\/394a2085c47c7acdcf41f7d270b7cbb52513d6f4f24c1cb6dfbbd61f98c0503d?s=96&d=mm&r=g","caption":"Rauf Hac\u0131yev"},"sameAs":["https:\/\/kokpit.az"],"url":"https:\/\/kokpit.az\/?author=2"}]}},"_links":{"self":[{"href":"https:\/\/kokpit.az\/index.php?rest_route=\/wp\/v2\/posts\/22507","targetHints":{"allow":["GET"]}}],"collection":[{"href":"https:\/\/kokpit.az\/index.php?rest_route=\/wp\/v2\/posts"}],"about":[{"href":"https:\/\/kokpit.az\/index.php?rest_route=\/wp\/v2\/types\/post"}],"author":[{"embeddable":true,"href":"https:\/\/kokpit.az\/index.php?rest_route=\/wp\/v2\/users\/2"}],"replies":[{"embeddable":true,"href":"https:\/\/kokpit.az\/index.php?rest_route=%2Fwp%2Fv2%2Fcomments&post=22507"}],"version-history":[{"count":1,"href":"https:\/\/kokpit.az\/index.php?rest_route=\/wp\/v2\/posts\/22507\/revisions"}],"predecessor-version":[{"id":22508,"href":"https:\/\/kokpit.az\/index.php?rest_route=\/wp\/v2\/posts\/22507\/revisions\/22508"}],"wp:featuredmedia":[{"embeddable":true,"href":"https:\/\/kokpit.az\/index.php?rest_route=\/wp\/v2\/media\/9409"}],"wp:attachment":[{"href":"https:\/\/kokpit.az\/index.php?rest_route=%2Fwp%2Fv2%2Fmedia&parent=22507"}],"wp:term":[{"taxonomy":"category","embeddable":true,"href":"https:\/\/kokpit.az\/index.php?rest_route=%2Fwp%2Fv2%2Fcategories&post=22507"},{"taxonomy":"post_tag","embeddable":true,"href":"https:\/\/kokpit.az\/index.php?rest_route=%2Fwp%2Fv2%2Ftags&post=22507"}],"curies":[{"name":"wp","href":"https:\/\/api.w.org\/{rel}","templated":true}]}}