{"id":22362,"date":"2025-12-12T13:59:55","date_gmt":"2025-12-12T09:59:55","guid":{"rendered":"https:\/\/kokpit.az\/?p=22362"},"modified":"2025-12-12T17:02:16","modified_gmt":"2025-12-12T13:02:16","slug":"audi-v%c9%99-alpine-c%c9%99kilis-gunu-ed%c9%99c%c9%99kl%c9%99r","status":"publish","type":"post","link":"https:\/\/kokpit.az\/?p=22362","title":{"rendered":"Audi v\u0259 Alpine \u00e7\u0259kili\u015f g\u00fcn\u00fc ed\u0259c\u0259kl\u0259r"},"content":{"rendered":"<p>\u0130span medias\u0131 komandalar\u0131n art\u0131q Barselona avtodromunda \u00e7\u0259kili\u015f g\u00fcnl\u0259ri \u00fc\u00e7\u00fcn rezervasiya etdiyini \u00fcz\u0259 \u00e7\u0131xar\u0131b. Birinci olaraq 9 yanvarda baza komandas\u0131 Audi trasa \u00e7\u0131xacaq. Alpine is\u0259 \u00f6z \u00e7\u0259kili\u015f g\u00fcn\u00fcn\u00fc iki g\u00fcn sonra \u2013 11 yanvarda ke\u00e7ir\u0259c\u0259k.<\/p>\n<p>H\u0259min g\u00fcnl\u0259rd\u0259 avtodrom \u0259razisind\u0259 ciddi t\u0259hl\u00fck\u0259sizlik t\u0259dbirl\u0259ri t\u0259tbiq edil\u0259c\u0259k. Komandalar h\u0259tta testl\u0259r\u0259 \u00f6z m\u00fchafiz\u0259\u00e7il\u0259rini g\u0259tirm\u0259yi planla\u015fd\u0131r\u0131b ki, k\u0259nar \u015f\u0259xsl\u0259rin i\u00e7\u0259ri girm\u0259sinin v\u0259 bolidl\u0259rin g\u00f6r\u00fcnt\u00fcl\u0259nm\u0259sinin qar\u015f\u0131s\u0131 al\u0131ns\u0131n.<\/p>\n<p>\u0130lk geni\u015fmiqyasl\u0131 testl\u0259r 26\u201330 yanvar tarixl\u0259rind\u0259 realla\u015facaq, lakin onlar da qapal\u0131 rejimd\u0259 ke\u00e7iril\u0259c\u0259k. Azarke\u015fl\u0259r \u00fc\u00e7\u00fcn a\u00e7\u0131q testl\u0259r is\u0259 yaln\u0131z 11 fevralda B\u0259hreynd\u0259 ba\u015flayacaq.<\/p>\n","protected":false},"excerpt":{"rendered":"<p>Yeni texniki reqlament\u0259 ke\u00e7id s\u0259b\u0259bind\u0259n bu d\u0259f\u0259 Formula 1-d\u0259 m\u00f6vs\u00fcml\u0259raras\u0131 fasil\u0259 \u00e7ox q\u0131sa olacaq. 7 dekabrda \u018fbu-Dabid\u0259 ba\u015fa \u00e7atan son yar\u0131\u015fdan c\u0259mi bir ay sonra \u2013 yanvar\u0131n ilk g\u00fcnl\u0259rind\u0259 2026-c\u0131 il bolidl\u0259ri trasa \u00e7\u0131xacaqlar.<\/p>\n","protected":false},"author":2,"featured_media":18777,"comment_status":"open","ping_status":"open","sticky":false,"template":"","format":"standard","meta":{"footnotes":""},"categories":[1],"tags":[1745,75,161],"class_list":["post-22362","post","type-post","status-publish","format-standard","has-post-thumbnail","hentry","category-f1","tag-audi-f1","tag-bwt-alpine-f1-team","tag-circuit-de-catalunya"],"yoast_head":"<!-- This site is optimized with the Yoast SEO plugin v27.5 - https:\/\/yoast.com\/product\/yoast-seo-wordpress\/ -->\n<title>Audi v\u0259 Alpine \u00e7\u0259kili\u015f g\u00fcn\u00fc ed\u0259c\u0259kl\u0259r - X\u0259b\u0259ri Kokpitd\u0259 Oxuyun!<\/title>\n<meta name=\"robots\" content=\"index, follow, max-snippet:-1, max-image-preview:large, max-video-preview:-1\" \/>\n<link rel=\"canonical\" href=\"https:\/\/kokpit.az\/?p=22362\" \/>\n<meta property=\"og:locale\" content=\"az_AZ\" \/>\n<meta property=\"og:type\" content=\"article\" \/>\n<meta property=\"og:title\" content=\"Audi v\u0259 Alpine \u00e7\u0259kili\u015f g\u00fcn\u00fc ed\u0259c\u0259kl\u0259r - X\u0259b\u0259ri Kokpitd\u0259 Oxuyun!\" \/>\n<meta property=\"og:description\" content=\"Yeni texniki reqlament\u0259 ke\u00e7id s\u0259b\u0259bind\u0259n bu d\u0259f\u0259 Formula 1-d\u0259 m\u00f6vs\u00fcml\u0259raras\u0131 fasil\u0259 \u00e7ox q\u0131sa olacaq. 7 dekabrda \u018fbu-Dabid\u0259 ba\u015fa \u00e7atan son yar\u0131\u015fdan c\u0259mi bir ay sonra \u2013 yanvar\u0131n ilk g\u00fcnl\u0259rind\u0259 2026-c\u0131 il bolidl\u0259ri trasa \u00e7\u0131xacaqlar.\" \/>\n<meta property=\"og:url\" content=\"https:\/\/kokpit.az\/?p=22362\" \/>\n<meta property=\"og:site_name\" content=\"X\u0259b\u0259ri Kokpitd\u0259 Oxuyun!\" \/>\n<meta property=\"article:publisher\" content=\"https:\/\/www.facebook.com\/profile.php?id=61553756392357\" \/>\n<meta property=\"article:published_time\" content=\"2025-12-12T09:59:55+00:00\" \/>\n<meta property=\"article:modified_time\" content=\"2025-12-12T13:02:16+00:00\" \/>\n<meta property=\"og:image\" content=\"https:\/\/kokpit.az\/wp-content\/uploads\/2025\/09\/IMG_6119-scaled-e1757227402916.jpeg\" \/>\n\t<meta property=\"og:image:width\" content=\"1200\" \/>\n\t<meta property=\"og:image:height\" content=\"630\" \/>\n\t<meta property=\"og:image:type\" content=\"image\/jpeg\" \/>\n<meta name=\"author\" content=\"Rauf Hac\u0131yev\" \/>\n<meta name=\"twitter:card\" content=\"summary_large_image\" \/>\n<meta name=\"twitter:label1\" content=\"Written by\" \/>\n\t<meta name=\"twitter:data1\" content=\"Rauf Hac\u0131yev\" \/>\n\t<meta name=\"twitter:label2\" content=\"Est. reading time\" \/>\n\t<meta name=\"twitter:data2\" content=\"1 minute\" \/>\n<script type=\"application\/ld+json\" class=\"yoast-schema-graph\">{\"@context\":\"https:\\\/\\\/schema.org\",\"@graph\":[{\"@type\":\"Article\",\"@id\":\"https:\\\/\\\/kokpit.az\\\/?p=22362#article\",\"isPartOf\":{\"@id\":\"https:\\\/\\\/kokpit.az\\\/?p=22362\"},\"author\":{\"name\":\"Rauf Hac\u0131yev\",\"@id\":\"https:\\\/\\\/kokpit.az\\\/#\\\/schema\\\/person\\\/f4114e650bc2993d0650e4fb6933c581\"},\"headline\":\"Audi v\u0259 Alpine \u00e7\u0259kili\u015f g\u00fcn\u00fc ed\u0259c\u0259kl\u0259r\",\"datePublished\":\"2025-12-12T09:59:55+00:00\",\"dateModified\":\"2025-12-12T13:02:16+00:00\",\"mainEntityOfPage\":{\"@id\":\"https:\\\/\\\/kokpit.az\\\/?p=22362\"},\"wordCount\":147,\"commentCount\":0,\"publisher\":{\"@id\":\"https:\\\/\\\/kokpit.az\\\/#organization\"},\"image\":{\"@id\":\"https:\\\/\\\/kokpit.az\\\/?p=22362#primaryimage\"},\"thumbnailUrl\":\"https:\\\/\\\/kokpit.az\\\/wp-content\\\/uploads\\\/2025\\\/09\\\/IMG_6119-scaled-e1757227402916.jpeg\",\"keywords\":[\"Audi F1\",\"BWT Alpine F1 Team\",\"Circuit de Catalunya\"],\"articleSection\":[\"Formula 1\"],\"inLanguage\":\"az\",\"potentialAction\":[{\"@type\":\"CommentAction\",\"name\":\"Comment\",\"target\":[\"https:\\\/\\\/kokpit.az\\\/?p=22362#respond\"]}]},{\"@type\":\"WebPage\",\"@id\":\"https:\\\/\\\/kokpit.az\\\/?p=22362\",\"url\":\"https:\\\/\\\/kokpit.az\\\/?p=22362\",\"name\":\"Audi v\u0259 Alpine \u00e7\u0259kili\u015f g\u00fcn\u00fc ed\u0259c\u0259kl\u0259r - X\u0259b\u0259ri Kokpitd\u0259 Oxuyun!\",\"isPartOf\":{\"@id\":\"https:\\\/\\\/kokpit.az\\\/#website\"},\"primaryImageOfPage\":{\"@id\":\"https:\\\/\\\/kokpit.az\\\/?p=22362#primaryimage\"},\"image\":{\"@id\":\"https:\\\/\\\/kokpit.az\\\/?p=22362#primaryimage\"},\"thumbnailUrl\":\"https:\\\/\\\/kokpit.az\\\/wp-content\\\/uploads\\\/2025\\\/09\\\/IMG_6119-scaled-e1757227402916.jpeg\",\"datePublished\":\"2025-12-12T09:59:55+00:00\",\"dateModified\":\"2025-12-12T13:02:16+00:00\",\"breadcrumb\":{\"@id\":\"https:\\\/\\\/kokpit.az\\\/?p=22362#breadcrumb\"},\"inLanguage\":\"az\",\"potentialAction\":[{\"@type\":\"ReadAction\",\"target\":[\"https:\\\/\\\/kokpit.az\\\/?p=22362\"]}]},{\"@type\":\"ImageObject\",\"inLanguage\":\"az\",\"@id\":\"https:\\\/\\\/kokpit.az\\\/?p=22362#primaryimage\",\"url\":\"https:\\\/\\\/kokpit.az\\\/wp-content\\\/uploads\\\/2025\\\/09\\\/IMG_6119-scaled-e1757227402916.jpeg\",\"contentUrl\":\"https:\\\/\\\/kokpit.az\\\/wp-content\\\/uploads\\\/2025\\\/09\\\/IMG_6119-scaled-e1757227402916.jpeg\",\"width\":1200,\"height\":630},{\"@type\":\"BreadcrumbList\",\"@id\":\"https:\\\/\\\/kokpit.az\\\/?p=22362#breadcrumb\",\"itemListElement\":[{\"@type\":\"ListItem\",\"position\":1,\"name\":\"Home\",\"item\":\"https:\\\/\\\/kokpit.az\\\/\"},{\"@type\":\"ListItem\",\"position\":2,\"name\":\"Audi v\u0259 Alpine \u00e7\u0259kili\u015f g\u00fcn\u00fc ed\u0259c\u0259kl\u0259r\"}]},{\"@type\":\"WebSite\",\"@id\":\"https:\\\/\\\/kokpit.az\\\/#website\",\"url\":\"https:\\\/\\\/kokpit.az\\\/\",\"name\":\"X\u0259b\u0259ri Kokpitd\u0259 Oxuyun!\",\"description\":\"\",\"publisher\":{\"@id\":\"https:\\\/\\\/kokpit.az\\\/#organization\"},\"potentialAction\":[{\"@type\":\"SearchAction\",\"target\":{\"@type\":\"EntryPoint\",\"urlTemplate\":\"https:\\\/\\\/kokpit.az\\\/?s={search_term_string}\"},\"query-input\":{\"@type\":\"PropertyValueSpecification\",\"valueRequired\":true,\"valueName\":\"search_term_string\"}}],\"inLanguage\":\"az\"},{\"@type\":\"Organization\",\"@id\":\"https:\\\/\\\/kokpit.az\\\/#organization\",\"name\":\"X\u0259b\u0259ri Kokpitd\u0259 Oxuyun!\",\"url\":\"https:\\\/\\\/kokpit.az\\\/\",\"logo\":{\"@type\":\"ImageObject\",\"inLanguage\":\"az\",\"@id\":\"https:\\\/\\\/kokpit.az\\\/#\\\/schema\\\/logo\\\/image\\\/\",\"url\":\"https:\\\/\\\/kokpit.az\\\/wp-content\\\/uploads\\\/2023\\\/05\\\/kokpit.jpg\",\"contentUrl\":\"https:\\\/\\\/kokpit.az\\\/wp-content\\\/uploads\\\/2023\\\/05\\\/kokpit.jpg\",\"width\":488,\"height\":245,\"caption\":\"X\u0259b\u0259ri Kokpitd\u0259 Oxuyun!\"},\"image\":{\"@id\":\"https:\\\/\\\/kokpit.az\\\/#\\\/schema\\\/logo\\\/image\\\/\"},\"sameAs\":[\"https:\\\/\\\/www.facebook.com\\\/profile.php?id=61553756392357\"]},{\"@type\":\"Person\",\"@id\":\"https:\\\/\\\/kokpit.az\\\/#\\\/schema\\\/person\\\/f4114e650bc2993d0650e4fb6933c581\",\"name\":\"Rauf Hac\u0131yev\",\"image\":{\"@type\":\"ImageObject\",\"inLanguage\":\"az\",\"@id\":\"https:\\\/\\\/secure.gravatar.com\\\/avatar\\\/394a2085c47c7acdcf41f7d270b7cbb52513d6f4f24c1cb6dfbbd61f98c0503d?s=96&d=mm&r=g\",\"url\":\"https:\\\/\\\/secure.gravatar.com\\\/avatar\\\/394a2085c47c7acdcf41f7d270b7cbb52513d6f4f24c1cb6dfbbd61f98c0503d?s=96&d=mm&r=g\",\"contentUrl\":\"https:\\\/\\\/secure.gravatar.com\\\/avatar\\\/394a2085c47c7acdcf41f7d270b7cbb52513d6f4f24c1cb6dfbbd61f98c0503d?s=96&d=mm&r=g\",\"caption\":\"Rauf Hac\u0131yev\"},\"sameAs\":[\"https:\\\/\\\/kokpit.az\"],\"url\":\"https:\\\/\\\/kokpit.az\\\/?author=2\"}]}<\/script>\n<!-- \/ Yoast SEO plugin. -->","yoast_head_json":{"title":"Audi v\u0259 Alpine \u00e7\u0259kili\u015f g\u00fcn\u00fc ed\u0259c\u0259kl\u0259r - X\u0259b\u0259ri Kokpitd\u0259 Oxuyun!","robots":{"index":"index","follow":"follow","max-snippet":"max-snippet:-1","max-image-preview":"max-image-preview:large","max-video-preview":"max-video-preview:-1"},"canonical":"https:\/\/kokpit.az\/?p=22362","og_locale":"az_AZ","og_type":"article","og_title":"Audi v\u0259 Alpine \u00e7\u0259kili\u015f g\u00fcn\u00fc ed\u0259c\u0259kl\u0259r - X\u0259b\u0259ri Kokpitd\u0259 Oxuyun!","og_description":"Yeni texniki reqlament\u0259 ke\u00e7id s\u0259b\u0259bind\u0259n bu d\u0259f\u0259 Formula 1-d\u0259 m\u00f6vs\u00fcml\u0259raras\u0131 fasil\u0259 \u00e7ox q\u0131sa olacaq. 7 dekabrda \u018fbu-Dabid\u0259 ba\u015fa \u00e7atan son yar\u0131\u015fdan c\u0259mi bir ay sonra \u2013 yanvar\u0131n ilk g\u00fcnl\u0259rind\u0259 2026-c\u0131 il bolidl\u0259ri trasa \u00e7\u0131xacaqlar.","og_url":"https:\/\/kokpit.az\/?p=22362","og_site_name":"X\u0259b\u0259ri Kokpitd\u0259 Oxuyun!","article_publisher":"https:\/\/www.facebook.com\/profile.php?id=61553756392357","article_published_time":"2025-12-12T09:59:55+00:00","article_modified_time":"2025-12-12T13:02:16+00:00","og_image":[{"width":1200,"height":630,"url":"https:\/\/kokpit.az\/wp-content\/uploads\/2025\/09\/IMG_6119-scaled-e1757227402916.jpeg","type":"image\/jpeg"}],"author":"Rauf Hac\u0131yev","twitter_card":"summary_large_image","twitter_misc":{"Written by":"Rauf Hac\u0131yev","Est. reading time":"1 minute"},"schema":{"@context":"https:\/\/schema.org","@graph":[{"@type":"Article","@id":"https:\/\/kokpit.az\/?p=22362#article","isPartOf":{"@id":"https:\/\/kokpit.az\/?p=22362"},"author":{"name":"Rauf Hac\u0131yev","@id":"https:\/\/kokpit.az\/#\/schema\/person\/f4114e650bc2993d0650e4fb6933c581"},"headline":"Audi v\u0259 Alpine \u00e7\u0259kili\u015f g\u00fcn\u00fc ed\u0259c\u0259kl\u0259r","datePublished":"2025-12-12T09:59:55+00:00","dateModified":"2025-12-12T13:02:16+00:00","mainEntityOfPage":{"@id":"https:\/\/kokpit.az\/?p=22362"},"wordCount":147,"commentCount":0,"publisher":{"@id":"https:\/\/kokpit.az\/#organization"},"image":{"@id":"https:\/\/kokpit.az\/?p=22362#primaryimage"},"thumbnailUrl":"https:\/\/kokpit.az\/wp-content\/uploads\/2025\/09\/IMG_6119-scaled-e1757227402916.jpeg","keywords":["Audi F1","BWT Alpine F1 Team","Circuit de Catalunya"],"articleSection":["Formula 1"],"inLanguage":"az","potentialAction":[{"@type":"CommentAction","name":"Comment","target":["https:\/\/kokpit.az\/?p=22362#respond"]}]},{"@type":"WebPage","@id":"https:\/\/kokpit.az\/?p=22362","url":"https:\/\/kokpit.az\/?p=22362","name":"Audi v\u0259 Alpine \u00e7\u0259kili\u015f g\u00fcn\u00fc ed\u0259c\u0259kl\u0259r - X\u0259b\u0259ri Kokpitd\u0259 Oxuyun!","isPartOf":{"@id":"https:\/\/kokpit.az\/#website"},"primaryImageOfPage":{"@id":"https:\/\/kokpit.az\/?p=22362#primaryimage"},"image":{"@id":"https:\/\/kokpit.az\/?p=22362#primaryimage"},"thumbnailUrl":"https:\/\/kokpit.az\/wp-content\/uploads\/2025\/09\/IMG_6119-scaled-e1757227402916.jpeg","datePublished":"2025-12-12T09:59:55+00:00","dateModified":"2025-12-12T13:02:16+00:00","breadcrumb":{"@id":"https:\/\/kokpit.az\/?p=22362#breadcrumb"},"inLanguage":"az","potentialAction":[{"@type":"ReadAction","target":["https:\/\/kokpit.az\/?p=22362"]}]},{"@type":"ImageObject","inLanguage":"az","@id":"https:\/\/kokpit.az\/?p=22362#primaryimage","url":"https:\/\/kokpit.az\/wp-content\/uploads\/2025\/09\/IMG_6119-scaled-e1757227402916.jpeg","contentUrl":"https:\/\/kokpit.az\/wp-content\/uploads\/2025\/09\/IMG_6119-scaled-e1757227402916.jpeg","width":1200,"height":630},{"@type":"BreadcrumbList","@id":"https:\/\/kokpit.az\/?p=22362#breadcrumb","itemListElement":[{"@type":"ListItem","position":1,"name":"Home","item":"https:\/\/kokpit.az\/"},{"@type":"ListItem","position":2,"name":"Audi v\u0259 Alpine \u00e7\u0259kili\u015f g\u00fcn\u00fc ed\u0259c\u0259kl\u0259r"}]},{"@type":"WebSite","@id":"https:\/\/kokpit.az\/#website","url":"https:\/\/kokpit.az\/","name":"X\u0259b\u0259ri Kokpitd\u0259 Oxuyun!","description":"","publisher":{"@id":"https:\/\/kokpit.az\/#organization"},"potentialAction":[{"@type":"SearchAction","target":{"@type":"EntryPoint","urlTemplate":"https:\/\/kokpit.az\/?s={search_term_string}"},"query-input":{"@type":"PropertyValueSpecification","valueRequired":true,"valueName":"search_term_string"}}],"inLanguage":"az"},{"@type":"Organization","@id":"https:\/\/kokpit.az\/#organization","name":"X\u0259b\u0259ri Kokpitd\u0259 Oxuyun!","url":"https:\/\/kokpit.az\/","logo":{"@type":"ImageObject","inLanguage":"az","@id":"https:\/\/kokpit.az\/#\/schema\/logo\/image\/","url":"https:\/\/kokpit.az\/wp-content\/uploads\/2023\/05\/kokpit.jpg","contentUrl":"https:\/\/kokpit.az\/wp-content\/uploads\/2023\/05\/kokpit.jpg","width":488,"height":245,"caption":"X\u0259b\u0259ri Kokpitd\u0259 Oxuyun!"},"image":{"@id":"https:\/\/kokpit.az\/#\/schema\/logo\/image\/"},"sameAs":["https:\/\/www.facebook.com\/profile.php?id=61553756392357"]},{"@type":"Person","@id":"https:\/\/kokpit.az\/#\/schema\/person\/f4114e650bc2993d0650e4fb6933c581","name":"Rauf Hac\u0131yev","image":{"@type":"ImageObject","inLanguage":"az","@id":"https:\/\/secure.gravatar.com\/avatar\/394a2085c47c7acdcf41f7d270b7cbb52513d6f4f24c1cb6dfbbd61f98c0503d?s=96&d=mm&r=g","url":"https:\/\/secure.gravatar.com\/avatar\/394a2085c47c7acdcf41f7d270b7cbb52513d6f4f24c1cb6dfbbd61f98c0503d?s=96&d=mm&r=g","contentUrl":"https:\/\/secure.gravatar.com\/avatar\/394a2085c47c7acdcf41f7d270b7cbb52513d6f4f24c1cb6dfbbd61f98c0503d?s=96&d=mm&r=g","caption":"Rauf Hac\u0131yev"},"sameAs":["https:\/\/kokpit.az"],"url":"https:\/\/kokpit.az\/?author=2"}]}},"_links":{"self":[{"href":"https:\/\/kokpit.az\/index.php?rest_route=\/wp\/v2\/posts\/22362","targetHints":{"allow":["GET"]}}],"collection":[{"href":"https:\/\/kokpit.az\/index.php?rest_route=\/wp\/v2\/posts"}],"about":[{"href":"https:\/\/kokpit.az\/index.php?rest_route=\/wp\/v2\/types\/post"}],"author":[{"embeddable":true,"href":"https:\/\/kokpit.az\/index.php?rest_route=\/wp\/v2\/users\/2"}],"replies":[{"embeddable":true,"href":"https:\/\/kokpit.az\/index.php?rest_route=%2Fwp%2Fv2%2Fcomments&post=22362"}],"version-history":[{"count":1,"href":"https:\/\/kokpit.az\/index.php?rest_route=\/wp\/v2\/posts\/22362\/revisions"}],"predecessor-version":[{"id":22363,"href":"https:\/\/kokpit.az\/index.php?rest_route=\/wp\/v2\/posts\/22362\/revisions\/22363"}],"wp:featuredmedia":[{"embeddable":true,"href":"https:\/\/kokpit.az\/index.php?rest_route=\/wp\/v2\/media\/18777"}],"wp:attachment":[{"href":"https:\/\/kokpit.az\/index.php?rest_route=%2Fwp%2Fv2%2Fmedia&parent=22362"}],"wp:term":[{"taxonomy":"category","embeddable":true,"href":"https:\/\/kokpit.az\/index.php?rest_route=%2Fwp%2Fv2%2Fcategories&post=22362"},{"taxonomy":"post_tag","embeddable":true,"href":"https:\/\/kokpit.az\/index.php?rest_route=%2Fwp%2Fv2%2Ftags&post=22362"}],"curies":[{"name":"wp","href":"https:\/\/api.w.org\/{rel}","templated":true}]}}