{"id":22132,"date":"2025-11-30T21:37:01","date_gmt":"2025-11-30T17:37:01","guid":{"rendered":"https:\/\/kokpit.az\/?p=22132"},"modified":"2026-04-06T23:11:21","modified_gmt":"2026-04-06T19:11:21","slug":"q%c9%99t%c9%99r-2025-ferstappen-mclaren-in-s%c9%99hvini-bagislamayib","status":"publish","type":"post","link":"https:\/\/kokpit.az\/?p=22132","title":{"rendered":"Q\u0259t\u0259r-2025: Ferstappen McLaren-in s\u0259hvini ba\u011f\u0131\u015flamay\u0131b"},"content":{"rendered":"<p>M\u00f6vs\u00fcm\u00fcn bitm\u0259sin\u0259 iki m\u0259rh\u0259l\u0259 qalm\u0131\u015f Formula 1 Q\u0259t\u0259r\u0259 \u00e7empionluq m\u0259s\u0259l\u0259si h\u0259l\u0259 h\u0259ll olunmadan g\u0259lib. Lando Norris \u00e7empionatda 24 xal \u00fcst\u00fcnl\u00fckl\u0259 lider olub, onu Oskar Piastri v\u0259 Maks Ferstappen t\u0259qib edibl\u0259r.<\/p>\n<p>Piastri h\u0259ft\u0259sonunun b\u00fct\u00fcn sessiyalar\u0131nda liderlik edib \u2013 yegan\u0259 s\u0259rb\u0259st y\u00fcr\u00fc\u015fd\u0259 \u0259n yax\u015f\u0131 n\u0259tic\u0259ni \u0259ld\u0259 edib, sprint kvalifikasiyas\u0131n\u0131 v\u0259 sprinti qazan\u0131b, daha sonra is\u0259 \u0259sas kvalifikasiyada poul m\u00f6vqeyini \u0259ld\u0259 edib. Sprintd\u0259 Ferstappen McLaren s\u00fcr\u00fcc\u00fcl\u0259rin\u0259 uduzub v\u0259 bu, \u00e7empionluq m\u00fcbariz\u0259sind\u0259 v\u0259ziyy\u0259ti bir q\u0259d\u0259r d\u0259yi\u015fib. Qran Pri \u00f6nc\u0259si Norrisin 396 xal\u0131 olub, Piastri 374 xalla (-22), Ferstappen is\u0259 371 xalla (-25) gerid\u0259 qal\u0131b. Bel\u0259likl\u0259, Lando \u00fc\u00e7\u00fcn h\u0259r \u015feyi m\u0259hz Q\u0259t\u0259rd\u0259 h\u0259ll etm\u0259k imkan\u0131 yaran\u0131b.<\/p>\n<p>\u00c7empionlu\u011fa iddial\u0131 \u00fc\u00e7 s\u00fcr\u00fcc\u00fc startda ilk \u00fc\u00e7 yeri tutub. Piastri v\u0259 Norris m\u00f6vs\u00fcmd\u0259 be\u015finci d\u0259f\u0259 McLaren-\u0259 ilk c\u0259rg\u0259ni qazand\u0131r\u0131b, ikinci c\u0259rg\u0259d\u0259n Ferstappen v\u0259 Rassell, \u00fc\u00e7\u00fcnc\u00fc c\u0259rg\u0259d\u0259n is\u0259 Antonelli v\u0259 Hacar start g\u00f6t\u00fcr\u00fcbl\u0259r. Yaln\u0131z Bortoleto m\u00f6vqel\u0259r itirib. O, \u00a0Las-Veqasdak\u0131 insident\u0259 g\u00f6r\u0259 be\u015f yer geriy\u0259 d\u00fc\u015f\u00fcb. Kolapinto is\u0259 komandan\u0131n sazlamalar\u0131 d\u0259yi\u015fdiyin\u0259 g\u00f6r\u0259 pit-leynd\u0259n start al\u0131b.<\/p>\n<p>T\u0259k\u0259r t\u0259chizat\u00e7\u0131lar\u0131 Q\u0259t\u0259r\u0259 \u0259n s\u0259rt t\u0259rkibl\u0259ri g\u0259tiribl\u0259r v\u0259 de\u015film\u0259l\u0259rin qar\u015f\u0131s\u0131n\u0131 almaq \u00fc\u00e7\u00fcn bir d\u0259st t\u0259k\u0259rl\u0259 25 d\u00f6vr\u0259d\u0259n \u00e7ox getm\u0259yi qada\u011fan edib, \u00e7\u00fcnki a\u015f\u0131nma \u00e7ox y\u00fcks\u0259k olub. Bu q\u0259rar komandalar\u0131 iki pit-stop strategiyas\u0131na m\u0259cbur edib. Yar\u0131\u015fa H\u00fclkenberq v\u0259 H\u0259milton Soft, Elbon v\u0259 Kolapinto Hard il\u0259 ba\u015flay\u0131blar, qalanlar\u0131 is\u0259 Medium se\u00e7ibl\u0259r.<\/p>\n<p>Startda Piastri liderliyini qoruyub. Ferstappen Norrisi qabaqlay\u0131b. Rassell v\u0259 Elbon \u00fc\u00e7 m\u00f6vqe itirib, H\u0259milton is\u0259 \u00fc\u00e7 yer qazan\u0131b.<\/p>\n<p>Okon falstart edib v\u0259 5 saniy\u0259 c\u0259za al\u0131b. Qasli trasdan \u00e7\u0131xaraq 14-c\u00fc d\u00f6ng\u0259d\u0259 t\u0259hl\u00fck\u0259li \u015f\u0259kild\u0259 geri qay\u0131d\u0131b v\u0259 qara-a\u011f bayraqla x\u0259b\u0259rdarl\u0131q edilib.<\/p>\n<p>2-ci d\u00f6vr\u0259d\u0259 H\u00fclkenberq 10-cu yer u\u011frunda Lekleri ke\u00e7ib.<\/p>\n<p>3-c\u00fc d\u00f6vr\u0259d\u0259 ilk onluq: Piastri \u2013 Ferstappen \u2013 Norris \u2013 Antonelli \u2013 Sayns \u2013 Alonso \u2013 Rassell \u2013 Hacar \u2013 Qasli \u2013 H\u00fclkenberq olub.<\/p>\n<p>Piastri tempi art\u0131raraq Maksdan uzaqla\u015f\u0131b v\u0259 h\u00fccumlardan s\u0131\u011fortalan\u0131b, peloton is\u0259 aralan\u0131b.<\/p>\n<p>7-ci d\u00f6vr\u0259d\u0259 H\u00fclkenberq v\u0259 Qasli m\u00f6vqe u\u011frunda m\u00fcbariz\u0259d\u0259 toqqu\u015fublar. H\u00fclkenberq q\u0259zaya u\u011frayaraq yar\u0131\u015f\u0131 dayand\u0131rmal\u0131 olub, Qasli is\u0259 de\u015filmi\u015f t\u0259k\u0259rl\u0259 boksa qay\u0131d\u0131b v\u0259 m\u00fcbariz\u0259ni davam etdirib. T\u0259hl\u00fck\u0259sizlik ma\u015f\u0131n\u0131 trasa \u00e7\u0131x\u0131b, st\u00fcardlar he\u00e7 kimi c\u0259zaland\u0131rmay\u0131b.<\/p>\n<p>8-ci d\u00f6vr\u0259d\u0259 s\u00fcr\u00fcc\u00fcl\u0259r t\u0259k\u0259r d\u0259yi\u015fm\u0259k \u00fc\u00e7\u00fcn boksa girib, lakin McLaren s\u0259hv ed\u0259r\u0259k s\u00fcr\u00fcc\u00fcl\u0259rini trasda saxlay\u0131b.<\/p>\n<p>Piastri, Norris v\u0259 Okon start d\u0259stind\u0259 qalma\u011fa davam edib. Rassell ikiqat pit-stop s\u0259b\u0259bind\u0259n m\u00f6vqe itirib. 9-cu d\u00f6vr\u0259d\u0259 Okon pit-stop edib, 10-cu d\u00f6vr\u0259d\u0259 is\u0259 c\u0259zas\u0131n\u0131 \u00e7\u0259km\u0259k \u00fc\u00e7\u00fcn yenid\u0259n boksa girib.<\/p>\n<p>T\u0259hl\u00fck\u0259sizlik ma\u015f\u0131n\u0131 arxas\u0131nda ilk onluq: Piastri \u2013 Norris \u2013 Ferstappen \u2013 Sayns \u2013 Antonelli \u2013 Alonso \u2013 Hacar \u2013 Rassell \u2013 Lekler \u2013 Berman olub.<\/p>\n<p>11-ci d\u00f6vr\u0259d\u0259 restart verilib. Yegan\u0259 \u00f6tm\u0259 Oconun Qaslini 18-ci yer u\u011frunda ke\u00e7m\u0259si olub.<\/p>\n<p>Elbon tras limitl\u0259rini d\u0259f\u0259l\u0259rl\u0259 pozdu\u011funa g\u00f6r\u0259 qara-a\u011f bayraqla x\u0259b\u0259rdarl\u0131q al\u0131b.<\/p>\n<p>24-c\u00fc d\u00f6vr\u0259d\u0259 Piastri pit-stop edib, 25-ci d\u00f6vr\u0259d\u0259 is\u0259 Norris \u2013 Pirelli-nin m\u0259hdudiyy\u0259ti s\u0259b\u0259bind\u0259n bu t\u0259k\u0259rl\u0259rl\u0259 daha \u00e7ox d\u00f6vr\u0259 vurmaq m\u00fcmk\u00fcn olmay\u0131b. Piastri trasa d\u00f6rd\u00fcnc\u00fc qay\u0131d\u0131b, Norris is\u0259 d\u0259rhal onun arxas\u0131nda yer al\u0131b. Stroll pit-leynd\u0259 s\u00fcr\u0259t h\u0259ddini a\u015fd\u0131\u011f\u0131 \u00fc\u00e7\u00fcn 5 saniy\u0259 c\u0259za al\u0131b.<\/p>\n<p>30-cu d\u00f6vr\u0259d\u0259 Piastri Antonellini ke\u00e7\u0259r\u0259k \u00fc\u00e7\u00fcnc\u00fc yer\u0259 y\u00fcks\u0259lib.<\/p>\n<p>33-c\u00fc d\u00f6vr\u0259d\u0259 Ferstappen, Sayns, Antonelli, Alonso, Hadjar, Rassell, Lekler, Berman, Louson, Tsunoda, Elbon, H\u0259milton, Bortoleto, Kolapinto v\u0259 Qasli pit-stop edib.<\/p>\n<p>McLaren s\u00fcr\u00fcc\u00fcl\u0259ri v\u0259 Stroll istisna olmaqla ham\u0131 iki pit-stop strategiyas\u0131n\u0131 tamamlay\u0131b v\u0259 art\u0131q boksa qay\u0131tmamal\u0131 olub. McLaren \u00fc\u00e7\u00fcn is\u0259 \u0259lav\u0259 pit-stop z\u0259ruri olub \u2013 onlar\u0131n istifad\u0259 etdiyi t\u0259k\u0259r d\u0259sti 6 d\u00f6vr\u0259 art\u0131q i\u015fl\u0259nmi\u015f olub v\u0259 25 d\u00f6vr\u0259 limiti s\u0259b\u0259bind\u0259n fini\u015f\u0259 q\u0259d\u0259r \u00e7atd\u0131ra bilm\u0259zdil\u0259r.<\/p>\n<p>Berman bokstan t\u0259hl\u00fck\u0259li \u015f\u0259kild\u0259 burax\u0131l\u0131b \u2013 ma\u015f\u0131n h\u0259l\u0259 arxa qald\u0131r\u0131c\u0131 \u00fcz\u0259rind\u0259 olark\u0259n h\u0259r\u0259k\u0259t\u0259 ba\u015flay\u0131b v\u0259 10 saniy\u0259lik Dayan v\u0259 Get c\u0259zas\u0131 al\u0131b.<\/p>\n<p>35-ci d\u00f6vr\u0259d\u0259 Ocon pit-stop edib.<\/p>\n<p>35-ci d\u00f6vr\u0259d\u0259 ilk onluq: Piastri \u2013 Norris \u2013 Ferstappen \u2013 Sayns \u2013 Antonelli \u2013 Alonso \u2013 Hadjar \u2013 Rassell \u2013 Lekler \u2013 Stroll olub.<\/p>\n<p>37-ci d\u00f6vr\u0259d\u0259 Norris komandadan ma\u015f\u0131n\u0131 yoxlama\u011f\u0131 ist\u0259yib \u2013 o, bir d\u00f6vr\u0259d\u0259 t\u0259xmin\u0259n 1 saniy\u0259 itirib.<\/p>\n<p>Alonso f\u0131rlan\u0131b v\u0259 Hacarla Rasselli \u00f6n\u0259 burax\u0131b. Berman pit-leynd\u0259 c\u0259zas\u0131n\u0131 \u00e7\u0259kib, 43-c\u00fc d\u00f6vr\u0259d\u0259 is\u0259 boksa qay\u0131daraq yar\u0131\u015f\u0131 dayand\u0131r\u0131b.<\/p>\n<p>43-c\u00fc d\u00f6vr\u0259d\u0259 Piastri t\u0259k\u0259rl\u0259ri d\u0259yi\u015f\u0259r\u0259k Ferstappend\u0259n 17 saniy\u0259 geri qalmaqla \u00fc\u00e7\u00fcnc\u00fc yerd\u0259 trasa qay\u0131d\u0131b.<\/p>\n<p>44-c\u00fc d\u00f6vr\u0259d\u0259 Norris pit-stop edib v\u0259 be\u015finci yer\u0259 qay\u0131d\u0131b.<\/p>\n<p>Rassell tras limitl\u0259rin\u0259 g\u00f6r\u0259 qara-a\u011f bayraqla x\u0259b\u0259rdarl\u0131q al\u0131b.<\/p>\n<p>46-c\u0131 d\u00f6vr\u0259d\u0259 ilk onluq: Ferstappen \u2013 Piastri \u2013 Sayns \u2013 Antonelli \u2013 Norris \u2013 Hacar \u2013 Rassell \u2013 Alonso \u2013 Lekler \u2013 Stroll olub.<\/p>\n<p>50-ci d\u00f6vr\u0259d\u0259 Stroll pit-stop edib v\u0259 c\u0259zas\u0131n\u0131 \u00e7\u0259kib.<\/p>\n<p>56-c\u0131 d\u00f6vr\u0259d\u0259 Hacar\u0131n ma\u015f\u0131n\u0131nda \u00f6n sol t\u0259k\u0259r partlay\u0131b, lakin bu Pirelli-nin g\u00fcnah\u0131 olmay\u0131b. Bel\u0259 ki, \u00f6n qanad\u0131n ucluq hiss\u0259si q\u0131r\u0131laraq t\u0259k\u0259ri z\u0259d\u0259l\u0259yib. O, yava\u015f templ\u0259 boksa qay\u0131d\u0131b.<\/p>\n<p>57-ci d\u00f6vr\u0259d\u0259 Norris ki\u00e7ik s\u0259hv\u0259 yol ver\u0259n Antonellini ke\u00e7\u0259r\u0259k d\u00f6rd\u00fcnc\u00fc yer\u0259 y\u00fcks\u0259lib. Stroll is\u0259 boksa gir\u0259r\u0259k yar\u0131\u015f\u0131 dayand\u0131r\u0131b.<\/p>\n<p>Maks Ferstappen Q\u0259t\u0259r Qran Prisini qazanaraq m\u00f6vs\u00fcmd\u0259 yeddinci, karyeras\u0131nda is\u0259 70-ci q\u0259l\u0259b\u0259sini \u0259ld\u0259 edib.<\/p>\n<p>Oskar Piastri ikinci yeri tutub, Karlos Sayns is\u0259 podiumun \u00fc\u00e7\u00fcnc\u00fc pill\u0259sin\u0259 y\u00fcks\u0259lib. Bununla da, Williams Konstruktorlar Kubokunda be\u015finci yeri t\u0259min edib.<\/p>\n<p>\u00c7empionlu\u011fun taleyi n\u00f6vb\u0259ti h\u0259ft\u0259 \u018fbu-Dabid\u0259 h\u0259ll olunacaq. Norris \u015f\u0259xsi hesabda liderliyini qoruyub, Ferstappen ondan 12 xal, Piastri is\u0259 16 xal geri qal\u0131b. M\u00f6vs\u00fcm\u00fcn final\u0131 kifay\u0259t q\u0259d\u0259r maraql\u0131 olacaq.<\/p>\n","protected":false},"excerpt":{"rendered":"<p>Q\u0259t\u0259r m\u0259rh\u0259l\u0259sinin noyabr\u0131n sonuna ke\u00e7irilm\u0259sind\u0259n sonra isti hava art\u0131q problem yaratmay\u0131b \u2013 \u015f\u0259rait kifay\u0259t q\u0259d\u0259r rahat olub, lakin dig\u0259r \u00e7at\u0131\u015fmazl\u0131qlar qal\u0131b, \u0259sas\u0259n trasdak\u0131 qum mane\u0259 t\u00f6r\u0259dib.<\/p>\n","protected":false},"author":1,"featured_media":24702,"comment_status":"open","ping_status":"open","sticky":false,"template":"","format":"standard","meta":{"footnotes":""},"categories":[4,207,2],"tags":[65,178,56,74,530,109],"class_list":["post-22132","post","type-post","status-publish","format-standard","has-post-thumbnail","hentry","category-manshet","category-qtr-qran-prisi","category-news","tag-carlos-sainz-jr","tag-lusail-international-circuit","tag-max-verstappen","tag-oscar-piastri","tag-qatar-airways","tag-qatar-grand-prix"],"yoast_head":"<!-- This site is optimized with the Yoast SEO plugin v27.5 - https:\/\/yoast.com\/product\/yoast-seo-wordpress\/ -->\n<title>Q\u0259t\u0259r-2025: Ferstappen McLaren-in s\u0259hvini ba\u011f\u0131\u015flamay\u0131b - X\u0259b\u0259ri Kokpitd\u0259 Oxuyun!<\/title>\n<meta name=\"robots\" content=\"index, follow, max-snippet:-1, max-image-preview:large, max-video-preview:-1\" \/>\n<link rel=\"canonical\" href=\"https:\/\/kokpit.az\/?p=22132\" \/>\n<meta property=\"og:locale\" content=\"az_AZ\" \/>\n<meta property=\"og:type\" content=\"article\" \/>\n<meta property=\"og:title\" content=\"Q\u0259t\u0259r-2025: Ferstappen McLaren-in s\u0259hvini ba\u011f\u0131\u015flamay\u0131b - X\u0259b\u0259ri Kokpitd\u0259 Oxuyun!\" \/>\n<meta property=\"og:description\" content=\"Q\u0259t\u0259r m\u0259rh\u0259l\u0259sinin noyabr\u0131n sonuna ke\u00e7irilm\u0259sind\u0259n sonra isti hava art\u0131q problem yaratmay\u0131b \u2013 \u015f\u0259rait kifay\u0259t q\u0259d\u0259r rahat olub, lakin dig\u0259r \u00e7at\u0131\u015fmazl\u0131qlar qal\u0131b, \u0259sas\u0259n trasdak\u0131 qum mane\u0259 t\u00f6r\u0259dib.\" \/>\n<meta property=\"og:url\" content=\"https:\/\/kokpit.az\/?p=22132\" \/>\n<meta property=\"og:site_name\" content=\"X\u0259b\u0259ri Kokpitd\u0259 Oxuyun!\" \/>\n<meta property=\"article:publisher\" content=\"https:\/\/www.facebook.com\/profile.php?id=61553756392357\" \/>\n<meta property=\"article:published_time\" content=\"2025-11-30T17:37:01+00:00\" \/>\n<meta property=\"article:modified_time\" content=\"2026-04-06T19:11:21+00:00\" \/>\n<meta property=\"og:image\" content=\"https:\/\/kokpit.az\/wp-content\/uploads\/2025\/11\/SI202511300587-1920x1280.jpg-e1775502001597.webp\" \/>\n\t<meta property=\"og:image:width\" content=\"1200\" \/>\n\t<meta property=\"og:image:height\" content=\"630\" \/>\n\t<meta property=\"og:image:type\" content=\"image\/webp\" \/>\n<meta name=\"author\" content=\"El\u00e7in Zodorov\" \/>\n<meta name=\"twitter:card\" content=\"summary_large_image\" \/>\n<meta name=\"twitter:label1\" content=\"Written by\" \/>\n\t<meta name=\"twitter:data1\" content=\"El\u00e7in Zodorov\" \/>\n\t<meta name=\"twitter:label2\" content=\"Est. reading time\" \/>\n\t<meta name=\"twitter:data2\" content=\"6 minutes\" \/>\n<script type=\"application\/ld+json\" class=\"yoast-schema-graph\">{\"@context\":\"https:\\\/\\\/schema.org\",\"@graph\":[{\"@type\":\"Article\",\"@id\":\"https:\\\/\\\/kokpit.az\\\/?p=22132#article\",\"isPartOf\":{\"@id\":\"https:\\\/\\\/kokpit.az\\\/?p=22132\"},\"author\":{\"name\":\"El\u00e7in Zodorov\",\"@id\":\"https:\\\/\\\/kokpit.az\\\/#\\\/schema\\\/person\\\/9a3c87bcfb1be4d1bdd26fbdf5a8ed2d\"},\"headline\":\"Q\u0259t\u0259r-2025: Ferstappen McLaren-in s\u0259hvini ba\u011f\u0131\u015flamay\u0131b\",\"datePublished\":\"2025-11-30T17:37:01+00:00\",\"dateModified\":\"2026-04-06T19:11:21+00:00\",\"mainEntityOfPage\":{\"@id\":\"https:\\\/\\\/kokpit.az\\\/?p=22132\"},\"wordCount\":1157,\"commentCount\":0,\"publisher\":{\"@id\":\"https:\\\/\\\/kokpit.az\\\/#organization\"},\"image\":{\"@id\":\"https:\\\/\\\/kokpit.az\\\/?p=22132#primaryimage\"},\"thumbnailUrl\":\"https:\\\/\\\/kokpit.az\\\/wp-content\\\/uploads\\\/2025\\\/11\\\/SI202511300587-1920x1280.jpg-e1775502001597.webp\",\"keywords\":[\"Carlos Sainz Jr.\",\"Lusail International Circuit\",\"Max Verstappen\",\"Oscar Piastri\",\"Qatar Airways\",\"Qatar Grand Prix\"],\"articleSection\":[\"Man\u015fet\",\"Q\u0259t\u0259r Qran Prisi\",\"X\u0259b\u0259rl\u0259r\"],\"inLanguage\":\"az\",\"potentialAction\":[{\"@type\":\"CommentAction\",\"name\":\"Comment\",\"target\":[\"https:\\\/\\\/kokpit.az\\\/?p=22132#respond\"]}]},{\"@type\":\"WebPage\",\"@id\":\"https:\\\/\\\/kokpit.az\\\/?p=22132\",\"url\":\"https:\\\/\\\/kokpit.az\\\/?p=22132\",\"name\":\"Q\u0259t\u0259r-2025: Ferstappen McLaren-in s\u0259hvini ba\u011f\u0131\u015flamay\u0131b - X\u0259b\u0259ri Kokpitd\u0259 Oxuyun!\",\"isPartOf\":{\"@id\":\"https:\\\/\\\/kokpit.az\\\/#website\"},\"primaryImageOfPage\":{\"@id\":\"https:\\\/\\\/kokpit.az\\\/?p=22132#primaryimage\"},\"image\":{\"@id\":\"https:\\\/\\\/kokpit.az\\\/?p=22132#primaryimage\"},\"thumbnailUrl\":\"https:\\\/\\\/kokpit.az\\\/wp-content\\\/uploads\\\/2025\\\/11\\\/SI202511300587-1920x1280.jpg-e1775502001597.webp\",\"datePublished\":\"2025-11-30T17:37:01+00:00\",\"dateModified\":\"2026-04-06T19:11:21+00:00\",\"breadcrumb\":{\"@id\":\"https:\\\/\\\/kokpit.az\\\/?p=22132#breadcrumb\"},\"inLanguage\":\"az\",\"potentialAction\":[{\"@type\":\"ReadAction\",\"target\":[\"https:\\\/\\\/kokpit.az\\\/?p=22132\"]}]},{\"@type\":\"ImageObject\",\"inLanguage\":\"az\",\"@id\":\"https:\\\/\\\/kokpit.az\\\/?p=22132#primaryimage\",\"url\":\"https:\\\/\\\/kokpit.az\\\/wp-content\\\/uploads\\\/2025\\\/11\\\/SI202511300587-1920x1280.jpg-e1775502001597.webp\",\"contentUrl\":\"https:\\\/\\\/kokpit.az\\\/wp-content\\\/uploads\\\/2025\\\/11\\\/SI202511300587-1920x1280.jpg-e1775502001597.webp\",\"width\":1200,\"height\":630},{\"@type\":\"BreadcrumbList\",\"@id\":\"https:\\\/\\\/kokpit.az\\\/?p=22132#breadcrumb\",\"itemListElement\":[{\"@type\":\"ListItem\",\"position\":1,\"name\":\"Home\",\"item\":\"https:\\\/\\\/kokpit.az\\\/\"},{\"@type\":\"ListItem\",\"position\":2,\"name\":\"Q\u0259t\u0259r-2025: Ferstappen McLaren-in s\u0259hvini ba\u011f\u0131\u015flamay\u0131b\"}]},{\"@type\":\"WebSite\",\"@id\":\"https:\\\/\\\/kokpit.az\\\/#website\",\"url\":\"https:\\\/\\\/kokpit.az\\\/\",\"name\":\"X\u0259b\u0259ri Kokpitd\u0259 Oxuyun!\",\"description\":\"\",\"publisher\":{\"@id\":\"https:\\\/\\\/kokpit.az\\\/#organization\"},\"potentialAction\":[{\"@type\":\"SearchAction\",\"target\":{\"@type\":\"EntryPoint\",\"urlTemplate\":\"https:\\\/\\\/kokpit.az\\\/?s={search_term_string}\"},\"query-input\":{\"@type\":\"PropertyValueSpecification\",\"valueRequired\":true,\"valueName\":\"search_term_string\"}}],\"inLanguage\":\"az\"},{\"@type\":\"Organization\",\"@id\":\"https:\\\/\\\/kokpit.az\\\/#organization\",\"name\":\"X\u0259b\u0259ri Kokpitd\u0259 Oxuyun!\",\"url\":\"https:\\\/\\\/kokpit.az\\\/\",\"logo\":{\"@type\":\"ImageObject\",\"inLanguage\":\"az\",\"@id\":\"https:\\\/\\\/kokpit.az\\\/#\\\/schema\\\/logo\\\/image\\\/\",\"url\":\"https:\\\/\\\/kokpit.az\\\/wp-content\\\/uploads\\\/2023\\\/05\\\/kokpit.jpg\",\"contentUrl\":\"https:\\\/\\\/kokpit.az\\\/wp-content\\\/uploads\\\/2023\\\/05\\\/kokpit.jpg\",\"width\":488,\"height\":245,\"caption\":\"X\u0259b\u0259ri Kokpitd\u0259 Oxuyun!\"},\"image\":{\"@id\":\"https:\\\/\\\/kokpit.az\\\/#\\\/schema\\\/logo\\\/image\\\/\"},\"sameAs\":[\"https:\\\/\\\/www.facebook.com\\\/profile.php?id=61553756392357\"]},{\"@type\":\"Person\",\"@id\":\"https:\\\/\\\/kokpit.az\\\/#\\\/schema\\\/person\\\/9a3c87bcfb1be4d1bdd26fbdf5a8ed2d\",\"name\":\"El\u00e7in Zodorov\",\"image\":{\"@type\":\"ImageObject\",\"inLanguage\":\"az\",\"@id\":\"https:\\\/\\\/secure.gravatar.com\\\/avatar\\\/5e248c9a352ae0cf725a2dbbfd3a2a3bec9b4b965dc0a7e47723ddd11edca772?s=96&d=mm&r=g\",\"url\":\"https:\\\/\\\/secure.gravatar.com\\\/avatar\\\/5e248c9a352ae0cf725a2dbbfd3a2a3bec9b4b965dc0a7e47723ddd11edca772?s=96&d=mm&r=g\",\"contentUrl\":\"https:\\\/\\\/secure.gravatar.com\\\/avatar\\\/5e248c9a352ae0cf725a2dbbfd3a2a3bec9b4b965dc0a7e47723ddd11edca772?s=96&d=mm&r=g\",\"caption\":\"El\u00e7in Zodorov\"},\"sameAs\":[\"https:\\\/\\\/kokpit.az\"],\"url\":\"https:\\\/\\\/kokpit.az\\\/?author=1\"}]}<\/script>\n<!-- \/ Yoast SEO plugin. -->","yoast_head_json":{"title":"Q\u0259t\u0259r-2025: Ferstappen McLaren-in s\u0259hvini ba\u011f\u0131\u015flamay\u0131b - X\u0259b\u0259ri Kokpitd\u0259 Oxuyun!","robots":{"index":"index","follow":"follow","max-snippet":"max-snippet:-1","max-image-preview":"max-image-preview:large","max-video-preview":"max-video-preview:-1"},"canonical":"https:\/\/kokpit.az\/?p=22132","og_locale":"az_AZ","og_type":"article","og_title":"Q\u0259t\u0259r-2025: Ferstappen McLaren-in s\u0259hvini ba\u011f\u0131\u015flamay\u0131b - X\u0259b\u0259ri Kokpitd\u0259 Oxuyun!","og_description":"Q\u0259t\u0259r m\u0259rh\u0259l\u0259sinin noyabr\u0131n sonuna ke\u00e7irilm\u0259sind\u0259n sonra isti hava art\u0131q problem yaratmay\u0131b \u2013 \u015f\u0259rait kifay\u0259t q\u0259d\u0259r rahat olub, lakin dig\u0259r \u00e7at\u0131\u015fmazl\u0131qlar qal\u0131b, \u0259sas\u0259n trasdak\u0131 qum mane\u0259 t\u00f6r\u0259dib.","og_url":"https:\/\/kokpit.az\/?p=22132","og_site_name":"X\u0259b\u0259ri Kokpitd\u0259 Oxuyun!","article_publisher":"https:\/\/www.facebook.com\/profile.php?id=61553756392357","article_published_time":"2025-11-30T17:37:01+00:00","article_modified_time":"2026-04-06T19:11:21+00:00","og_image":[{"width":1200,"height":630,"url":"https:\/\/kokpit.az\/wp-content\/uploads\/2025\/11\/SI202511300587-1920x1280.jpg-e1775502001597.webp","type":"image\/webp"}],"author":"El\u00e7in Zodorov","twitter_card":"summary_large_image","twitter_misc":{"Written by":"El\u00e7in Zodorov","Est. reading time":"6 minutes"},"schema":{"@context":"https:\/\/schema.org","@graph":[{"@type":"Article","@id":"https:\/\/kokpit.az\/?p=22132#article","isPartOf":{"@id":"https:\/\/kokpit.az\/?p=22132"},"author":{"name":"El\u00e7in Zodorov","@id":"https:\/\/kokpit.az\/#\/schema\/person\/9a3c87bcfb1be4d1bdd26fbdf5a8ed2d"},"headline":"Q\u0259t\u0259r-2025: Ferstappen McLaren-in s\u0259hvini ba\u011f\u0131\u015flamay\u0131b","datePublished":"2025-11-30T17:37:01+00:00","dateModified":"2026-04-06T19:11:21+00:00","mainEntityOfPage":{"@id":"https:\/\/kokpit.az\/?p=22132"},"wordCount":1157,"commentCount":0,"publisher":{"@id":"https:\/\/kokpit.az\/#organization"},"image":{"@id":"https:\/\/kokpit.az\/?p=22132#primaryimage"},"thumbnailUrl":"https:\/\/kokpit.az\/wp-content\/uploads\/2025\/11\/SI202511300587-1920x1280.jpg-e1775502001597.webp","keywords":["Carlos Sainz Jr.","Lusail International Circuit","Max Verstappen","Oscar Piastri","Qatar Airways","Qatar Grand Prix"],"articleSection":["Man\u015fet","Q\u0259t\u0259r Qran Prisi","X\u0259b\u0259rl\u0259r"],"inLanguage":"az","potentialAction":[{"@type":"CommentAction","name":"Comment","target":["https:\/\/kokpit.az\/?p=22132#respond"]}]},{"@type":"WebPage","@id":"https:\/\/kokpit.az\/?p=22132","url":"https:\/\/kokpit.az\/?p=22132","name":"Q\u0259t\u0259r-2025: Ferstappen McLaren-in s\u0259hvini ba\u011f\u0131\u015flamay\u0131b - X\u0259b\u0259ri Kokpitd\u0259 Oxuyun!","isPartOf":{"@id":"https:\/\/kokpit.az\/#website"},"primaryImageOfPage":{"@id":"https:\/\/kokpit.az\/?p=22132#primaryimage"},"image":{"@id":"https:\/\/kokpit.az\/?p=22132#primaryimage"},"thumbnailUrl":"https:\/\/kokpit.az\/wp-content\/uploads\/2025\/11\/SI202511300587-1920x1280.jpg-e1775502001597.webp","datePublished":"2025-11-30T17:37:01+00:00","dateModified":"2026-04-06T19:11:21+00:00","breadcrumb":{"@id":"https:\/\/kokpit.az\/?p=22132#breadcrumb"},"inLanguage":"az","potentialAction":[{"@type":"ReadAction","target":["https:\/\/kokpit.az\/?p=22132"]}]},{"@type":"ImageObject","inLanguage":"az","@id":"https:\/\/kokpit.az\/?p=22132#primaryimage","url":"https:\/\/kokpit.az\/wp-content\/uploads\/2025\/11\/SI202511300587-1920x1280.jpg-e1775502001597.webp","contentUrl":"https:\/\/kokpit.az\/wp-content\/uploads\/2025\/11\/SI202511300587-1920x1280.jpg-e1775502001597.webp","width":1200,"height":630},{"@type":"BreadcrumbList","@id":"https:\/\/kokpit.az\/?p=22132#breadcrumb","itemListElement":[{"@type":"ListItem","position":1,"name":"Home","item":"https:\/\/kokpit.az\/"},{"@type":"ListItem","position":2,"name":"Q\u0259t\u0259r-2025: Ferstappen McLaren-in s\u0259hvini ba\u011f\u0131\u015flamay\u0131b"}]},{"@type":"WebSite","@id":"https:\/\/kokpit.az\/#website","url":"https:\/\/kokpit.az\/","name":"X\u0259b\u0259ri Kokpitd\u0259 Oxuyun!","description":"","publisher":{"@id":"https:\/\/kokpit.az\/#organization"},"potentialAction":[{"@type":"SearchAction","target":{"@type":"EntryPoint","urlTemplate":"https:\/\/kokpit.az\/?s={search_term_string}"},"query-input":{"@type":"PropertyValueSpecification","valueRequired":true,"valueName":"search_term_string"}}],"inLanguage":"az"},{"@type":"Organization","@id":"https:\/\/kokpit.az\/#organization","name":"X\u0259b\u0259ri Kokpitd\u0259 Oxuyun!","url":"https:\/\/kokpit.az\/","logo":{"@type":"ImageObject","inLanguage":"az","@id":"https:\/\/kokpit.az\/#\/schema\/logo\/image\/","url":"https:\/\/kokpit.az\/wp-content\/uploads\/2023\/05\/kokpit.jpg","contentUrl":"https:\/\/kokpit.az\/wp-content\/uploads\/2023\/05\/kokpit.jpg","width":488,"height":245,"caption":"X\u0259b\u0259ri Kokpitd\u0259 Oxuyun!"},"image":{"@id":"https:\/\/kokpit.az\/#\/schema\/logo\/image\/"},"sameAs":["https:\/\/www.facebook.com\/profile.php?id=61553756392357"]},{"@type":"Person","@id":"https:\/\/kokpit.az\/#\/schema\/person\/9a3c87bcfb1be4d1bdd26fbdf5a8ed2d","name":"El\u00e7in Zodorov","image":{"@type":"ImageObject","inLanguage":"az","@id":"https:\/\/secure.gravatar.com\/avatar\/5e248c9a352ae0cf725a2dbbfd3a2a3bec9b4b965dc0a7e47723ddd11edca772?s=96&d=mm&r=g","url":"https:\/\/secure.gravatar.com\/avatar\/5e248c9a352ae0cf725a2dbbfd3a2a3bec9b4b965dc0a7e47723ddd11edca772?s=96&d=mm&r=g","contentUrl":"https:\/\/secure.gravatar.com\/avatar\/5e248c9a352ae0cf725a2dbbfd3a2a3bec9b4b965dc0a7e47723ddd11edca772?s=96&d=mm&r=g","caption":"El\u00e7in Zodorov"},"sameAs":["https:\/\/kokpit.az"],"url":"https:\/\/kokpit.az\/?author=1"}]}},"_links":{"self":[{"href":"https:\/\/kokpit.az\/index.php?rest_route=\/wp\/v2\/posts\/22132","targetHints":{"allow":["GET"]}}],"collection":[{"href":"https:\/\/kokpit.az\/index.php?rest_route=\/wp\/v2\/posts"}],"about":[{"href":"https:\/\/kokpit.az\/index.php?rest_route=\/wp\/v2\/types\/post"}],"author":[{"embeddable":true,"href":"https:\/\/kokpit.az\/index.php?rest_route=\/wp\/v2\/users\/1"}],"replies":[{"embeddable":true,"href":"https:\/\/kokpit.az\/index.php?rest_route=%2Fwp%2Fv2%2Fcomments&post=22132"}],"version-history":[{"count":3,"href":"https:\/\/kokpit.az\/index.php?rest_route=\/wp\/v2\/posts\/22132\/revisions"}],"predecessor-version":[{"id":24704,"href":"https:\/\/kokpit.az\/index.php?rest_route=\/wp\/v2\/posts\/22132\/revisions\/24704"}],"wp:featuredmedia":[{"embeddable":true,"href":"https:\/\/kokpit.az\/index.php?rest_route=\/wp\/v2\/media\/24702"}],"wp:attachment":[{"href":"https:\/\/kokpit.az\/index.php?rest_route=%2Fwp%2Fv2%2Fmedia&parent=22132"}],"wp:term":[{"taxonomy":"category","embeddable":true,"href":"https:\/\/kokpit.az\/index.php?rest_route=%2Fwp%2Fv2%2Fcategories&post=22132"},{"taxonomy":"post_tag","embeddable":true,"href":"https:\/\/kokpit.az\/index.php?rest_route=%2Fwp%2Fv2%2Ftags&post=22132"}],"curies":[{"name":"wp","href":"https:\/\/api.w.org\/{rel}","templated":true}]}}