{"id":21573,"date":"2025-11-15T10:48:12","date_gmt":"2025-11-15T06:48:12","guid":{"rendered":"https:\/\/kokpit.az\/?p=21573"},"modified":"2025-11-15T10:48:12","modified_gmt":"2025-11-15T06:48:12","slug":"fia-ilin-sonuncu-iclasini-kecirib","status":"publish","type":"post","link":"https:\/\/kokpit.az\/?p=21573","title":{"rendered":"F\u0130A ilin sonuncu iclas\u0131n\u0131 ke\u00e7irib"},"content":{"rendered":"<p>G\u00f6r\u00fc\u015fd\u0259 komandalar\u0131n, FIA v\u0259 FOM-un n\u00fcmay\u0259nd\u0259l\u0259ri i\u015ftirak edibl\u0259r v\u0259 d\u0259yi\u015fiklikl\u0259r \u00fcz\u0259rind\u0259 raz\u0131l\u0131q \u0259ld\u0259 edibl\u0259r. \u0130ndi bu d\u0259yi\u015fiklikl\u0259r D\u00fcnya Avtoidman \u015euras\u0131na t\u0259qdim olunacaq. A\u015fa\u011f\u0131da \u0259sas yenilikl\u0259r yer al\u0131r.<\/p>\n<h3><strong>2026-c\u0131 il texniki v\u0259 idman reqlamenti<\/strong><\/h3>\n<p>M\u00fczakir\u0259l\u0259rin n\u0259tic\u0259sin\u0259 \u0259sas\u0259n, 2026-c\u0131 il \u00fc\u00e7\u00fcn texniki, idman, maliyy\u0259 v\u0259 \u0259m\u0259liyyat reqlamentl\u0259rin\u0259 dair bir s\u0131ra d\u0259qiql\u0259\u015fdirm\u0259l\u0259r D\u00fcnya \u015euras\u0131na t\u0259qdim edil\u0259c\u0259k.<\/p>\n<p>G\u00f6r\u00fc\u015fd\u0259 yar\u0131\u015flarda iki m\u0259cburi pit-stop t\u0259tbiq edilm\u0259si il\u0259 ba\u011fl\u0131 t\u0259klif, h\u0259m\u00e7inin t\u0259k\u0259rl\u0259rin xidm\u0259t m\u00fcdd\u0259tinin m\u0259hdudla\u015fd\u0131r\u0131lmas\u0131 v\u0259 yar\u0131\u015f \u0259rzind\u0259 \u00fc\u00e7 m\u00fcxt\u0259lif t\u0259rkibd\u0259n istifad\u0259 edilm\u0259sini n\u0259z\u0259rd\u0259 tutan d\u0259yi\u015fiklikl\u0259r m\u00fczakir\u0259 edilib. Komandalar\u0131n v\u0259 Pirelli-nin t\u0259hlil v\u0259 modell\u0259\u015fdirm\u0259l\u0259r\u0259 dair r\u0259yl\u0259ri dinl\u0259nilib. Haz\u0131rda he\u00e7 bir d\u0259yi\u015fiklik t\u0259sdiql\u0259nm\u0259yib, lakin bu istiqam\u0259td\u0259 m\u0259sl\u0259h\u0259tl\u0259\u015fm\u0259l\u0259rin 2026-c\u0131 ild\u0259 d\u0259 davam etdirilm\u0259si q\u0259rara al\u0131n\u0131b.<\/p>\n<h3>Ya\u011f\u0131\u015fl\u0131 yar\u0131\u015flar<\/h3>\n<p>Ya\u011f\u0131\u015fl\u0131 \u015f\u0259raitd\u0259 t\u0259hl\u00fck\u0259sizlik v\u0259 g\u00f6r\u00fcn\u00fc\u015fl\u00fcl\u00fcy\u00fc yax\u015f\u0131la\u015fd\u0131rmaq \u00fc\u00e7\u00fcn bir s\u0131ra t\u0259dbirl\u0259r m\u00fczakir\u0259 olunub. \u018fvv\u0259lki konsepsiyalar qiym\u0259tl\u0259ndirildikd\u0259n sonra tras \u00f6rt\u00fckl\u0259rind\u0259 d\u0259yi\u015fiklikl\u0259r edilm\u0259si, sprey\u0259 qar\u015f\u0131 qoruyucu elementl\u0259r, h\u0259m\u00e7inin t\u0259k\u0259r konstruksiyas\u0131n\u0131n yenil\u0259nm\u0259si t\u0259klif olunub.<\/p>\n<p>G\u00f6r\u00fcn\u00fc\u015f\u00fcn x\u00fcsusil\u0259 pis oldu\u011fu sah\u0259l\u0259rd\u0259 yax\u0131n perspektivd\u0259 neytral zonalar yarad\u0131lmas\u0131 ideyas\u0131 da g\u00fcnd\u0259m\u0259 g\u0259lib.<\/p>\n<p>Orta v\u0259 uzunm\u00fcdd\u0259tli perspektivd\u0259 pis g\u00f6r\u00fcn\u00fc\u015f \u015f\u0259raitind\u0259 pilotlara k\u00f6m\u0259k ed\u0259c\u0259k art\u0131r\u0131lm\u0131\u015f reall\u0131q (AR) sisteminin yarad\u0131lmas\u0131 il\u0259 ba\u011fl\u0131 ara\u015fd\u0131rmalar apar\u0131lacaq. B\u00fct\u00fcn variantlar\u0131n \u0259lav\u0259 qiym\u0259tl\u0259ndirilm\u0259sin\u0259 ehtiyac oldu\u011fu bildirilib.<\/p>\n<h3>Aerodinamik testl\u0259r\u0259 m\u0259hdudiyy\u0259tl\u0259r (ATR)<\/h3>\n<p>X\u0259rcl\u0259rin m\u0259hdudla\u015fd\u0131r\u0131lmas\u0131 fonunda m\u0259lumat emal\u0131 v\u0259 modell\u0259\u015fdirm\u0259 \u00fczr\u0259 m\u00fcasir texnologiyalara uy\u011funla\u015fmaq \u00fc\u00e7\u00fcn ATR reqlamentind\u0259 d\u0259yi\u015fiklikl\u0259r haz\u0131rlan\u0131r.<\/p>\n<h3>Ma\u015f\u0131nlar\u0131n r\u0259ngl\u0259nm\u0259si v\u0259 pilot n\u00f6mr\u0259l\u0259ri<\/h3>\n<p>Texniki M\u0259sl\u0259h\u0259t Komit\u0259si il\u0259 m\u0259sl\u0259h\u0259tl\u0259\u015fm\u0259l\u0259rd\u0259n sonra 2026-c\u0131 ild\u0259 bolidl\u0259rin r\u0259ngl\u0259nm\u0259si il\u0259 ba\u011fl\u0131 minimal t\u0259l\u0259bl\u0259r m\u00fczakir\u0259 edilib.<\/p>\n<p>Komissiya raz\u0131la\u015f\u0131b ki, ma\u015f\u0131n\u0131n yuxar\u0131dan v\u0259 yandan g\u00f6r\u00fcn\u0259n \u00fcmumi s\u0259thinin \u0259n az\u0131 55%-i boya v\u0259 ya yap\u0131\u015fqan qrafika il\u0259 \u00f6rt\u00fclm\u0259lidir, \u00e7\u0131lpaq karbon s\u0259thi kimi qalmal\u0131 deyil. M\u0259qs\u0259d \u2013 komandalar aras\u0131ndak\u0131 vizual f\u0259rqliliyi art\u0131rmaqd\u0131r.<\/p>\n<p>Pilotlar\u0131n daimi yar\u0131\u015f n\u00f6mr\u0259l\u0259rin\u0259 dair qaydalarda da d\u0259yi\u015fiklikl\u0259r m\u00fczakir\u0259 olunub. Q\u0259rara al\u0131n\u0131b ki, pilotlara karyeralar\u0131 \u0259rzind\u0259 n\u00f6mr\u0259ni d\u0259yi\u015fm\u0259k imkan\u0131 veril\u0259c\u0259k.<\/p>\n<h3>Pilotlar\u0131n soyutma sistemi<\/h3>\n<p>2026-c\u0131 ild\u0259n etibar\u0259n m\u0259cburi soyutma sistemi (DCS) istifad\u0259sinin t\u0259tbiqi m\u0259s\u0259l\u0259si m\u00fczakir\u0259 olunub. Haz\u0131rk\u0131 sistem v\u0259 soyuducu avadanl\u0131\u011f\u0131n konstruksiyas\u0131 \u00fczr\u0259 d\u0259yi\u015fiklikl\u0259r, el\u0259c\u0259 d\u0259 DCS istifad\u0259 edil\u0259rk\u0259n icaz\u0259 veril\u0259n \u00e7\u0259kid\u0259 art\u0131m t\u0259klif edilib. Paralel olaraq GPDA vasit\u0259sil\u0259 pilotlardan \u0259lav\u0259 r\u0259y al\u0131nacaq.<\/p>\n","protected":false},"excerpt":{"rendered":"<p>Londonda FIA-n\u0131n biryerlik yar\u0131\u015flar \u00fczr\u0259 direktoru Nikolas Tombazisin v\u0259 Formula 1-in prezidenti v\u0259 icra\u00e7\u0131 direktoru Stefano Domenikalinin s\u0259drliyi il\u0259 ilin d\u00f6rd\u00fcnc\u00fc v\u0259 son Formula 1 Komissiyas\u0131 iclas\u0131 ke\u00e7irilib.<\/p>\n","protected":false},"author":2,"featured_media":10075,"comment_status":"open","ping_status":"open","sticky":false,"template":"","format":"standard","meta":{"footnotes":""},"categories":[4,2],"tags":[115,451],"class_list":["post-21573","post","type-post","status-publish","format-standard","has-post-thumbnail","hentry","category-manshet","category-news","tag-fia","tag-nicolas-tombazis"],"yoast_head":"<!-- This site is optimized with the Yoast SEO plugin v27.5 - https:\/\/yoast.com\/product\/yoast-seo-wordpress\/ -->\n<title>F\u0130A ilin sonuncu iclas\u0131n\u0131 ke\u00e7irib - X\u0259b\u0259ri Kokpitd\u0259 Oxuyun!<\/title>\n<meta name=\"robots\" content=\"index, follow, max-snippet:-1, max-image-preview:large, max-video-preview:-1\" \/>\n<link rel=\"canonical\" href=\"https:\/\/kokpit.az\/?p=21573\" \/>\n<meta property=\"og:locale\" content=\"az_AZ\" \/>\n<meta property=\"og:type\" content=\"article\" \/>\n<meta property=\"og:title\" content=\"F\u0130A ilin sonuncu iclas\u0131n\u0131 ke\u00e7irib - X\u0259b\u0259ri Kokpitd\u0259 Oxuyun!\" \/>\n<meta property=\"og:description\" content=\"Londonda FIA-n\u0131n biryerlik yar\u0131\u015flar \u00fczr\u0259 direktoru Nikolas Tombazisin v\u0259 Formula 1-in prezidenti v\u0259 icra\u00e7\u0131 direktoru Stefano Domenikalinin s\u0259drliyi il\u0259 ilin d\u00f6rd\u00fcnc\u00fc v\u0259 son Formula 1 Komissiyas\u0131 iclas\u0131 ke\u00e7irilib.\" \/>\n<meta property=\"og:url\" content=\"https:\/\/kokpit.az\/?p=21573\" \/>\n<meta property=\"og:site_name\" content=\"X\u0259b\u0259ri Kokpitd\u0259 Oxuyun!\" \/>\n<meta property=\"article:publisher\" content=\"https:\/\/www.facebook.com\/profile.php?id=61553756392357\" \/>\n<meta property=\"article:published_time\" content=\"2025-11-15T06:48:12+00:00\" \/>\n<meta property=\"og:image\" content=\"https:\/\/kokpit.az\/wp-content\/uploads\/2024\/10\/fia-flag-dutch-grand-prix-planet-f1-e1729190121958.jpg\" \/>\n\t<meta property=\"og:image:width\" content=\"1600\" \/>\n\t<meta property=\"og:image:height\" content=\"842\" \/>\n\t<meta property=\"og:image:type\" content=\"image\/jpeg\" \/>\n<meta name=\"author\" content=\"Rauf Hac\u0131yev\" \/>\n<meta name=\"twitter:card\" content=\"summary_large_image\" \/>\n<meta name=\"twitter:label1\" content=\"Written by\" \/>\n\t<meta name=\"twitter:data1\" content=\"Rauf Hac\u0131yev\" \/>\n\t<meta name=\"twitter:label2\" content=\"Est. reading time\" \/>\n\t<meta name=\"twitter:data2\" content=\"3 minutes\" \/>\n<script type=\"application\/ld+json\" class=\"yoast-schema-graph\">{\"@context\":\"https:\\\/\\\/schema.org\",\"@graph\":[{\"@type\":\"Article\",\"@id\":\"https:\\\/\\\/kokpit.az\\\/?p=21573#article\",\"isPartOf\":{\"@id\":\"https:\\\/\\\/kokpit.az\\\/?p=21573\"},\"author\":{\"name\":\"Rauf Hac\u0131yev\",\"@id\":\"https:\\\/\\\/kokpit.az\\\/#\\\/schema\\\/person\\\/f4114e650bc2993d0650e4fb6933c581\"},\"headline\":\"F\u0130A ilin sonuncu iclas\u0131n\u0131 ke\u00e7irib\",\"datePublished\":\"2025-11-15T06:48:12+00:00\",\"mainEntityOfPage\":{\"@id\":\"https:\\\/\\\/kokpit.az\\\/?p=21573\"},\"wordCount\":602,\"commentCount\":0,\"publisher\":{\"@id\":\"https:\\\/\\\/kokpit.az\\\/#organization\"},\"image\":{\"@id\":\"https:\\\/\\\/kokpit.az\\\/?p=21573#primaryimage\"},\"thumbnailUrl\":\"https:\\\/\\\/kokpit.az\\\/wp-content\\\/uploads\\\/2024\\\/10\\\/fia-flag-dutch-grand-prix-planet-f1-e1729190121958.jpg\",\"keywords\":[\"FIA\",\"Nicolas Tombazis\"],\"articleSection\":[\"Man\u015fet\",\"X\u0259b\u0259rl\u0259r\"],\"inLanguage\":\"az\",\"potentialAction\":[{\"@type\":\"CommentAction\",\"name\":\"Comment\",\"target\":[\"https:\\\/\\\/kokpit.az\\\/?p=21573#respond\"]}]},{\"@type\":\"WebPage\",\"@id\":\"https:\\\/\\\/kokpit.az\\\/?p=21573\",\"url\":\"https:\\\/\\\/kokpit.az\\\/?p=21573\",\"name\":\"F\u0130A ilin sonuncu iclas\u0131n\u0131 ke\u00e7irib - X\u0259b\u0259ri Kokpitd\u0259 Oxuyun!\",\"isPartOf\":{\"@id\":\"https:\\\/\\\/kokpit.az\\\/#website\"},\"primaryImageOfPage\":{\"@id\":\"https:\\\/\\\/kokpit.az\\\/?p=21573#primaryimage\"},\"image\":{\"@id\":\"https:\\\/\\\/kokpit.az\\\/?p=21573#primaryimage\"},\"thumbnailUrl\":\"https:\\\/\\\/kokpit.az\\\/wp-content\\\/uploads\\\/2024\\\/10\\\/fia-flag-dutch-grand-prix-planet-f1-e1729190121958.jpg\",\"datePublished\":\"2025-11-15T06:48:12+00:00\",\"breadcrumb\":{\"@id\":\"https:\\\/\\\/kokpit.az\\\/?p=21573#breadcrumb\"},\"inLanguage\":\"az\",\"potentialAction\":[{\"@type\":\"ReadAction\",\"target\":[\"https:\\\/\\\/kokpit.az\\\/?p=21573\"]}]},{\"@type\":\"ImageObject\",\"inLanguage\":\"az\",\"@id\":\"https:\\\/\\\/kokpit.az\\\/?p=21573#primaryimage\",\"url\":\"https:\\\/\\\/kokpit.az\\\/wp-content\\\/uploads\\\/2024\\\/10\\\/fia-flag-dutch-grand-prix-planet-f1-e1729190121958.jpg\",\"contentUrl\":\"https:\\\/\\\/kokpit.az\\\/wp-content\\\/uploads\\\/2024\\\/10\\\/fia-flag-dutch-grand-prix-planet-f1-e1729190121958.jpg\",\"width\":1600,\"height\":842},{\"@type\":\"BreadcrumbList\",\"@id\":\"https:\\\/\\\/kokpit.az\\\/?p=21573#breadcrumb\",\"itemListElement\":[{\"@type\":\"ListItem\",\"position\":1,\"name\":\"Home\",\"item\":\"https:\\\/\\\/kokpit.az\\\/\"},{\"@type\":\"ListItem\",\"position\":2,\"name\":\"F\u0130A ilin sonuncu iclas\u0131n\u0131 ke\u00e7irib\"}]},{\"@type\":\"WebSite\",\"@id\":\"https:\\\/\\\/kokpit.az\\\/#website\",\"url\":\"https:\\\/\\\/kokpit.az\\\/\",\"name\":\"X\u0259b\u0259ri Kokpitd\u0259 Oxuyun!\",\"description\":\"\",\"publisher\":{\"@id\":\"https:\\\/\\\/kokpit.az\\\/#organization\"},\"potentialAction\":[{\"@type\":\"SearchAction\",\"target\":{\"@type\":\"EntryPoint\",\"urlTemplate\":\"https:\\\/\\\/kokpit.az\\\/?s={search_term_string}\"},\"query-input\":{\"@type\":\"PropertyValueSpecification\",\"valueRequired\":true,\"valueName\":\"search_term_string\"}}],\"inLanguage\":\"az\"},{\"@type\":\"Organization\",\"@id\":\"https:\\\/\\\/kokpit.az\\\/#organization\",\"name\":\"X\u0259b\u0259ri Kokpitd\u0259 Oxuyun!\",\"url\":\"https:\\\/\\\/kokpit.az\\\/\",\"logo\":{\"@type\":\"ImageObject\",\"inLanguage\":\"az\",\"@id\":\"https:\\\/\\\/kokpit.az\\\/#\\\/schema\\\/logo\\\/image\\\/\",\"url\":\"https:\\\/\\\/kokpit.az\\\/wp-content\\\/uploads\\\/2023\\\/05\\\/kokpit.jpg\",\"contentUrl\":\"https:\\\/\\\/kokpit.az\\\/wp-content\\\/uploads\\\/2023\\\/05\\\/kokpit.jpg\",\"width\":488,\"height\":245,\"caption\":\"X\u0259b\u0259ri Kokpitd\u0259 Oxuyun!\"},\"image\":{\"@id\":\"https:\\\/\\\/kokpit.az\\\/#\\\/schema\\\/logo\\\/image\\\/\"},\"sameAs\":[\"https:\\\/\\\/www.facebook.com\\\/profile.php?id=61553756392357\"]},{\"@type\":\"Person\",\"@id\":\"https:\\\/\\\/kokpit.az\\\/#\\\/schema\\\/person\\\/f4114e650bc2993d0650e4fb6933c581\",\"name\":\"Rauf Hac\u0131yev\",\"image\":{\"@type\":\"ImageObject\",\"inLanguage\":\"az\",\"@id\":\"https:\\\/\\\/secure.gravatar.com\\\/avatar\\\/394a2085c47c7acdcf41f7d270b7cbb52513d6f4f24c1cb6dfbbd61f98c0503d?s=96&d=mm&r=g\",\"url\":\"https:\\\/\\\/secure.gravatar.com\\\/avatar\\\/394a2085c47c7acdcf41f7d270b7cbb52513d6f4f24c1cb6dfbbd61f98c0503d?s=96&d=mm&r=g\",\"contentUrl\":\"https:\\\/\\\/secure.gravatar.com\\\/avatar\\\/394a2085c47c7acdcf41f7d270b7cbb52513d6f4f24c1cb6dfbbd61f98c0503d?s=96&d=mm&r=g\",\"caption\":\"Rauf Hac\u0131yev\"},\"sameAs\":[\"https:\\\/\\\/kokpit.az\"],\"url\":\"https:\\\/\\\/kokpit.az\\\/?author=2\"}]}<\/script>\n<!-- \/ Yoast SEO plugin. -->","yoast_head_json":{"title":"F\u0130A ilin sonuncu iclas\u0131n\u0131 ke\u00e7irib - X\u0259b\u0259ri Kokpitd\u0259 Oxuyun!","robots":{"index":"index","follow":"follow","max-snippet":"max-snippet:-1","max-image-preview":"max-image-preview:large","max-video-preview":"max-video-preview:-1"},"canonical":"https:\/\/kokpit.az\/?p=21573","og_locale":"az_AZ","og_type":"article","og_title":"F\u0130A ilin sonuncu iclas\u0131n\u0131 ke\u00e7irib - X\u0259b\u0259ri Kokpitd\u0259 Oxuyun!","og_description":"Londonda FIA-n\u0131n biryerlik yar\u0131\u015flar \u00fczr\u0259 direktoru Nikolas Tombazisin v\u0259 Formula 1-in prezidenti v\u0259 icra\u00e7\u0131 direktoru Stefano Domenikalinin s\u0259drliyi il\u0259 ilin d\u00f6rd\u00fcnc\u00fc v\u0259 son Formula 1 Komissiyas\u0131 iclas\u0131 ke\u00e7irilib.","og_url":"https:\/\/kokpit.az\/?p=21573","og_site_name":"X\u0259b\u0259ri Kokpitd\u0259 Oxuyun!","article_publisher":"https:\/\/www.facebook.com\/profile.php?id=61553756392357","article_published_time":"2025-11-15T06:48:12+00:00","og_image":[{"width":1600,"height":842,"url":"https:\/\/kokpit.az\/wp-content\/uploads\/2024\/10\/fia-flag-dutch-grand-prix-planet-f1-e1729190121958.jpg","type":"image\/jpeg"}],"author":"Rauf Hac\u0131yev","twitter_card":"summary_large_image","twitter_misc":{"Written by":"Rauf Hac\u0131yev","Est. reading time":"3 minutes"},"schema":{"@context":"https:\/\/schema.org","@graph":[{"@type":"Article","@id":"https:\/\/kokpit.az\/?p=21573#article","isPartOf":{"@id":"https:\/\/kokpit.az\/?p=21573"},"author":{"name":"Rauf Hac\u0131yev","@id":"https:\/\/kokpit.az\/#\/schema\/person\/f4114e650bc2993d0650e4fb6933c581"},"headline":"F\u0130A ilin sonuncu iclas\u0131n\u0131 ke\u00e7irib","datePublished":"2025-11-15T06:48:12+00:00","mainEntityOfPage":{"@id":"https:\/\/kokpit.az\/?p=21573"},"wordCount":602,"commentCount":0,"publisher":{"@id":"https:\/\/kokpit.az\/#organization"},"image":{"@id":"https:\/\/kokpit.az\/?p=21573#primaryimage"},"thumbnailUrl":"https:\/\/kokpit.az\/wp-content\/uploads\/2024\/10\/fia-flag-dutch-grand-prix-planet-f1-e1729190121958.jpg","keywords":["FIA","Nicolas Tombazis"],"articleSection":["Man\u015fet","X\u0259b\u0259rl\u0259r"],"inLanguage":"az","potentialAction":[{"@type":"CommentAction","name":"Comment","target":["https:\/\/kokpit.az\/?p=21573#respond"]}]},{"@type":"WebPage","@id":"https:\/\/kokpit.az\/?p=21573","url":"https:\/\/kokpit.az\/?p=21573","name":"F\u0130A ilin sonuncu iclas\u0131n\u0131 ke\u00e7irib - X\u0259b\u0259ri Kokpitd\u0259 Oxuyun!","isPartOf":{"@id":"https:\/\/kokpit.az\/#website"},"primaryImageOfPage":{"@id":"https:\/\/kokpit.az\/?p=21573#primaryimage"},"image":{"@id":"https:\/\/kokpit.az\/?p=21573#primaryimage"},"thumbnailUrl":"https:\/\/kokpit.az\/wp-content\/uploads\/2024\/10\/fia-flag-dutch-grand-prix-planet-f1-e1729190121958.jpg","datePublished":"2025-11-15T06:48:12+00:00","breadcrumb":{"@id":"https:\/\/kokpit.az\/?p=21573#breadcrumb"},"inLanguage":"az","potentialAction":[{"@type":"ReadAction","target":["https:\/\/kokpit.az\/?p=21573"]}]},{"@type":"ImageObject","inLanguage":"az","@id":"https:\/\/kokpit.az\/?p=21573#primaryimage","url":"https:\/\/kokpit.az\/wp-content\/uploads\/2024\/10\/fia-flag-dutch-grand-prix-planet-f1-e1729190121958.jpg","contentUrl":"https:\/\/kokpit.az\/wp-content\/uploads\/2024\/10\/fia-flag-dutch-grand-prix-planet-f1-e1729190121958.jpg","width":1600,"height":842},{"@type":"BreadcrumbList","@id":"https:\/\/kokpit.az\/?p=21573#breadcrumb","itemListElement":[{"@type":"ListItem","position":1,"name":"Home","item":"https:\/\/kokpit.az\/"},{"@type":"ListItem","position":2,"name":"F\u0130A ilin sonuncu iclas\u0131n\u0131 ke\u00e7irib"}]},{"@type":"WebSite","@id":"https:\/\/kokpit.az\/#website","url":"https:\/\/kokpit.az\/","name":"X\u0259b\u0259ri Kokpitd\u0259 Oxuyun!","description":"","publisher":{"@id":"https:\/\/kokpit.az\/#organization"},"potentialAction":[{"@type":"SearchAction","target":{"@type":"EntryPoint","urlTemplate":"https:\/\/kokpit.az\/?s={search_term_string}"},"query-input":{"@type":"PropertyValueSpecification","valueRequired":true,"valueName":"search_term_string"}}],"inLanguage":"az"},{"@type":"Organization","@id":"https:\/\/kokpit.az\/#organization","name":"X\u0259b\u0259ri Kokpitd\u0259 Oxuyun!","url":"https:\/\/kokpit.az\/","logo":{"@type":"ImageObject","inLanguage":"az","@id":"https:\/\/kokpit.az\/#\/schema\/logo\/image\/","url":"https:\/\/kokpit.az\/wp-content\/uploads\/2023\/05\/kokpit.jpg","contentUrl":"https:\/\/kokpit.az\/wp-content\/uploads\/2023\/05\/kokpit.jpg","width":488,"height":245,"caption":"X\u0259b\u0259ri Kokpitd\u0259 Oxuyun!"},"image":{"@id":"https:\/\/kokpit.az\/#\/schema\/logo\/image\/"},"sameAs":["https:\/\/www.facebook.com\/profile.php?id=61553756392357"]},{"@type":"Person","@id":"https:\/\/kokpit.az\/#\/schema\/person\/f4114e650bc2993d0650e4fb6933c581","name":"Rauf Hac\u0131yev","image":{"@type":"ImageObject","inLanguage":"az","@id":"https:\/\/secure.gravatar.com\/avatar\/394a2085c47c7acdcf41f7d270b7cbb52513d6f4f24c1cb6dfbbd61f98c0503d?s=96&d=mm&r=g","url":"https:\/\/secure.gravatar.com\/avatar\/394a2085c47c7acdcf41f7d270b7cbb52513d6f4f24c1cb6dfbbd61f98c0503d?s=96&d=mm&r=g","contentUrl":"https:\/\/secure.gravatar.com\/avatar\/394a2085c47c7acdcf41f7d270b7cbb52513d6f4f24c1cb6dfbbd61f98c0503d?s=96&d=mm&r=g","caption":"Rauf Hac\u0131yev"},"sameAs":["https:\/\/kokpit.az"],"url":"https:\/\/kokpit.az\/?author=2"}]}},"_links":{"self":[{"href":"https:\/\/kokpit.az\/index.php?rest_route=\/wp\/v2\/posts\/21573","targetHints":{"allow":["GET"]}}],"collection":[{"href":"https:\/\/kokpit.az\/index.php?rest_route=\/wp\/v2\/posts"}],"about":[{"href":"https:\/\/kokpit.az\/index.php?rest_route=\/wp\/v2\/types\/post"}],"author":[{"embeddable":true,"href":"https:\/\/kokpit.az\/index.php?rest_route=\/wp\/v2\/users\/2"}],"replies":[{"embeddable":true,"href":"https:\/\/kokpit.az\/index.php?rest_route=%2Fwp%2Fv2%2Fcomments&post=21573"}],"version-history":[{"count":1,"href":"https:\/\/kokpit.az\/index.php?rest_route=\/wp\/v2\/posts\/21573\/revisions"}],"predecessor-version":[{"id":21574,"href":"https:\/\/kokpit.az\/index.php?rest_route=\/wp\/v2\/posts\/21573\/revisions\/21574"}],"wp:featuredmedia":[{"embeddable":true,"href":"https:\/\/kokpit.az\/index.php?rest_route=\/wp\/v2\/media\/10075"}],"wp:attachment":[{"href":"https:\/\/kokpit.az\/index.php?rest_route=%2Fwp%2Fv2%2Fmedia&parent=21573"}],"wp:term":[{"taxonomy":"category","embeddable":true,"href":"https:\/\/kokpit.az\/index.php?rest_route=%2Fwp%2Fv2%2Fcategories&post=21573"},{"taxonomy":"post_tag","embeddable":true,"href":"https:\/\/kokpit.az\/index.php?rest_route=%2Fwp%2Fv2%2Ftags&post=21573"}],"curies":[{"name":"wp","href":"https:\/\/api.w.org\/{rel}","templated":true}]}}