{"id":20968,"date":"2025-10-24T13:22:16","date_gmt":"2025-10-24T09:22:16","guid":{"rendered":"https:\/\/kokpit.az\/?p=20968"},"modified":"2025-10-24T13:06:39","modified_gmt":"2025-10-24T09:06:39","slug":"ferstappen-h%c9%99r-n%c9%99tic%c9%99y%c9%99-hazirdir","status":"publish","type":"post","link":"https:\/\/kokpit.az\/?p=20968","title":{"rendered":"Ferstappen h\u0259r n\u0259tic\u0259y\u0259 haz\u0131rd\u0131r"},"content":{"rendered":"<p>Meksikada m\u0259tbuatla s\u00f6hb\u0259t ed\u0259n Maks Ferstappen \u00f6z\u00fcn\u0259m\u0259xsus t\u0259rzd\u0259 bildirib ki, bu il \u00e7empion ola bilm\u0259s\u0259 d\u0259, m\u0259yus olmayacaq. Halbuki o, son d\u00f6rd m\u00f6vs\u00fcmd\u0259 ard\u0131c\u0131l olaraq d\u00fcnya \u00e7empionlu\u011fu qazan\u0131b v\u0259 bunun \u00fc\u00e7\u00fcn n\u0259l\u0259r laz\u0131m oldu\u011funu yax\u015f\u0131 bilir.<\/p>\n<p><strong>Maks Ferstappen<\/strong>: \u201c\u018fn pis halda haz\u0131rda oldu\u011fum 3-c\u00fc yerd\u0259 qalaca\u011fam v\u0259 m\u0259nim \u00fc\u00e7\u00fcn he\u00e7 n\u0259 d\u0259yi\u015fm\u0259y\u0259c\u0259k. Sad\u0259c\u0259, m\u00f6vs\u00fcm\u00fcn sonuna q\u0259d\u0259r qalan yar\u0131\u015flarda q\u0259l\u0259b\u0259 qazanma\u011fa davam etm\u0259k ist\u0259yir\u0259m.<\/p>\n<p>\u00dcmid edir\u0259m ki, h\u0259r yar\u0131\u015f h\u0259ft\u0259sonunda q\u0259l\u0259b\u0259 u\u011frunda m\u00fcbariz\u0259 aparmaq \u015fans\u0131m olacaq. D\u00fczd\u00fcr, h\u0259l\u0259 buna \u0259min olmaq \u00e7\u0259tindir. Amma son vaxtlar yax\u015f\u0131 n\u0259tic\u0259l\u0259r g\u00f6st\u0259ririk v\u0259 b\u00fct\u00fcn komanda anlay\u0131r ki, titul \u015fans\u0131n\u0131 qorumaq \u00fc\u00e7\u00fcn m\u00f6vs\u00fcm\u00fcn sonuna q\u0259d\u0259r h\u0259r \u015fey m\u00fck\u0259mm\u0259l i\u015fl\u0259m\u0259lidir. \u018fg\u0259r bacarsaq, \u0259la! Bu, gerid\u00f6n\u00fc\u015f haqq\u0131nda inan\u0131lmaz bir hekay\u0259 olacaq.<\/p>\n<p>\u018fg\u0259r al\u0131nmasa, sad\u0259c\u0259 i\u015fl\u0259m\u0259y\u0259 davam etm\u0259k laz\u0131md\u0131r. D\u00fc\u015f\u00fcn\u00fcr\u0259m ki, m\u00f6vs\u00fcm\u00fcn son hiss\u0259sind\u0259ki performans\u0131m\u0131zla v\u0259 n\u0259tic\u0259l\u0259rd\u0259ki s\u00fcr\u0259tli art\u0131mla f\u0259xr ed\u0259 bil\u0259rik, lakin bu bar\u0259d\u0259 hissl\u0259ri h\u0259l\u0259 Abu-Dabiy\u0259 q\u0259d\u0259r saxlamaq daha yax\u015f\u0131d\u0131r.<\/p>\n<p>T\u0259bii ki, qalib g\u0259lm\u0259k v\u0259 bu \u00e7empionlu\u011fu qazanmaq ist\u0259yirik. \u018fvv\u0259ll\u0259r d\u0259 \u00e7empion olmu\u015fam, b\u0259z\u0259n titul u\u011frunda m\u00fcbariz\u0259ni son yar\u0131\u015fda qazanm\u0131\u015fam, b\u0259z\u0259n is\u0259 m\u00f6vs\u00fcm bitm\u0259d\u0259n. Bu m\u00f6vs\u00fcm is\u0259 tam f\u0259rqli ke\u00e7di, \u00e7\u00fcnki a\u00e7\u0131\u011f\u0131n\u0131 des\u0259m, m\u00f6vs\u00fcm\u00fcn b\u00f6y\u00fck bir hiss\u0259sind\u0259 v\u0259ziyy\u0259timiz \u00e7ox z\u0259if idi. Buna baxmayaraq, h\u0259l\u0259 d\u0259 titul u\u011frunda iddial\u0131 olma\u011f\u0131m \u00f6z\u00fc \u00e7ox maraql\u0131d\u0131r, ancaq m\u0259n bunu q\u0259bul edir\u0259m.<\/p>\n<p>Daha \u0259vv\u0259l d\u0259 demi\u015f\u0259m, qalib g\u0259lm\u0259k \u00fc\u00e7\u00fcn h\u0259r \u015feyd\u0259 ideal olmal\u0131y\u0131q v\u0259 \u0259g\u0259r indi t\u0259zyiq hiss edir\u0259ms\u0259, bu, m\u00fcsb\u0259t t\u0259zyiqdir. M\u0259n g\u00f6rd\u00fcy\u00fcm i\u015fi sevir\u0259m. R\u0259qab\u0259t\u0259davaml\u0131 bir ma\u015f\u0131nla yar\u0131\u015fmaq, s\u00fcr\u0259ti \u00e7atmayan ma\u015f\u0131nla yar\u0131\u015fmaqdan qat-qat xo\u015fdur\u201d.<\/p>\n","protected":false},"excerpt":{"rendered":"<p>Red Bull komandas\u0131n\u0131n s\u00fcr\u00fcc\u00fcs\u00fc Maks Ferstappen bildirib ki, m\u00f6vs\u00fcm\u00fc \u0259n pis halda \u00fc\u00e7\u00fcnc\u00fc yerd\u0259 bitir\u0259c\u0259k.<\/p>\n","protected":false},"author":2,"featured_media":19632,"comment_status":"open","ping_status":"open","sticky":false,"template":"","format":"standard","meta":{"footnotes":""},"categories":[1],"tags":[181,56,111,51],"class_list":["post-20968","post","type-post","status-publish","format-standard","has-post-thumbnail","hentry","category-f1","tag-autodromo-hermanos-rodriguez","tag-max-verstappen","tag-mexico-city-grand-prix","tag-red-bull-racing"],"yoast_head":"<!-- This site is optimized with the Yoast SEO plugin v27.5 - https:\/\/yoast.com\/product\/yoast-seo-wordpress\/ -->\n<title>Ferstappen h\u0259r n\u0259tic\u0259y\u0259 haz\u0131rd\u0131r - X\u0259b\u0259ri Kokpitd\u0259 Oxuyun!<\/title>\n<meta name=\"robots\" content=\"index, follow, max-snippet:-1, max-image-preview:large, max-video-preview:-1\" \/>\n<link rel=\"canonical\" href=\"https:\/\/kokpit.az\/?p=20968\" \/>\n<meta property=\"og:locale\" content=\"az_AZ\" \/>\n<meta property=\"og:type\" content=\"article\" \/>\n<meta property=\"og:title\" content=\"Ferstappen h\u0259r n\u0259tic\u0259y\u0259 haz\u0131rd\u0131r - X\u0259b\u0259ri Kokpitd\u0259 Oxuyun!\" \/>\n<meta property=\"og:description\" content=\"Red Bull komandas\u0131n\u0131n s\u00fcr\u00fcc\u00fcs\u00fc Maks Ferstappen bildirib ki, m\u00f6vs\u00fcm\u00fc \u0259n pis halda \u00fc\u00e7\u00fcnc\u00fc yerd\u0259 bitir\u0259c\u0259k.\" \/>\n<meta property=\"og:url\" content=\"https:\/\/kokpit.az\/?p=20968\" \/>\n<meta property=\"og:site_name\" content=\"X\u0259b\u0259ri Kokpitd\u0259 Oxuyun!\" \/>\n<meta property=\"article:publisher\" content=\"https:\/\/www.facebook.com\/profile.php?id=61553756392357\" \/>\n<meta property=\"article:published_time\" content=\"2025-10-24T09:22:16+00:00\" \/>\n<meta property=\"og:image\" content=\"https:\/\/kokpit.az\/wp-content\/uploads\/2025\/09\/Verstappen-2-e1758377607321.jpg\" \/>\n\t<meta property=\"og:image:width\" content=\"1600\" \/>\n\t<meta property=\"og:image:height\" content=\"840\" \/>\n\t<meta property=\"og:image:type\" content=\"image\/jpeg\" \/>\n<meta name=\"author\" content=\"Rauf Hac\u0131yev\" \/>\n<meta name=\"twitter:card\" content=\"summary_large_image\" \/>\n<meta name=\"twitter:label1\" content=\"Written by\" \/>\n\t<meta name=\"twitter:data1\" content=\"Rauf Hac\u0131yev\" \/>\n\t<meta name=\"twitter:label2\" content=\"Est. reading time\" \/>\n\t<meta name=\"twitter:data2\" content=\"2 minutes\" \/>\n<script type=\"application\/ld+json\" class=\"yoast-schema-graph\">{\"@context\":\"https:\\\/\\\/schema.org\",\"@graph\":[{\"@type\":\"Article\",\"@id\":\"https:\\\/\\\/kokpit.az\\\/?p=20968#article\",\"isPartOf\":{\"@id\":\"https:\\\/\\\/kokpit.az\\\/?p=20968\"},\"author\":{\"name\":\"Rauf Hac\u0131yev\",\"@id\":\"https:\\\/\\\/kokpit.az\\\/#\\\/schema\\\/person\\\/f4114e650bc2993d0650e4fb6933c581\"},\"headline\":\"Ferstappen h\u0259r n\u0259tic\u0259y\u0259 haz\u0131rd\u0131r\",\"datePublished\":\"2025-10-24T09:22:16+00:00\",\"mainEntityOfPage\":{\"@id\":\"https:\\\/\\\/kokpit.az\\\/?p=20968\"},\"wordCount\":432,\"commentCount\":0,\"publisher\":{\"@id\":\"https:\\\/\\\/kokpit.az\\\/#organization\"},\"image\":{\"@id\":\"https:\\\/\\\/kokpit.az\\\/?p=20968#primaryimage\"},\"thumbnailUrl\":\"https:\\\/\\\/kokpit.az\\\/wp-content\\\/uploads\\\/2025\\\/09\\\/Verstappen-2-e1758377607321.jpg\",\"keywords\":[\"Autodromo Hermanos Rodriguez\",\"Max Verstappen\",\"Mexico City Grand Prix\",\"Red Bull Racing\"],\"articleSection\":[\"Formula 1\"],\"inLanguage\":\"az\",\"potentialAction\":[{\"@type\":\"CommentAction\",\"name\":\"Comment\",\"target\":[\"https:\\\/\\\/kokpit.az\\\/?p=20968#respond\"]}]},{\"@type\":\"WebPage\",\"@id\":\"https:\\\/\\\/kokpit.az\\\/?p=20968\",\"url\":\"https:\\\/\\\/kokpit.az\\\/?p=20968\",\"name\":\"Ferstappen h\u0259r n\u0259tic\u0259y\u0259 haz\u0131rd\u0131r - X\u0259b\u0259ri Kokpitd\u0259 Oxuyun!\",\"isPartOf\":{\"@id\":\"https:\\\/\\\/kokpit.az\\\/#website\"},\"primaryImageOfPage\":{\"@id\":\"https:\\\/\\\/kokpit.az\\\/?p=20968#primaryimage\"},\"image\":{\"@id\":\"https:\\\/\\\/kokpit.az\\\/?p=20968#primaryimage\"},\"thumbnailUrl\":\"https:\\\/\\\/kokpit.az\\\/wp-content\\\/uploads\\\/2025\\\/09\\\/Verstappen-2-e1758377607321.jpg\",\"datePublished\":\"2025-10-24T09:22:16+00:00\",\"breadcrumb\":{\"@id\":\"https:\\\/\\\/kokpit.az\\\/?p=20968#breadcrumb\"},\"inLanguage\":\"az\",\"potentialAction\":[{\"@type\":\"ReadAction\",\"target\":[\"https:\\\/\\\/kokpit.az\\\/?p=20968\"]}]},{\"@type\":\"ImageObject\",\"inLanguage\":\"az\",\"@id\":\"https:\\\/\\\/kokpit.az\\\/?p=20968#primaryimage\",\"url\":\"https:\\\/\\\/kokpit.az\\\/wp-content\\\/uploads\\\/2025\\\/09\\\/Verstappen-2-e1758377607321.jpg\",\"contentUrl\":\"https:\\\/\\\/kokpit.az\\\/wp-content\\\/uploads\\\/2025\\\/09\\\/Verstappen-2-e1758377607321.jpg\",\"width\":1600,\"height\":840},{\"@type\":\"BreadcrumbList\",\"@id\":\"https:\\\/\\\/kokpit.az\\\/?p=20968#breadcrumb\",\"itemListElement\":[{\"@type\":\"ListItem\",\"position\":1,\"name\":\"Home\",\"item\":\"https:\\\/\\\/kokpit.az\\\/\"},{\"@type\":\"ListItem\",\"position\":2,\"name\":\"Ferstappen h\u0259r n\u0259tic\u0259y\u0259 haz\u0131rd\u0131r\"}]},{\"@type\":\"WebSite\",\"@id\":\"https:\\\/\\\/kokpit.az\\\/#website\",\"url\":\"https:\\\/\\\/kokpit.az\\\/\",\"name\":\"X\u0259b\u0259ri Kokpitd\u0259 Oxuyun!\",\"description\":\"\",\"publisher\":{\"@id\":\"https:\\\/\\\/kokpit.az\\\/#organization\"},\"potentialAction\":[{\"@type\":\"SearchAction\",\"target\":{\"@type\":\"EntryPoint\",\"urlTemplate\":\"https:\\\/\\\/kokpit.az\\\/?s={search_term_string}\"},\"query-input\":{\"@type\":\"PropertyValueSpecification\",\"valueRequired\":true,\"valueName\":\"search_term_string\"}}],\"inLanguage\":\"az\"},{\"@type\":\"Organization\",\"@id\":\"https:\\\/\\\/kokpit.az\\\/#organization\",\"name\":\"X\u0259b\u0259ri Kokpitd\u0259 Oxuyun!\",\"url\":\"https:\\\/\\\/kokpit.az\\\/\",\"logo\":{\"@type\":\"ImageObject\",\"inLanguage\":\"az\",\"@id\":\"https:\\\/\\\/kokpit.az\\\/#\\\/schema\\\/logo\\\/image\\\/\",\"url\":\"https:\\\/\\\/kokpit.az\\\/wp-content\\\/uploads\\\/2023\\\/05\\\/kokpit.jpg\",\"contentUrl\":\"https:\\\/\\\/kokpit.az\\\/wp-content\\\/uploads\\\/2023\\\/05\\\/kokpit.jpg\",\"width\":488,\"height\":245,\"caption\":\"X\u0259b\u0259ri Kokpitd\u0259 Oxuyun!\"},\"image\":{\"@id\":\"https:\\\/\\\/kokpit.az\\\/#\\\/schema\\\/logo\\\/image\\\/\"},\"sameAs\":[\"https:\\\/\\\/www.facebook.com\\\/profile.php?id=61553756392357\"]},{\"@type\":\"Person\",\"@id\":\"https:\\\/\\\/kokpit.az\\\/#\\\/schema\\\/person\\\/f4114e650bc2993d0650e4fb6933c581\",\"name\":\"Rauf Hac\u0131yev\",\"image\":{\"@type\":\"ImageObject\",\"inLanguage\":\"az\",\"@id\":\"https:\\\/\\\/secure.gravatar.com\\\/avatar\\\/394a2085c47c7acdcf41f7d270b7cbb52513d6f4f24c1cb6dfbbd61f98c0503d?s=96&d=mm&r=g\",\"url\":\"https:\\\/\\\/secure.gravatar.com\\\/avatar\\\/394a2085c47c7acdcf41f7d270b7cbb52513d6f4f24c1cb6dfbbd61f98c0503d?s=96&d=mm&r=g\",\"contentUrl\":\"https:\\\/\\\/secure.gravatar.com\\\/avatar\\\/394a2085c47c7acdcf41f7d270b7cbb52513d6f4f24c1cb6dfbbd61f98c0503d?s=96&d=mm&r=g\",\"caption\":\"Rauf Hac\u0131yev\"},\"sameAs\":[\"https:\\\/\\\/kokpit.az\"],\"url\":\"https:\\\/\\\/kokpit.az\\\/?author=2\"}]}<\/script>\n<!-- \/ Yoast SEO plugin. -->","yoast_head_json":{"title":"Ferstappen h\u0259r n\u0259tic\u0259y\u0259 haz\u0131rd\u0131r - X\u0259b\u0259ri Kokpitd\u0259 Oxuyun!","robots":{"index":"index","follow":"follow","max-snippet":"max-snippet:-1","max-image-preview":"max-image-preview:large","max-video-preview":"max-video-preview:-1"},"canonical":"https:\/\/kokpit.az\/?p=20968","og_locale":"az_AZ","og_type":"article","og_title":"Ferstappen h\u0259r n\u0259tic\u0259y\u0259 haz\u0131rd\u0131r - X\u0259b\u0259ri Kokpitd\u0259 Oxuyun!","og_description":"Red Bull komandas\u0131n\u0131n s\u00fcr\u00fcc\u00fcs\u00fc Maks Ferstappen bildirib ki, m\u00f6vs\u00fcm\u00fc \u0259n pis halda \u00fc\u00e7\u00fcnc\u00fc yerd\u0259 bitir\u0259c\u0259k.","og_url":"https:\/\/kokpit.az\/?p=20968","og_site_name":"X\u0259b\u0259ri Kokpitd\u0259 Oxuyun!","article_publisher":"https:\/\/www.facebook.com\/profile.php?id=61553756392357","article_published_time":"2025-10-24T09:22:16+00:00","og_image":[{"width":1600,"height":840,"url":"https:\/\/kokpit.az\/wp-content\/uploads\/2025\/09\/Verstappen-2-e1758377607321.jpg","type":"image\/jpeg"}],"author":"Rauf Hac\u0131yev","twitter_card":"summary_large_image","twitter_misc":{"Written by":"Rauf Hac\u0131yev","Est. reading time":"2 minutes"},"schema":{"@context":"https:\/\/schema.org","@graph":[{"@type":"Article","@id":"https:\/\/kokpit.az\/?p=20968#article","isPartOf":{"@id":"https:\/\/kokpit.az\/?p=20968"},"author":{"name":"Rauf Hac\u0131yev","@id":"https:\/\/kokpit.az\/#\/schema\/person\/f4114e650bc2993d0650e4fb6933c581"},"headline":"Ferstappen h\u0259r n\u0259tic\u0259y\u0259 haz\u0131rd\u0131r","datePublished":"2025-10-24T09:22:16+00:00","mainEntityOfPage":{"@id":"https:\/\/kokpit.az\/?p=20968"},"wordCount":432,"commentCount":0,"publisher":{"@id":"https:\/\/kokpit.az\/#organization"},"image":{"@id":"https:\/\/kokpit.az\/?p=20968#primaryimage"},"thumbnailUrl":"https:\/\/kokpit.az\/wp-content\/uploads\/2025\/09\/Verstappen-2-e1758377607321.jpg","keywords":["Autodromo Hermanos Rodriguez","Max Verstappen","Mexico City Grand Prix","Red Bull Racing"],"articleSection":["Formula 1"],"inLanguage":"az","potentialAction":[{"@type":"CommentAction","name":"Comment","target":["https:\/\/kokpit.az\/?p=20968#respond"]}]},{"@type":"WebPage","@id":"https:\/\/kokpit.az\/?p=20968","url":"https:\/\/kokpit.az\/?p=20968","name":"Ferstappen h\u0259r n\u0259tic\u0259y\u0259 haz\u0131rd\u0131r - X\u0259b\u0259ri Kokpitd\u0259 Oxuyun!","isPartOf":{"@id":"https:\/\/kokpit.az\/#website"},"primaryImageOfPage":{"@id":"https:\/\/kokpit.az\/?p=20968#primaryimage"},"image":{"@id":"https:\/\/kokpit.az\/?p=20968#primaryimage"},"thumbnailUrl":"https:\/\/kokpit.az\/wp-content\/uploads\/2025\/09\/Verstappen-2-e1758377607321.jpg","datePublished":"2025-10-24T09:22:16+00:00","breadcrumb":{"@id":"https:\/\/kokpit.az\/?p=20968#breadcrumb"},"inLanguage":"az","potentialAction":[{"@type":"ReadAction","target":["https:\/\/kokpit.az\/?p=20968"]}]},{"@type":"ImageObject","inLanguage":"az","@id":"https:\/\/kokpit.az\/?p=20968#primaryimage","url":"https:\/\/kokpit.az\/wp-content\/uploads\/2025\/09\/Verstappen-2-e1758377607321.jpg","contentUrl":"https:\/\/kokpit.az\/wp-content\/uploads\/2025\/09\/Verstappen-2-e1758377607321.jpg","width":1600,"height":840},{"@type":"BreadcrumbList","@id":"https:\/\/kokpit.az\/?p=20968#breadcrumb","itemListElement":[{"@type":"ListItem","position":1,"name":"Home","item":"https:\/\/kokpit.az\/"},{"@type":"ListItem","position":2,"name":"Ferstappen h\u0259r n\u0259tic\u0259y\u0259 haz\u0131rd\u0131r"}]},{"@type":"WebSite","@id":"https:\/\/kokpit.az\/#website","url":"https:\/\/kokpit.az\/","name":"X\u0259b\u0259ri Kokpitd\u0259 Oxuyun!","description":"","publisher":{"@id":"https:\/\/kokpit.az\/#organization"},"potentialAction":[{"@type":"SearchAction","target":{"@type":"EntryPoint","urlTemplate":"https:\/\/kokpit.az\/?s={search_term_string}"},"query-input":{"@type":"PropertyValueSpecification","valueRequired":true,"valueName":"search_term_string"}}],"inLanguage":"az"},{"@type":"Organization","@id":"https:\/\/kokpit.az\/#organization","name":"X\u0259b\u0259ri Kokpitd\u0259 Oxuyun!","url":"https:\/\/kokpit.az\/","logo":{"@type":"ImageObject","inLanguage":"az","@id":"https:\/\/kokpit.az\/#\/schema\/logo\/image\/","url":"https:\/\/kokpit.az\/wp-content\/uploads\/2023\/05\/kokpit.jpg","contentUrl":"https:\/\/kokpit.az\/wp-content\/uploads\/2023\/05\/kokpit.jpg","width":488,"height":245,"caption":"X\u0259b\u0259ri Kokpitd\u0259 Oxuyun!"},"image":{"@id":"https:\/\/kokpit.az\/#\/schema\/logo\/image\/"},"sameAs":["https:\/\/www.facebook.com\/profile.php?id=61553756392357"]},{"@type":"Person","@id":"https:\/\/kokpit.az\/#\/schema\/person\/f4114e650bc2993d0650e4fb6933c581","name":"Rauf Hac\u0131yev","image":{"@type":"ImageObject","inLanguage":"az","@id":"https:\/\/secure.gravatar.com\/avatar\/394a2085c47c7acdcf41f7d270b7cbb52513d6f4f24c1cb6dfbbd61f98c0503d?s=96&d=mm&r=g","url":"https:\/\/secure.gravatar.com\/avatar\/394a2085c47c7acdcf41f7d270b7cbb52513d6f4f24c1cb6dfbbd61f98c0503d?s=96&d=mm&r=g","contentUrl":"https:\/\/secure.gravatar.com\/avatar\/394a2085c47c7acdcf41f7d270b7cbb52513d6f4f24c1cb6dfbbd61f98c0503d?s=96&d=mm&r=g","caption":"Rauf Hac\u0131yev"},"sameAs":["https:\/\/kokpit.az"],"url":"https:\/\/kokpit.az\/?author=2"}]}},"_links":{"self":[{"href":"https:\/\/kokpit.az\/index.php?rest_route=\/wp\/v2\/posts\/20968","targetHints":{"allow":["GET"]}}],"collection":[{"href":"https:\/\/kokpit.az\/index.php?rest_route=\/wp\/v2\/posts"}],"about":[{"href":"https:\/\/kokpit.az\/index.php?rest_route=\/wp\/v2\/types\/post"}],"author":[{"embeddable":true,"href":"https:\/\/kokpit.az\/index.php?rest_route=\/wp\/v2\/users\/2"}],"replies":[{"embeddable":true,"href":"https:\/\/kokpit.az\/index.php?rest_route=%2Fwp%2Fv2%2Fcomments&post=20968"}],"version-history":[{"count":1,"href":"https:\/\/kokpit.az\/index.php?rest_route=\/wp\/v2\/posts\/20968\/revisions"}],"predecessor-version":[{"id":20969,"href":"https:\/\/kokpit.az\/index.php?rest_route=\/wp\/v2\/posts\/20968\/revisions\/20969"}],"wp:featuredmedia":[{"embeddable":true,"href":"https:\/\/kokpit.az\/index.php?rest_route=\/wp\/v2\/media\/19632"}],"wp:attachment":[{"href":"https:\/\/kokpit.az\/index.php?rest_route=%2Fwp%2Fv2%2Fmedia&parent=20968"}],"wp:term":[{"taxonomy":"category","embeddable":true,"href":"https:\/\/kokpit.az\/index.php?rest_route=%2Fwp%2Fv2%2Fcategories&post=20968"},{"taxonomy":"post_tag","embeddable":true,"href":"https:\/\/kokpit.az\/index.php?rest_route=%2Fwp%2Fv2%2Ftags&post=20968"}],"curies":[{"name":"wp","href":"https:\/\/api.w.org\/{rel}","templated":true}]}}