{"id":19133,"date":"2025-09-11T15:19:37","date_gmt":"2025-09-11T11:19:37","guid":{"rendered":"https:\/\/kokpit.az\/?p=19133"},"modified":"2025-09-11T15:19:37","modified_gmt":"2025-09-11T11:19:37","slug":"m-ferstappen-en-gucluleri-sayib","status":"publish","type":"post","link":"https:\/\/kokpit.az\/?p=19133","title":{"rendered":"M.Ferstappen \u0259n g\u00fccl\u00fcl\u0259ri say\u0131b"},"content":{"rendered":"<p>\u018fn g\u00fccl\u00fc s\u0131ralanma turu s\u00fcr\u00fcc\u00fcs\u00fc bar\u0259d\u0259 suala Ferstappen bel\u0259 cavab verib: \u201c\u00c7\u0259tin suald\u0131r, amma m\u0259n h\u0259mi\u015f\u0259 \u015earl Lekleri s\u0131ralanmalarda \u00e7ox g\u00fccl\u00fc hesab etmi\u015f\u0259m. O, h\u0259m d\u0259 \u00f6tm\u0259l\u0259rd\u0259 yax\u015f\u0131d\u0131r\u201d.<\/p>\n<p>\u018fn \u00e7ox t\u0259rifi is\u0259 Fernando Alonso al\u0131b \u2013 Maks onu d\u00f6rd kateqoriyada \u0259n yax\u015f\u0131 adland\u0131r\u0131b, o c\u00fcml\u0259d\u0259n yar\u0131\u015flarda m\u00fcbariz\u0259 aparmaqda: \u00a0\u201cM\u0259n h\u0259mi\u015f\u0259 Fernandonun yar\u0131\u015flarda nec\u0259 d\u00f6y\u00fc\u015fd\u00fcy\u00fcn\u00fc izl\u0259m\u0259yi sevir\u0259m. O, \u0259sl d\u00f6y\u00fc\u015f\u00e7\u00fcd\u00fcr v\u0259 bu, m\u0259nim \u00e7ox xo\u015fuma g\u0259lir\u201d.<\/p>\n<p>\u018fn a\u011f\u0131ll\u0131 s\u00fcr\u00fcc\u00fc m\u00f6vzusunda da Ferstappen Alonsonu se\u00e7ib: \u00a0\u201cM\u0259n h\u0259mi\u015f\u0259 t\u0259cr\u00fcb\u0259ni se\u00e7\u0259rdim. \u00d6z\u00fcm\u00fc bu kateqoriyaya daxil etm\u0259y\u0259c\u0259y\u0259m v\u0259 yen\u0259 d\u0259 Fernandonu se\u00e7\u0259c\u0259y\u0259m. O, h\u0259m d\u0259 m\u00fcdafi\u0259d\u0259 m\u00f6ht\u0259\u015f\u0259mdir v\u0259 he\u00e7 \u015f\u00fcbh\u0259siz ki, psixoloji bax\u0131mdan \u0259n d\u00f6z\u00fcml\u00fc s\u00fcr\u00fcc\u00fcd\u00fcr\u201d.<\/p>\n<p>Bununla yana\u015f\u0131, Ferstappen \u0259n xarizmatik pilotu se\u00e7m\u0259kd\u0259n imtina edib: \u00a0\u201cXarizma \u0259slind\u0259 he\u00e7 bir \u0259h\u0259miyy\u0259t k\u0259sb etmir. \u018fn az\u0131ndan Formula 1 ma\u015f\u0131n\u0131n\u0131 idar\u0259 etm\u0259k \u00fc\u00e7\u00fcn yox\u201d.<\/p>\n<p>H\u0259m\u00e7inin, niderlandl\u0131 tarixin \u0259n b\u00f6y\u00fck pilotunu da adland\u0131rmay\u0131b: \u00a0\u201cM\u0259nc\u0259, bunu se\u00e7m\u0259k m\u00fcmk\u00fcn deyil. \u00c7\u00fcnki m\u00fcxt\u0259lif d\u00f6vrl\u0259rd\u0259 \u00e7ox b\u00f6y\u00fck pilotlar \u00e7\u0131x\u0131\u015f edibl\u0259r. \u018fn \u0259sas\u0131 onlar\u0131n ham\u0131s\u0131n\u0131 qiym\u0259tl\u0259ndirm\u0259kdir\u201d.<\/p>\n","protected":false},"excerpt":{"rendered":"<p>\u0130spaniyan\u0131n Mundo Deportivo n\u0259\u015fri Red Bull Racing pilotu Maks Ferstappeni 2025-ci ilin Formula 1 s\u00fcr\u00fcc\u00fcl\u0259ri bar\u0259d\u0259 fikirl\u0259rini b\u00f6l\u00fc\u015fm\u0259y\u0259 d\u0259v\u0259t edib. Niderlandl\u0131 pilot n\u0259 \u00f6z\u00fcn\u00fc, n\u0259 d\u0259 yeddiqat d\u00fcnya \u00e7empionu Lyuis Hemiltonu siyah\u0131ya sal\u0131b.<\/p>\n","protected":false},"author":2,"featured_media":15290,"comment_status":"open","ping_status":"open","sticky":false,"template":"","format":"standard","meta":{"footnotes":""},"categories":[2],"tags":[64,67,56,51],"class_list":["post-19133","post","type-post","status-publish","format-standard","has-post-thumbnail","hentry","category-news","tag-charles-leclerc","tag-fernando-alonso","tag-max-verstappen","tag-red-bull-racing"],"yoast_head":"<!-- This site is optimized with the Yoast SEO plugin v27.5 - https:\/\/yoast.com\/product\/yoast-seo-wordpress\/ -->\n<title>M.Ferstappen \u0259n g\u00fccl\u00fcl\u0259ri say\u0131b - X\u0259b\u0259ri Kokpitd\u0259 Oxuyun!<\/title>\n<meta name=\"robots\" content=\"index, follow, max-snippet:-1, max-image-preview:large, max-video-preview:-1\" \/>\n<link rel=\"canonical\" href=\"https:\/\/kokpit.az\/?p=19133\" \/>\n<meta property=\"og:locale\" content=\"az_AZ\" \/>\n<meta property=\"og:type\" content=\"article\" \/>\n<meta property=\"og:title\" content=\"M.Ferstappen \u0259n g\u00fccl\u00fcl\u0259ri say\u0131b - X\u0259b\u0259ri Kokpitd\u0259 Oxuyun!\" \/>\n<meta property=\"og:description\" content=\"\u0130spaniyan\u0131n Mundo Deportivo n\u0259\u015fri Red Bull Racing pilotu Maks Ferstappeni 2025-ci ilin Formula 1 s\u00fcr\u00fcc\u00fcl\u0259ri bar\u0259d\u0259 fikirl\u0259rini b\u00f6l\u00fc\u015fm\u0259y\u0259 d\u0259v\u0259t edib. Niderlandl\u0131 pilot n\u0259 \u00f6z\u00fcn\u00fc, n\u0259 d\u0259 yeddiqat d\u00fcnya \u00e7empionu Lyuis Hemiltonu siyah\u0131ya sal\u0131b.\" \/>\n<meta property=\"og:url\" content=\"https:\/\/kokpit.az\/?p=19133\" \/>\n<meta property=\"og:site_name\" content=\"X\u0259b\u0259ri Kokpitd\u0259 Oxuyun!\" \/>\n<meta property=\"article:publisher\" content=\"https:\/\/www.facebook.com\/profile.php?id=61553756392357\" \/>\n<meta property=\"article:published_time\" content=\"2025-09-11T11:19:37+00:00\" \/>\n<meta property=\"og:image\" content=\"https:\/\/kokpit.az\/wp-content\/uploads\/2025\/06\/GtRapd9XUAAfhHv-scaled-e1749804800313.jpeg\" \/>\n\t<meta property=\"og:image:width\" content=\"1200\" \/>\n\t<meta property=\"og:image:height\" content=\"630\" \/>\n\t<meta property=\"og:image:type\" content=\"image\/jpeg\" \/>\n<meta name=\"author\" content=\"Rauf Hac\u0131yev\" \/>\n<meta name=\"twitter:card\" content=\"summary_large_image\" \/>\n<meta name=\"twitter:label1\" content=\"Written by\" \/>\n\t<meta name=\"twitter:data1\" content=\"Rauf Hac\u0131yev\" \/>\n\t<meta name=\"twitter:label2\" content=\"Est. reading time\" \/>\n\t<meta name=\"twitter:data2\" content=\"1 minute\" \/>\n<script type=\"application\/ld+json\" class=\"yoast-schema-graph\">{\"@context\":\"https:\\\/\\\/schema.org\",\"@graph\":[{\"@type\":\"Article\",\"@id\":\"https:\\\/\\\/kokpit.az\\\/?p=19133#article\",\"isPartOf\":{\"@id\":\"https:\\\/\\\/kokpit.az\\\/?p=19133\"},\"author\":{\"name\":\"Rauf Hac\u0131yev\",\"@id\":\"https:\\\/\\\/kokpit.az\\\/#\\\/schema\\\/person\\\/f4114e650bc2993d0650e4fb6933c581\"},\"headline\":\"M.Ferstappen \u0259n g\u00fccl\u00fcl\u0259ri say\u0131b\",\"datePublished\":\"2025-09-11T11:19:37+00:00\",\"mainEntityOfPage\":{\"@id\":\"https:\\\/\\\/kokpit.az\\\/?p=19133\"},\"wordCount\":268,\"commentCount\":0,\"publisher\":{\"@id\":\"https:\\\/\\\/kokpit.az\\\/#organization\"},\"image\":{\"@id\":\"https:\\\/\\\/kokpit.az\\\/?p=19133#primaryimage\"},\"thumbnailUrl\":\"https:\\\/\\\/kokpit.az\\\/wp-content\\\/uploads\\\/2025\\\/06\\\/GtRapd9XUAAfhHv-scaled-e1749804800313.jpeg\",\"keywords\":[\"Charles Leclerc\",\"Fernando Alonso\",\"Max Verstappen\",\"Red Bull Racing\"],\"articleSection\":[\"X\u0259b\u0259rl\u0259r\"],\"inLanguage\":\"az\",\"potentialAction\":[{\"@type\":\"CommentAction\",\"name\":\"Comment\",\"target\":[\"https:\\\/\\\/kokpit.az\\\/?p=19133#respond\"]}]},{\"@type\":\"WebPage\",\"@id\":\"https:\\\/\\\/kokpit.az\\\/?p=19133\",\"url\":\"https:\\\/\\\/kokpit.az\\\/?p=19133\",\"name\":\"M.Ferstappen \u0259n g\u00fccl\u00fcl\u0259ri say\u0131b - X\u0259b\u0259ri Kokpitd\u0259 Oxuyun!\",\"isPartOf\":{\"@id\":\"https:\\\/\\\/kokpit.az\\\/#website\"},\"primaryImageOfPage\":{\"@id\":\"https:\\\/\\\/kokpit.az\\\/?p=19133#primaryimage\"},\"image\":{\"@id\":\"https:\\\/\\\/kokpit.az\\\/?p=19133#primaryimage\"},\"thumbnailUrl\":\"https:\\\/\\\/kokpit.az\\\/wp-content\\\/uploads\\\/2025\\\/06\\\/GtRapd9XUAAfhHv-scaled-e1749804800313.jpeg\",\"datePublished\":\"2025-09-11T11:19:37+00:00\",\"breadcrumb\":{\"@id\":\"https:\\\/\\\/kokpit.az\\\/?p=19133#breadcrumb\"},\"inLanguage\":\"az\",\"potentialAction\":[{\"@type\":\"ReadAction\",\"target\":[\"https:\\\/\\\/kokpit.az\\\/?p=19133\"]}]},{\"@type\":\"ImageObject\",\"inLanguage\":\"az\",\"@id\":\"https:\\\/\\\/kokpit.az\\\/?p=19133#primaryimage\",\"url\":\"https:\\\/\\\/kokpit.az\\\/wp-content\\\/uploads\\\/2025\\\/06\\\/GtRapd9XUAAfhHv-scaled-e1749804800313.jpeg\",\"contentUrl\":\"https:\\\/\\\/kokpit.az\\\/wp-content\\\/uploads\\\/2025\\\/06\\\/GtRapd9XUAAfhHv-scaled-e1749804800313.jpeg\",\"width\":1200,\"height\":630},{\"@type\":\"BreadcrumbList\",\"@id\":\"https:\\\/\\\/kokpit.az\\\/?p=19133#breadcrumb\",\"itemListElement\":[{\"@type\":\"ListItem\",\"position\":1,\"name\":\"Home\",\"item\":\"https:\\\/\\\/kokpit.az\\\/\"},{\"@type\":\"ListItem\",\"position\":2,\"name\":\"M.Ferstappen \u0259n g\u00fccl\u00fcl\u0259ri say\u0131b\"}]},{\"@type\":\"WebSite\",\"@id\":\"https:\\\/\\\/kokpit.az\\\/#website\",\"url\":\"https:\\\/\\\/kokpit.az\\\/\",\"name\":\"X\u0259b\u0259ri Kokpitd\u0259 Oxuyun!\",\"description\":\"\",\"publisher\":{\"@id\":\"https:\\\/\\\/kokpit.az\\\/#organization\"},\"potentialAction\":[{\"@type\":\"SearchAction\",\"target\":{\"@type\":\"EntryPoint\",\"urlTemplate\":\"https:\\\/\\\/kokpit.az\\\/?s={search_term_string}\"},\"query-input\":{\"@type\":\"PropertyValueSpecification\",\"valueRequired\":true,\"valueName\":\"search_term_string\"}}],\"inLanguage\":\"az\"},{\"@type\":\"Organization\",\"@id\":\"https:\\\/\\\/kokpit.az\\\/#organization\",\"name\":\"X\u0259b\u0259ri Kokpitd\u0259 Oxuyun!\",\"url\":\"https:\\\/\\\/kokpit.az\\\/\",\"logo\":{\"@type\":\"ImageObject\",\"inLanguage\":\"az\",\"@id\":\"https:\\\/\\\/kokpit.az\\\/#\\\/schema\\\/logo\\\/image\\\/\",\"url\":\"https:\\\/\\\/kokpit.az\\\/wp-content\\\/uploads\\\/2023\\\/05\\\/kokpit.jpg\",\"contentUrl\":\"https:\\\/\\\/kokpit.az\\\/wp-content\\\/uploads\\\/2023\\\/05\\\/kokpit.jpg\",\"width\":488,\"height\":245,\"caption\":\"X\u0259b\u0259ri Kokpitd\u0259 Oxuyun!\"},\"image\":{\"@id\":\"https:\\\/\\\/kokpit.az\\\/#\\\/schema\\\/logo\\\/image\\\/\"},\"sameAs\":[\"https:\\\/\\\/www.facebook.com\\\/profile.php?id=61553756392357\"]},{\"@type\":\"Person\",\"@id\":\"https:\\\/\\\/kokpit.az\\\/#\\\/schema\\\/person\\\/f4114e650bc2993d0650e4fb6933c581\",\"name\":\"Rauf Hac\u0131yev\",\"image\":{\"@type\":\"ImageObject\",\"inLanguage\":\"az\",\"@id\":\"https:\\\/\\\/secure.gravatar.com\\\/avatar\\\/394a2085c47c7acdcf41f7d270b7cbb52513d6f4f24c1cb6dfbbd61f98c0503d?s=96&d=mm&r=g\",\"url\":\"https:\\\/\\\/secure.gravatar.com\\\/avatar\\\/394a2085c47c7acdcf41f7d270b7cbb52513d6f4f24c1cb6dfbbd61f98c0503d?s=96&d=mm&r=g\",\"contentUrl\":\"https:\\\/\\\/secure.gravatar.com\\\/avatar\\\/394a2085c47c7acdcf41f7d270b7cbb52513d6f4f24c1cb6dfbbd61f98c0503d?s=96&d=mm&r=g\",\"caption\":\"Rauf Hac\u0131yev\"},\"sameAs\":[\"https:\\\/\\\/kokpit.az\"],\"url\":\"https:\\\/\\\/kokpit.az\\\/?author=2\"}]}<\/script>\n<!-- \/ Yoast SEO plugin. -->","yoast_head_json":{"title":"M.Ferstappen \u0259n g\u00fccl\u00fcl\u0259ri say\u0131b - X\u0259b\u0259ri Kokpitd\u0259 Oxuyun!","robots":{"index":"index","follow":"follow","max-snippet":"max-snippet:-1","max-image-preview":"max-image-preview:large","max-video-preview":"max-video-preview:-1"},"canonical":"https:\/\/kokpit.az\/?p=19133","og_locale":"az_AZ","og_type":"article","og_title":"M.Ferstappen \u0259n g\u00fccl\u00fcl\u0259ri say\u0131b - X\u0259b\u0259ri Kokpitd\u0259 Oxuyun!","og_description":"\u0130spaniyan\u0131n Mundo Deportivo n\u0259\u015fri Red Bull Racing pilotu Maks Ferstappeni 2025-ci ilin Formula 1 s\u00fcr\u00fcc\u00fcl\u0259ri bar\u0259d\u0259 fikirl\u0259rini b\u00f6l\u00fc\u015fm\u0259y\u0259 d\u0259v\u0259t edib. Niderlandl\u0131 pilot n\u0259 \u00f6z\u00fcn\u00fc, n\u0259 d\u0259 yeddiqat d\u00fcnya \u00e7empionu Lyuis Hemiltonu siyah\u0131ya sal\u0131b.","og_url":"https:\/\/kokpit.az\/?p=19133","og_site_name":"X\u0259b\u0259ri Kokpitd\u0259 Oxuyun!","article_publisher":"https:\/\/www.facebook.com\/profile.php?id=61553756392357","article_published_time":"2025-09-11T11:19:37+00:00","og_image":[{"width":1200,"height":630,"url":"https:\/\/kokpit.az\/wp-content\/uploads\/2025\/06\/GtRapd9XUAAfhHv-scaled-e1749804800313.jpeg","type":"image\/jpeg"}],"author":"Rauf Hac\u0131yev","twitter_card":"summary_large_image","twitter_misc":{"Written by":"Rauf Hac\u0131yev","Est. reading time":"1 minute"},"schema":{"@context":"https:\/\/schema.org","@graph":[{"@type":"Article","@id":"https:\/\/kokpit.az\/?p=19133#article","isPartOf":{"@id":"https:\/\/kokpit.az\/?p=19133"},"author":{"name":"Rauf Hac\u0131yev","@id":"https:\/\/kokpit.az\/#\/schema\/person\/f4114e650bc2993d0650e4fb6933c581"},"headline":"M.Ferstappen \u0259n g\u00fccl\u00fcl\u0259ri say\u0131b","datePublished":"2025-09-11T11:19:37+00:00","mainEntityOfPage":{"@id":"https:\/\/kokpit.az\/?p=19133"},"wordCount":268,"commentCount":0,"publisher":{"@id":"https:\/\/kokpit.az\/#organization"},"image":{"@id":"https:\/\/kokpit.az\/?p=19133#primaryimage"},"thumbnailUrl":"https:\/\/kokpit.az\/wp-content\/uploads\/2025\/06\/GtRapd9XUAAfhHv-scaled-e1749804800313.jpeg","keywords":["Charles Leclerc","Fernando Alonso","Max Verstappen","Red Bull Racing"],"articleSection":["X\u0259b\u0259rl\u0259r"],"inLanguage":"az","potentialAction":[{"@type":"CommentAction","name":"Comment","target":["https:\/\/kokpit.az\/?p=19133#respond"]}]},{"@type":"WebPage","@id":"https:\/\/kokpit.az\/?p=19133","url":"https:\/\/kokpit.az\/?p=19133","name":"M.Ferstappen \u0259n g\u00fccl\u00fcl\u0259ri say\u0131b - X\u0259b\u0259ri Kokpitd\u0259 Oxuyun!","isPartOf":{"@id":"https:\/\/kokpit.az\/#website"},"primaryImageOfPage":{"@id":"https:\/\/kokpit.az\/?p=19133#primaryimage"},"image":{"@id":"https:\/\/kokpit.az\/?p=19133#primaryimage"},"thumbnailUrl":"https:\/\/kokpit.az\/wp-content\/uploads\/2025\/06\/GtRapd9XUAAfhHv-scaled-e1749804800313.jpeg","datePublished":"2025-09-11T11:19:37+00:00","breadcrumb":{"@id":"https:\/\/kokpit.az\/?p=19133#breadcrumb"},"inLanguage":"az","potentialAction":[{"@type":"ReadAction","target":["https:\/\/kokpit.az\/?p=19133"]}]},{"@type":"ImageObject","inLanguage":"az","@id":"https:\/\/kokpit.az\/?p=19133#primaryimage","url":"https:\/\/kokpit.az\/wp-content\/uploads\/2025\/06\/GtRapd9XUAAfhHv-scaled-e1749804800313.jpeg","contentUrl":"https:\/\/kokpit.az\/wp-content\/uploads\/2025\/06\/GtRapd9XUAAfhHv-scaled-e1749804800313.jpeg","width":1200,"height":630},{"@type":"BreadcrumbList","@id":"https:\/\/kokpit.az\/?p=19133#breadcrumb","itemListElement":[{"@type":"ListItem","position":1,"name":"Home","item":"https:\/\/kokpit.az\/"},{"@type":"ListItem","position":2,"name":"M.Ferstappen \u0259n g\u00fccl\u00fcl\u0259ri say\u0131b"}]},{"@type":"WebSite","@id":"https:\/\/kokpit.az\/#website","url":"https:\/\/kokpit.az\/","name":"X\u0259b\u0259ri Kokpitd\u0259 Oxuyun!","description":"","publisher":{"@id":"https:\/\/kokpit.az\/#organization"},"potentialAction":[{"@type":"SearchAction","target":{"@type":"EntryPoint","urlTemplate":"https:\/\/kokpit.az\/?s={search_term_string}"},"query-input":{"@type":"PropertyValueSpecification","valueRequired":true,"valueName":"search_term_string"}}],"inLanguage":"az"},{"@type":"Organization","@id":"https:\/\/kokpit.az\/#organization","name":"X\u0259b\u0259ri Kokpitd\u0259 Oxuyun!","url":"https:\/\/kokpit.az\/","logo":{"@type":"ImageObject","inLanguage":"az","@id":"https:\/\/kokpit.az\/#\/schema\/logo\/image\/","url":"https:\/\/kokpit.az\/wp-content\/uploads\/2023\/05\/kokpit.jpg","contentUrl":"https:\/\/kokpit.az\/wp-content\/uploads\/2023\/05\/kokpit.jpg","width":488,"height":245,"caption":"X\u0259b\u0259ri Kokpitd\u0259 Oxuyun!"},"image":{"@id":"https:\/\/kokpit.az\/#\/schema\/logo\/image\/"},"sameAs":["https:\/\/www.facebook.com\/profile.php?id=61553756392357"]},{"@type":"Person","@id":"https:\/\/kokpit.az\/#\/schema\/person\/f4114e650bc2993d0650e4fb6933c581","name":"Rauf Hac\u0131yev","image":{"@type":"ImageObject","inLanguage":"az","@id":"https:\/\/secure.gravatar.com\/avatar\/394a2085c47c7acdcf41f7d270b7cbb52513d6f4f24c1cb6dfbbd61f98c0503d?s=96&d=mm&r=g","url":"https:\/\/secure.gravatar.com\/avatar\/394a2085c47c7acdcf41f7d270b7cbb52513d6f4f24c1cb6dfbbd61f98c0503d?s=96&d=mm&r=g","contentUrl":"https:\/\/secure.gravatar.com\/avatar\/394a2085c47c7acdcf41f7d270b7cbb52513d6f4f24c1cb6dfbbd61f98c0503d?s=96&d=mm&r=g","caption":"Rauf Hac\u0131yev"},"sameAs":["https:\/\/kokpit.az"],"url":"https:\/\/kokpit.az\/?author=2"}]}},"_links":{"self":[{"href":"https:\/\/kokpit.az\/index.php?rest_route=\/wp\/v2\/posts\/19133","targetHints":{"allow":["GET"]}}],"collection":[{"href":"https:\/\/kokpit.az\/index.php?rest_route=\/wp\/v2\/posts"}],"about":[{"href":"https:\/\/kokpit.az\/index.php?rest_route=\/wp\/v2\/types\/post"}],"author":[{"embeddable":true,"href":"https:\/\/kokpit.az\/index.php?rest_route=\/wp\/v2\/users\/2"}],"replies":[{"embeddable":true,"href":"https:\/\/kokpit.az\/index.php?rest_route=%2Fwp%2Fv2%2Fcomments&post=19133"}],"version-history":[{"count":1,"href":"https:\/\/kokpit.az\/index.php?rest_route=\/wp\/v2\/posts\/19133\/revisions"}],"predecessor-version":[{"id":19134,"href":"https:\/\/kokpit.az\/index.php?rest_route=\/wp\/v2\/posts\/19133\/revisions\/19134"}],"wp:featuredmedia":[{"embeddable":true,"href":"https:\/\/kokpit.az\/index.php?rest_route=\/wp\/v2\/media\/15290"}],"wp:attachment":[{"href":"https:\/\/kokpit.az\/index.php?rest_route=%2Fwp%2Fv2%2Fmedia&parent=19133"}],"wp:term":[{"taxonomy":"category","embeddable":true,"href":"https:\/\/kokpit.az\/index.php?rest_route=%2Fwp%2Fv2%2Fcategories&post=19133"},{"taxonomy":"post_tag","embeddable":true,"href":"https:\/\/kokpit.az\/index.php?rest_route=%2Fwp%2Fv2%2Ftags&post=19133"}],"curies":[{"name":"wp","href":"https:\/\/api.w.org\/{rel}","templated":true}]}}