{"id":19094,"date":"2025-09-10T14:47:21","date_gmt":"2025-09-10T10:47:21","guid":{"rendered":"https:\/\/kokpit.az\/?p=19094"},"modified":"2025-09-10T14:47:21","modified_gmt":"2025-09-10T10:47:21","slug":"f1-apple-tv-d%c9%99-yayimlana-bil%c9%99r","status":"publish","type":"post","link":"https:\/\/kokpit.az\/?p=19094","title":{"rendered":"F1 Apple TV-d\u0259 yay\u0131mlana bil\u0259r"},"content":{"rendered":"<p>M\u0259s\u0259l\u0259 bar\u0259d\u0259 Liberty Media r\u0259hb\u0259rl\u0259rind\u0259n biri, ba\u015f icra\u00e7\u0131 direktor Derek \u00c7anq \u201cGoldman Sachs\u201d konfrans\u0131nda dan\u0131\u015f\u0131b. O, Apple-\u0131n ad\u0131n\u0131 \u00e7\u0259km\u0259s\u0259 d\u0259, sual m\u0259hz bu m\u00f6vzuda olub:<\/p>\n<p><strong>Derek \u00c7anq<\/strong>: \u201cM\u00fczakir\u0259l\u0259rd\u0259 kifay\u0259t q\u0259d\u0259r ir\u0259lil\u0259mi\u015fik v\u0259 gedi\u015fatdan raz\u0131y\u0131q. Bizim \u00fc\u00e7\u00fcn vacib olan bizi g\u00fccl\u0259ndir\u0259c\u0259k, \u00f6z m\u00fc\u015ft\u0259ri bazas\u0131 il\u0259 qar\u015f\u0131l\u0131ql\u0131 \u0259laq\u0259 qurma\u011f\u0131 bacaran t\u0259r\u0259fda\u015f tapmaqd\u0131r. \u00dcmid edir\u0259m, tezlikl\u0259 a\u00e7\u0131qlayacaq x\u0259b\u0259rimiz olacaq\u201d.<\/p>\n<p>Bu dan\u0131\u015f\u0131qlar g\u00f6st\u0259rir ki, Liberty Media Formula 1-in yay\u0131m\u0131n\u0131 t\u0259dric\u0259n \u0259n\u0259n\u0259vi televiziya kanallar\u0131ndan r\u0259q\u0259msal yay\u0131m\u00e7\u0131 platformalar\u0131na ke\u00e7irm\u0259y\u0259 haz\u0131rla\u015f\u0131r. Bu add\u0131m tama\u015fa\u00e7\u0131lar \u00fc\u00e7\u00fcn daha \u00e7evik giri\u015f imkan\u0131 v\u0259 m\u00fcxt\u0259lif formatlarda izl\u0259m\u0259 \u00fcst\u00fcnl\u00fcy\u00fc t\u0259min ed\u0259 bil\u0259r.<\/p>\n","protected":false},"excerpt":{"rendered":"<p>\u015eayi\u0259l\u0259r\u0259 g\u00f6r\u0259 Apple AB\u015e-da Formula 1-in yay\u0131m h\u00fcquqlar\u0131n\u0131 \u0259ld\u0259 etm\u0259k \u00fc\u00e7\u00fcn ild\u0259 120\u2013150 milyon dollar t\u0259klif edib. Bu r\u0259q\u0259m haz\u0131rda ESPN-in \u00f6d\u0259diyi 85 milyon dollardan xeyli \u00e7oxdur.<\/p>\n","protected":false},"author":2,"featured_media":5900,"comment_status":"open","ping_status":"open","sticky":false,"template":"","format":"standard","meta":{"footnotes":""},"categories":[2],"tags":[683,1744,899,1743,117],"class_list":["post-19094","post","type-post","status-publish","format-standard","has-post-thumbnail","hentry","category-news","tag-apple","tag-apple-tv","tag-derek-chang","tag-goldman-sachs","tag-liberty-media"],"yoast_head":"<!-- This site is optimized with the Yoast SEO plugin v27.5 - https:\/\/yoast.com\/product\/yoast-seo-wordpress\/ -->\n<title>F1 Apple TV-d\u0259 yay\u0131mlana bil\u0259r - X\u0259b\u0259ri Kokpitd\u0259 Oxuyun!<\/title>\n<meta name=\"robots\" content=\"index, follow, max-snippet:-1, max-image-preview:large, max-video-preview:-1\" \/>\n<link rel=\"canonical\" href=\"https:\/\/kokpit.az\/?p=19094\" \/>\n<meta property=\"og:locale\" content=\"az_AZ\" \/>\n<meta property=\"og:type\" content=\"article\" \/>\n<meta property=\"og:title\" content=\"F1 Apple TV-d\u0259 yay\u0131mlana bil\u0259r - X\u0259b\u0259ri Kokpitd\u0259 Oxuyun!\" \/>\n<meta property=\"og:description\" content=\"\u015eayi\u0259l\u0259r\u0259 g\u00f6r\u0259 Apple AB\u015e-da Formula 1-in yay\u0131m h\u00fcquqlar\u0131n\u0131 \u0259ld\u0259 etm\u0259k \u00fc\u00e7\u00fcn ild\u0259 120\u2013150 milyon dollar t\u0259klif edib. Bu r\u0259q\u0259m haz\u0131rda ESPN-in \u00f6d\u0259diyi 85 milyon dollardan xeyli \u00e7oxdur.\" \/>\n<meta property=\"og:url\" content=\"https:\/\/kokpit.az\/?p=19094\" \/>\n<meta property=\"og:site_name\" content=\"X\u0259b\u0259ri Kokpitd\u0259 Oxuyun!\" \/>\n<meta property=\"article:publisher\" content=\"https:\/\/www.facebook.com\/profile.php?id=61553756392357\" \/>\n<meta property=\"article:published_time\" content=\"2025-09-10T10:47:21+00:00\" \/>\n<meta property=\"og:image\" content=\"https:\/\/kokpit.az\/wp-content\/uploads\/2024\/06\/Emilia-Romagna-GP-start.jpg\" \/>\n\t<meta property=\"og:image:width\" content=\"1600\" \/>\n\t<meta property=\"og:image:height\" content=\"840\" \/>\n\t<meta property=\"og:image:type\" content=\"image\/jpeg\" \/>\n<meta name=\"author\" content=\"Rauf Hac\u0131yev\" \/>\n<meta name=\"twitter:card\" content=\"summary_large_image\" \/>\n<meta name=\"twitter:label1\" content=\"Written by\" \/>\n\t<meta name=\"twitter:data1\" content=\"Rauf Hac\u0131yev\" \/>\n\t<meta name=\"twitter:label2\" content=\"Est. reading time\" \/>\n\t<meta name=\"twitter:data2\" content=\"1 minute\" \/>\n<script type=\"application\/ld+json\" class=\"yoast-schema-graph\">{\"@context\":\"https:\\\/\\\/schema.org\",\"@graph\":[{\"@type\":\"Article\",\"@id\":\"https:\\\/\\\/kokpit.az\\\/?p=19094#article\",\"isPartOf\":{\"@id\":\"https:\\\/\\\/kokpit.az\\\/?p=19094\"},\"author\":{\"name\":\"Rauf Hac\u0131yev\",\"@id\":\"https:\\\/\\\/kokpit.az\\\/#\\\/schema\\\/person\\\/f4114e650bc2993d0650e4fb6933c581\"},\"headline\":\"F1 Apple TV-d\u0259 yay\u0131mlana bil\u0259r\",\"datePublished\":\"2025-09-10T10:47:21+00:00\",\"mainEntityOfPage\":{\"@id\":\"https:\\\/\\\/kokpit.az\\\/?p=19094\"},\"wordCount\":166,\"commentCount\":0,\"publisher\":{\"@id\":\"https:\\\/\\\/kokpit.az\\\/#organization\"},\"image\":{\"@id\":\"https:\\\/\\\/kokpit.az\\\/?p=19094#primaryimage\"},\"thumbnailUrl\":\"https:\\\/\\\/kokpit.az\\\/wp-content\\\/uploads\\\/2024\\\/06\\\/Emilia-Romagna-GP-start.jpg\",\"keywords\":[\"Apple\",\"Apple TV\",\"Derek Chang\",\"Goldman Sachs\",\"Liberty Media\"],\"articleSection\":[\"X\u0259b\u0259rl\u0259r\"],\"inLanguage\":\"az\",\"potentialAction\":[{\"@type\":\"CommentAction\",\"name\":\"Comment\",\"target\":[\"https:\\\/\\\/kokpit.az\\\/?p=19094#respond\"]}]},{\"@type\":\"WebPage\",\"@id\":\"https:\\\/\\\/kokpit.az\\\/?p=19094\",\"url\":\"https:\\\/\\\/kokpit.az\\\/?p=19094\",\"name\":\"F1 Apple TV-d\u0259 yay\u0131mlana bil\u0259r - X\u0259b\u0259ri Kokpitd\u0259 Oxuyun!\",\"isPartOf\":{\"@id\":\"https:\\\/\\\/kokpit.az\\\/#website\"},\"primaryImageOfPage\":{\"@id\":\"https:\\\/\\\/kokpit.az\\\/?p=19094#primaryimage\"},\"image\":{\"@id\":\"https:\\\/\\\/kokpit.az\\\/?p=19094#primaryimage\"},\"thumbnailUrl\":\"https:\\\/\\\/kokpit.az\\\/wp-content\\\/uploads\\\/2024\\\/06\\\/Emilia-Romagna-GP-start.jpg\",\"datePublished\":\"2025-09-10T10:47:21+00:00\",\"breadcrumb\":{\"@id\":\"https:\\\/\\\/kokpit.az\\\/?p=19094#breadcrumb\"},\"inLanguage\":\"az\",\"potentialAction\":[{\"@type\":\"ReadAction\",\"target\":[\"https:\\\/\\\/kokpit.az\\\/?p=19094\"]}]},{\"@type\":\"ImageObject\",\"inLanguage\":\"az\",\"@id\":\"https:\\\/\\\/kokpit.az\\\/?p=19094#primaryimage\",\"url\":\"https:\\\/\\\/kokpit.az\\\/wp-content\\\/uploads\\\/2024\\\/06\\\/Emilia-Romagna-GP-start.jpg\",\"contentUrl\":\"https:\\\/\\\/kokpit.az\\\/wp-content\\\/uploads\\\/2024\\\/06\\\/Emilia-Romagna-GP-start.jpg\",\"width\":1600,\"height\":840},{\"@type\":\"BreadcrumbList\",\"@id\":\"https:\\\/\\\/kokpit.az\\\/?p=19094#breadcrumb\",\"itemListElement\":[{\"@type\":\"ListItem\",\"position\":1,\"name\":\"Home\",\"item\":\"https:\\\/\\\/kokpit.az\\\/\"},{\"@type\":\"ListItem\",\"position\":2,\"name\":\"F1 Apple TV-d\u0259 yay\u0131mlana bil\u0259r\"}]},{\"@type\":\"WebSite\",\"@id\":\"https:\\\/\\\/kokpit.az\\\/#website\",\"url\":\"https:\\\/\\\/kokpit.az\\\/\",\"name\":\"X\u0259b\u0259ri Kokpitd\u0259 Oxuyun!\",\"description\":\"\",\"publisher\":{\"@id\":\"https:\\\/\\\/kokpit.az\\\/#organization\"},\"potentialAction\":[{\"@type\":\"SearchAction\",\"target\":{\"@type\":\"EntryPoint\",\"urlTemplate\":\"https:\\\/\\\/kokpit.az\\\/?s={search_term_string}\"},\"query-input\":{\"@type\":\"PropertyValueSpecification\",\"valueRequired\":true,\"valueName\":\"search_term_string\"}}],\"inLanguage\":\"az\"},{\"@type\":\"Organization\",\"@id\":\"https:\\\/\\\/kokpit.az\\\/#organization\",\"name\":\"X\u0259b\u0259ri Kokpitd\u0259 Oxuyun!\",\"url\":\"https:\\\/\\\/kokpit.az\\\/\",\"logo\":{\"@type\":\"ImageObject\",\"inLanguage\":\"az\",\"@id\":\"https:\\\/\\\/kokpit.az\\\/#\\\/schema\\\/logo\\\/image\\\/\",\"url\":\"https:\\\/\\\/kokpit.az\\\/wp-content\\\/uploads\\\/2023\\\/05\\\/kokpit.jpg\",\"contentUrl\":\"https:\\\/\\\/kokpit.az\\\/wp-content\\\/uploads\\\/2023\\\/05\\\/kokpit.jpg\",\"width\":488,\"height\":245,\"caption\":\"X\u0259b\u0259ri Kokpitd\u0259 Oxuyun!\"},\"image\":{\"@id\":\"https:\\\/\\\/kokpit.az\\\/#\\\/schema\\\/logo\\\/image\\\/\"},\"sameAs\":[\"https:\\\/\\\/www.facebook.com\\\/profile.php?id=61553756392357\"]},{\"@type\":\"Person\",\"@id\":\"https:\\\/\\\/kokpit.az\\\/#\\\/schema\\\/person\\\/f4114e650bc2993d0650e4fb6933c581\",\"name\":\"Rauf Hac\u0131yev\",\"image\":{\"@type\":\"ImageObject\",\"inLanguage\":\"az\",\"@id\":\"https:\\\/\\\/secure.gravatar.com\\\/avatar\\\/394a2085c47c7acdcf41f7d270b7cbb52513d6f4f24c1cb6dfbbd61f98c0503d?s=96&d=mm&r=g\",\"url\":\"https:\\\/\\\/secure.gravatar.com\\\/avatar\\\/394a2085c47c7acdcf41f7d270b7cbb52513d6f4f24c1cb6dfbbd61f98c0503d?s=96&d=mm&r=g\",\"contentUrl\":\"https:\\\/\\\/secure.gravatar.com\\\/avatar\\\/394a2085c47c7acdcf41f7d270b7cbb52513d6f4f24c1cb6dfbbd61f98c0503d?s=96&d=mm&r=g\",\"caption\":\"Rauf Hac\u0131yev\"},\"sameAs\":[\"https:\\\/\\\/kokpit.az\"],\"url\":\"https:\\\/\\\/kokpit.az\\\/?author=2\"}]}<\/script>\n<!-- \/ Yoast SEO plugin. -->","yoast_head_json":{"title":"F1 Apple TV-d\u0259 yay\u0131mlana bil\u0259r - X\u0259b\u0259ri Kokpitd\u0259 Oxuyun!","robots":{"index":"index","follow":"follow","max-snippet":"max-snippet:-1","max-image-preview":"max-image-preview:large","max-video-preview":"max-video-preview:-1"},"canonical":"https:\/\/kokpit.az\/?p=19094","og_locale":"az_AZ","og_type":"article","og_title":"F1 Apple TV-d\u0259 yay\u0131mlana bil\u0259r - X\u0259b\u0259ri Kokpitd\u0259 Oxuyun!","og_description":"\u015eayi\u0259l\u0259r\u0259 g\u00f6r\u0259 Apple AB\u015e-da Formula 1-in yay\u0131m h\u00fcquqlar\u0131n\u0131 \u0259ld\u0259 etm\u0259k \u00fc\u00e7\u00fcn ild\u0259 120\u2013150 milyon dollar t\u0259klif edib. Bu r\u0259q\u0259m haz\u0131rda ESPN-in \u00f6d\u0259diyi 85 milyon dollardan xeyli \u00e7oxdur.","og_url":"https:\/\/kokpit.az\/?p=19094","og_site_name":"X\u0259b\u0259ri Kokpitd\u0259 Oxuyun!","article_publisher":"https:\/\/www.facebook.com\/profile.php?id=61553756392357","article_published_time":"2025-09-10T10:47:21+00:00","og_image":[{"width":1600,"height":840,"url":"https:\/\/kokpit.az\/wp-content\/uploads\/2024\/06\/Emilia-Romagna-GP-start.jpg","type":"image\/jpeg"}],"author":"Rauf Hac\u0131yev","twitter_card":"summary_large_image","twitter_misc":{"Written by":"Rauf Hac\u0131yev","Est. reading time":"1 minute"},"schema":{"@context":"https:\/\/schema.org","@graph":[{"@type":"Article","@id":"https:\/\/kokpit.az\/?p=19094#article","isPartOf":{"@id":"https:\/\/kokpit.az\/?p=19094"},"author":{"name":"Rauf Hac\u0131yev","@id":"https:\/\/kokpit.az\/#\/schema\/person\/f4114e650bc2993d0650e4fb6933c581"},"headline":"F1 Apple TV-d\u0259 yay\u0131mlana bil\u0259r","datePublished":"2025-09-10T10:47:21+00:00","mainEntityOfPage":{"@id":"https:\/\/kokpit.az\/?p=19094"},"wordCount":166,"commentCount":0,"publisher":{"@id":"https:\/\/kokpit.az\/#organization"},"image":{"@id":"https:\/\/kokpit.az\/?p=19094#primaryimage"},"thumbnailUrl":"https:\/\/kokpit.az\/wp-content\/uploads\/2024\/06\/Emilia-Romagna-GP-start.jpg","keywords":["Apple","Apple TV","Derek Chang","Goldman Sachs","Liberty Media"],"articleSection":["X\u0259b\u0259rl\u0259r"],"inLanguage":"az","potentialAction":[{"@type":"CommentAction","name":"Comment","target":["https:\/\/kokpit.az\/?p=19094#respond"]}]},{"@type":"WebPage","@id":"https:\/\/kokpit.az\/?p=19094","url":"https:\/\/kokpit.az\/?p=19094","name":"F1 Apple TV-d\u0259 yay\u0131mlana bil\u0259r - X\u0259b\u0259ri Kokpitd\u0259 Oxuyun!","isPartOf":{"@id":"https:\/\/kokpit.az\/#website"},"primaryImageOfPage":{"@id":"https:\/\/kokpit.az\/?p=19094#primaryimage"},"image":{"@id":"https:\/\/kokpit.az\/?p=19094#primaryimage"},"thumbnailUrl":"https:\/\/kokpit.az\/wp-content\/uploads\/2024\/06\/Emilia-Romagna-GP-start.jpg","datePublished":"2025-09-10T10:47:21+00:00","breadcrumb":{"@id":"https:\/\/kokpit.az\/?p=19094#breadcrumb"},"inLanguage":"az","potentialAction":[{"@type":"ReadAction","target":["https:\/\/kokpit.az\/?p=19094"]}]},{"@type":"ImageObject","inLanguage":"az","@id":"https:\/\/kokpit.az\/?p=19094#primaryimage","url":"https:\/\/kokpit.az\/wp-content\/uploads\/2024\/06\/Emilia-Romagna-GP-start.jpg","contentUrl":"https:\/\/kokpit.az\/wp-content\/uploads\/2024\/06\/Emilia-Romagna-GP-start.jpg","width":1600,"height":840},{"@type":"BreadcrumbList","@id":"https:\/\/kokpit.az\/?p=19094#breadcrumb","itemListElement":[{"@type":"ListItem","position":1,"name":"Home","item":"https:\/\/kokpit.az\/"},{"@type":"ListItem","position":2,"name":"F1 Apple TV-d\u0259 yay\u0131mlana bil\u0259r"}]},{"@type":"WebSite","@id":"https:\/\/kokpit.az\/#website","url":"https:\/\/kokpit.az\/","name":"X\u0259b\u0259ri Kokpitd\u0259 Oxuyun!","description":"","publisher":{"@id":"https:\/\/kokpit.az\/#organization"},"potentialAction":[{"@type":"SearchAction","target":{"@type":"EntryPoint","urlTemplate":"https:\/\/kokpit.az\/?s={search_term_string}"},"query-input":{"@type":"PropertyValueSpecification","valueRequired":true,"valueName":"search_term_string"}}],"inLanguage":"az"},{"@type":"Organization","@id":"https:\/\/kokpit.az\/#organization","name":"X\u0259b\u0259ri Kokpitd\u0259 Oxuyun!","url":"https:\/\/kokpit.az\/","logo":{"@type":"ImageObject","inLanguage":"az","@id":"https:\/\/kokpit.az\/#\/schema\/logo\/image\/","url":"https:\/\/kokpit.az\/wp-content\/uploads\/2023\/05\/kokpit.jpg","contentUrl":"https:\/\/kokpit.az\/wp-content\/uploads\/2023\/05\/kokpit.jpg","width":488,"height":245,"caption":"X\u0259b\u0259ri Kokpitd\u0259 Oxuyun!"},"image":{"@id":"https:\/\/kokpit.az\/#\/schema\/logo\/image\/"},"sameAs":["https:\/\/www.facebook.com\/profile.php?id=61553756392357"]},{"@type":"Person","@id":"https:\/\/kokpit.az\/#\/schema\/person\/f4114e650bc2993d0650e4fb6933c581","name":"Rauf Hac\u0131yev","image":{"@type":"ImageObject","inLanguage":"az","@id":"https:\/\/secure.gravatar.com\/avatar\/394a2085c47c7acdcf41f7d270b7cbb52513d6f4f24c1cb6dfbbd61f98c0503d?s=96&d=mm&r=g","url":"https:\/\/secure.gravatar.com\/avatar\/394a2085c47c7acdcf41f7d270b7cbb52513d6f4f24c1cb6dfbbd61f98c0503d?s=96&d=mm&r=g","contentUrl":"https:\/\/secure.gravatar.com\/avatar\/394a2085c47c7acdcf41f7d270b7cbb52513d6f4f24c1cb6dfbbd61f98c0503d?s=96&d=mm&r=g","caption":"Rauf Hac\u0131yev"},"sameAs":["https:\/\/kokpit.az"],"url":"https:\/\/kokpit.az\/?author=2"}]}},"_links":{"self":[{"href":"https:\/\/kokpit.az\/index.php?rest_route=\/wp\/v2\/posts\/19094","targetHints":{"allow":["GET"]}}],"collection":[{"href":"https:\/\/kokpit.az\/index.php?rest_route=\/wp\/v2\/posts"}],"about":[{"href":"https:\/\/kokpit.az\/index.php?rest_route=\/wp\/v2\/types\/post"}],"author":[{"embeddable":true,"href":"https:\/\/kokpit.az\/index.php?rest_route=\/wp\/v2\/users\/2"}],"replies":[{"embeddable":true,"href":"https:\/\/kokpit.az\/index.php?rest_route=%2Fwp%2Fv2%2Fcomments&post=19094"}],"version-history":[{"count":1,"href":"https:\/\/kokpit.az\/index.php?rest_route=\/wp\/v2\/posts\/19094\/revisions"}],"predecessor-version":[{"id":19095,"href":"https:\/\/kokpit.az\/index.php?rest_route=\/wp\/v2\/posts\/19094\/revisions\/19095"}],"wp:featuredmedia":[{"embeddable":true,"href":"https:\/\/kokpit.az\/index.php?rest_route=\/wp\/v2\/media\/5900"}],"wp:attachment":[{"href":"https:\/\/kokpit.az\/index.php?rest_route=%2Fwp%2Fv2%2Fmedia&parent=19094"}],"wp:term":[{"taxonomy":"category","embeddable":true,"href":"https:\/\/kokpit.az\/index.php?rest_route=%2Fwp%2Fv2%2Fcategories&post=19094"},{"taxonomy":"post_tag","embeddable":true,"href":"https:\/\/kokpit.az\/index.php?rest_route=%2Fwp%2Fv2%2Ftags&post=19094"}],"curies":[{"name":"wp","href":"https:\/\/api.w.org\/{rel}","templated":true}]}}