{"id":17795,"date":"2025-08-15T18:25:00","date_gmt":"2025-08-15T14:25:00","guid":{"rendered":"https:\/\/kokpit.az\/?p=17795"},"modified":"2025-08-15T18:25:00","modified_gmt":"2025-08-15T14:25:00","slug":"portuqaliya-f1-yarisi-kecirm%c9%99k-ist%c9%99yir","status":"publish","type":"post","link":"https:\/\/kokpit.az\/?p=17795","title":{"rendered":"Portuqaliya F1 yar\u0131\u015f\u0131 ke\u00e7irm\u0259k ist\u0259yir"},"content":{"rendered":"<p data-start=\"106\" data-end=\"254\">Vaxtil\u0259 Portuqaliya Qran Prisi m\u00fcnt\u0259z\u0259m ke\u00e7irilib, \u00fcmumilikd\u0259 Formula 1 tarixinin m\u00fcxt\u0259lif d\u00f6vrl\u0259rind\u0259 d\u00f6rd f\u0259rqli trasda 18 yar\u0131\u015f ba\u015f tutub. Uzun fasil\u0259d\u0259n sonra &#8211; Covid-19 pandemiyas\u0131 d\u00f6vr\u00fcnd\u0259 &#8211; 2008-ci ild\u0259 in\u015fa olunmu\u015f v\u0259 Portimauda yerl\u0259\u015f\u0259n Alqarve Beyn\u0259lxalq Avtodromu son iku yar\u0131\u015f\u0131 q\u0259bul edib. Bu, 2020 v\u0259 2021-ci ill\u0259rd\u0259 ba\u015f verib.<\/p>\n<p data-start=\"591\" data-end=\"736\">H\u0259r iki halda podiumun zirv\u0259sin\u0259 Lyuis H\u0259milton qalx\u0131b. M\u00fcasir Formula 1 pilotlar\u0131 aras\u0131nda yaln\u0131z o, Portuqaliyada qalib g\u0259lm\u0259kl\u0259 se\u00e7ilib.<\/p>\n<p data-start=\"738\" data-end=\"1001\">Bu tras WEC m\u0259rh\u0259l\u0259l\u0259rini, DTM v\u0259 TCR Europe kuzov seriyalar\u0131n\u0131 q\u0259bul edib, h\u0259m\u00e7inin burada m\u00fcnt\u0259z\u0259m olaraq MotoGP yar\u0131\u015flar\u0131 ke\u00e7irilib. Amma indi \u00f6lk\u0259 h\u00f6kum\u0259ti Portuqaliya m\u0259rh\u0259l\u0259sini yenid\u0259n d\u00fcnya \u00e7empionat\u0131n\u0131n t\u0259qvimind\u0259 g\u00f6rm\u0259k \u00fc\u00e7\u00fcn add\u0131m atmaq niyy\u0259tind\u0259dir.<\/p>\n<p data-start=\"1003\" data-end=\"1262\">Lui\u015f Montenegro: \u201cRegionu \u0259n t\u0259sirli \u015f\u0259kild\u0259 tan\u0131tma\u011f\u0131n yollar\u0131ndan biri parlaq idman t\u0259dbirl\u0259ri ke\u00e7irm\u0259kdir. Bizim MotoGP il\u0259 m\u00fcqavil\u0259miz var v\u0259 \u0259n b\u00f6y\u00fck motorsport \u00e7empionatlar\u0131ndan biri h\u0259m bu il, h\u0259m d\u0259 2026-c\u0131 ild\u0259 bu trasda ke\u00e7iril\u0259c\u0259k.<\/p>\n<p data-start=\"1264\" data-end=\"1636\">M\u0259n h\u0259m\u00e7inin dey\u0259 bil\u0259r\u0259m ki, biz Formula 1 il\u0259 raz\u0131l\u0131\u011fa g\u0259lm\u0259k v\u0259 2027-ci ild\u0259 Portuqaliya Qran Prisini Alqarvey\u0259 qaytarmaq \u00fc\u00e7\u00fcn tam haz\u0131r\u0131q. Bunun \u00fc\u00e7\u00fcn h\u00f6kum\u0259t t\u0259r\u0259find\u0259n m\u00fc\u0259yy\u0259n maliyy\u0259 d\u0259st\u0259yi laz\u0131m olacaq, amma Formula 1 yar\u0131\u015flar\u0131 investisiyalar\u0131n h\u0259m birba\u015fa, h\u0259m d\u0259 dolay\u0131 qaytar\u0131lmas\u0131n\u0131 t\u0259min edib \u2013 regiona diqq\u0259t c\u0259lb etm\u0259kl\u0259 \u2013 v\u0259 h\u0259qiq\u0259t\u0259n d\u0259 buna d\u0259yib\u201d.<\/p>\n<p data-start=\"1638\" data-end=\"1943\">Bununla bel\u0259, bu planlar\u0131n ger\u00e7\u0259kl\u0259\u015fm\u0259si Portuqaliya Formula 1-d\u0259 \u00e7\u0131x\u0131\u015f etm\u0259k ist\u0259y\u0259n dig\u0259r \u00f6lk\u0259l\u0259rl\u0259 r\u0259qab\u0259t aparmal\u0131d\u0131r, \u00e7\u00fcnki Formula 1-in populyarl\u0131\u011f\u0131 d\u00fcnyada artma\u011fa davam edir. X\u00fcsusil\u0259, Tailand, C\u0259nubi Afrika Respublikas\u0131, Argentina, T\u00fcrkiy\u0259 v\u0259 h\u0259tta Ruanda yar\u0131\u015f ke\u00e7irm\u0259y\u0259 iddia edir.<\/p>\n<p data-start=\"1945\" data-end=\"2171\">Amma \u00e7empionat\u0131n t\u0259\u015fkilat\u00e7\u0131lar\u0131 m\u0259rh\u0259l\u0259l\u0259rin rotasiya il\u0259 ke\u00e7irilm\u0259sini v\u0259 n\u00f6vb\u0259 il\u0259 m\u00fcxt\u0259lif \u00f6lk\u0259l\u0259rd\u0259 ba\u015f tutmas\u0131n\u0131 planla\u015fd\u0131r\u0131rlar. Buna g\u00f6r\u0259 d\u0259 Portuqaliyan\u0131n \u00f6z Qran Prisini qaytarmaq ist\u0259yi d\u0259y\u0259rl\u0259ndiril\u0259 bil\u0259r.<\/p>\n","protected":false},"excerpt":{"rendered":"<p>Portuqaliyada milli Qran Prinin geri qay\u0131tmas\u0131n\u0131 arzulay\u0131rlar. \u00d6lk\u0259nin ba\u015f naziri Lui\u015f Montenegro art\u0131q bel\u0259 bir layih\u0259y\u0259 d\u00f6vl\u0259t d\u0259st\u0259yi v\u0259d edib.<\/p>\n","protected":false},"author":2,"featured_media":17796,"comment_status":"open","ping_status":"open","sticky":false,"template":"","format":"standard","meta":{"footnotes":""},"categories":[2],"tags":[1491,1492,1489,1490,1493],"class_list":["post-17795","post","type-post","status-publish","format-standard","has-post-thumbnail","hentry","category-news","tag-algarve-international-circuit","tag-f1-portugal","tag-luis-montenegro","tag-portugal-grand-prix","tag-portuguese-gp"],"yoast_head":"<!-- This site is optimized with the Yoast SEO plugin v27.5 - https:\/\/yoast.com\/product\/yoast-seo-wordpress\/ -->\n<title>Portuqaliya F1 yar\u0131\u015f\u0131 ke\u00e7irm\u0259k ist\u0259yir - X\u0259b\u0259ri Kokpitd\u0259 Oxuyun!<\/title>\n<meta name=\"robots\" content=\"index, follow, max-snippet:-1, max-image-preview:large, max-video-preview:-1\" \/>\n<link rel=\"canonical\" href=\"https:\/\/kokpit.az\/?p=17795\" \/>\n<meta property=\"og:locale\" content=\"az_AZ\" \/>\n<meta property=\"og:type\" content=\"article\" \/>\n<meta property=\"og:title\" content=\"Portuqaliya F1 yar\u0131\u015f\u0131 ke\u00e7irm\u0259k ist\u0259yir - X\u0259b\u0259ri Kokpitd\u0259 Oxuyun!\" \/>\n<meta property=\"og:description\" content=\"Portuqaliyada milli Qran Prinin geri qay\u0131tmas\u0131n\u0131 arzulay\u0131rlar. \u00d6lk\u0259nin ba\u015f naziri Lui\u015f Montenegro art\u0131q bel\u0259 bir layih\u0259y\u0259 d\u00f6vl\u0259t d\u0259st\u0259yi v\u0259d edib.\" \/>\n<meta property=\"og:url\" content=\"https:\/\/kokpit.az\/?p=17795\" \/>\n<meta property=\"og:site_name\" content=\"X\u0259b\u0259ri Kokpitd\u0259 Oxuyun!\" \/>\n<meta property=\"article:publisher\" content=\"https:\/\/www.facebook.com\/profile.php?id=61553756392357\" \/>\n<meta property=\"article:published_time\" content=\"2025-08-15T14:25:00+00:00\" \/>\n<meta property=\"og:image\" content=\"https:\/\/kokpit.az\/wp-content\/uploads\/2025\/08\/IMG_7381.jpeg\" \/>\n\t<meta property=\"og:image:width\" content=\"2048\" \/>\n\t<meta property=\"og:image:height\" content=\"1152\" \/>\n\t<meta property=\"og:image:type\" content=\"image\/jpeg\" \/>\n<meta name=\"author\" content=\"Rauf Hac\u0131yev\" \/>\n<meta name=\"twitter:card\" content=\"summary_large_image\" \/>\n<meta name=\"twitter:label1\" content=\"Written by\" \/>\n\t<meta name=\"twitter:data1\" content=\"Rauf Hac\u0131yev\" \/>\n\t<meta name=\"twitter:label2\" content=\"Est. reading time\" \/>\n\t<meta name=\"twitter:data2\" content=\"2 minutes\" \/>\n<script type=\"application\/ld+json\" class=\"yoast-schema-graph\">{\"@context\":\"https:\\\/\\\/schema.org\",\"@graph\":[{\"@type\":\"Article\",\"@id\":\"https:\\\/\\\/kokpit.az\\\/?p=17795#article\",\"isPartOf\":{\"@id\":\"https:\\\/\\\/kokpit.az\\\/?p=17795\"},\"author\":{\"name\":\"Rauf Hac\u0131yev\",\"@id\":\"https:\\\/\\\/kokpit.az\\\/#\\\/schema\\\/person\\\/f4114e650bc2993d0650e4fb6933c581\"},\"headline\":\"Portuqaliya F1 yar\u0131\u015f\u0131 ke\u00e7irm\u0259k ist\u0259yir\",\"datePublished\":\"2025-08-15T14:25:00+00:00\",\"mainEntityOfPage\":{\"@id\":\"https:\\\/\\\/kokpit.az\\\/?p=17795\"},\"wordCount\":412,\"commentCount\":0,\"publisher\":{\"@id\":\"https:\\\/\\\/kokpit.az\\\/#organization\"},\"image\":{\"@id\":\"https:\\\/\\\/kokpit.az\\\/?p=17795#primaryimage\"},\"thumbnailUrl\":\"https:\\\/\\\/kokpit.az\\\/wp-content\\\/uploads\\\/2025\\\/08\\\/IMG_7381.jpeg\",\"keywords\":[\"Algarve International Circuit\",\"F1 Portugal\",\"Luis Montenegro\",\"Portugal Grand Prix\",\"Portuguese GP\"],\"articleSection\":[\"X\u0259b\u0259rl\u0259r\"],\"inLanguage\":\"az\",\"potentialAction\":[{\"@type\":\"CommentAction\",\"name\":\"Comment\",\"target\":[\"https:\\\/\\\/kokpit.az\\\/?p=17795#respond\"]}]},{\"@type\":\"WebPage\",\"@id\":\"https:\\\/\\\/kokpit.az\\\/?p=17795\",\"url\":\"https:\\\/\\\/kokpit.az\\\/?p=17795\",\"name\":\"Portuqaliya F1 yar\u0131\u015f\u0131 ke\u00e7irm\u0259k ist\u0259yir - X\u0259b\u0259ri Kokpitd\u0259 Oxuyun!\",\"isPartOf\":{\"@id\":\"https:\\\/\\\/kokpit.az\\\/#website\"},\"primaryImageOfPage\":{\"@id\":\"https:\\\/\\\/kokpit.az\\\/?p=17795#primaryimage\"},\"image\":{\"@id\":\"https:\\\/\\\/kokpit.az\\\/?p=17795#primaryimage\"},\"thumbnailUrl\":\"https:\\\/\\\/kokpit.az\\\/wp-content\\\/uploads\\\/2025\\\/08\\\/IMG_7381.jpeg\",\"datePublished\":\"2025-08-15T14:25:00+00:00\",\"breadcrumb\":{\"@id\":\"https:\\\/\\\/kokpit.az\\\/?p=17795#breadcrumb\"},\"inLanguage\":\"az\",\"potentialAction\":[{\"@type\":\"ReadAction\",\"target\":[\"https:\\\/\\\/kokpit.az\\\/?p=17795\"]}]},{\"@type\":\"ImageObject\",\"inLanguage\":\"az\",\"@id\":\"https:\\\/\\\/kokpit.az\\\/?p=17795#primaryimage\",\"url\":\"https:\\\/\\\/kokpit.az\\\/wp-content\\\/uploads\\\/2025\\\/08\\\/IMG_7381.jpeg\",\"contentUrl\":\"https:\\\/\\\/kokpit.az\\\/wp-content\\\/uploads\\\/2025\\\/08\\\/IMG_7381.jpeg\",\"width\":2048,\"height\":1152},{\"@type\":\"BreadcrumbList\",\"@id\":\"https:\\\/\\\/kokpit.az\\\/?p=17795#breadcrumb\",\"itemListElement\":[{\"@type\":\"ListItem\",\"position\":1,\"name\":\"Home\",\"item\":\"https:\\\/\\\/kokpit.az\\\/\"},{\"@type\":\"ListItem\",\"position\":2,\"name\":\"Portuqaliya F1 yar\u0131\u015f\u0131 ke\u00e7irm\u0259k ist\u0259yir\"}]},{\"@type\":\"WebSite\",\"@id\":\"https:\\\/\\\/kokpit.az\\\/#website\",\"url\":\"https:\\\/\\\/kokpit.az\\\/\",\"name\":\"X\u0259b\u0259ri Kokpitd\u0259 Oxuyun!\",\"description\":\"\",\"publisher\":{\"@id\":\"https:\\\/\\\/kokpit.az\\\/#organization\"},\"potentialAction\":[{\"@type\":\"SearchAction\",\"target\":{\"@type\":\"EntryPoint\",\"urlTemplate\":\"https:\\\/\\\/kokpit.az\\\/?s={search_term_string}\"},\"query-input\":{\"@type\":\"PropertyValueSpecification\",\"valueRequired\":true,\"valueName\":\"search_term_string\"}}],\"inLanguage\":\"az\"},{\"@type\":\"Organization\",\"@id\":\"https:\\\/\\\/kokpit.az\\\/#organization\",\"name\":\"X\u0259b\u0259ri Kokpitd\u0259 Oxuyun!\",\"url\":\"https:\\\/\\\/kokpit.az\\\/\",\"logo\":{\"@type\":\"ImageObject\",\"inLanguage\":\"az\",\"@id\":\"https:\\\/\\\/kokpit.az\\\/#\\\/schema\\\/logo\\\/image\\\/\",\"url\":\"https:\\\/\\\/kokpit.az\\\/wp-content\\\/uploads\\\/2023\\\/05\\\/kokpit.jpg\",\"contentUrl\":\"https:\\\/\\\/kokpit.az\\\/wp-content\\\/uploads\\\/2023\\\/05\\\/kokpit.jpg\",\"width\":488,\"height\":245,\"caption\":\"X\u0259b\u0259ri Kokpitd\u0259 Oxuyun!\"},\"image\":{\"@id\":\"https:\\\/\\\/kokpit.az\\\/#\\\/schema\\\/logo\\\/image\\\/\"},\"sameAs\":[\"https:\\\/\\\/www.facebook.com\\\/profile.php?id=61553756392357\"]},{\"@type\":\"Person\",\"@id\":\"https:\\\/\\\/kokpit.az\\\/#\\\/schema\\\/person\\\/f4114e650bc2993d0650e4fb6933c581\",\"name\":\"Rauf Hac\u0131yev\",\"image\":{\"@type\":\"ImageObject\",\"inLanguage\":\"az\",\"@id\":\"https:\\\/\\\/secure.gravatar.com\\\/avatar\\\/394a2085c47c7acdcf41f7d270b7cbb52513d6f4f24c1cb6dfbbd61f98c0503d?s=96&d=mm&r=g\",\"url\":\"https:\\\/\\\/secure.gravatar.com\\\/avatar\\\/394a2085c47c7acdcf41f7d270b7cbb52513d6f4f24c1cb6dfbbd61f98c0503d?s=96&d=mm&r=g\",\"contentUrl\":\"https:\\\/\\\/secure.gravatar.com\\\/avatar\\\/394a2085c47c7acdcf41f7d270b7cbb52513d6f4f24c1cb6dfbbd61f98c0503d?s=96&d=mm&r=g\",\"caption\":\"Rauf Hac\u0131yev\"},\"sameAs\":[\"https:\\\/\\\/kokpit.az\"],\"url\":\"https:\\\/\\\/kokpit.az\\\/?author=2\"}]}<\/script>\n<!-- \/ Yoast SEO plugin. -->","yoast_head_json":{"title":"Portuqaliya F1 yar\u0131\u015f\u0131 ke\u00e7irm\u0259k ist\u0259yir - X\u0259b\u0259ri Kokpitd\u0259 Oxuyun!","robots":{"index":"index","follow":"follow","max-snippet":"max-snippet:-1","max-image-preview":"max-image-preview:large","max-video-preview":"max-video-preview:-1"},"canonical":"https:\/\/kokpit.az\/?p=17795","og_locale":"az_AZ","og_type":"article","og_title":"Portuqaliya F1 yar\u0131\u015f\u0131 ke\u00e7irm\u0259k ist\u0259yir - X\u0259b\u0259ri Kokpitd\u0259 Oxuyun!","og_description":"Portuqaliyada milli Qran Prinin geri qay\u0131tmas\u0131n\u0131 arzulay\u0131rlar. \u00d6lk\u0259nin ba\u015f naziri Lui\u015f Montenegro art\u0131q bel\u0259 bir layih\u0259y\u0259 d\u00f6vl\u0259t d\u0259st\u0259yi v\u0259d edib.","og_url":"https:\/\/kokpit.az\/?p=17795","og_site_name":"X\u0259b\u0259ri Kokpitd\u0259 Oxuyun!","article_publisher":"https:\/\/www.facebook.com\/profile.php?id=61553756392357","article_published_time":"2025-08-15T14:25:00+00:00","og_image":[{"width":2048,"height":1152,"url":"https:\/\/kokpit.az\/wp-content\/uploads\/2025\/08\/IMG_7381.jpeg","type":"image\/jpeg"}],"author":"Rauf Hac\u0131yev","twitter_card":"summary_large_image","twitter_misc":{"Written by":"Rauf Hac\u0131yev","Est. reading time":"2 minutes"},"schema":{"@context":"https:\/\/schema.org","@graph":[{"@type":"Article","@id":"https:\/\/kokpit.az\/?p=17795#article","isPartOf":{"@id":"https:\/\/kokpit.az\/?p=17795"},"author":{"name":"Rauf Hac\u0131yev","@id":"https:\/\/kokpit.az\/#\/schema\/person\/f4114e650bc2993d0650e4fb6933c581"},"headline":"Portuqaliya F1 yar\u0131\u015f\u0131 ke\u00e7irm\u0259k ist\u0259yir","datePublished":"2025-08-15T14:25:00+00:00","mainEntityOfPage":{"@id":"https:\/\/kokpit.az\/?p=17795"},"wordCount":412,"commentCount":0,"publisher":{"@id":"https:\/\/kokpit.az\/#organization"},"image":{"@id":"https:\/\/kokpit.az\/?p=17795#primaryimage"},"thumbnailUrl":"https:\/\/kokpit.az\/wp-content\/uploads\/2025\/08\/IMG_7381.jpeg","keywords":["Algarve International Circuit","F1 Portugal","Luis Montenegro","Portugal Grand Prix","Portuguese GP"],"articleSection":["X\u0259b\u0259rl\u0259r"],"inLanguage":"az","potentialAction":[{"@type":"CommentAction","name":"Comment","target":["https:\/\/kokpit.az\/?p=17795#respond"]}]},{"@type":"WebPage","@id":"https:\/\/kokpit.az\/?p=17795","url":"https:\/\/kokpit.az\/?p=17795","name":"Portuqaliya F1 yar\u0131\u015f\u0131 ke\u00e7irm\u0259k ist\u0259yir - X\u0259b\u0259ri Kokpitd\u0259 Oxuyun!","isPartOf":{"@id":"https:\/\/kokpit.az\/#website"},"primaryImageOfPage":{"@id":"https:\/\/kokpit.az\/?p=17795#primaryimage"},"image":{"@id":"https:\/\/kokpit.az\/?p=17795#primaryimage"},"thumbnailUrl":"https:\/\/kokpit.az\/wp-content\/uploads\/2025\/08\/IMG_7381.jpeg","datePublished":"2025-08-15T14:25:00+00:00","breadcrumb":{"@id":"https:\/\/kokpit.az\/?p=17795#breadcrumb"},"inLanguage":"az","potentialAction":[{"@type":"ReadAction","target":["https:\/\/kokpit.az\/?p=17795"]}]},{"@type":"ImageObject","inLanguage":"az","@id":"https:\/\/kokpit.az\/?p=17795#primaryimage","url":"https:\/\/kokpit.az\/wp-content\/uploads\/2025\/08\/IMG_7381.jpeg","contentUrl":"https:\/\/kokpit.az\/wp-content\/uploads\/2025\/08\/IMG_7381.jpeg","width":2048,"height":1152},{"@type":"BreadcrumbList","@id":"https:\/\/kokpit.az\/?p=17795#breadcrumb","itemListElement":[{"@type":"ListItem","position":1,"name":"Home","item":"https:\/\/kokpit.az\/"},{"@type":"ListItem","position":2,"name":"Portuqaliya F1 yar\u0131\u015f\u0131 ke\u00e7irm\u0259k ist\u0259yir"}]},{"@type":"WebSite","@id":"https:\/\/kokpit.az\/#website","url":"https:\/\/kokpit.az\/","name":"X\u0259b\u0259ri Kokpitd\u0259 Oxuyun!","description":"","publisher":{"@id":"https:\/\/kokpit.az\/#organization"},"potentialAction":[{"@type":"SearchAction","target":{"@type":"EntryPoint","urlTemplate":"https:\/\/kokpit.az\/?s={search_term_string}"},"query-input":{"@type":"PropertyValueSpecification","valueRequired":true,"valueName":"search_term_string"}}],"inLanguage":"az"},{"@type":"Organization","@id":"https:\/\/kokpit.az\/#organization","name":"X\u0259b\u0259ri Kokpitd\u0259 Oxuyun!","url":"https:\/\/kokpit.az\/","logo":{"@type":"ImageObject","inLanguage":"az","@id":"https:\/\/kokpit.az\/#\/schema\/logo\/image\/","url":"https:\/\/kokpit.az\/wp-content\/uploads\/2023\/05\/kokpit.jpg","contentUrl":"https:\/\/kokpit.az\/wp-content\/uploads\/2023\/05\/kokpit.jpg","width":488,"height":245,"caption":"X\u0259b\u0259ri Kokpitd\u0259 Oxuyun!"},"image":{"@id":"https:\/\/kokpit.az\/#\/schema\/logo\/image\/"},"sameAs":["https:\/\/www.facebook.com\/profile.php?id=61553756392357"]},{"@type":"Person","@id":"https:\/\/kokpit.az\/#\/schema\/person\/f4114e650bc2993d0650e4fb6933c581","name":"Rauf Hac\u0131yev","image":{"@type":"ImageObject","inLanguage":"az","@id":"https:\/\/secure.gravatar.com\/avatar\/394a2085c47c7acdcf41f7d270b7cbb52513d6f4f24c1cb6dfbbd61f98c0503d?s=96&d=mm&r=g","url":"https:\/\/secure.gravatar.com\/avatar\/394a2085c47c7acdcf41f7d270b7cbb52513d6f4f24c1cb6dfbbd61f98c0503d?s=96&d=mm&r=g","contentUrl":"https:\/\/secure.gravatar.com\/avatar\/394a2085c47c7acdcf41f7d270b7cbb52513d6f4f24c1cb6dfbbd61f98c0503d?s=96&d=mm&r=g","caption":"Rauf Hac\u0131yev"},"sameAs":["https:\/\/kokpit.az"],"url":"https:\/\/kokpit.az\/?author=2"}]}},"_links":{"self":[{"href":"https:\/\/kokpit.az\/index.php?rest_route=\/wp\/v2\/posts\/17795","targetHints":{"allow":["GET"]}}],"collection":[{"href":"https:\/\/kokpit.az\/index.php?rest_route=\/wp\/v2\/posts"}],"about":[{"href":"https:\/\/kokpit.az\/index.php?rest_route=\/wp\/v2\/types\/post"}],"author":[{"embeddable":true,"href":"https:\/\/kokpit.az\/index.php?rest_route=\/wp\/v2\/users\/2"}],"replies":[{"embeddable":true,"href":"https:\/\/kokpit.az\/index.php?rest_route=%2Fwp%2Fv2%2Fcomments&post=17795"}],"version-history":[{"count":1,"href":"https:\/\/kokpit.az\/index.php?rest_route=\/wp\/v2\/posts\/17795\/revisions"}],"predecessor-version":[{"id":17797,"href":"https:\/\/kokpit.az\/index.php?rest_route=\/wp\/v2\/posts\/17795\/revisions\/17797"}],"wp:featuredmedia":[{"embeddable":true,"href":"https:\/\/kokpit.az\/index.php?rest_route=\/wp\/v2\/media\/17796"}],"wp:attachment":[{"href":"https:\/\/kokpit.az\/index.php?rest_route=%2Fwp%2Fv2%2Fmedia&parent=17795"}],"wp:term":[{"taxonomy":"category","embeddable":true,"href":"https:\/\/kokpit.az\/index.php?rest_route=%2Fwp%2Fv2%2Fcategories&post=17795"},{"taxonomy":"post_tag","embeddable":true,"href":"https:\/\/kokpit.az\/index.php?rest_route=%2Fwp%2Fv2%2Ftags&post=17795"}],"curies":[{"name":"wp","href":"https:\/\/api.w.org\/{rel}","templated":true}]}}