{"id":16868,"date":"2025-07-20T16:22:24","date_gmt":"2025-07-20T12:22:24","guid":{"rendered":"https:\/\/kokpit.az\/?p=16868"},"modified":"2025-07-20T16:22:24","modified_gmt":"2025-07-20T12:22:24","slug":"antonelli-alpine-e-gedir","status":"publish","type":"post","link":"https:\/\/kokpit.az\/?p=16868","title":{"rendered":"Antonelli Alpine-\u0259 gedir?"},"content":{"rendered":"<p>\u0130taliyan\u0131n n\u00fcfuzlu idman q\u0259zeti La Gazzetta dello Sport yaz\u0131r ki, g\u0259nc italiyal\u0131 pilot Andrea Kimi Antonellinin Alpine komandas\u0131na m\u00fcv\u0259qq\u0259ti icar\u0259y\u0259 verilm\u0259si g\u00fcnd\u0259md\u0259dir.<\/p>\n<p>Bu add\u0131mla Red Bull-un d\u00f6rdqat d\u00fcnya \u00e7empionu Maks Ferstappenin Mercedes-\u0259 ke\u00e7idini asanla\u015fd\u0131rmaq ist\u0259yirl\u0259r.<\/p>\n<p>Son g\u00fcnl\u0259rd\u0259 Formula 1 D\u00fcnyas\u0131nda \u0259n \u00e7ox dan\u0131\u015f\u0131lan m\u0259s\u0259l\u0259l\u0259rd\u0259n biri Ferstappenin Red Bull-dan ayr\u0131laraq Mercedes-\u0259 ke\u00e7ib-ke\u00e7m\u0259y\u0259c\u0259yidir. Lakin bu ssenarid\u0259 kimin Mercedes-i t\u0259rk ed\u0259c\u0259yi m\u0259lum deyil.<\/p>\n<p>Ke\u00e7mi\u015f d\u00fcnya \u00e7empionu Censon Batton da bu m\u0259s\u0259l\u0259y\u0259 m\u00fcnasib\u0259t bildirmi\u015f, Mercedes-in niy\u0259 Corc Rassell \u0259v\u0259zin\u0259 g\u0259nc pilot Kimi Antonellid\u0259n imtina etm\u0259diyini sor\u011fulam\u0131\u015fd\u0131. Bel\u0259 bir fonda, Mercedes-in f\u0259rqli bir plan \u00fcz\u0259rind\u0259 i\u015fl\u0259diyi iddia olunur.<\/p>\n<p>La Gazzetta dello Sport-un m\u0259lumat\u0131na g\u00f6r\u0259, Mercedes Antonellini 2026-c\u0131 il m\u00f6vs\u00fcm\u00fc \u00fc\u00e7\u00fcn Renault-nun zavod komandas\u0131 olan Alpine-\u0259 icar\u0259y\u0259 g\u00f6nd\u0259rm\u0259k niyy\u0259tind\u0259dir. Bu yolla h\u0259m g\u0259nc pilot t\u0259cr\u00fcb\u0259 toplayacaq, h\u0259m d\u0259 Mercedes \u0259sas komandada Ferstappenl\u0259 Rasselli bir araya g\u0259tirm\u0259k imkan\u0131 qazanacaq.<\/p>\n<p>X\u0259b\u0259rd\u0259 o da qeyd olunur ki, 2026-c\u0131 ild\u0259n etibar\u0259n Mercedes Alpine komandas\u0131n\u0131 m\u00fch\u0259rrikl\u0259 t\u0259min ed\u0259c\u0259k. Bu bax\u0131mdan Antonellinin Alpine-\u0259 ke\u00e7idi onun Mercedes-d\u0259ki statusuna t\u0259sir etm\u0259y\u0259c\u0259k v\u0259 bir ne\u00e7\u0259 il sonra \u0259sas komandaya geri d\u00f6n\u0259 bil\u0259c\u0259yi ehtimal edilir.<\/p>\n<p>Dig\u0259r t\u0259r\u0259fd\u0259n, Mercedes-in Corc Rassell\u0259 bir illik yeni m\u00fcqavil\u0259 t\u0259klif etdiyi, lakin britaniyal\u0131 pilotun bu t\u0259klifi yet\u0259rli hesab etm\u0259diyi bildirilir. Haz\u0131rda t\u0259r\u0259fl\u0259r aras\u0131nda dan\u0131\u015f\u0131qlar davam edir v\u0259 yay fasil\u0259sin\u0259 q\u0259d\u0259r raz\u0131l\u0131q \u0259ld\u0259 olunmas\u0131 m\u0259qs\u0259d qoyulub.<\/p>\n","protected":false},"excerpt":{"rendered":"<p>Mercedes-in 2026-c\u0131 il m\u00f6vs\u00fcm\u00fc \u00fc\u00e7\u00fcn s\u00fcr\u00fcc\u00fc hey\u0259tind\u0259 ciddi d\u0259yi\u015fiklik ed\u0259 bil\u0259c\u0259yi art\u0131q bir m\u00fcdd\u0259tdir m\u00fczakir\u0259 olunur. \u0130ndi is\u0259 bu ssenaril\u0259r\u0259 daha bir maraql\u0131 ehtimal \u0259lav\u0259 olunub.<\/p>\n","protected":false},"author":2,"featured_media":12838,"comment_status":"open","ping_status":"open","sticky":false,"template":"","format":"standard","meta":{"footnotes":""},"categories":[2],"tags":[1360,75,389,52,1277],"class_list":["post-16868","post","type-post","status-publish","format-standard","has-post-thumbnail","hentry","category-news","tag-antonelli-alpine","tag-bwt-alpine-f1-team","tag-kimi-antonelli","tag-mercedes-amg-petronas-f1-team","tag-verstappen-antonelli"],"yoast_head":"<!-- This site is optimized with the Yoast SEO plugin v27.5 - https:\/\/yoast.com\/product\/yoast-seo-wordpress\/ -->\n<title>Antonelli Alpine-\u0259 gedir? - X\u0259b\u0259ri Kokpitd\u0259 Oxuyun!<\/title>\n<meta name=\"robots\" content=\"index, follow, max-snippet:-1, max-image-preview:large, max-video-preview:-1\" \/>\n<link rel=\"canonical\" href=\"https:\/\/kokpit.az\/?p=16868\" \/>\n<meta property=\"og:locale\" content=\"az_AZ\" \/>\n<meta property=\"og:type\" content=\"article\" \/>\n<meta property=\"og:title\" content=\"Antonelli Alpine-\u0259 gedir? - X\u0259b\u0259ri Kokpitd\u0259 Oxuyun!\" \/>\n<meta property=\"og:description\" content=\"Mercedes-in 2026-c\u0131 il m\u00f6vs\u00fcm\u00fc \u00fc\u00e7\u00fcn s\u00fcr\u00fcc\u00fc hey\u0259tind\u0259 ciddi d\u0259yi\u015fiklik ed\u0259 bil\u0259c\u0259yi art\u0131q bir m\u00fcdd\u0259tdir m\u00fczakir\u0259 olunur. \u0130ndi is\u0259 bu ssenaril\u0259r\u0259 daha bir maraql\u0131 ehtimal \u0259lav\u0259 olunub.\" \/>\n<meta property=\"og:url\" content=\"https:\/\/kokpit.az\/?p=16868\" \/>\n<meta property=\"og:site_name\" content=\"X\u0259b\u0259ri Kokpitd\u0259 Oxuyun!\" \/>\n<meta property=\"article:publisher\" content=\"https:\/\/www.facebook.com\/profile.php?id=61553756392357\" \/>\n<meta property=\"article:published_time\" content=\"2025-07-20T12:22:24+00:00\" \/>\n<meta property=\"og:image\" content=\"https:\/\/kokpit.az\/wp-content\/uploads\/2025\/03\/andrea-kimi-antonelli-mercedes-4-e1741982102925.webp\" \/>\n\t<meta property=\"og:image:width\" content=\"1200\" \/>\n\t<meta property=\"og:image:height\" content=\"688\" \/>\n\t<meta property=\"og:image:type\" content=\"image\/webp\" \/>\n<meta name=\"author\" content=\"Rauf Hac\u0131yev\" \/>\n<meta name=\"twitter:card\" content=\"summary_large_image\" \/>\n<meta name=\"twitter:label1\" content=\"Written by\" \/>\n\t<meta name=\"twitter:data1\" content=\"Rauf Hac\u0131yev\" \/>\n\t<meta name=\"twitter:label2\" content=\"Est. reading time\" \/>\n\t<meta name=\"twitter:data2\" content=\"2 minutes\" \/>\n<script type=\"application\/ld+json\" class=\"yoast-schema-graph\">{\"@context\":\"https:\\\/\\\/schema.org\",\"@graph\":[{\"@type\":\"Article\",\"@id\":\"https:\\\/\\\/kokpit.az\\\/?p=16868#article\",\"isPartOf\":{\"@id\":\"https:\\\/\\\/kokpit.az\\\/?p=16868\"},\"author\":{\"name\":\"Rauf Hac\u0131yev\",\"@id\":\"https:\\\/\\\/kokpit.az\\\/#\\\/schema\\\/person\\\/f4114e650bc2993d0650e4fb6933c581\"},\"headline\":\"Antonelli Alpine-\u0259 gedir?\",\"datePublished\":\"2025-07-20T12:22:24+00:00\",\"mainEntityOfPage\":{\"@id\":\"https:\\\/\\\/kokpit.az\\\/?p=16868\"},\"wordCount\":325,\"commentCount\":0,\"publisher\":{\"@id\":\"https:\\\/\\\/kokpit.az\\\/#organization\"},\"image\":{\"@id\":\"https:\\\/\\\/kokpit.az\\\/?p=16868#primaryimage\"},\"thumbnailUrl\":\"https:\\\/\\\/kokpit.az\\\/wp-content\\\/uploads\\\/2025\\\/03\\\/andrea-kimi-antonelli-mercedes-4-e1741982102925.webp\",\"keywords\":[\"Antonelli Alpine\",\"BWT Alpine F1 Team\",\"Kimi Antonelli\",\"Mercedes AMG Petronas F1 Team\",\"Verstappen Antonelli\"],\"articleSection\":[\"X\u0259b\u0259rl\u0259r\"],\"inLanguage\":\"az\",\"potentialAction\":[{\"@type\":\"CommentAction\",\"name\":\"Comment\",\"target\":[\"https:\\\/\\\/kokpit.az\\\/?p=16868#respond\"]}]},{\"@type\":\"WebPage\",\"@id\":\"https:\\\/\\\/kokpit.az\\\/?p=16868\",\"url\":\"https:\\\/\\\/kokpit.az\\\/?p=16868\",\"name\":\"Antonelli Alpine-\u0259 gedir? - X\u0259b\u0259ri Kokpitd\u0259 Oxuyun!\",\"isPartOf\":{\"@id\":\"https:\\\/\\\/kokpit.az\\\/#website\"},\"primaryImageOfPage\":{\"@id\":\"https:\\\/\\\/kokpit.az\\\/?p=16868#primaryimage\"},\"image\":{\"@id\":\"https:\\\/\\\/kokpit.az\\\/?p=16868#primaryimage\"},\"thumbnailUrl\":\"https:\\\/\\\/kokpit.az\\\/wp-content\\\/uploads\\\/2025\\\/03\\\/andrea-kimi-antonelli-mercedes-4-e1741982102925.webp\",\"datePublished\":\"2025-07-20T12:22:24+00:00\",\"breadcrumb\":{\"@id\":\"https:\\\/\\\/kokpit.az\\\/?p=16868#breadcrumb\"},\"inLanguage\":\"az\",\"potentialAction\":[{\"@type\":\"ReadAction\",\"target\":[\"https:\\\/\\\/kokpit.az\\\/?p=16868\"]}]},{\"@type\":\"ImageObject\",\"inLanguage\":\"az\",\"@id\":\"https:\\\/\\\/kokpit.az\\\/?p=16868#primaryimage\",\"url\":\"https:\\\/\\\/kokpit.az\\\/wp-content\\\/uploads\\\/2025\\\/03\\\/andrea-kimi-antonelli-mercedes-4-e1741982102925.webp\",\"contentUrl\":\"https:\\\/\\\/kokpit.az\\\/wp-content\\\/uploads\\\/2025\\\/03\\\/andrea-kimi-antonelli-mercedes-4-e1741982102925.webp\",\"width\":1200,\"height\":688},{\"@type\":\"BreadcrumbList\",\"@id\":\"https:\\\/\\\/kokpit.az\\\/?p=16868#breadcrumb\",\"itemListElement\":[{\"@type\":\"ListItem\",\"position\":1,\"name\":\"Home\",\"item\":\"https:\\\/\\\/kokpit.az\\\/\"},{\"@type\":\"ListItem\",\"position\":2,\"name\":\"Antonelli Alpine-\u0259 gedir?\"}]},{\"@type\":\"WebSite\",\"@id\":\"https:\\\/\\\/kokpit.az\\\/#website\",\"url\":\"https:\\\/\\\/kokpit.az\\\/\",\"name\":\"X\u0259b\u0259ri Kokpitd\u0259 Oxuyun!\",\"description\":\"\",\"publisher\":{\"@id\":\"https:\\\/\\\/kokpit.az\\\/#organization\"},\"potentialAction\":[{\"@type\":\"SearchAction\",\"target\":{\"@type\":\"EntryPoint\",\"urlTemplate\":\"https:\\\/\\\/kokpit.az\\\/?s={search_term_string}\"},\"query-input\":{\"@type\":\"PropertyValueSpecification\",\"valueRequired\":true,\"valueName\":\"search_term_string\"}}],\"inLanguage\":\"az\"},{\"@type\":\"Organization\",\"@id\":\"https:\\\/\\\/kokpit.az\\\/#organization\",\"name\":\"X\u0259b\u0259ri Kokpitd\u0259 Oxuyun!\",\"url\":\"https:\\\/\\\/kokpit.az\\\/\",\"logo\":{\"@type\":\"ImageObject\",\"inLanguage\":\"az\",\"@id\":\"https:\\\/\\\/kokpit.az\\\/#\\\/schema\\\/logo\\\/image\\\/\",\"url\":\"https:\\\/\\\/kokpit.az\\\/wp-content\\\/uploads\\\/2023\\\/05\\\/kokpit.jpg\",\"contentUrl\":\"https:\\\/\\\/kokpit.az\\\/wp-content\\\/uploads\\\/2023\\\/05\\\/kokpit.jpg\",\"width\":488,\"height\":245,\"caption\":\"X\u0259b\u0259ri Kokpitd\u0259 Oxuyun!\"},\"image\":{\"@id\":\"https:\\\/\\\/kokpit.az\\\/#\\\/schema\\\/logo\\\/image\\\/\"},\"sameAs\":[\"https:\\\/\\\/www.facebook.com\\\/profile.php?id=61553756392357\"]},{\"@type\":\"Person\",\"@id\":\"https:\\\/\\\/kokpit.az\\\/#\\\/schema\\\/person\\\/f4114e650bc2993d0650e4fb6933c581\",\"name\":\"Rauf Hac\u0131yev\",\"image\":{\"@type\":\"ImageObject\",\"inLanguage\":\"az\",\"@id\":\"https:\\\/\\\/secure.gravatar.com\\\/avatar\\\/394a2085c47c7acdcf41f7d270b7cbb52513d6f4f24c1cb6dfbbd61f98c0503d?s=96&d=mm&r=g\",\"url\":\"https:\\\/\\\/secure.gravatar.com\\\/avatar\\\/394a2085c47c7acdcf41f7d270b7cbb52513d6f4f24c1cb6dfbbd61f98c0503d?s=96&d=mm&r=g\",\"contentUrl\":\"https:\\\/\\\/secure.gravatar.com\\\/avatar\\\/394a2085c47c7acdcf41f7d270b7cbb52513d6f4f24c1cb6dfbbd61f98c0503d?s=96&d=mm&r=g\",\"caption\":\"Rauf Hac\u0131yev\"},\"sameAs\":[\"https:\\\/\\\/kokpit.az\"],\"url\":\"https:\\\/\\\/kokpit.az\\\/?author=2\"}]}<\/script>\n<!-- \/ Yoast SEO plugin. -->","yoast_head_json":{"title":"Antonelli Alpine-\u0259 gedir? - X\u0259b\u0259ri Kokpitd\u0259 Oxuyun!","robots":{"index":"index","follow":"follow","max-snippet":"max-snippet:-1","max-image-preview":"max-image-preview:large","max-video-preview":"max-video-preview:-1"},"canonical":"https:\/\/kokpit.az\/?p=16868","og_locale":"az_AZ","og_type":"article","og_title":"Antonelli Alpine-\u0259 gedir? - X\u0259b\u0259ri Kokpitd\u0259 Oxuyun!","og_description":"Mercedes-in 2026-c\u0131 il m\u00f6vs\u00fcm\u00fc \u00fc\u00e7\u00fcn s\u00fcr\u00fcc\u00fc hey\u0259tind\u0259 ciddi d\u0259yi\u015fiklik ed\u0259 bil\u0259c\u0259yi art\u0131q bir m\u00fcdd\u0259tdir m\u00fczakir\u0259 olunur. \u0130ndi is\u0259 bu ssenaril\u0259r\u0259 daha bir maraql\u0131 ehtimal \u0259lav\u0259 olunub.","og_url":"https:\/\/kokpit.az\/?p=16868","og_site_name":"X\u0259b\u0259ri Kokpitd\u0259 Oxuyun!","article_publisher":"https:\/\/www.facebook.com\/profile.php?id=61553756392357","article_published_time":"2025-07-20T12:22:24+00:00","og_image":[{"width":1200,"height":688,"url":"https:\/\/kokpit.az\/wp-content\/uploads\/2025\/03\/andrea-kimi-antonelli-mercedes-4-e1741982102925.webp","type":"image\/webp"}],"author":"Rauf Hac\u0131yev","twitter_card":"summary_large_image","twitter_misc":{"Written by":"Rauf Hac\u0131yev","Est. reading time":"2 minutes"},"schema":{"@context":"https:\/\/schema.org","@graph":[{"@type":"Article","@id":"https:\/\/kokpit.az\/?p=16868#article","isPartOf":{"@id":"https:\/\/kokpit.az\/?p=16868"},"author":{"name":"Rauf Hac\u0131yev","@id":"https:\/\/kokpit.az\/#\/schema\/person\/f4114e650bc2993d0650e4fb6933c581"},"headline":"Antonelli Alpine-\u0259 gedir?","datePublished":"2025-07-20T12:22:24+00:00","mainEntityOfPage":{"@id":"https:\/\/kokpit.az\/?p=16868"},"wordCount":325,"commentCount":0,"publisher":{"@id":"https:\/\/kokpit.az\/#organization"},"image":{"@id":"https:\/\/kokpit.az\/?p=16868#primaryimage"},"thumbnailUrl":"https:\/\/kokpit.az\/wp-content\/uploads\/2025\/03\/andrea-kimi-antonelli-mercedes-4-e1741982102925.webp","keywords":["Antonelli Alpine","BWT Alpine F1 Team","Kimi Antonelli","Mercedes AMG Petronas F1 Team","Verstappen Antonelli"],"articleSection":["X\u0259b\u0259rl\u0259r"],"inLanguage":"az","potentialAction":[{"@type":"CommentAction","name":"Comment","target":["https:\/\/kokpit.az\/?p=16868#respond"]}]},{"@type":"WebPage","@id":"https:\/\/kokpit.az\/?p=16868","url":"https:\/\/kokpit.az\/?p=16868","name":"Antonelli Alpine-\u0259 gedir? - X\u0259b\u0259ri Kokpitd\u0259 Oxuyun!","isPartOf":{"@id":"https:\/\/kokpit.az\/#website"},"primaryImageOfPage":{"@id":"https:\/\/kokpit.az\/?p=16868#primaryimage"},"image":{"@id":"https:\/\/kokpit.az\/?p=16868#primaryimage"},"thumbnailUrl":"https:\/\/kokpit.az\/wp-content\/uploads\/2025\/03\/andrea-kimi-antonelli-mercedes-4-e1741982102925.webp","datePublished":"2025-07-20T12:22:24+00:00","breadcrumb":{"@id":"https:\/\/kokpit.az\/?p=16868#breadcrumb"},"inLanguage":"az","potentialAction":[{"@type":"ReadAction","target":["https:\/\/kokpit.az\/?p=16868"]}]},{"@type":"ImageObject","inLanguage":"az","@id":"https:\/\/kokpit.az\/?p=16868#primaryimage","url":"https:\/\/kokpit.az\/wp-content\/uploads\/2025\/03\/andrea-kimi-antonelli-mercedes-4-e1741982102925.webp","contentUrl":"https:\/\/kokpit.az\/wp-content\/uploads\/2025\/03\/andrea-kimi-antonelli-mercedes-4-e1741982102925.webp","width":1200,"height":688},{"@type":"BreadcrumbList","@id":"https:\/\/kokpit.az\/?p=16868#breadcrumb","itemListElement":[{"@type":"ListItem","position":1,"name":"Home","item":"https:\/\/kokpit.az\/"},{"@type":"ListItem","position":2,"name":"Antonelli Alpine-\u0259 gedir?"}]},{"@type":"WebSite","@id":"https:\/\/kokpit.az\/#website","url":"https:\/\/kokpit.az\/","name":"X\u0259b\u0259ri Kokpitd\u0259 Oxuyun!","description":"","publisher":{"@id":"https:\/\/kokpit.az\/#organization"},"potentialAction":[{"@type":"SearchAction","target":{"@type":"EntryPoint","urlTemplate":"https:\/\/kokpit.az\/?s={search_term_string}"},"query-input":{"@type":"PropertyValueSpecification","valueRequired":true,"valueName":"search_term_string"}}],"inLanguage":"az"},{"@type":"Organization","@id":"https:\/\/kokpit.az\/#organization","name":"X\u0259b\u0259ri Kokpitd\u0259 Oxuyun!","url":"https:\/\/kokpit.az\/","logo":{"@type":"ImageObject","inLanguage":"az","@id":"https:\/\/kokpit.az\/#\/schema\/logo\/image\/","url":"https:\/\/kokpit.az\/wp-content\/uploads\/2023\/05\/kokpit.jpg","contentUrl":"https:\/\/kokpit.az\/wp-content\/uploads\/2023\/05\/kokpit.jpg","width":488,"height":245,"caption":"X\u0259b\u0259ri Kokpitd\u0259 Oxuyun!"},"image":{"@id":"https:\/\/kokpit.az\/#\/schema\/logo\/image\/"},"sameAs":["https:\/\/www.facebook.com\/profile.php?id=61553756392357"]},{"@type":"Person","@id":"https:\/\/kokpit.az\/#\/schema\/person\/f4114e650bc2993d0650e4fb6933c581","name":"Rauf Hac\u0131yev","image":{"@type":"ImageObject","inLanguage":"az","@id":"https:\/\/secure.gravatar.com\/avatar\/394a2085c47c7acdcf41f7d270b7cbb52513d6f4f24c1cb6dfbbd61f98c0503d?s=96&d=mm&r=g","url":"https:\/\/secure.gravatar.com\/avatar\/394a2085c47c7acdcf41f7d270b7cbb52513d6f4f24c1cb6dfbbd61f98c0503d?s=96&d=mm&r=g","contentUrl":"https:\/\/secure.gravatar.com\/avatar\/394a2085c47c7acdcf41f7d270b7cbb52513d6f4f24c1cb6dfbbd61f98c0503d?s=96&d=mm&r=g","caption":"Rauf Hac\u0131yev"},"sameAs":["https:\/\/kokpit.az"],"url":"https:\/\/kokpit.az\/?author=2"}]}},"_links":{"self":[{"href":"https:\/\/kokpit.az\/index.php?rest_route=\/wp\/v2\/posts\/16868","targetHints":{"allow":["GET"]}}],"collection":[{"href":"https:\/\/kokpit.az\/index.php?rest_route=\/wp\/v2\/posts"}],"about":[{"href":"https:\/\/kokpit.az\/index.php?rest_route=\/wp\/v2\/types\/post"}],"author":[{"embeddable":true,"href":"https:\/\/kokpit.az\/index.php?rest_route=\/wp\/v2\/users\/2"}],"replies":[{"embeddable":true,"href":"https:\/\/kokpit.az\/index.php?rest_route=%2Fwp%2Fv2%2Fcomments&post=16868"}],"version-history":[{"count":1,"href":"https:\/\/kokpit.az\/index.php?rest_route=\/wp\/v2\/posts\/16868\/revisions"}],"predecessor-version":[{"id":16869,"href":"https:\/\/kokpit.az\/index.php?rest_route=\/wp\/v2\/posts\/16868\/revisions\/16869"}],"wp:featuredmedia":[{"embeddable":true,"href":"https:\/\/kokpit.az\/index.php?rest_route=\/wp\/v2\/media\/12838"}],"wp:attachment":[{"href":"https:\/\/kokpit.az\/index.php?rest_route=%2Fwp%2Fv2%2Fmedia&parent=16868"}],"wp:term":[{"taxonomy":"category","embeddable":true,"href":"https:\/\/kokpit.az\/index.php?rest_route=%2Fwp%2Fv2%2Fcategories&post=16868"},{"taxonomy":"post_tag","embeddable":true,"href":"https:\/\/kokpit.az\/index.php?rest_route=%2Fwp%2Fv2%2Ftags&post=16868"}],"curies":[{"name":"wp","href":"https:\/\/api.w.org\/{rel}","templated":true}]}}