{"id":16863,"date":"2025-07-21T08:59:26","date_gmt":"2025-07-21T04:59:26","guid":{"rendered":"https:\/\/kokpit.az\/?p=16863"},"modified":"2025-07-21T08:59:55","modified_gmt":"2025-07-21T04:59:55","slug":"f-alonso-nyui-bolid-barede-danismir","status":"publish","type":"post","link":"https:\/\/kokpit.az\/?p=16863","title":{"rendered":"F.Alonso: Nyui bolid bar\u0259d\u0259 dan\u0131\u015fm\u0131r"},"content":{"rendered":"<p>Komandan\u0131n t\u0259cr\u00fcb\u0259li pilotu <span style=\"color: #008000;\"><strong>Fernando Alonso<\/strong><\/span> verdiyi a\u00e7\u0131qlamada bunu t\u0259sdiql\u0259yib: \u201cLayih\u0259y\u0259 tam \u015f\u0259kild\u0259 c\u0259lb olunub v\u0259 olduqca motivasiyal\u0131d\u0131r. Amma s\u00f6z\u00fcn a\u00e7\u0131\u011f\u0131, builki ma\u015f\u0131n onu maraqland\u0131rm\u0131r. Ma\u015f\u0131nla ba\u011fl\u0131 sual ver\u0259nd\u0259 ba\u015fqa ota\u011fa ke\u00e7ir. Art\u0131q 2026-c\u0131 iorejimin\u0259 ke\u00e7ib\u201d.<\/p>\n<p>Dig\u0259r t\u0259r\u0259fd\u0259n, Aston Martin-d\u0259 v\u0259ziyy\u0259t g\u0259rgindir. Komandan\u0131n sahibi Lourens Strollun s\u0259birsizliyi v\u0259 u\u011fursuz n\u0259tic\u0259l\u0259r s\u0259b\u0259bil\u0259 bazada \u0259s\u0259b g\u0259rginliyinin ya\u015fand\u0131\u011f\u0131 bildirilir. Fernando Alonso is\u0259 karyeras\u0131n\u0131n son d\u00f6vrl\u0259rind\u0259 r\u0259qab\u0259t\u0259davaml\u0131 ma\u015f\u0131n ist\u0259yir. Sakit g\u00f6r\u00fcn\u0259n Lens Strollun da qapal\u0131 qap\u0131lar arxas\u0131nda naraz\u0131l\u0131\u011f\u0131n\u0131 s\u0259rt \u015f\u0259kild\u0259 ifad\u0259 etdiyi deyilir.<\/p>\n<p>Bu g\u0259rgin m\u00fchitd\u0259 Aston Martinin v\u0259 komandan\u0131n r\u0259hb\u0259ri Endi Kouell \u00fc\u00e7\u00fcn \u0259sas m\u0259s\u0259l\u0259 tarazl\u0131\u011f\u0131 qorumaqd\u0131r. Bir t\u0259r\u0259fd\u0259n Nyuiy\u0259 2026-c\u0131 il layih\u0259si \u00fc\u00e7\u00fcn azadl\u0131q verilm\u0259li, dig\u0259r t\u0259r\u0259fd\u0259n is\u0259 haz\u0131rk\u0131 AMR25 \u00fcz\u0259rind\u0259 d\u0259 inki\u015faf i\u015fl\u0259ri apar\u0131lmal\u0131d\u0131r.<\/p>\n<p>\u0130molaya g\u0259tiril\u0259n yeni altl\u0131q bolidin performans\u0131na m\u00fcsb\u0259t t\u0259sir g\u00f6st\u0259rib, Silverstoundak\u0131 yenilikl\u0259r d\u0259 \u00fcmid verici n\u0259tic\u0259l\u0259r yarad\u0131b.<\/p>\n<p><strong><span style=\"color: #008000;\">Fernando Alonso<\/span><\/strong> bu bar\u0259d\u0259 bel\u0259 deyib: \u201cBu ir\u0259liy\u0259 do\u011fru add\u0131m\u0131d\u0131r. Ma\u015f\u0131n art\u0131q daha yax\u015f\u0131 hiss etdirir. M\u0259lumatlar da b\u0259zi hiss\u0259l\u0259rd\u0259 inki\u015faf\u0131n oldu\u011funu g\u00f6st\u0259rir.<\/p>\n<p>Ki\u00e7ik d\u0259 olsa h\u0259r yenilik \u00f6n\u0259mlidir. Haz\u0131rda s\u0131ralanma 5-6 ma\u015f\u0131n c\u0259mi 0.2 saniy\u0259nin i\u00e7ind\u0259dir. Bu s\u0259b\u0259bd\u0259n 0.1 saniy\u0259 bel\u0259 f\u0259rq yarada bil\u0259r. Bu da komandan\u0131n i\u015fl\u0259m\u0259y\u0259 davam etdiyini g\u00f6st\u0259rir. Orta s\u0131ralarda ili\u015fib qalmaq ist\u0259mirik v\u0259 m\u00f6vs\u00fcm\u00fcn sonunda zirv\u0259y\u0259 m\u00fcmk\u00fcn q\u0259d\u0259r yax\u0131n olmaq ist\u0259yirik\u201d.<\/p>\n","protected":false},"excerpt":{"rendered":"<p>\u018fdrian Nyui Aston Martin-\u0259 qo\u015fulduqdan sonra dem\u0259k olar ki, b\u00fct\u00fcn diqq\u0259tini 2026-c\u0131 ilin Formula 1 texniki qaydalar\u0131na y\u00f6n\u0259ldib. Britaniya Qran Prisind\u0259 paddokda nadir hallarda g\u00f6r\u00fcn\u0259n t\u0259cr\u00fcb\u0259li m\u00fch\u0259ndisin haz\u0131rk\u0131 ma\u015f\u0131na maraq g\u00f6st\u0259rm\u0259diyi d\u0259 a\u00e7\u0131q \u015f\u0259kild\u0259 hiss olunur.<\/p>\n","protected":false},"author":2,"featured_media":10607,"comment_status":"open","ping_status":"open","sticky":false,"template":"","format":"standard","meta":{"footnotes":""},"categories":[2],"tags":[272,1361,275,67],"class_list":["post-16863","post","type-post","status-publish","format-standard","has-post-thumbnail","hentry","category-news","tag-adrian-newey","tag-aston-martin-2026-car","tag-aston-martin-aramco-formula-1-team","tag-fernando-alonso"],"yoast_head":"<!-- This site is optimized with the Yoast SEO plugin v27.5 - https:\/\/yoast.com\/product\/yoast-seo-wordpress\/ -->\n<title>F.Alonso: Nyui bolid bar\u0259d\u0259 dan\u0131\u015fm\u0131r - X\u0259b\u0259ri Kokpitd\u0259 Oxuyun!<\/title>\n<meta name=\"robots\" content=\"index, follow, max-snippet:-1, max-image-preview:large, max-video-preview:-1\" \/>\n<link rel=\"canonical\" href=\"https:\/\/kokpit.az\/?p=16863\" \/>\n<meta property=\"og:locale\" content=\"az_AZ\" \/>\n<meta property=\"og:type\" content=\"article\" \/>\n<meta property=\"og:title\" content=\"F.Alonso: Nyui bolid bar\u0259d\u0259 dan\u0131\u015fm\u0131r - X\u0259b\u0259ri Kokpitd\u0259 Oxuyun!\" \/>\n<meta property=\"og:description\" content=\"\u018fdrian Nyui Aston Martin-\u0259 qo\u015fulduqdan sonra dem\u0259k olar ki, b\u00fct\u00fcn diqq\u0259tini 2026-c\u0131 ilin Formula 1 texniki qaydalar\u0131na y\u00f6n\u0259ldib. Britaniya Qran Prisind\u0259 paddokda nadir hallarda g\u00f6r\u00fcn\u0259n t\u0259cr\u00fcb\u0259li m\u00fch\u0259ndisin haz\u0131rk\u0131 ma\u015f\u0131na maraq g\u00f6st\u0259rm\u0259diyi d\u0259 a\u00e7\u0131q \u015f\u0259kild\u0259 hiss olunur.\" \/>\n<meta property=\"og:url\" content=\"https:\/\/kokpit.az\/?p=16863\" \/>\n<meta property=\"og:site_name\" content=\"X\u0259b\u0259ri Kokpitd\u0259 Oxuyun!\" \/>\n<meta property=\"article:publisher\" content=\"https:\/\/www.facebook.com\/profile.php?id=61553756392357\" \/>\n<meta property=\"article:published_time\" content=\"2025-07-21T04:59:26+00:00\" \/>\n<meta property=\"article:modified_time\" content=\"2025-07-21T04:59:55+00:00\" \/>\n<meta property=\"og:image\" content=\"https:\/\/kokpit.az\/wp-content\/uploads\/2024\/11\/fernando-alonso-aston-martin-f1-2024-brazilian-grand-prix-e1730895406159.jpg\" \/>\n\t<meta property=\"og:image:width\" content=\"1600\" \/>\n\t<meta property=\"og:image:height\" content=\"840\" \/>\n\t<meta property=\"og:image:type\" content=\"image\/jpeg\" \/>\n<meta name=\"author\" content=\"Rauf Hac\u0131yev\" \/>\n<meta name=\"twitter:card\" content=\"summary_large_image\" \/>\n<meta name=\"twitter:label1\" content=\"Written by\" \/>\n\t<meta name=\"twitter:data1\" content=\"Rauf Hac\u0131yev\" \/>\n\t<meta name=\"twitter:label2\" content=\"Est. reading time\" \/>\n\t<meta name=\"twitter:data2\" content=\"2 minutes\" \/>\n<script type=\"application\/ld+json\" class=\"yoast-schema-graph\">{\"@context\":\"https:\\\/\\\/schema.org\",\"@graph\":[{\"@type\":\"Article\",\"@id\":\"https:\\\/\\\/kokpit.az\\\/?p=16863#article\",\"isPartOf\":{\"@id\":\"https:\\\/\\\/kokpit.az\\\/?p=16863\"},\"author\":{\"name\":\"Rauf Hac\u0131yev\",\"@id\":\"https:\\\/\\\/kokpit.az\\\/#\\\/schema\\\/person\\\/f4114e650bc2993d0650e4fb6933c581\"},\"headline\":\"F.Alonso: Nyui bolid bar\u0259d\u0259 dan\u0131\u015fm\u0131r\",\"datePublished\":\"2025-07-21T04:59:26+00:00\",\"dateModified\":\"2025-07-21T04:59:55+00:00\",\"mainEntityOfPage\":{\"@id\":\"https:\\\/\\\/kokpit.az\\\/?p=16863\"},\"wordCount\":351,\"commentCount\":0,\"publisher\":{\"@id\":\"https:\\\/\\\/kokpit.az\\\/#organization\"},\"image\":{\"@id\":\"https:\\\/\\\/kokpit.az\\\/?p=16863#primaryimage\"},\"thumbnailUrl\":\"https:\\\/\\\/kokpit.az\\\/wp-content\\\/uploads\\\/2024\\\/11\\\/fernando-alonso-aston-martin-f1-2024-brazilian-grand-prix-e1730895406159.jpg\",\"keywords\":[\"Adrian Newey\",\"Aston Martin 2026 Car\",\"Aston Martin Aramco Formula 1 Team\",\"Fernando Alonso\"],\"articleSection\":[\"X\u0259b\u0259rl\u0259r\"],\"inLanguage\":\"az\",\"potentialAction\":[{\"@type\":\"CommentAction\",\"name\":\"Comment\",\"target\":[\"https:\\\/\\\/kokpit.az\\\/?p=16863#respond\"]}]},{\"@type\":\"WebPage\",\"@id\":\"https:\\\/\\\/kokpit.az\\\/?p=16863\",\"url\":\"https:\\\/\\\/kokpit.az\\\/?p=16863\",\"name\":\"F.Alonso: Nyui bolid bar\u0259d\u0259 dan\u0131\u015fm\u0131r - X\u0259b\u0259ri Kokpitd\u0259 Oxuyun!\",\"isPartOf\":{\"@id\":\"https:\\\/\\\/kokpit.az\\\/#website\"},\"primaryImageOfPage\":{\"@id\":\"https:\\\/\\\/kokpit.az\\\/?p=16863#primaryimage\"},\"image\":{\"@id\":\"https:\\\/\\\/kokpit.az\\\/?p=16863#primaryimage\"},\"thumbnailUrl\":\"https:\\\/\\\/kokpit.az\\\/wp-content\\\/uploads\\\/2024\\\/11\\\/fernando-alonso-aston-martin-f1-2024-brazilian-grand-prix-e1730895406159.jpg\",\"datePublished\":\"2025-07-21T04:59:26+00:00\",\"dateModified\":\"2025-07-21T04:59:55+00:00\",\"breadcrumb\":{\"@id\":\"https:\\\/\\\/kokpit.az\\\/?p=16863#breadcrumb\"},\"inLanguage\":\"az\",\"potentialAction\":[{\"@type\":\"ReadAction\",\"target\":[\"https:\\\/\\\/kokpit.az\\\/?p=16863\"]}]},{\"@type\":\"ImageObject\",\"inLanguage\":\"az\",\"@id\":\"https:\\\/\\\/kokpit.az\\\/?p=16863#primaryimage\",\"url\":\"https:\\\/\\\/kokpit.az\\\/wp-content\\\/uploads\\\/2024\\\/11\\\/fernando-alonso-aston-martin-f1-2024-brazilian-grand-prix-e1730895406159.jpg\",\"contentUrl\":\"https:\\\/\\\/kokpit.az\\\/wp-content\\\/uploads\\\/2024\\\/11\\\/fernando-alonso-aston-martin-f1-2024-brazilian-grand-prix-e1730895406159.jpg\",\"width\":1600,\"height\":840},{\"@type\":\"BreadcrumbList\",\"@id\":\"https:\\\/\\\/kokpit.az\\\/?p=16863#breadcrumb\",\"itemListElement\":[{\"@type\":\"ListItem\",\"position\":1,\"name\":\"Home\",\"item\":\"https:\\\/\\\/kokpit.az\\\/\"},{\"@type\":\"ListItem\",\"position\":2,\"name\":\"F.Alonso: Nyui bolid bar\u0259d\u0259 dan\u0131\u015fm\u0131r\"}]},{\"@type\":\"WebSite\",\"@id\":\"https:\\\/\\\/kokpit.az\\\/#website\",\"url\":\"https:\\\/\\\/kokpit.az\\\/\",\"name\":\"X\u0259b\u0259ri Kokpitd\u0259 Oxuyun!\",\"description\":\"\",\"publisher\":{\"@id\":\"https:\\\/\\\/kokpit.az\\\/#organization\"},\"potentialAction\":[{\"@type\":\"SearchAction\",\"target\":{\"@type\":\"EntryPoint\",\"urlTemplate\":\"https:\\\/\\\/kokpit.az\\\/?s={search_term_string}\"},\"query-input\":{\"@type\":\"PropertyValueSpecification\",\"valueRequired\":true,\"valueName\":\"search_term_string\"}}],\"inLanguage\":\"az\"},{\"@type\":\"Organization\",\"@id\":\"https:\\\/\\\/kokpit.az\\\/#organization\",\"name\":\"X\u0259b\u0259ri Kokpitd\u0259 Oxuyun!\",\"url\":\"https:\\\/\\\/kokpit.az\\\/\",\"logo\":{\"@type\":\"ImageObject\",\"inLanguage\":\"az\",\"@id\":\"https:\\\/\\\/kokpit.az\\\/#\\\/schema\\\/logo\\\/image\\\/\",\"url\":\"https:\\\/\\\/kokpit.az\\\/wp-content\\\/uploads\\\/2023\\\/05\\\/kokpit.jpg\",\"contentUrl\":\"https:\\\/\\\/kokpit.az\\\/wp-content\\\/uploads\\\/2023\\\/05\\\/kokpit.jpg\",\"width\":488,\"height\":245,\"caption\":\"X\u0259b\u0259ri Kokpitd\u0259 Oxuyun!\"},\"image\":{\"@id\":\"https:\\\/\\\/kokpit.az\\\/#\\\/schema\\\/logo\\\/image\\\/\"},\"sameAs\":[\"https:\\\/\\\/www.facebook.com\\\/profile.php?id=61553756392357\"]},{\"@type\":\"Person\",\"@id\":\"https:\\\/\\\/kokpit.az\\\/#\\\/schema\\\/person\\\/f4114e650bc2993d0650e4fb6933c581\",\"name\":\"Rauf Hac\u0131yev\",\"image\":{\"@type\":\"ImageObject\",\"inLanguage\":\"az\",\"@id\":\"https:\\\/\\\/secure.gravatar.com\\\/avatar\\\/394a2085c47c7acdcf41f7d270b7cbb52513d6f4f24c1cb6dfbbd61f98c0503d?s=96&d=mm&r=g\",\"url\":\"https:\\\/\\\/secure.gravatar.com\\\/avatar\\\/394a2085c47c7acdcf41f7d270b7cbb52513d6f4f24c1cb6dfbbd61f98c0503d?s=96&d=mm&r=g\",\"contentUrl\":\"https:\\\/\\\/secure.gravatar.com\\\/avatar\\\/394a2085c47c7acdcf41f7d270b7cbb52513d6f4f24c1cb6dfbbd61f98c0503d?s=96&d=mm&r=g\",\"caption\":\"Rauf Hac\u0131yev\"},\"sameAs\":[\"https:\\\/\\\/kokpit.az\"],\"url\":\"https:\\\/\\\/kokpit.az\\\/?author=2\"}]}<\/script>\n<!-- \/ Yoast SEO plugin. -->","yoast_head_json":{"title":"F.Alonso: Nyui bolid bar\u0259d\u0259 dan\u0131\u015fm\u0131r - X\u0259b\u0259ri Kokpitd\u0259 Oxuyun!","robots":{"index":"index","follow":"follow","max-snippet":"max-snippet:-1","max-image-preview":"max-image-preview:large","max-video-preview":"max-video-preview:-1"},"canonical":"https:\/\/kokpit.az\/?p=16863","og_locale":"az_AZ","og_type":"article","og_title":"F.Alonso: Nyui bolid bar\u0259d\u0259 dan\u0131\u015fm\u0131r - X\u0259b\u0259ri Kokpitd\u0259 Oxuyun!","og_description":"\u018fdrian Nyui Aston Martin-\u0259 qo\u015fulduqdan sonra dem\u0259k olar ki, b\u00fct\u00fcn diqq\u0259tini 2026-c\u0131 ilin Formula 1 texniki qaydalar\u0131na y\u00f6n\u0259ldib. Britaniya Qran Prisind\u0259 paddokda nadir hallarda g\u00f6r\u00fcn\u0259n t\u0259cr\u00fcb\u0259li m\u00fch\u0259ndisin haz\u0131rk\u0131 ma\u015f\u0131na maraq g\u00f6st\u0259rm\u0259diyi d\u0259 a\u00e7\u0131q \u015f\u0259kild\u0259 hiss olunur.","og_url":"https:\/\/kokpit.az\/?p=16863","og_site_name":"X\u0259b\u0259ri Kokpitd\u0259 Oxuyun!","article_publisher":"https:\/\/www.facebook.com\/profile.php?id=61553756392357","article_published_time":"2025-07-21T04:59:26+00:00","article_modified_time":"2025-07-21T04:59:55+00:00","og_image":[{"width":1600,"height":840,"url":"https:\/\/kokpit.az\/wp-content\/uploads\/2024\/11\/fernando-alonso-aston-martin-f1-2024-brazilian-grand-prix-e1730895406159.jpg","type":"image\/jpeg"}],"author":"Rauf Hac\u0131yev","twitter_card":"summary_large_image","twitter_misc":{"Written by":"Rauf Hac\u0131yev","Est. reading time":"2 minutes"},"schema":{"@context":"https:\/\/schema.org","@graph":[{"@type":"Article","@id":"https:\/\/kokpit.az\/?p=16863#article","isPartOf":{"@id":"https:\/\/kokpit.az\/?p=16863"},"author":{"name":"Rauf Hac\u0131yev","@id":"https:\/\/kokpit.az\/#\/schema\/person\/f4114e650bc2993d0650e4fb6933c581"},"headline":"F.Alonso: Nyui bolid bar\u0259d\u0259 dan\u0131\u015fm\u0131r","datePublished":"2025-07-21T04:59:26+00:00","dateModified":"2025-07-21T04:59:55+00:00","mainEntityOfPage":{"@id":"https:\/\/kokpit.az\/?p=16863"},"wordCount":351,"commentCount":0,"publisher":{"@id":"https:\/\/kokpit.az\/#organization"},"image":{"@id":"https:\/\/kokpit.az\/?p=16863#primaryimage"},"thumbnailUrl":"https:\/\/kokpit.az\/wp-content\/uploads\/2024\/11\/fernando-alonso-aston-martin-f1-2024-brazilian-grand-prix-e1730895406159.jpg","keywords":["Adrian Newey","Aston Martin 2026 Car","Aston Martin Aramco Formula 1 Team","Fernando Alonso"],"articleSection":["X\u0259b\u0259rl\u0259r"],"inLanguage":"az","potentialAction":[{"@type":"CommentAction","name":"Comment","target":["https:\/\/kokpit.az\/?p=16863#respond"]}]},{"@type":"WebPage","@id":"https:\/\/kokpit.az\/?p=16863","url":"https:\/\/kokpit.az\/?p=16863","name":"F.Alonso: Nyui bolid bar\u0259d\u0259 dan\u0131\u015fm\u0131r - X\u0259b\u0259ri Kokpitd\u0259 Oxuyun!","isPartOf":{"@id":"https:\/\/kokpit.az\/#website"},"primaryImageOfPage":{"@id":"https:\/\/kokpit.az\/?p=16863#primaryimage"},"image":{"@id":"https:\/\/kokpit.az\/?p=16863#primaryimage"},"thumbnailUrl":"https:\/\/kokpit.az\/wp-content\/uploads\/2024\/11\/fernando-alonso-aston-martin-f1-2024-brazilian-grand-prix-e1730895406159.jpg","datePublished":"2025-07-21T04:59:26+00:00","dateModified":"2025-07-21T04:59:55+00:00","breadcrumb":{"@id":"https:\/\/kokpit.az\/?p=16863#breadcrumb"},"inLanguage":"az","potentialAction":[{"@type":"ReadAction","target":["https:\/\/kokpit.az\/?p=16863"]}]},{"@type":"ImageObject","inLanguage":"az","@id":"https:\/\/kokpit.az\/?p=16863#primaryimage","url":"https:\/\/kokpit.az\/wp-content\/uploads\/2024\/11\/fernando-alonso-aston-martin-f1-2024-brazilian-grand-prix-e1730895406159.jpg","contentUrl":"https:\/\/kokpit.az\/wp-content\/uploads\/2024\/11\/fernando-alonso-aston-martin-f1-2024-brazilian-grand-prix-e1730895406159.jpg","width":1600,"height":840},{"@type":"BreadcrumbList","@id":"https:\/\/kokpit.az\/?p=16863#breadcrumb","itemListElement":[{"@type":"ListItem","position":1,"name":"Home","item":"https:\/\/kokpit.az\/"},{"@type":"ListItem","position":2,"name":"F.Alonso: Nyui bolid bar\u0259d\u0259 dan\u0131\u015fm\u0131r"}]},{"@type":"WebSite","@id":"https:\/\/kokpit.az\/#website","url":"https:\/\/kokpit.az\/","name":"X\u0259b\u0259ri Kokpitd\u0259 Oxuyun!","description":"","publisher":{"@id":"https:\/\/kokpit.az\/#organization"},"potentialAction":[{"@type":"SearchAction","target":{"@type":"EntryPoint","urlTemplate":"https:\/\/kokpit.az\/?s={search_term_string}"},"query-input":{"@type":"PropertyValueSpecification","valueRequired":true,"valueName":"search_term_string"}}],"inLanguage":"az"},{"@type":"Organization","@id":"https:\/\/kokpit.az\/#organization","name":"X\u0259b\u0259ri Kokpitd\u0259 Oxuyun!","url":"https:\/\/kokpit.az\/","logo":{"@type":"ImageObject","inLanguage":"az","@id":"https:\/\/kokpit.az\/#\/schema\/logo\/image\/","url":"https:\/\/kokpit.az\/wp-content\/uploads\/2023\/05\/kokpit.jpg","contentUrl":"https:\/\/kokpit.az\/wp-content\/uploads\/2023\/05\/kokpit.jpg","width":488,"height":245,"caption":"X\u0259b\u0259ri Kokpitd\u0259 Oxuyun!"},"image":{"@id":"https:\/\/kokpit.az\/#\/schema\/logo\/image\/"},"sameAs":["https:\/\/www.facebook.com\/profile.php?id=61553756392357"]},{"@type":"Person","@id":"https:\/\/kokpit.az\/#\/schema\/person\/f4114e650bc2993d0650e4fb6933c581","name":"Rauf Hac\u0131yev","image":{"@type":"ImageObject","inLanguage":"az","@id":"https:\/\/secure.gravatar.com\/avatar\/394a2085c47c7acdcf41f7d270b7cbb52513d6f4f24c1cb6dfbbd61f98c0503d?s=96&d=mm&r=g","url":"https:\/\/secure.gravatar.com\/avatar\/394a2085c47c7acdcf41f7d270b7cbb52513d6f4f24c1cb6dfbbd61f98c0503d?s=96&d=mm&r=g","contentUrl":"https:\/\/secure.gravatar.com\/avatar\/394a2085c47c7acdcf41f7d270b7cbb52513d6f4f24c1cb6dfbbd61f98c0503d?s=96&d=mm&r=g","caption":"Rauf Hac\u0131yev"},"sameAs":["https:\/\/kokpit.az"],"url":"https:\/\/kokpit.az\/?author=2"}]}},"_links":{"self":[{"href":"https:\/\/kokpit.az\/index.php?rest_route=\/wp\/v2\/posts\/16863","targetHints":{"allow":["GET"]}}],"collection":[{"href":"https:\/\/kokpit.az\/index.php?rest_route=\/wp\/v2\/posts"}],"about":[{"href":"https:\/\/kokpit.az\/index.php?rest_route=\/wp\/v2\/types\/post"}],"author":[{"embeddable":true,"href":"https:\/\/kokpit.az\/index.php?rest_route=\/wp\/v2\/users\/2"}],"replies":[{"embeddable":true,"href":"https:\/\/kokpit.az\/index.php?rest_route=%2Fwp%2Fv2%2Fcomments&post=16863"}],"version-history":[{"count":1,"href":"https:\/\/kokpit.az\/index.php?rest_route=\/wp\/v2\/posts\/16863\/revisions"}],"predecessor-version":[{"id":16864,"href":"https:\/\/kokpit.az\/index.php?rest_route=\/wp\/v2\/posts\/16863\/revisions\/16864"}],"wp:featuredmedia":[{"embeddable":true,"href":"https:\/\/kokpit.az\/index.php?rest_route=\/wp\/v2\/media\/10607"}],"wp:attachment":[{"href":"https:\/\/kokpit.az\/index.php?rest_route=%2Fwp%2Fv2%2Fmedia&parent=16863"}],"wp:term":[{"taxonomy":"category","embeddable":true,"href":"https:\/\/kokpit.az\/index.php?rest_route=%2Fwp%2Fv2%2Fcategories&post=16863"},{"taxonomy":"post_tag","embeddable":true,"href":"https:\/\/kokpit.az\/index.php?rest_route=%2Fwp%2Fv2%2Ftags&post=16863"}],"curies":[{"name":"wp","href":"https:\/\/api.w.org\/{rel}","templated":true}]}}