{"id":16530,"date":"2025-07-12T12:39:56","date_gmt":"2025-07-12T08:39:56","guid":{"rendered":"https:\/\/kokpit.az\/?p=16530"},"modified":"2025-07-12T12:41:04","modified_gmt":"2025-07-12T08:41:04","slug":"mekis-ile-hornerin-esas-ferqeri-nedir","status":"publish","type":"post","link":"https:\/\/kokpit.az\/?p=16530","title":{"rendered":"Mekis il\u0259 Hornerin \u0259sas f\u0259rql\u0259ri n\u0259dir?"},"content":{"rendered":"<p>Kokpit.az xat\u0131rlad\u0131r ki, isve\u00e7r\u0259li s\u00fcr\u00fcc\u00fc 2009-2011-ci ill\u0259rd\u0259 Toro Rosso (indiki Racing Bulls) komandas\u0131nda yar\u0131\u015f\u0131b. O, bu m\u00fcdd\u0259t \u0259rzind\u0259 h\u0259r iki m\u00fct\u0259x\u0259ssisl\u0259 d\u0259 i\u015fl\u0259m\u0259k f\u00fcrs\u0259ti \u0259ld\u0259 edib.<\/p>\n<p><strong>Sebastien Buemi<\/strong>: \u201cLoren Toro Rosso-da m\u0259nim ba\u015f yar\u0131\u015f m\u00fch\u0259ndisim olub, y\u0259ni onu kifay\u0259t q\u0259d\u0259r yax\u015f\u0131 tan\u0131y\u0131ram. Yax\u015f\u0131 insand\u0131r v\u0259 Red Bull ail\u0259sinin uzun m\u00fcdd\u0259tdir ki, bir par\u00e7as\u0131d\u0131r. FIA v\u0259 Ferrari-d\u0259 i\u015fl\u0259dikd\u0259n sonra Racing Bulls komandas\u0131na r\u0259hb\u0259rlik etm\u0259k \u00fc\u00e7\u00fcn geri qay\u0131td\u0131. Ona g\u00f6r\u0259 Red Bull daxilind\u0259 sistemin nec\u0259 i\u015fl\u0259diyini \u00e7ox yax\u015f\u0131 bilir.<\/p>\n<p>Mekis texniki m\u0259s\u0259l\u0259l\u0259ri d\u0259rind\u0259n anlayan bir m\u00fch\u0259ndisdir. Kristian is\u0259 daha \u00e7ox siyasi t\u0259siri v\u0259 \u0259laq\u0259l\u0259ri il\u0259 komandan\u0131n inki\u015faf\u0131nda b\u00f6y\u00fck rol oynay\u0131rd\u0131. Onun bu bacar\u0131\u011f\u0131 Red Bull-u zirv\u0259y\u0259 da\u015f\u0131yan \u0259sas faktorlardan biri olub.<\/p>\n<p>Red Bull-da haz\u0131rda n\u0259 q\u0259d\u0259r insan\u0131n \u00e7al\u0131\u015fd\u0131\u011f\u0131n\u0131 d\u0259qiq bilmir\u0259m, amma t\u0259xmin\u0259n 1500 n\u0259f\u0259rdir. Loren bu q\u0259d\u0259r b\u00f6y\u00fck hey\u0259ti idar\u0259 ed\u0259 bil\u0259r, \u00e7\u00fcnki Ferrari kimi b\u00f6y\u00fck bir komandada i\u015fl\u0259diyi \u00fc\u00e7\u00fcn kifay\u0259t q\u0259d\u0259r t\u0259cr\u00fcb\u0259si var\u201d.<\/p>\n<p>Buemi-nin s\u00f6zl\u0259ri g\u00f6st\u0259rir ki, Loren Mekis Red Bull-un texniki liderliyi \u00fc\u00e7\u00fcn uy\u011fun namiz\u0259d olsa da, Hornerin komanda daxilind\u0259ki n\u00fcfuzu v\u0259 siyasi g\u00fcc\u00fcn\u00fc \u0259v\u0259zl\u0259m\u0259k he\u00e7 d\u0259 asan olmayacaq.<\/p>\n","protected":false},"excerpt":{"rendered":"<p>Kristian Hornerin Red Bull Racing-d\u0259ki v\u0259zif\u0259sini g\u00f6zl\u0259nilm\u0259d\u0259n t\u0259rk etm\u0259sinin ard\u0131ndan r\u0259hb\u0259rlik postuna Loren Mekisin g\u0259tirilm\u0259si Formula 1 d\u00fcnyas\u0131nda ciddi m\u00fczakir\u0259l\u0259r\u0259 s\u0259b\u0259b olub. Bu d\u0259yi\u015fiklikl\u0259 ba\u011fl\u0131 fikir bildir\u0259nl\u0259r aras\u0131nda Red Bull-un ke\u00e7mi\u015f g\u0259nc pilotu v\u0259 Formula E \u00fczr\u0259 D\u00fcnya \u00c7empionu Sebastyen Buemi d\u0259 var.<\/p>\n","protected":false},"author":2,"featured_media":16533,"comment_status":"open","ping_status":"open","sticky":false,"template":"","format":"standard","meta":{"footnotes":""},"categories":[2],"tags":[54,375,51,1286],"class_list":["post-16530","post","type-post","status-publish","format-standard","has-post-thumbnail","hentry","category-news","tag-christian-horner","tag-laurent-mekies","tag-red-bull-racing","tag-sebastien-buemi"],"yoast_head":"<!-- This site is optimized with the Yoast SEO plugin v27.5 - https:\/\/yoast.com\/product\/yoast-seo-wordpress\/ -->\n<title>Mekis il\u0259 Hornerin \u0259sas f\u0259rql\u0259ri n\u0259dir? - X\u0259b\u0259ri Kokpitd\u0259 Oxuyun!<\/title>\n<meta name=\"robots\" content=\"index, follow, max-snippet:-1, max-image-preview:large, max-video-preview:-1\" \/>\n<link rel=\"canonical\" href=\"https:\/\/kokpit.az\/?p=16530\" \/>\n<meta property=\"og:locale\" content=\"az_AZ\" \/>\n<meta property=\"og:type\" content=\"article\" \/>\n<meta property=\"og:title\" content=\"Mekis il\u0259 Hornerin \u0259sas f\u0259rql\u0259ri n\u0259dir? - X\u0259b\u0259ri Kokpitd\u0259 Oxuyun!\" \/>\n<meta property=\"og:description\" content=\"Kristian Hornerin Red Bull Racing-d\u0259ki v\u0259zif\u0259sini g\u00f6zl\u0259nilm\u0259d\u0259n t\u0259rk etm\u0259sinin ard\u0131ndan r\u0259hb\u0259rlik postuna Loren Mekisin g\u0259tirilm\u0259si Formula 1 d\u00fcnyas\u0131nda ciddi m\u00fczakir\u0259l\u0259r\u0259 s\u0259b\u0259b olub. Bu d\u0259yi\u015fiklikl\u0259 ba\u011fl\u0131 fikir bildir\u0259nl\u0259r aras\u0131nda Red Bull-un ke\u00e7mi\u015f g\u0259nc pilotu v\u0259 Formula E \u00fczr\u0259 D\u00fcnya \u00c7empionu Sebastyen Buemi d\u0259 var.\" \/>\n<meta property=\"og:url\" content=\"https:\/\/kokpit.az\/?p=16530\" \/>\n<meta property=\"og:site_name\" content=\"X\u0259b\u0259ri Kokpitd\u0259 Oxuyun!\" \/>\n<meta property=\"article:publisher\" content=\"https:\/\/www.facebook.com\/profile.php?id=61553756392357\" \/>\n<meta property=\"article:published_time\" content=\"2025-07-12T08:39:56+00:00\" \/>\n<meta property=\"article:modified_time\" content=\"2025-07-12T08:41:04+00:00\" \/>\n<meta property=\"og:image\" content=\"https:\/\/kokpit.az\/wp-content\/uploads\/2025\/07\/IMG_4498-1.jpeg\" \/>\n\t<meta property=\"og:image:width\" content=\"994\" \/>\n\t<meta property=\"og:image:height\" content=\"516\" \/>\n\t<meta property=\"og:image:type\" content=\"image\/jpeg\" \/>\n<meta name=\"author\" content=\"Rauf Hac\u0131yev\" \/>\n<meta name=\"twitter:card\" content=\"summary_large_image\" \/>\n<meta name=\"twitter:label1\" content=\"Written by\" \/>\n\t<meta name=\"twitter:data1\" content=\"Rauf Hac\u0131yev\" \/>\n\t<meta name=\"twitter:label2\" content=\"Est. reading time\" \/>\n\t<meta name=\"twitter:data2\" content=\"1 minute\" \/>\n<script type=\"application\/ld+json\" class=\"yoast-schema-graph\">{\"@context\":\"https:\\\/\\\/schema.org\",\"@graph\":[{\"@type\":\"Article\",\"@id\":\"https:\\\/\\\/kokpit.az\\\/?p=16530#article\",\"isPartOf\":{\"@id\":\"https:\\\/\\\/kokpit.az\\\/?p=16530\"},\"author\":{\"name\":\"Rauf Hac\u0131yev\",\"@id\":\"https:\\\/\\\/kokpit.az\\\/#\\\/schema\\\/person\\\/f4114e650bc2993d0650e4fb6933c581\"},\"headline\":\"Mekis il\u0259 Hornerin \u0259sas f\u0259rql\u0259ri n\u0259dir?\",\"datePublished\":\"2025-07-12T08:39:56+00:00\",\"dateModified\":\"2025-07-12T08:41:04+00:00\",\"mainEntityOfPage\":{\"@id\":\"https:\\\/\\\/kokpit.az\\\/?p=16530\"},\"wordCount\":286,\"commentCount\":0,\"publisher\":{\"@id\":\"https:\\\/\\\/kokpit.az\\\/#organization\"},\"image\":{\"@id\":\"https:\\\/\\\/kokpit.az\\\/?p=16530#primaryimage\"},\"thumbnailUrl\":\"https:\\\/\\\/kokpit.az\\\/wp-content\\\/uploads\\\/2025\\\/07\\\/IMG_4498-1.jpeg\",\"keywords\":[\"Christian Horner\",\"Laurent Mekies\",\"Red Bull Racing\",\"Sebastien Buemi\"],\"articleSection\":[\"X\u0259b\u0259rl\u0259r\"],\"inLanguage\":\"az\",\"potentialAction\":[{\"@type\":\"CommentAction\",\"name\":\"Comment\",\"target\":[\"https:\\\/\\\/kokpit.az\\\/?p=16530#respond\"]}]},{\"@type\":\"WebPage\",\"@id\":\"https:\\\/\\\/kokpit.az\\\/?p=16530\",\"url\":\"https:\\\/\\\/kokpit.az\\\/?p=16530\",\"name\":\"Mekis il\u0259 Hornerin \u0259sas f\u0259rql\u0259ri n\u0259dir? - X\u0259b\u0259ri Kokpitd\u0259 Oxuyun!\",\"isPartOf\":{\"@id\":\"https:\\\/\\\/kokpit.az\\\/#website\"},\"primaryImageOfPage\":{\"@id\":\"https:\\\/\\\/kokpit.az\\\/?p=16530#primaryimage\"},\"image\":{\"@id\":\"https:\\\/\\\/kokpit.az\\\/?p=16530#primaryimage\"},\"thumbnailUrl\":\"https:\\\/\\\/kokpit.az\\\/wp-content\\\/uploads\\\/2025\\\/07\\\/IMG_4498-1.jpeg\",\"datePublished\":\"2025-07-12T08:39:56+00:00\",\"dateModified\":\"2025-07-12T08:41:04+00:00\",\"breadcrumb\":{\"@id\":\"https:\\\/\\\/kokpit.az\\\/?p=16530#breadcrumb\"},\"inLanguage\":\"az\",\"potentialAction\":[{\"@type\":\"ReadAction\",\"target\":[\"https:\\\/\\\/kokpit.az\\\/?p=16530\"]}]},{\"@type\":\"ImageObject\",\"inLanguage\":\"az\",\"@id\":\"https:\\\/\\\/kokpit.az\\\/?p=16530#primaryimage\",\"url\":\"https:\\\/\\\/kokpit.az\\\/wp-content\\\/uploads\\\/2025\\\/07\\\/IMG_4498-1.jpeg\",\"contentUrl\":\"https:\\\/\\\/kokpit.az\\\/wp-content\\\/uploads\\\/2025\\\/07\\\/IMG_4498-1.jpeg\",\"width\":994,\"height\":516},{\"@type\":\"BreadcrumbList\",\"@id\":\"https:\\\/\\\/kokpit.az\\\/?p=16530#breadcrumb\",\"itemListElement\":[{\"@type\":\"ListItem\",\"position\":1,\"name\":\"Home\",\"item\":\"https:\\\/\\\/kokpit.az\\\/\"},{\"@type\":\"ListItem\",\"position\":2,\"name\":\"Mekis il\u0259 Hornerin \u0259sas f\u0259rql\u0259ri n\u0259dir?\"}]},{\"@type\":\"WebSite\",\"@id\":\"https:\\\/\\\/kokpit.az\\\/#website\",\"url\":\"https:\\\/\\\/kokpit.az\\\/\",\"name\":\"X\u0259b\u0259ri Kokpitd\u0259 Oxuyun!\",\"description\":\"\",\"publisher\":{\"@id\":\"https:\\\/\\\/kokpit.az\\\/#organization\"},\"potentialAction\":[{\"@type\":\"SearchAction\",\"target\":{\"@type\":\"EntryPoint\",\"urlTemplate\":\"https:\\\/\\\/kokpit.az\\\/?s={search_term_string}\"},\"query-input\":{\"@type\":\"PropertyValueSpecification\",\"valueRequired\":true,\"valueName\":\"search_term_string\"}}],\"inLanguage\":\"az\"},{\"@type\":\"Organization\",\"@id\":\"https:\\\/\\\/kokpit.az\\\/#organization\",\"name\":\"X\u0259b\u0259ri Kokpitd\u0259 Oxuyun!\",\"url\":\"https:\\\/\\\/kokpit.az\\\/\",\"logo\":{\"@type\":\"ImageObject\",\"inLanguage\":\"az\",\"@id\":\"https:\\\/\\\/kokpit.az\\\/#\\\/schema\\\/logo\\\/image\\\/\",\"url\":\"https:\\\/\\\/kokpit.az\\\/wp-content\\\/uploads\\\/2023\\\/05\\\/kokpit.jpg\",\"contentUrl\":\"https:\\\/\\\/kokpit.az\\\/wp-content\\\/uploads\\\/2023\\\/05\\\/kokpit.jpg\",\"width\":488,\"height\":245,\"caption\":\"X\u0259b\u0259ri Kokpitd\u0259 Oxuyun!\"},\"image\":{\"@id\":\"https:\\\/\\\/kokpit.az\\\/#\\\/schema\\\/logo\\\/image\\\/\"},\"sameAs\":[\"https:\\\/\\\/www.facebook.com\\\/profile.php?id=61553756392357\"]},{\"@type\":\"Person\",\"@id\":\"https:\\\/\\\/kokpit.az\\\/#\\\/schema\\\/person\\\/f4114e650bc2993d0650e4fb6933c581\",\"name\":\"Rauf Hac\u0131yev\",\"image\":{\"@type\":\"ImageObject\",\"inLanguage\":\"az\",\"@id\":\"https:\\\/\\\/secure.gravatar.com\\\/avatar\\\/394a2085c47c7acdcf41f7d270b7cbb52513d6f4f24c1cb6dfbbd61f98c0503d?s=96&d=mm&r=g\",\"url\":\"https:\\\/\\\/secure.gravatar.com\\\/avatar\\\/394a2085c47c7acdcf41f7d270b7cbb52513d6f4f24c1cb6dfbbd61f98c0503d?s=96&d=mm&r=g\",\"contentUrl\":\"https:\\\/\\\/secure.gravatar.com\\\/avatar\\\/394a2085c47c7acdcf41f7d270b7cbb52513d6f4f24c1cb6dfbbd61f98c0503d?s=96&d=mm&r=g\",\"caption\":\"Rauf Hac\u0131yev\"},\"sameAs\":[\"https:\\\/\\\/kokpit.az\"],\"url\":\"https:\\\/\\\/kokpit.az\\\/?author=2\"}]}<\/script>\n<!-- \/ Yoast SEO plugin. -->","yoast_head_json":{"title":"Mekis il\u0259 Hornerin \u0259sas f\u0259rql\u0259ri n\u0259dir? - X\u0259b\u0259ri Kokpitd\u0259 Oxuyun!","robots":{"index":"index","follow":"follow","max-snippet":"max-snippet:-1","max-image-preview":"max-image-preview:large","max-video-preview":"max-video-preview:-1"},"canonical":"https:\/\/kokpit.az\/?p=16530","og_locale":"az_AZ","og_type":"article","og_title":"Mekis il\u0259 Hornerin \u0259sas f\u0259rql\u0259ri n\u0259dir? - X\u0259b\u0259ri Kokpitd\u0259 Oxuyun!","og_description":"Kristian Hornerin Red Bull Racing-d\u0259ki v\u0259zif\u0259sini g\u00f6zl\u0259nilm\u0259d\u0259n t\u0259rk etm\u0259sinin ard\u0131ndan r\u0259hb\u0259rlik postuna Loren Mekisin g\u0259tirilm\u0259si Formula 1 d\u00fcnyas\u0131nda ciddi m\u00fczakir\u0259l\u0259r\u0259 s\u0259b\u0259b olub. Bu d\u0259yi\u015fiklikl\u0259 ba\u011fl\u0131 fikir bildir\u0259nl\u0259r aras\u0131nda Red Bull-un ke\u00e7mi\u015f g\u0259nc pilotu v\u0259 Formula E \u00fczr\u0259 D\u00fcnya \u00c7empionu Sebastyen Buemi d\u0259 var.","og_url":"https:\/\/kokpit.az\/?p=16530","og_site_name":"X\u0259b\u0259ri Kokpitd\u0259 Oxuyun!","article_publisher":"https:\/\/www.facebook.com\/profile.php?id=61553756392357","article_published_time":"2025-07-12T08:39:56+00:00","article_modified_time":"2025-07-12T08:41:04+00:00","og_image":[{"width":994,"height":516,"url":"https:\/\/kokpit.az\/wp-content\/uploads\/2025\/07\/IMG_4498-1.jpeg","type":"image\/jpeg"}],"author":"Rauf Hac\u0131yev","twitter_card":"summary_large_image","twitter_misc":{"Written by":"Rauf Hac\u0131yev","Est. reading time":"1 minute"},"schema":{"@context":"https:\/\/schema.org","@graph":[{"@type":"Article","@id":"https:\/\/kokpit.az\/?p=16530#article","isPartOf":{"@id":"https:\/\/kokpit.az\/?p=16530"},"author":{"name":"Rauf Hac\u0131yev","@id":"https:\/\/kokpit.az\/#\/schema\/person\/f4114e650bc2993d0650e4fb6933c581"},"headline":"Mekis il\u0259 Hornerin \u0259sas f\u0259rql\u0259ri n\u0259dir?","datePublished":"2025-07-12T08:39:56+00:00","dateModified":"2025-07-12T08:41:04+00:00","mainEntityOfPage":{"@id":"https:\/\/kokpit.az\/?p=16530"},"wordCount":286,"commentCount":0,"publisher":{"@id":"https:\/\/kokpit.az\/#organization"},"image":{"@id":"https:\/\/kokpit.az\/?p=16530#primaryimage"},"thumbnailUrl":"https:\/\/kokpit.az\/wp-content\/uploads\/2025\/07\/IMG_4498-1.jpeg","keywords":["Christian Horner","Laurent Mekies","Red Bull Racing","Sebastien Buemi"],"articleSection":["X\u0259b\u0259rl\u0259r"],"inLanguage":"az","potentialAction":[{"@type":"CommentAction","name":"Comment","target":["https:\/\/kokpit.az\/?p=16530#respond"]}]},{"@type":"WebPage","@id":"https:\/\/kokpit.az\/?p=16530","url":"https:\/\/kokpit.az\/?p=16530","name":"Mekis il\u0259 Hornerin \u0259sas f\u0259rql\u0259ri n\u0259dir? - X\u0259b\u0259ri Kokpitd\u0259 Oxuyun!","isPartOf":{"@id":"https:\/\/kokpit.az\/#website"},"primaryImageOfPage":{"@id":"https:\/\/kokpit.az\/?p=16530#primaryimage"},"image":{"@id":"https:\/\/kokpit.az\/?p=16530#primaryimage"},"thumbnailUrl":"https:\/\/kokpit.az\/wp-content\/uploads\/2025\/07\/IMG_4498-1.jpeg","datePublished":"2025-07-12T08:39:56+00:00","dateModified":"2025-07-12T08:41:04+00:00","breadcrumb":{"@id":"https:\/\/kokpit.az\/?p=16530#breadcrumb"},"inLanguage":"az","potentialAction":[{"@type":"ReadAction","target":["https:\/\/kokpit.az\/?p=16530"]}]},{"@type":"ImageObject","inLanguage":"az","@id":"https:\/\/kokpit.az\/?p=16530#primaryimage","url":"https:\/\/kokpit.az\/wp-content\/uploads\/2025\/07\/IMG_4498-1.jpeg","contentUrl":"https:\/\/kokpit.az\/wp-content\/uploads\/2025\/07\/IMG_4498-1.jpeg","width":994,"height":516},{"@type":"BreadcrumbList","@id":"https:\/\/kokpit.az\/?p=16530#breadcrumb","itemListElement":[{"@type":"ListItem","position":1,"name":"Home","item":"https:\/\/kokpit.az\/"},{"@type":"ListItem","position":2,"name":"Mekis il\u0259 Hornerin \u0259sas f\u0259rql\u0259ri n\u0259dir?"}]},{"@type":"WebSite","@id":"https:\/\/kokpit.az\/#website","url":"https:\/\/kokpit.az\/","name":"X\u0259b\u0259ri Kokpitd\u0259 Oxuyun!","description":"","publisher":{"@id":"https:\/\/kokpit.az\/#organization"},"potentialAction":[{"@type":"SearchAction","target":{"@type":"EntryPoint","urlTemplate":"https:\/\/kokpit.az\/?s={search_term_string}"},"query-input":{"@type":"PropertyValueSpecification","valueRequired":true,"valueName":"search_term_string"}}],"inLanguage":"az"},{"@type":"Organization","@id":"https:\/\/kokpit.az\/#organization","name":"X\u0259b\u0259ri Kokpitd\u0259 Oxuyun!","url":"https:\/\/kokpit.az\/","logo":{"@type":"ImageObject","inLanguage":"az","@id":"https:\/\/kokpit.az\/#\/schema\/logo\/image\/","url":"https:\/\/kokpit.az\/wp-content\/uploads\/2023\/05\/kokpit.jpg","contentUrl":"https:\/\/kokpit.az\/wp-content\/uploads\/2023\/05\/kokpit.jpg","width":488,"height":245,"caption":"X\u0259b\u0259ri Kokpitd\u0259 Oxuyun!"},"image":{"@id":"https:\/\/kokpit.az\/#\/schema\/logo\/image\/"},"sameAs":["https:\/\/www.facebook.com\/profile.php?id=61553756392357"]},{"@type":"Person","@id":"https:\/\/kokpit.az\/#\/schema\/person\/f4114e650bc2993d0650e4fb6933c581","name":"Rauf Hac\u0131yev","image":{"@type":"ImageObject","inLanguage":"az","@id":"https:\/\/secure.gravatar.com\/avatar\/394a2085c47c7acdcf41f7d270b7cbb52513d6f4f24c1cb6dfbbd61f98c0503d?s=96&d=mm&r=g","url":"https:\/\/secure.gravatar.com\/avatar\/394a2085c47c7acdcf41f7d270b7cbb52513d6f4f24c1cb6dfbbd61f98c0503d?s=96&d=mm&r=g","contentUrl":"https:\/\/secure.gravatar.com\/avatar\/394a2085c47c7acdcf41f7d270b7cbb52513d6f4f24c1cb6dfbbd61f98c0503d?s=96&d=mm&r=g","caption":"Rauf Hac\u0131yev"},"sameAs":["https:\/\/kokpit.az"],"url":"https:\/\/kokpit.az\/?author=2"}]}},"_links":{"self":[{"href":"https:\/\/kokpit.az\/index.php?rest_route=\/wp\/v2\/posts\/16530","targetHints":{"allow":["GET"]}}],"collection":[{"href":"https:\/\/kokpit.az\/index.php?rest_route=\/wp\/v2\/posts"}],"about":[{"href":"https:\/\/kokpit.az\/index.php?rest_route=\/wp\/v2\/types\/post"}],"author":[{"embeddable":true,"href":"https:\/\/kokpit.az\/index.php?rest_route=\/wp\/v2\/users\/2"}],"replies":[{"embeddable":true,"href":"https:\/\/kokpit.az\/index.php?rest_route=%2Fwp%2Fv2%2Fcomments&post=16530"}],"version-history":[{"count":1,"href":"https:\/\/kokpit.az\/index.php?rest_route=\/wp\/v2\/posts\/16530\/revisions"}],"predecessor-version":[{"id":16531,"href":"https:\/\/kokpit.az\/index.php?rest_route=\/wp\/v2\/posts\/16530\/revisions\/16531"}],"wp:featuredmedia":[{"embeddable":true,"href":"https:\/\/kokpit.az\/index.php?rest_route=\/wp\/v2\/media\/16533"}],"wp:attachment":[{"href":"https:\/\/kokpit.az\/index.php?rest_route=%2Fwp%2Fv2%2Fmedia&parent=16530"}],"wp:term":[{"taxonomy":"category","embeddable":true,"href":"https:\/\/kokpit.az\/index.php?rest_route=%2Fwp%2Fv2%2Fcategories&post=16530"},{"taxonomy":"post_tag","embeddable":true,"href":"https:\/\/kokpit.az\/index.php?rest_route=%2Fwp%2Fv2%2Ftags&post=16530"}],"curies":[{"name":"wp","href":"https:\/\/api.w.org\/{rel}","templated":true}]}}