{"id":16511,"date":"2025-07-11T14:31:06","date_gmt":"2025-07-11T10:31:06","guid":{"rendered":"https:\/\/kokpit.az\/?p=16511"},"modified":"2025-07-11T21:33:49","modified_gmt":"2025-07-11T17:33:49","slug":"markes-zaksenrinqd%c9%99-h%c9%99ft%c9%99sonuna-sur%c9%99tli-baslayib","status":"publish","type":"post","link":"https:\/\/kokpit.az\/?p=16511","title":{"rendered":"Markes Zaksenrinqd\u0259 h\u0259ft\u0259sonuna s\u00fcr\u0259tli ba\u015flay\u0131b"},"content":{"rendered":"<p>Sessiyada \u0259n s\u00fcr\u0259tli n\u0259tic\u0259ni Ducati pilotu v\u0259 \u00e7empionat\u0131n lideri Mark Markes g\u00f6st\u0259rib.<\/p>\n<p>\u0130spaniyal\u0131 s\u00fcr\u00fcc\u00fc 1:20.372 saniy\u0259lik n\u0259tic\u0259 il\u0259 sessiyan\u0131 birinci yerd\u0259 tamamlay\u0131b. O, \u0259n yax\u0131n izl\u0259yicisi Cek Miller\u0259 0.109 saniy\u0259 f\u0259rq at\u0131b. X\u00fcsusil\u0259 Markesin bu n\u0259tic\u0259ni 22 d\u00f6vr\u0259lik t\u0259k\u0259rl\u0259rl\u0259 \u0259ld\u0259 etm\u0259si komandada b\u00f6y\u00fck t\u0259\u0259cc\u00fcb do\u011furub.<\/p>\n<p>Son \u00fc\u00e7 yar\u0131\u015f h\u0259ft\u0259sonunda h\u0259m sprint, h\u0259m d\u0259 \u0259sas yar\u0131\u015flar\u0131 q\u0259l\u0259b\u0259 il\u0259 ba\u015fa vuran Markes, Zaksenrinq\u0259 68 xall\u0131q \u00fcst\u00fcnl\u00fckl\u0259 lider kimi g\u0259lib. Qarda\u015f\u0131 Aleks Markesin z\u0259d\u0259si v\u0259 \u0259sas r\u0259qibl\u0259rd\u0259n olan Fran\u00e7esko Banyayan\u0131n xal s\u0131ralamas\u0131nda geril\u0259m\u0259si \u00e7empionluq m\u00fcbariz\u0259sind\u0259 bu h\u0259ft\u0259sonunu h\u0259lledici ed\u0259 bil\u0259r.<\/p>\n<p>Sessiya boyunca ya\u011f\u0131\u015f ya\u011fma ehtimal\u0131 olsa da, y\u00fcr\u00fc\u015f quru hava \u015f\u0259raitind\u0259 ke\u00e7irilib. Komandalar g\u00fcn\u00fcn ikinci yar\u0131s\u0131nda ya\u011f\u0131\u015f ehtimal\u0131n\u0131 n\u0259z\u0259r\u0259 alaraq t\u0259k\u0259r strategiyalar\u0131n\u0131 s\u00fcr\u0259tl\u0259 formala\u015fd\u0131rma\u011fa \u00e7al\u0131\u015f\u0131blar.<\/p>\n<p>Yeni \u0259m\u0259liyyat olunmu\u015f Aleks Markes \u0259lind\u0259n ald\u0131\u011f\u0131 z\u0259d\u0259y\u0259 baxmayaraq trasda olub. O, 19 d\u00f6vr\u0259 vuraraq sessiyan\u0131 14-c\u00fc yerd\u0259 ba\u015fa vurub.<\/p>\n<p>Frans\u0131z pilot Yohan Zarko sessiyan\u0131n \u0259vv\u0259lind\u0259 birinci d\u00f6ng\u0259d\u0259 y\u0131x\u0131lsa da, ciddi bir x\u0259sar\u0259t almay\u0131b v\u0259 n\u0259tic\u0259d\u0259 d\u00f6rd\u00fcnc\u00fc yeri tutub.<\/p>\n","protected":false},"excerpt":{"rendered":"<p>MotoGP \u00fczr\u0259 2025-ci il m\u00f6vs\u00fcm\u00fcn\u00fcn 11-ci m\u0259rh\u0259l\u0259si olan Almaniya Qran Prisi \u00f6nc\u0259si Zaksenrinq tras\u0131nda ke\u00e7iril\u0259n ilk s\u0259rb\u0259st y\u00fcr\u00fc\u015fl\u0259r ba\u015fa \u00e7at\u0131b.<\/p>\n","protected":false},"author":2,"featured_media":16513,"comment_status":"open","ping_status":"open","sticky":false,"template":"","format":"standard","meta":{"footnotes":""},"categories":[5,232],"tags":[834,923,586,740,320,1282],"class_list":["post-16511","post","type-post","status-publish","format-standard","has-post-thumbnail","hentry","category-other-series","category-motogp","tag-alex-marquez","tag-fabio-di-gianantonio","tag-francesco-bagnaia","tag-jack-miller","tag-marc-marquez","tag-sachsenring"],"yoast_head":"<!-- This site is optimized with the Yoast SEO plugin v27.5 - https:\/\/yoast.com\/product\/yoast-seo-wordpress\/ -->\n<title>Markes Zaksenrinqd\u0259 h\u0259ft\u0259sonuna s\u00fcr\u0259tli ba\u015flay\u0131b - X\u0259b\u0259ri Kokpitd\u0259 Oxuyun!<\/title>\n<meta name=\"robots\" content=\"index, follow, max-snippet:-1, max-image-preview:large, max-video-preview:-1\" \/>\n<link rel=\"canonical\" href=\"https:\/\/kokpit.az\/?p=16511\" \/>\n<meta property=\"og:locale\" content=\"az_AZ\" \/>\n<meta property=\"og:type\" content=\"article\" \/>\n<meta property=\"og:title\" content=\"Markes Zaksenrinqd\u0259 h\u0259ft\u0259sonuna s\u00fcr\u0259tli ba\u015flay\u0131b - X\u0259b\u0259ri Kokpitd\u0259 Oxuyun!\" \/>\n<meta property=\"og:description\" content=\"MotoGP \u00fczr\u0259 2025-ci il m\u00f6vs\u00fcm\u00fcn\u00fcn 11-ci m\u0259rh\u0259l\u0259si olan Almaniya Qran Prisi \u00f6nc\u0259si Zaksenrinq tras\u0131nda ke\u00e7iril\u0259n ilk s\u0259rb\u0259st y\u00fcr\u00fc\u015fl\u0259r ba\u015fa \u00e7at\u0131b.\" \/>\n<meta property=\"og:url\" content=\"https:\/\/kokpit.az\/?p=16511\" \/>\n<meta property=\"og:site_name\" content=\"X\u0259b\u0259ri Kokpitd\u0259 Oxuyun!\" \/>\n<meta property=\"article:publisher\" content=\"https:\/\/www.facebook.com\/profile.php?id=61553756392357\" \/>\n<meta property=\"article:published_time\" content=\"2025-07-11T10:31:06+00:00\" \/>\n<meta property=\"article:modified_time\" content=\"2025-07-11T17:33:49+00:00\" \/>\n<meta property=\"og:image\" content=\"https:\/\/kokpit.az\/wp-content\/uploads\/2025\/07\/IMG_4488.jpeg\" \/>\n\t<meta property=\"og:image:width\" content=\"1635\" \/>\n\t<meta property=\"og:image:height\" content=\"954\" \/>\n\t<meta property=\"og:image:type\" content=\"image\/jpeg\" \/>\n<meta name=\"author\" content=\"Rauf Hac\u0131yev\" \/>\n<meta name=\"twitter:card\" content=\"summary_large_image\" \/>\n<meta name=\"twitter:label1\" content=\"Written by\" \/>\n\t<meta name=\"twitter:data1\" content=\"Rauf Hac\u0131yev\" \/>\n\t<meta name=\"twitter:label2\" content=\"Est. reading time\" \/>\n\t<meta name=\"twitter:data2\" content=\"1 minute\" \/>\n<script type=\"application\/ld+json\" class=\"yoast-schema-graph\">{\"@context\":\"https:\\\/\\\/schema.org\",\"@graph\":[{\"@type\":\"Article\",\"@id\":\"https:\\\/\\\/kokpit.az\\\/?p=16511#article\",\"isPartOf\":{\"@id\":\"https:\\\/\\\/kokpit.az\\\/?p=16511\"},\"author\":{\"name\":\"Rauf Hac\u0131yev\",\"@id\":\"https:\\\/\\\/kokpit.az\\\/#\\\/schema\\\/person\\\/f4114e650bc2993d0650e4fb6933c581\"},\"headline\":\"Markes Zaksenrinqd\u0259 h\u0259ft\u0259sonuna s\u00fcr\u0259tli ba\u015flay\u0131b\",\"datePublished\":\"2025-07-11T10:31:06+00:00\",\"dateModified\":\"2025-07-11T17:33:49+00:00\",\"mainEntityOfPage\":{\"@id\":\"https:\\\/\\\/kokpit.az\\\/?p=16511\"},\"wordCount\":254,\"commentCount\":0,\"publisher\":{\"@id\":\"https:\\\/\\\/kokpit.az\\\/#organization\"},\"image\":{\"@id\":\"https:\\\/\\\/kokpit.az\\\/?p=16511#primaryimage\"},\"thumbnailUrl\":\"https:\\\/\\\/kokpit.az\\\/wp-content\\\/uploads\\\/2025\\\/07\\\/IMG_4488.jpeg\",\"keywords\":[\"Alex Marquez\",\"Fabio di Gianantonio\",\"Francesco Bagnaia\",\"Jack Miller\",\"Marc Marquez\",\"Sachsenring\"],\"articleSection\":[\"Dig\u0259r seriyalar\",\"MotoGP\"],\"inLanguage\":\"az\",\"potentialAction\":[{\"@type\":\"CommentAction\",\"name\":\"Comment\",\"target\":[\"https:\\\/\\\/kokpit.az\\\/?p=16511#respond\"]}]},{\"@type\":\"WebPage\",\"@id\":\"https:\\\/\\\/kokpit.az\\\/?p=16511\",\"url\":\"https:\\\/\\\/kokpit.az\\\/?p=16511\",\"name\":\"Markes Zaksenrinqd\u0259 h\u0259ft\u0259sonuna s\u00fcr\u0259tli ba\u015flay\u0131b - X\u0259b\u0259ri Kokpitd\u0259 Oxuyun!\",\"isPartOf\":{\"@id\":\"https:\\\/\\\/kokpit.az\\\/#website\"},\"primaryImageOfPage\":{\"@id\":\"https:\\\/\\\/kokpit.az\\\/?p=16511#primaryimage\"},\"image\":{\"@id\":\"https:\\\/\\\/kokpit.az\\\/?p=16511#primaryimage\"},\"thumbnailUrl\":\"https:\\\/\\\/kokpit.az\\\/wp-content\\\/uploads\\\/2025\\\/07\\\/IMG_4488.jpeg\",\"datePublished\":\"2025-07-11T10:31:06+00:00\",\"dateModified\":\"2025-07-11T17:33:49+00:00\",\"breadcrumb\":{\"@id\":\"https:\\\/\\\/kokpit.az\\\/?p=16511#breadcrumb\"},\"inLanguage\":\"az\",\"potentialAction\":[{\"@type\":\"ReadAction\",\"target\":[\"https:\\\/\\\/kokpit.az\\\/?p=16511\"]}]},{\"@type\":\"ImageObject\",\"inLanguage\":\"az\",\"@id\":\"https:\\\/\\\/kokpit.az\\\/?p=16511#primaryimage\",\"url\":\"https:\\\/\\\/kokpit.az\\\/wp-content\\\/uploads\\\/2025\\\/07\\\/IMG_4488.jpeg\",\"contentUrl\":\"https:\\\/\\\/kokpit.az\\\/wp-content\\\/uploads\\\/2025\\\/07\\\/IMG_4488.jpeg\",\"width\":1635,\"height\":954},{\"@type\":\"BreadcrumbList\",\"@id\":\"https:\\\/\\\/kokpit.az\\\/?p=16511#breadcrumb\",\"itemListElement\":[{\"@type\":\"ListItem\",\"position\":1,\"name\":\"Home\",\"item\":\"https:\\\/\\\/kokpit.az\\\/\"},{\"@type\":\"ListItem\",\"position\":2,\"name\":\"Markes Zaksenrinqd\u0259 h\u0259ft\u0259sonuna s\u00fcr\u0259tli ba\u015flay\u0131b\"}]},{\"@type\":\"WebSite\",\"@id\":\"https:\\\/\\\/kokpit.az\\\/#website\",\"url\":\"https:\\\/\\\/kokpit.az\\\/\",\"name\":\"X\u0259b\u0259ri Kokpitd\u0259 Oxuyun!\",\"description\":\"\",\"publisher\":{\"@id\":\"https:\\\/\\\/kokpit.az\\\/#organization\"},\"potentialAction\":[{\"@type\":\"SearchAction\",\"target\":{\"@type\":\"EntryPoint\",\"urlTemplate\":\"https:\\\/\\\/kokpit.az\\\/?s={search_term_string}\"},\"query-input\":{\"@type\":\"PropertyValueSpecification\",\"valueRequired\":true,\"valueName\":\"search_term_string\"}}],\"inLanguage\":\"az\"},{\"@type\":\"Organization\",\"@id\":\"https:\\\/\\\/kokpit.az\\\/#organization\",\"name\":\"X\u0259b\u0259ri Kokpitd\u0259 Oxuyun!\",\"url\":\"https:\\\/\\\/kokpit.az\\\/\",\"logo\":{\"@type\":\"ImageObject\",\"inLanguage\":\"az\",\"@id\":\"https:\\\/\\\/kokpit.az\\\/#\\\/schema\\\/logo\\\/image\\\/\",\"url\":\"https:\\\/\\\/kokpit.az\\\/wp-content\\\/uploads\\\/2023\\\/05\\\/kokpit.jpg\",\"contentUrl\":\"https:\\\/\\\/kokpit.az\\\/wp-content\\\/uploads\\\/2023\\\/05\\\/kokpit.jpg\",\"width\":488,\"height\":245,\"caption\":\"X\u0259b\u0259ri Kokpitd\u0259 Oxuyun!\"},\"image\":{\"@id\":\"https:\\\/\\\/kokpit.az\\\/#\\\/schema\\\/logo\\\/image\\\/\"},\"sameAs\":[\"https:\\\/\\\/www.facebook.com\\\/profile.php?id=61553756392357\"]},{\"@type\":\"Person\",\"@id\":\"https:\\\/\\\/kokpit.az\\\/#\\\/schema\\\/person\\\/f4114e650bc2993d0650e4fb6933c581\",\"name\":\"Rauf Hac\u0131yev\",\"image\":{\"@type\":\"ImageObject\",\"inLanguage\":\"az\",\"@id\":\"https:\\\/\\\/secure.gravatar.com\\\/avatar\\\/394a2085c47c7acdcf41f7d270b7cbb52513d6f4f24c1cb6dfbbd61f98c0503d?s=96&d=mm&r=g\",\"url\":\"https:\\\/\\\/secure.gravatar.com\\\/avatar\\\/394a2085c47c7acdcf41f7d270b7cbb52513d6f4f24c1cb6dfbbd61f98c0503d?s=96&d=mm&r=g\",\"contentUrl\":\"https:\\\/\\\/secure.gravatar.com\\\/avatar\\\/394a2085c47c7acdcf41f7d270b7cbb52513d6f4f24c1cb6dfbbd61f98c0503d?s=96&d=mm&r=g\",\"caption\":\"Rauf Hac\u0131yev\"},\"sameAs\":[\"https:\\\/\\\/kokpit.az\"],\"url\":\"https:\\\/\\\/kokpit.az\\\/?author=2\"}]}<\/script>\n<!-- \/ Yoast SEO plugin. -->","yoast_head_json":{"title":"Markes Zaksenrinqd\u0259 h\u0259ft\u0259sonuna s\u00fcr\u0259tli ba\u015flay\u0131b - X\u0259b\u0259ri Kokpitd\u0259 Oxuyun!","robots":{"index":"index","follow":"follow","max-snippet":"max-snippet:-1","max-image-preview":"max-image-preview:large","max-video-preview":"max-video-preview:-1"},"canonical":"https:\/\/kokpit.az\/?p=16511","og_locale":"az_AZ","og_type":"article","og_title":"Markes Zaksenrinqd\u0259 h\u0259ft\u0259sonuna s\u00fcr\u0259tli ba\u015flay\u0131b - X\u0259b\u0259ri Kokpitd\u0259 Oxuyun!","og_description":"MotoGP \u00fczr\u0259 2025-ci il m\u00f6vs\u00fcm\u00fcn\u00fcn 11-ci m\u0259rh\u0259l\u0259si olan Almaniya Qran Prisi \u00f6nc\u0259si Zaksenrinq tras\u0131nda ke\u00e7iril\u0259n ilk s\u0259rb\u0259st y\u00fcr\u00fc\u015fl\u0259r ba\u015fa \u00e7at\u0131b.","og_url":"https:\/\/kokpit.az\/?p=16511","og_site_name":"X\u0259b\u0259ri Kokpitd\u0259 Oxuyun!","article_publisher":"https:\/\/www.facebook.com\/profile.php?id=61553756392357","article_published_time":"2025-07-11T10:31:06+00:00","article_modified_time":"2025-07-11T17:33:49+00:00","og_image":[{"width":1635,"height":954,"url":"https:\/\/kokpit.az\/wp-content\/uploads\/2025\/07\/IMG_4488.jpeg","type":"image\/jpeg"}],"author":"Rauf Hac\u0131yev","twitter_card":"summary_large_image","twitter_misc":{"Written by":"Rauf Hac\u0131yev","Est. reading time":"1 minute"},"schema":{"@context":"https:\/\/schema.org","@graph":[{"@type":"Article","@id":"https:\/\/kokpit.az\/?p=16511#article","isPartOf":{"@id":"https:\/\/kokpit.az\/?p=16511"},"author":{"name":"Rauf Hac\u0131yev","@id":"https:\/\/kokpit.az\/#\/schema\/person\/f4114e650bc2993d0650e4fb6933c581"},"headline":"Markes Zaksenrinqd\u0259 h\u0259ft\u0259sonuna s\u00fcr\u0259tli ba\u015flay\u0131b","datePublished":"2025-07-11T10:31:06+00:00","dateModified":"2025-07-11T17:33:49+00:00","mainEntityOfPage":{"@id":"https:\/\/kokpit.az\/?p=16511"},"wordCount":254,"commentCount":0,"publisher":{"@id":"https:\/\/kokpit.az\/#organization"},"image":{"@id":"https:\/\/kokpit.az\/?p=16511#primaryimage"},"thumbnailUrl":"https:\/\/kokpit.az\/wp-content\/uploads\/2025\/07\/IMG_4488.jpeg","keywords":["Alex Marquez","Fabio di Gianantonio","Francesco Bagnaia","Jack Miller","Marc Marquez","Sachsenring"],"articleSection":["Dig\u0259r seriyalar","MotoGP"],"inLanguage":"az","potentialAction":[{"@type":"CommentAction","name":"Comment","target":["https:\/\/kokpit.az\/?p=16511#respond"]}]},{"@type":"WebPage","@id":"https:\/\/kokpit.az\/?p=16511","url":"https:\/\/kokpit.az\/?p=16511","name":"Markes Zaksenrinqd\u0259 h\u0259ft\u0259sonuna s\u00fcr\u0259tli ba\u015flay\u0131b - X\u0259b\u0259ri Kokpitd\u0259 Oxuyun!","isPartOf":{"@id":"https:\/\/kokpit.az\/#website"},"primaryImageOfPage":{"@id":"https:\/\/kokpit.az\/?p=16511#primaryimage"},"image":{"@id":"https:\/\/kokpit.az\/?p=16511#primaryimage"},"thumbnailUrl":"https:\/\/kokpit.az\/wp-content\/uploads\/2025\/07\/IMG_4488.jpeg","datePublished":"2025-07-11T10:31:06+00:00","dateModified":"2025-07-11T17:33:49+00:00","breadcrumb":{"@id":"https:\/\/kokpit.az\/?p=16511#breadcrumb"},"inLanguage":"az","potentialAction":[{"@type":"ReadAction","target":["https:\/\/kokpit.az\/?p=16511"]}]},{"@type":"ImageObject","inLanguage":"az","@id":"https:\/\/kokpit.az\/?p=16511#primaryimage","url":"https:\/\/kokpit.az\/wp-content\/uploads\/2025\/07\/IMG_4488.jpeg","contentUrl":"https:\/\/kokpit.az\/wp-content\/uploads\/2025\/07\/IMG_4488.jpeg","width":1635,"height":954},{"@type":"BreadcrumbList","@id":"https:\/\/kokpit.az\/?p=16511#breadcrumb","itemListElement":[{"@type":"ListItem","position":1,"name":"Home","item":"https:\/\/kokpit.az\/"},{"@type":"ListItem","position":2,"name":"Markes Zaksenrinqd\u0259 h\u0259ft\u0259sonuna s\u00fcr\u0259tli ba\u015flay\u0131b"}]},{"@type":"WebSite","@id":"https:\/\/kokpit.az\/#website","url":"https:\/\/kokpit.az\/","name":"X\u0259b\u0259ri Kokpitd\u0259 Oxuyun!","description":"","publisher":{"@id":"https:\/\/kokpit.az\/#organization"},"potentialAction":[{"@type":"SearchAction","target":{"@type":"EntryPoint","urlTemplate":"https:\/\/kokpit.az\/?s={search_term_string}"},"query-input":{"@type":"PropertyValueSpecification","valueRequired":true,"valueName":"search_term_string"}}],"inLanguage":"az"},{"@type":"Organization","@id":"https:\/\/kokpit.az\/#organization","name":"X\u0259b\u0259ri Kokpitd\u0259 Oxuyun!","url":"https:\/\/kokpit.az\/","logo":{"@type":"ImageObject","inLanguage":"az","@id":"https:\/\/kokpit.az\/#\/schema\/logo\/image\/","url":"https:\/\/kokpit.az\/wp-content\/uploads\/2023\/05\/kokpit.jpg","contentUrl":"https:\/\/kokpit.az\/wp-content\/uploads\/2023\/05\/kokpit.jpg","width":488,"height":245,"caption":"X\u0259b\u0259ri Kokpitd\u0259 Oxuyun!"},"image":{"@id":"https:\/\/kokpit.az\/#\/schema\/logo\/image\/"},"sameAs":["https:\/\/www.facebook.com\/profile.php?id=61553756392357"]},{"@type":"Person","@id":"https:\/\/kokpit.az\/#\/schema\/person\/f4114e650bc2993d0650e4fb6933c581","name":"Rauf Hac\u0131yev","image":{"@type":"ImageObject","inLanguage":"az","@id":"https:\/\/secure.gravatar.com\/avatar\/394a2085c47c7acdcf41f7d270b7cbb52513d6f4f24c1cb6dfbbd61f98c0503d?s=96&d=mm&r=g","url":"https:\/\/secure.gravatar.com\/avatar\/394a2085c47c7acdcf41f7d270b7cbb52513d6f4f24c1cb6dfbbd61f98c0503d?s=96&d=mm&r=g","contentUrl":"https:\/\/secure.gravatar.com\/avatar\/394a2085c47c7acdcf41f7d270b7cbb52513d6f4f24c1cb6dfbbd61f98c0503d?s=96&d=mm&r=g","caption":"Rauf Hac\u0131yev"},"sameAs":["https:\/\/kokpit.az"],"url":"https:\/\/kokpit.az\/?author=2"}]}},"_links":{"self":[{"href":"https:\/\/kokpit.az\/index.php?rest_route=\/wp\/v2\/posts\/16511","targetHints":{"allow":["GET"]}}],"collection":[{"href":"https:\/\/kokpit.az\/index.php?rest_route=\/wp\/v2\/posts"}],"about":[{"href":"https:\/\/kokpit.az\/index.php?rest_route=\/wp\/v2\/types\/post"}],"author":[{"embeddable":true,"href":"https:\/\/kokpit.az\/index.php?rest_route=\/wp\/v2\/users\/2"}],"replies":[{"embeddable":true,"href":"https:\/\/kokpit.az\/index.php?rest_route=%2Fwp%2Fv2%2Fcomments&post=16511"}],"version-history":[{"count":1,"href":"https:\/\/kokpit.az\/index.php?rest_route=\/wp\/v2\/posts\/16511\/revisions"}],"predecessor-version":[{"id":16512,"href":"https:\/\/kokpit.az\/index.php?rest_route=\/wp\/v2\/posts\/16511\/revisions\/16512"}],"wp:featuredmedia":[{"embeddable":true,"href":"https:\/\/kokpit.az\/index.php?rest_route=\/wp\/v2\/media\/16513"}],"wp:attachment":[{"href":"https:\/\/kokpit.az\/index.php?rest_route=%2Fwp%2Fv2%2Fmedia&parent=16511"}],"wp:term":[{"taxonomy":"category","embeddable":true,"href":"https:\/\/kokpit.az\/index.php?rest_route=%2Fwp%2Fv2%2Fcategories&post=16511"},{"taxonomy":"post_tag","embeddable":true,"href":"https:\/\/kokpit.az\/index.php?rest_route=%2Fwp%2Fv2%2Ftags&post=16511"}],"curies":[{"name":"wp","href":"https:\/\/api.w.org\/{rel}","templated":true}]}}