{"id":16428,"date":"2025-07-09T14:10:29","date_gmt":"2025-07-09T10:10:29","guid":{"rendered":"https:\/\/kokpit.az\/?p=16428"},"modified":"2025-07-09T14:47:24","modified_gmt":"2025-07-09T10:47:24","slug":"resmi-horner-red-bull-dan-ayrilib","status":"publish","type":"post","link":"https:\/\/kokpit.az\/?p=16428","title":{"rendered":"R\u0259smi: Horner Red Bull-dan ayr\u0131l\u0131b"},"content":{"rendered":"<p>Red Bull Formula 1 komandas\u0131nda ciddi r\u0259hb\u0259rlik d\u0259yi\u015fikliyi ba\u015f verib. Komandaya 20 ild\u0259n art\u0131qd\u0131r r\u0259hb\u0259rlik ed\u0259n Kristian Horner il\u0259 yollar ayr\u0131l\u0131b. Bu q\u0259rar d\u0259rhal q\u00fcvv\u0259y\u0259 minib v\u0259 Formula 1 d\u00fcnyas\u0131nda geni\u015f rezonans do\u011furub.<\/p>\n<p>Kristian Horner Red Bull-un quruldu\u011fu g\u00fcnd\u0259n \u2013 2005-ci ild\u0259n etibar\u0259n komandan\u0131n r\u0259hb\u0259ri idi. Onun r\u0259hb\u0259rliyi d\u00f6vr\u00fcnd\u0259 komanda bir ne\u00e7\u0259 d\u00fcnya \u00e7empionlu\u011fu qazansa da, son bir ild\u0259 komandan\u0131n z\u0259ifl\u0259m\u0131si bu ayr\u0131l\u0131\u011f\u0131n \u0259sas s\u0259b\u0259bi kimi g\u00f6st\u0259rilir.<\/p>\n<p>Haz\u0131rda Red Bull M\u00fch\u0259ndisl\u0259r Kubokunda d\u00f6rd\u00fcnc\u00fc yerd\u0259 q\u0259rarla\u015f\u0131b. Komandan\u0131n \u0259sas pilotu Maks Ferstappen bu m\u00f6vs\u00fcm iki yar\u0131\u015fda q\u0259l\u0259b\u0259 qazansa da, Red Bull-un \u00fcst\u00fcnl\u00fcy\u00fc art\u0131q \u0259vv\u0259lki kimi deyil. Ke\u00e7\u0259n ilin may ay\u0131ndan etibar\u0259n McLaren-in performans bax\u0131m\u0131ndan Red Bull-a \u00e7atmas\u0131 il\u0259 v\u0259ziyy\u0259t d\u0259yi\u015fib.<\/p>\n<p>Bundan \u0259lav\u0259, komandan\u0131n \u0259sas texniki simalar\u0131 \u2013 Texniki Direktor \u018fdrian Nyui v\u0259 \u0130dman Direktoru Conatan Vitli d\u0259 yax\u0131n aylarda komandadan ayr\u0131l\u0131blar. Bu ayr\u0131l\u0131qlar komandan\u0131n stabil strukturunu sars\u0131d\u0131b.<\/p>\n<p>Maks Ferstappenin Red Bull il\u0259 2028-ci il\u0259 q\u0259d\u0259r m\u00fcqavil\u0259si olsa da, m\u00fcqavil\u0259d\u0259 yer alan l\u0259\u011fvetm\u0259 madd\u0259l\u0259ri bu yay aktivl\u0259\u015f\u0259 bil\u0259r. X\u00fcsusil\u0259 Mercedes-in Ferstappen il\u0259 maraqland\u0131\u011f\u0131na dair iddialar da g\u00fcnd\u0259md\u0259 qalmaqdad\u0131r.<\/p>\n<p><img loading=\"lazy\" decoding=\"async\" class=\"aligncenter wp-image-16431 size-large\" src=\"https:\/\/kokpit.az\/wp-content\/uploads\/2025\/07\/IMG_4425-1024x683.webp\" alt=\"\" width=\"770\" height=\"514\" srcset=\"https:\/\/kokpit.az\/wp-content\/uploads\/2025\/07\/IMG_4425-1024x683.webp 1024w, https:\/\/kokpit.az\/wp-content\/uploads\/2025\/07\/IMG_4425-300x200.webp 300w, https:\/\/kokpit.az\/wp-content\/uploads\/2025\/07\/IMG_4425-768x512.webp 768w, https:\/\/kokpit.az\/wp-content\/uploads\/2025\/07\/IMG_4425-1536x1024.webp 1536w, https:\/\/kokpit.az\/wp-content\/uploads\/2025\/07\/IMG_4425-270x180.webp 270w, https:\/\/kokpit.az\/wp-content\/uploads\/2025\/07\/IMG_4425-370x247.webp 370w, https:\/\/kokpit.az\/wp-content\/uploads\/2025\/07\/IMG_4425-570x380.webp 570w, https:\/\/kokpit.az\/wp-content\/uploads\/2025\/07\/IMG_4425-740x493.webp 740w, https:\/\/kokpit.az\/wp-content\/uploads\/2025\/07\/IMG_4425.webp 1920w\" sizes=\"auto, (max-width: 770px) 100vw, 770px\" \/><\/p>\n<p><strong>Red Bull-un yeni komanda r\u0259hb\u0259ri is\u0259 Racing Bulls-un ke\u00e7mi\u015f r\u0259hb\u0259ri Loren Mekis olub.<\/strong> Mekisin Racing Bulls-dak\u0131 yerini is\u0259 bu komandada yar\u0131\u015f direktoru v\u0259zif\u0259sini da\u015f\u0131yan Alan Permeyn tutub.<\/p>\n<p><strong>Loren Mekis<\/strong> Red Bull-a t\u0259yinat\u0131 bar\u0259d\u0259 bunlar\u0131 deyib: \u201cSon bir il yar\u0131mda Piter Bayer il\u0259 birlikd\u0259 Racing Bulls komandas\u0131n\u0131 idar\u0259 etm\u0259k b\u00f6y\u00fck \u015f\u0259r\u0259f idi. Komandan\u0131n qurulmas\u0131na t\u00f6hf\u0259 verm\u0259k h\u0259r birimiz \u00fc\u00e7\u00fcn b\u00f6y\u00fck bir mac\u0259ra oldu. D\u00fc\u015f\u00fcn\u00fcr\u0259m ki, bu h\u0259l\u0259 ba\u015flan\u011f\u0131cd\u0131r. Alan komandaya r\u0259hb\u0259rlik etm\u0259k \u00fc\u00e7\u00fcn ideal namiz\u0259ddir. O, komandam\u0131z\u0131 b\u00fct\u00fcn detallar\u0131 il\u0259 tan\u0131y\u0131r v\u0259 ilk u\u011furlar\u0131m\u0131zda \u0259sas rola sahib idi\u201d.<\/p>\n","protected":false},"excerpt":{"rendered":"<p>Red Bull komanda r\u0259hb\u0259ri Kristian Horner il\u0259 yollar\u0131n\u0131 ay\u0131r\u0131b. Onun yerin\u0259 Laurent Mekies g\u0259tirilib.<\/p>\n","protected":false},"author":2,"featured_media":16430,"comment_status":"open","ping_status":"open","sticky":false,"template":"","format":"standard","meta":{"footnotes":""},"categories":[4,2],"tags":[54,375,51],"class_list":["post-16428","post","type-post","status-publish","format-standard","has-post-thumbnail","hentry","category-manshet","category-news","tag-christian-horner","tag-laurent-mekies","tag-red-bull-racing"],"yoast_head":"<!-- This site is optimized with the Yoast SEO plugin v27.5 - https:\/\/yoast.com\/product\/yoast-seo-wordpress\/ -->\n<title>R\u0259smi: Horner Red Bull-dan ayr\u0131l\u0131b - X\u0259b\u0259ri Kokpitd\u0259 Oxuyun!<\/title>\n<meta name=\"robots\" content=\"index, follow, max-snippet:-1, max-image-preview:large, max-video-preview:-1\" \/>\n<link rel=\"canonical\" href=\"https:\/\/kokpit.az\/?p=16428\" \/>\n<meta property=\"og:locale\" content=\"az_AZ\" \/>\n<meta property=\"og:type\" content=\"article\" \/>\n<meta property=\"og:title\" content=\"R\u0259smi: Horner Red Bull-dan ayr\u0131l\u0131b - X\u0259b\u0259ri Kokpitd\u0259 Oxuyun!\" \/>\n<meta property=\"og:description\" content=\"Red Bull komanda r\u0259hb\u0259ri Kristian Horner il\u0259 yollar\u0131n\u0131 ay\u0131r\u0131b. Onun yerin\u0259 Laurent Mekies g\u0259tirilib.\" \/>\n<meta property=\"og:url\" content=\"https:\/\/kokpit.az\/?p=16428\" \/>\n<meta property=\"og:site_name\" content=\"X\u0259b\u0259ri Kokpitd\u0259 Oxuyun!\" \/>\n<meta property=\"article:publisher\" content=\"https:\/\/www.facebook.com\/profile.php?id=61553756392357\" \/>\n<meta property=\"article:published_time\" content=\"2025-07-09T10:10:29+00:00\" \/>\n<meta property=\"article:modified_time\" content=\"2025-07-09T10:47:24+00:00\" \/>\n<meta property=\"og:image\" content=\"https:\/\/kokpit.az\/wp-content\/uploads\/2025\/07\/IMG_4424.jpeg\" \/>\n\t<meta property=\"og:image:width\" content=\"1600\" \/>\n\t<meta property=\"og:image:height\" content=\"900\" \/>\n\t<meta property=\"og:image:type\" content=\"image\/jpeg\" \/>\n<meta name=\"author\" content=\"Rauf Hac\u0131yev\" \/>\n<meta name=\"twitter:card\" content=\"summary_large_image\" \/>\n<meta name=\"twitter:label1\" content=\"Written by\" \/>\n\t<meta name=\"twitter:data1\" content=\"Rauf Hac\u0131yev\" \/>\n\t<meta name=\"twitter:label2\" content=\"Est. reading time\" \/>\n\t<meta name=\"twitter:data2\" content=\"2 minutes\" \/>\n<script type=\"application\/ld+json\" class=\"yoast-schema-graph\">{\"@context\":\"https:\\\/\\\/schema.org\",\"@graph\":[{\"@type\":\"Article\",\"@id\":\"https:\\\/\\\/kokpit.az\\\/?p=16428#article\",\"isPartOf\":{\"@id\":\"https:\\\/\\\/kokpit.az\\\/?p=16428\"},\"author\":{\"name\":\"Rauf Hac\u0131yev\",\"@id\":\"https:\\\/\\\/kokpit.az\\\/#\\\/schema\\\/person\\\/f4114e650bc2993d0650e4fb6933c581\"},\"headline\":\"R\u0259smi: Horner Red Bull-dan ayr\u0131l\u0131b\",\"datePublished\":\"2025-07-09T10:10:29+00:00\",\"dateModified\":\"2025-07-09T10:47:24+00:00\",\"mainEntityOfPage\":{\"@id\":\"https:\\\/\\\/kokpit.az\\\/?p=16428\"},\"wordCount\":393,\"commentCount\":0,\"publisher\":{\"@id\":\"https:\\\/\\\/kokpit.az\\\/#organization\"},\"image\":{\"@id\":\"https:\\\/\\\/kokpit.az\\\/?p=16428#primaryimage\"},\"thumbnailUrl\":\"https:\\\/\\\/kokpit.az\\\/wp-content\\\/uploads\\\/2025\\\/07\\\/IMG_4424.jpeg\",\"keywords\":[\"Christian Horner\",\"Laurent Mekies\",\"Red Bull Racing\"],\"articleSection\":[\"Man\u015fet\",\"X\u0259b\u0259rl\u0259r\"],\"inLanguage\":\"az\",\"potentialAction\":[{\"@type\":\"CommentAction\",\"name\":\"Comment\",\"target\":[\"https:\\\/\\\/kokpit.az\\\/?p=16428#respond\"]}]},{\"@type\":\"WebPage\",\"@id\":\"https:\\\/\\\/kokpit.az\\\/?p=16428\",\"url\":\"https:\\\/\\\/kokpit.az\\\/?p=16428\",\"name\":\"R\u0259smi: Horner Red Bull-dan ayr\u0131l\u0131b - X\u0259b\u0259ri Kokpitd\u0259 Oxuyun!\",\"isPartOf\":{\"@id\":\"https:\\\/\\\/kokpit.az\\\/#website\"},\"primaryImageOfPage\":{\"@id\":\"https:\\\/\\\/kokpit.az\\\/?p=16428#primaryimage\"},\"image\":{\"@id\":\"https:\\\/\\\/kokpit.az\\\/?p=16428#primaryimage\"},\"thumbnailUrl\":\"https:\\\/\\\/kokpit.az\\\/wp-content\\\/uploads\\\/2025\\\/07\\\/IMG_4424.jpeg\",\"datePublished\":\"2025-07-09T10:10:29+00:00\",\"dateModified\":\"2025-07-09T10:47:24+00:00\",\"breadcrumb\":{\"@id\":\"https:\\\/\\\/kokpit.az\\\/?p=16428#breadcrumb\"},\"inLanguage\":\"az\",\"potentialAction\":[{\"@type\":\"ReadAction\",\"target\":[\"https:\\\/\\\/kokpit.az\\\/?p=16428\"]}]},{\"@type\":\"ImageObject\",\"inLanguage\":\"az\",\"@id\":\"https:\\\/\\\/kokpit.az\\\/?p=16428#primaryimage\",\"url\":\"https:\\\/\\\/kokpit.az\\\/wp-content\\\/uploads\\\/2025\\\/07\\\/IMG_4424.jpeg\",\"contentUrl\":\"https:\\\/\\\/kokpit.az\\\/wp-content\\\/uploads\\\/2025\\\/07\\\/IMG_4424.jpeg\",\"width\":1600,\"height\":900},{\"@type\":\"BreadcrumbList\",\"@id\":\"https:\\\/\\\/kokpit.az\\\/?p=16428#breadcrumb\",\"itemListElement\":[{\"@type\":\"ListItem\",\"position\":1,\"name\":\"Home\",\"item\":\"https:\\\/\\\/kokpit.az\\\/\"},{\"@type\":\"ListItem\",\"position\":2,\"name\":\"R\u0259smi: Horner Red Bull-dan ayr\u0131l\u0131b\"}]},{\"@type\":\"WebSite\",\"@id\":\"https:\\\/\\\/kokpit.az\\\/#website\",\"url\":\"https:\\\/\\\/kokpit.az\\\/\",\"name\":\"X\u0259b\u0259ri Kokpitd\u0259 Oxuyun!\",\"description\":\"\",\"publisher\":{\"@id\":\"https:\\\/\\\/kokpit.az\\\/#organization\"},\"potentialAction\":[{\"@type\":\"SearchAction\",\"target\":{\"@type\":\"EntryPoint\",\"urlTemplate\":\"https:\\\/\\\/kokpit.az\\\/?s={search_term_string}\"},\"query-input\":{\"@type\":\"PropertyValueSpecification\",\"valueRequired\":true,\"valueName\":\"search_term_string\"}}],\"inLanguage\":\"az\"},{\"@type\":\"Organization\",\"@id\":\"https:\\\/\\\/kokpit.az\\\/#organization\",\"name\":\"X\u0259b\u0259ri Kokpitd\u0259 Oxuyun!\",\"url\":\"https:\\\/\\\/kokpit.az\\\/\",\"logo\":{\"@type\":\"ImageObject\",\"inLanguage\":\"az\",\"@id\":\"https:\\\/\\\/kokpit.az\\\/#\\\/schema\\\/logo\\\/image\\\/\",\"url\":\"https:\\\/\\\/kokpit.az\\\/wp-content\\\/uploads\\\/2023\\\/05\\\/kokpit.jpg\",\"contentUrl\":\"https:\\\/\\\/kokpit.az\\\/wp-content\\\/uploads\\\/2023\\\/05\\\/kokpit.jpg\",\"width\":488,\"height\":245,\"caption\":\"X\u0259b\u0259ri Kokpitd\u0259 Oxuyun!\"},\"image\":{\"@id\":\"https:\\\/\\\/kokpit.az\\\/#\\\/schema\\\/logo\\\/image\\\/\"},\"sameAs\":[\"https:\\\/\\\/www.facebook.com\\\/profile.php?id=61553756392357\"]},{\"@type\":\"Person\",\"@id\":\"https:\\\/\\\/kokpit.az\\\/#\\\/schema\\\/person\\\/f4114e650bc2993d0650e4fb6933c581\",\"name\":\"Rauf Hac\u0131yev\",\"image\":{\"@type\":\"ImageObject\",\"inLanguage\":\"az\",\"@id\":\"https:\\\/\\\/secure.gravatar.com\\\/avatar\\\/394a2085c47c7acdcf41f7d270b7cbb52513d6f4f24c1cb6dfbbd61f98c0503d?s=96&d=mm&r=g\",\"url\":\"https:\\\/\\\/secure.gravatar.com\\\/avatar\\\/394a2085c47c7acdcf41f7d270b7cbb52513d6f4f24c1cb6dfbbd61f98c0503d?s=96&d=mm&r=g\",\"contentUrl\":\"https:\\\/\\\/secure.gravatar.com\\\/avatar\\\/394a2085c47c7acdcf41f7d270b7cbb52513d6f4f24c1cb6dfbbd61f98c0503d?s=96&d=mm&r=g\",\"caption\":\"Rauf Hac\u0131yev\"},\"sameAs\":[\"https:\\\/\\\/kokpit.az\"],\"url\":\"https:\\\/\\\/kokpit.az\\\/?author=2\"}]}<\/script>\n<!-- \/ Yoast SEO plugin. -->","yoast_head_json":{"title":"R\u0259smi: Horner Red Bull-dan ayr\u0131l\u0131b - X\u0259b\u0259ri Kokpitd\u0259 Oxuyun!","robots":{"index":"index","follow":"follow","max-snippet":"max-snippet:-1","max-image-preview":"max-image-preview:large","max-video-preview":"max-video-preview:-1"},"canonical":"https:\/\/kokpit.az\/?p=16428","og_locale":"az_AZ","og_type":"article","og_title":"R\u0259smi: Horner Red Bull-dan ayr\u0131l\u0131b - X\u0259b\u0259ri Kokpitd\u0259 Oxuyun!","og_description":"Red Bull komanda r\u0259hb\u0259ri Kristian Horner il\u0259 yollar\u0131n\u0131 ay\u0131r\u0131b. Onun yerin\u0259 Laurent Mekies g\u0259tirilib.","og_url":"https:\/\/kokpit.az\/?p=16428","og_site_name":"X\u0259b\u0259ri Kokpitd\u0259 Oxuyun!","article_publisher":"https:\/\/www.facebook.com\/profile.php?id=61553756392357","article_published_time":"2025-07-09T10:10:29+00:00","article_modified_time":"2025-07-09T10:47:24+00:00","og_image":[{"width":1600,"height":900,"url":"https:\/\/kokpit.az\/wp-content\/uploads\/2025\/07\/IMG_4424.jpeg","type":"image\/jpeg"}],"author":"Rauf Hac\u0131yev","twitter_card":"summary_large_image","twitter_misc":{"Written by":"Rauf Hac\u0131yev","Est. reading time":"2 minutes"},"schema":{"@context":"https:\/\/schema.org","@graph":[{"@type":"Article","@id":"https:\/\/kokpit.az\/?p=16428#article","isPartOf":{"@id":"https:\/\/kokpit.az\/?p=16428"},"author":{"name":"Rauf Hac\u0131yev","@id":"https:\/\/kokpit.az\/#\/schema\/person\/f4114e650bc2993d0650e4fb6933c581"},"headline":"R\u0259smi: Horner Red Bull-dan ayr\u0131l\u0131b","datePublished":"2025-07-09T10:10:29+00:00","dateModified":"2025-07-09T10:47:24+00:00","mainEntityOfPage":{"@id":"https:\/\/kokpit.az\/?p=16428"},"wordCount":393,"commentCount":0,"publisher":{"@id":"https:\/\/kokpit.az\/#organization"},"image":{"@id":"https:\/\/kokpit.az\/?p=16428#primaryimage"},"thumbnailUrl":"https:\/\/kokpit.az\/wp-content\/uploads\/2025\/07\/IMG_4424.jpeg","keywords":["Christian Horner","Laurent Mekies","Red Bull Racing"],"articleSection":["Man\u015fet","X\u0259b\u0259rl\u0259r"],"inLanguage":"az","potentialAction":[{"@type":"CommentAction","name":"Comment","target":["https:\/\/kokpit.az\/?p=16428#respond"]}]},{"@type":"WebPage","@id":"https:\/\/kokpit.az\/?p=16428","url":"https:\/\/kokpit.az\/?p=16428","name":"R\u0259smi: Horner Red Bull-dan ayr\u0131l\u0131b - X\u0259b\u0259ri Kokpitd\u0259 Oxuyun!","isPartOf":{"@id":"https:\/\/kokpit.az\/#website"},"primaryImageOfPage":{"@id":"https:\/\/kokpit.az\/?p=16428#primaryimage"},"image":{"@id":"https:\/\/kokpit.az\/?p=16428#primaryimage"},"thumbnailUrl":"https:\/\/kokpit.az\/wp-content\/uploads\/2025\/07\/IMG_4424.jpeg","datePublished":"2025-07-09T10:10:29+00:00","dateModified":"2025-07-09T10:47:24+00:00","breadcrumb":{"@id":"https:\/\/kokpit.az\/?p=16428#breadcrumb"},"inLanguage":"az","potentialAction":[{"@type":"ReadAction","target":["https:\/\/kokpit.az\/?p=16428"]}]},{"@type":"ImageObject","inLanguage":"az","@id":"https:\/\/kokpit.az\/?p=16428#primaryimage","url":"https:\/\/kokpit.az\/wp-content\/uploads\/2025\/07\/IMG_4424.jpeg","contentUrl":"https:\/\/kokpit.az\/wp-content\/uploads\/2025\/07\/IMG_4424.jpeg","width":1600,"height":900},{"@type":"BreadcrumbList","@id":"https:\/\/kokpit.az\/?p=16428#breadcrumb","itemListElement":[{"@type":"ListItem","position":1,"name":"Home","item":"https:\/\/kokpit.az\/"},{"@type":"ListItem","position":2,"name":"R\u0259smi: Horner Red Bull-dan ayr\u0131l\u0131b"}]},{"@type":"WebSite","@id":"https:\/\/kokpit.az\/#website","url":"https:\/\/kokpit.az\/","name":"X\u0259b\u0259ri Kokpitd\u0259 Oxuyun!","description":"","publisher":{"@id":"https:\/\/kokpit.az\/#organization"},"potentialAction":[{"@type":"SearchAction","target":{"@type":"EntryPoint","urlTemplate":"https:\/\/kokpit.az\/?s={search_term_string}"},"query-input":{"@type":"PropertyValueSpecification","valueRequired":true,"valueName":"search_term_string"}}],"inLanguage":"az"},{"@type":"Organization","@id":"https:\/\/kokpit.az\/#organization","name":"X\u0259b\u0259ri Kokpitd\u0259 Oxuyun!","url":"https:\/\/kokpit.az\/","logo":{"@type":"ImageObject","inLanguage":"az","@id":"https:\/\/kokpit.az\/#\/schema\/logo\/image\/","url":"https:\/\/kokpit.az\/wp-content\/uploads\/2023\/05\/kokpit.jpg","contentUrl":"https:\/\/kokpit.az\/wp-content\/uploads\/2023\/05\/kokpit.jpg","width":488,"height":245,"caption":"X\u0259b\u0259ri Kokpitd\u0259 Oxuyun!"},"image":{"@id":"https:\/\/kokpit.az\/#\/schema\/logo\/image\/"},"sameAs":["https:\/\/www.facebook.com\/profile.php?id=61553756392357"]},{"@type":"Person","@id":"https:\/\/kokpit.az\/#\/schema\/person\/f4114e650bc2993d0650e4fb6933c581","name":"Rauf Hac\u0131yev","image":{"@type":"ImageObject","inLanguage":"az","@id":"https:\/\/secure.gravatar.com\/avatar\/394a2085c47c7acdcf41f7d270b7cbb52513d6f4f24c1cb6dfbbd61f98c0503d?s=96&d=mm&r=g","url":"https:\/\/secure.gravatar.com\/avatar\/394a2085c47c7acdcf41f7d270b7cbb52513d6f4f24c1cb6dfbbd61f98c0503d?s=96&d=mm&r=g","contentUrl":"https:\/\/secure.gravatar.com\/avatar\/394a2085c47c7acdcf41f7d270b7cbb52513d6f4f24c1cb6dfbbd61f98c0503d?s=96&d=mm&r=g","caption":"Rauf Hac\u0131yev"},"sameAs":["https:\/\/kokpit.az"],"url":"https:\/\/kokpit.az\/?author=2"}]}},"_links":{"self":[{"href":"https:\/\/kokpit.az\/index.php?rest_route=\/wp\/v2\/posts\/16428","targetHints":{"allow":["GET"]}}],"collection":[{"href":"https:\/\/kokpit.az\/index.php?rest_route=\/wp\/v2\/posts"}],"about":[{"href":"https:\/\/kokpit.az\/index.php?rest_route=\/wp\/v2\/types\/post"}],"author":[{"embeddable":true,"href":"https:\/\/kokpit.az\/index.php?rest_route=\/wp\/v2\/users\/2"}],"replies":[{"embeddable":true,"href":"https:\/\/kokpit.az\/index.php?rest_route=%2Fwp%2Fv2%2Fcomments&post=16428"}],"version-history":[{"count":3,"href":"https:\/\/kokpit.az\/index.php?rest_route=\/wp\/v2\/posts\/16428\/revisions"}],"predecessor-version":[{"id":16433,"href":"https:\/\/kokpit.az\/index.php?rest_route=\/wp\/v2\/posts\/16428\/revisions\/16433"}],"wp:featuredmedia":[{"embeddable":true,"href":"https:\/\/kokpit.az\/index.php?rest_route=\/wp\/v2\/media\/16430"}],"wp:attachment":[{"href":"https:\/\/kokpit.az\/index.php?rest_route=%2Fwp%2Fv2%2Fmedia&parent=16428"}],"wp:term":[{"taxonomy":"category","embeddable":true,"href":"https:\/\/kokpit.az\/index.php?rest_route=%2Fwp%2Fv2%2Fcategories&post=16428"},{"taxonomy":"post_tag","embeddable":true,"href":"https:\/\/kokpit.az\/index.php?rest_route=%2Fwp%2Fv2%2Ftags&post=16428"}],"curies":[{"name":"wp","href":"https:\/\/api.w.org\/{rel}","templated":true}]}}