{"id":16426,"date":"2025-07-09T13:25:36","date_gmt":"2025-07-09T09:25:36","guid":{"rendered":"https:\/\/kokpit.az\/?p=16426"},"modified":"2025-07-09T14:26:04","modified_gmt":"2025-07-09T10:26:04","slug":"mercedes-102-milyondan-kecmeye-hazirdir","status":"publish","type":"post","link":"https:\/\/kokpit.az\/?p=16426","title":{"rendered":"Mercedes 102 milyondan ke\u00e7m\u0259y\u0259 haz\u0131rd\u0131r"},"content":{"rendered":"<p>\u0130taliyan\u0131n n\u00fcfuzlu idman n\u0259\u015frl\u0259rind\u0259n biri olan La Gazzetta dello Sport-un m\u0259lumat\u0131na g\u00f6r\u0259, Mercedes Benz \u015firk\u0259tinin ba\u015f direktoru Ola Kallenyus, komandan\u0131n Ferstappen \u00fc\u00e7\u00fcn r\u0259smi t\u0259klif verm\u0259sin\u0259 ya\u015f\u0131l i\u015f\u0131q yand\u0131r\u0131b.<\/p>\n<h3><strong>102 milyon avroluq l\u0259\u011fvetm\u0259 madd\u0259si g\u00fcnd\u0259md\u0259dir<\/strong><\/h3>\n<p>Veril\u0259n x\u0259b\u0259r\u0259 g\u00f6r\u0259, Mercedes Ferstappenin Red Bull il\u0259 olan m\u00fcqavil\u0259sini (2028-ci il\u0259 q\u0259d\u0259r q\u00fcvv\u0259d\u0259dir) pozmaq \u00fc\u00e7\u00fcn onun m\u00fcqavil\u0259sind\u0259ki l\u0259\u011fvetm\u0259 madd\u0259sini aktivl\u0259\u015fdirm\u0259y\u0259 haz\u0131rd\u0131r. H\u0259min madd\u0259nin t\u0259xmini d\u0259y\u0259ri 102 milyon avro kimi qiym\u0259tl\u0259ndirilir.<\/p>\n<h3>Red Bull-un z\u0259ifl\u0259m\u0259si q\u0259rara t\u0259sir ed\u0259 bil\u0259r<\/h3>\n<p>Red Bull komandas\u0131n\u0131n son d\u00f6vrl\u0259rd\u0259 z\u0259ifl\u0259m\u0259si v\u0259 Ferstappenin naraz\u0131l\u0131\u011f\u0131n\u0131n artmas\u0131, onun Avstriya komandas\u0131 il\u0259 yollar\u0131n\u0131 ay\u0131rmas\u0131na \u015f\u0259rait yarad\u0131r. Mercedes komandas\u0131 is\u0259 d\u00f6rdqat D\u00fcnya \u00c7empionuna olan mara\u011f\u0131n\u0131 daha da art\u0131r\u0131r.<\/p>\n<h3>2026-c\u0131 il motor reqlamenti v\u0259 Mercedes-in \u00fcst\u00fcnl\u00fcy\u00fc<\/h3>\n<p>2026-c\u0131 ild\u0259 q\u00fcvv\u0259y\u0259 min\u0259c\u0259k yeni g\u00fcc qur\u011fusu reqlamenti \u00e7\u0259r\u00e7iv\u0259sind\u0259 Mercedes-in yenid\u0259n \u0259n g\u00fccl\u00fc m\u00fch\u0259rrik istehsal\u00e7\u0131s\u0131 olaca\u011f\u0131 g\u00f6zl\u0259nilir. Bu da Ferstappenin q\u0259rar\u0131na t\u0259sir ed\u0259 bil\u0259c\u0259k \u0259sas amill\u0259rd\u0259n biri kimi qeyd olunur.<\/p>\n<h3>Russell v\u0259 Antonelli-nin m\u00fcqavil\u0259 v\u0259ziyy\u0259ti<\/h3>\n<p>Hal-haz\u0131rda Mercedes-d\u0259 Corc Rassell v\u0259 Kimi Antonellinin 2025-ci ilin sonuna q\u0259d\u0259r m\u00fcqavil\u0259l\u0259ri var. Bu da komandan\u0131n 2026-c\u0131 ild\u0259 Ferstappen \u00fc\u00e7\u00fcn bo\u015f yer a\u00e7mas\u0131nda ciddi bir mane\u0259 olmad\u0131\u011f\u0131n\u0131 g\u00f6st\u0259rir.<\/p>\n<h3>N\u0259tic\u0259: Transfer realla\u015fa bil\u0259rmi?<\/h3>\n<p>Bu transfer x\u0259b\u0259rl\u0259ri h\u0259l\u0259 ki r\u0259smi t\u0259sdiqini tapmasa da, F1 d\u00fcnyas\u0131nda b\u00f6y\u00fck \u0259ks-s\u0259da do\u011furub. \u018fg\u0259r proses inki\u015faf ets\u0259, bu, son ill\u0259rin \u0259n diqq\u0259t\u00e7\u0259k\u0259n transferl\u0259rind\u0259n biri ola bil\u0259r.<\/p>\n","protected":false},"excerpt":{"rendered":"<p>Formula 1 d\u00fcnyas\u0131nda Maks Ferstappenin Mercedes-\u0259 ke\u00e7idi il\u0259 ba\u011fl\u0131 iddialar getdikc\u0259 ciddil\u0259\u015fir.<\/p>\n","protected":false},"author":2,"featured_media":5956,"comment_status":"open","ping_status":"open","sticky":false,"template":"","format":"standard","meta":{"footnotes":""},"categories":[2],"tags":[56,52,51,1267],"class_list":["post-16426","post","type-post","status-publish","format-standard","has-post-thumbnail","hentry","category-news","tag-max-verstappen","tag-mercedes-amg-petronas-f1-team","tag-red-bull-racing","tag-verstappen-mercedes"],"yoast_head":"<!-- This site is optimized with the Yoast SEO plugin v27.5 - https:\/\/yoast.com\/product\/yoast-seo-wordpress\/ -->\n<title>Mercedes 102 milyondan ke\u00e7m\u0259y\u0259 haz\u0131rd\u0131r - X\u0259b\u0259ri Kokpitd\u0259 Oxuyun!<\/title>\n<meta name=\"robots\" content=\"index, follow, max-snippet:-1, max-image-preview:large, max-video-preview:-1\" \/>\n<link rel=\"canonical\" href=\"https:\/\/kokpit.az\/?p=16426\" \/>\n<meta property=\"og:locale\" content=\"az_AZ\" \/>\n<meta property=\"og:type\" content=\"article\" \/>\n<meta property=\"og:title\" content=\"Mercedes 102 milyondan ke\u00e7m\u0259y\u0259 haz\u0131rd\u0131r - X\u0259b\u0259ri Kokpitd\u0259 Oxuyun!\" \/>\n<meta property=\"og:description\" content=\"Formula 1 d\u00fcnyas\u0131nda Maks Ferstappenin Mercedes-\u0259 ke\u00e7idi il\u0259 ba\u011fl\u0131 iddialar getdikc\u0259 ciddil\u0259\u015fir.\" \/>\n<meta property=\"og:url\" content=\"https:\/\/kokpit.az\/?p=16426\" \/>\n<meta property=\"og:site_name\" content=\"X\u0259b\u0259ri Kokpitd\u0259 Oxuyun!\" \/>\n<meta property=\"article:publisher\" content=\"https:\/\/www.facebook.com\/profile.php?id=61553756392357\" \/>\n<meta property=\"article:published_time\" content=\"2025-07-09T09:25:36+00:00\" \/>\n<meta property=\"article:modified_time\" content=\"2025-07-09T10:26:04+00:00\" \/>\n<meta property=\"og:image\" content=\"https:\/\/kokpit.az\/wp-content\/uploads\/2024\/06\/max-verstappen-george-russell-press-conference-canada-planetf1-e1717916739894.jpg\" \/>\n\t<meta property=\"og:image:width\" content=\"1200\" \/>\n\t<meta property=\"og:image:height\" content=\"630\" \/>\n\t<meta property=\"og:image:type\" content=\"image\/jpeg\" \/>\n<meta name=\"author\" content=\"Rauf Hac\u0131yev\" \/>\n<meta name=\"twitter:card\" content=\"summary_large_image\" \/>\n<meta name=\"twitter:label1\" content=\"Written by\" \/>\n\t<meta name=\"twitter:data1\" content=\"Rauf Hac\u0131yev\" \/>\n\t<meta name=\"twitter:label2\" content=\"Est. reading time\" \/>\n\t<meta name=\"twitter:data2\" content=\"2 minutes\" \/>\n<script type=\"application\/ld+json\" class=\"yoast-schema-graph\">{\"@context\":\"https:\\\/\\\/schema.org\",\"@graph\":[{\"@type\":\"Article\",\"@id\":\"https:\\\/\\\/kokpit.az\\\/?p=16426#article\",\"isPartOf\":{\"@id\":\"https:\\\/\\\/kokpit.az\\\/?p=16426\"},\"author\":{\"name\":\"Rauf Hac\u0131yev\",\"@id\":\"https:\\\/\\\/kokpit.az\\\/#\\\/schema\\\/person\\\/f4114e650bc2993d0650e4fb6933c581\"},\"headline\":\"Mercedes 102 milyondan ke\u00e7m\u0259y\u0259 haz\u0131rd\u0131r\",\"datePublished\":\"2025-07-09T09:25:36+00:00\",\"dateModified\":\"2025-07-09T10:26:04+00:00\",\"mainEntityOfPage\":{\"@id\":\"https:\\\/\\\/kokpit.az\\\/?p=16426\"},\"wordCount\":345,\"commentCount\":0,\"publisher\":{\"@id\":\"https:\\\/\\\/kokpit.az\\\/#organization\"},\"image\":{\"@id\":\"https:\\\/\\\/kokpit.az\\\/?p=16426#primaryimage\"},\"thumbnailUrl\":\"https:\\\/\\\/kokpit.az\\\/wp-content\\\/uploads\\\/2024\\\/06\\\/max-verstappen-george-russell-press-conference-canada-planetf1-e1717916739894.jpg\",\"keywords\":[\"Max Verstappen\",\"Mercedes AMG Petronas F1 Team\",\"Red Bull Racing\",\"Verstappen Mercedes\"],\"articleSection\":[\"X\u0259b\u0259rl\u0259r\"],\"inLanguage\":\"az\",\"potentialAction\":[{\"@type\":\"CommentAction\",\"name\":\"Comment\",\"target\":[\"https:\\\/\\\/kokpit.az\\\/?p=16426#respond\"]}]},{\"@type\":\"WebPage\",\"@id\":\"https:\\\/\\\/kokpit.az\\\/?p=16426\",\"url\":\"https:\\\/\\\/kokpit.az\\\/?p=16426\",\"name\":\"Mercedes 102 milyondan ke\u00e7m\u0259y\u0259 haz\u0131rd\u0131r - X\u0259b\u0259ri Kokpitd\u0259 Oxuyun!\",\"isPartOf\":{\"@id\":\"https:\\\/\\\/kokpit.az\\\/#website\"},\"primaryImageOfPage\":{\"@id\":\"https:\\\/\\\/kokpit.az\\\/?p=16426#primaryimage\"},\"image\":{\"@id\":\"https:\\\/\\\/kokpit.az\\\/?p=16426#primaryimage\"},\"thumbnailUrl\":\"https:\\\/\\\/kokpit.az\\\/wp-content\\\/uploads\\\/2024\\\/06\\\/max-verstappen-george-russell-press-conference-canada-planetf1-e1717916739894.jpg\",\"datePublished\":\"2025-07-09T09:25:36+00:00\",\"dateModified\":\"2025-07-09T10:26:04+00:00\",\"breadcrumb\":{\"@id\":\"https:\\\/\\\/kokpit.az\\\/?p=16426#breadcrumb\"},\"inLanguage\":\"az\",\"potentialAction\":[{\"@type\":\"ReadAction\",\"target\":[\"https:\\\/\\\/kokpit.az\\\/?p=16426\"]}]},{\"@type\":\"ImageObject\",\"inLanguage\":\"az\",\"@id\":\"https:\\\/\\\/kokpit.az\\\/?p=16426#primaryimage\",\"url\":\"https:\\\/\\\/kokpit.az\\\/wp-content\\\/uploads\\\/2024\\\/06\\\/max-verstappen-george-russell-press-conference-canada-planetf1-e1717916739894.jpg\",\"contentUrl\":\"https:\\\/\\\/kokpit.az\\\/wp-content\\\/uploads\\\/2024\\\/06\\\/max-verstappen-george-russell-press-conference-canada-planetf1-e1717916739894.jpg\",\"width\":1200,\"height\":630},{\"@type\":\"BreadcrumbList\",\"@id\":\"https:\\\/\\\/kokpit.az\\\/?p=16426#breadcrumb\",\"itemListElement\":[{\"@type\":\"ListItem\",\"position\":1,\"name\":\"Home\",\"item\":\"https:\\\/\\\/kokpit.az\\\/\"},{\"@type\":\"ListItem\",\"position\":2,\"name\":\"Mercedes 102 milyondan ke\u00e7m\u0259y\u0259 haz\u0131rd\u0131r\"}]},{\"@type\":\"WebSite\",\"@id\":\"https:\\\/\\\/kokpit.az\\\/#website\",\"url\":\"https:\\\/\\\/kokpit.az\\\/\",\"name\":\"X\u0259b\u0259ri Kokpitd\u0259 Oxuyun!\",\"description\":\"\",\"publisher\":{\"@id\":\"https:\\\/\\\/kokpit.az\\\/#organization\"},\"potentialAction\":[{\"@type\":\"SearchAction\",\"target\":{\"@type\":\"EntryPoint\",\"urlTemplate\":\"https:\\\/\\\/kokpit.az\\\/?s={search_term_string}\"},\"query-input\":{\"@type\":\"PropertyValueSpecification\",\"valueRequired\":true,\"valueName\":\"search_term_string\"}}],\"inLanguage\":\"az\"},{\"@type\":\"Organization\",\"@id\":\"https:\\\/\\\/kokpit.az\\\/#organization\",\"name\":\"X\u0259b\u0259ri Kokpitd\u0259 Oxuyun!\",\"url\":\"https:\\\/\\\/kokpit.az\\\/\",\"logo\":{\"@type\":\"ImageObject\",\"inLanguage\":\"az\",\"@id\":\"https:\\\/\\\/kokpit.az\\\/#\\\/schema\\\/logo\\\/image\\\/\",\"url\":\"https:\\\/\\\/kokpit.az\\\/wp-content\\\/uploads\\\/2023\\\/05\\\/kokpit.jpg\",\"contentUrl\":\"https:\\\/\\\/kokpit.az\\\/wp-content\\\/uploads\\\/2023\\\/05\\\/kokpit.jpg\",\"width\":488,\"height\":245,\"caption\":\"X\u0259b\u0259ri Kokpitd\u0259 Oxuyun!\"},\"image\":{\"@id\":\"https:\\\/\\\/kokpit.az\\\/#\\\/schema\\\/logo\\\/image\\\/\"},\"sameAs\":[\"https:\\\/\\\/www.facebook.com\\\/profile.php?id=61553756392357\"]},{\"@type\":\"Person\",\"@id\":\"https:\\\/\\\/kokpit.az\\\/#\\\/schema\\\/person\\\/f4114e650bc2993d0650e4fb6933c581\",\"name\":\"Rauf Hac\u0131yev\",\"image\":{\"@type\":\"ImageObject\",\"inLanguage\":\"az\",\"@id\":\"https:\\\/\\\/secure.gravatar.com\\\/avatar\\\/394a2085c47c7acdcf41f7d270b7cbb52513d6f4f24c1cb6dfbbd61f98c0503d?s=96&d=mm&r=g\",\"url\":\"https:\\\/\\\/secure.gravatar.com\\\/avatar\\\/394a2085c47c7acdcf41f7d270b7cbb52513d6f4f24c1cb6dfbbd61f98c0503d?s=96&d=mm&r=g\",\"contentUrl\":\"https:\\\/\\\/secure.gravatar.com\\\/avatar\\\/394a2085c47c7acdcf41f7d270b7cbb52513d6f4f24c1cb6dfbbd61f98c0503d?s=96&d=mm&r=g\",\"caption\":\"Rauf Hac\u0131yev\"},\"sameAs\":[\"https:\\\/\\\/kokpit.az\"],\"url\":\"https:\\\/\\\/kokpit.az\\\/?author=2\"}]}<\/script>\n<!-- \/ Yoast SEO plugin. -->","yoast_head_json":{"title":"Mercedes 102 milyondan ke\u00e7m\u0259y\u0259 haz\u0131rd\u0131r - X\u0259b\u0259ri Kokpitd\u0259 Oxuyun!","robots":{"index":"index","follow":"follow","max-snippet":"max-snippet:-1","max-image-preview":"max-image-preview:large","max-video-preview":"max-video-preview:-1"},"canonical":"https:\/\/kokpit.az\/?p=16426","og_locale":"az_AZ","og_type":"article","og_title":"Mercedes 102 milyondan ke\u00e7m\u0259y\u0259 haz\u0131rd\u0131r - X\u0259b\u0259ri Kokpitd\u0259 Oxuyun!","og_description":"Formula 1 d\u00fcnyas\u0131nda Maks Ferstappenin Mercedes-\u0259 ke\u00e7idi il\u0259 ba\u011fl\u0131 iddialar getdikc\u0259 ciddil\u0259\u015fir.","og_url":"https:\/\/kokpit.az\/?p=16426","og_site_name":"X\u0259b\u0259ri Kokpitd\u0259 Oxuyun!","article_publisher":"https:\/\/www.facebook.com\/profile.php?id=61553756392357","article_published_time":"2025-07-09T09:25:36+00:00","article_modified_time":"2025-07-09T10:26:04+00:00","og_image":[{"width":1200,"height":630,"url":"https:\/\/kokpit.az\/wp-content\/uploads\/2024\/06\/max-verstappen-george-russell-press-conference-canada-planetf1-e1717916739894.jpg","type":"image\/jpeg"}],"author":"Rauf Hac\u0131yev","twitter_card":"summary_large_image","twitter_misc":{"Written by":"Rauf Hac\u0131yev","Est. reading time":"2 minutes"},"schema":{"@context":"https:\/\/schema.org","@graph":[{"@type":"Article","@id":"https:\/\/kokpit.az\/?p=16426#article","isPartOf":{"@id":"https:\/\/kokpit.az\/?p=16426"},"author":{"name":"Rauf Hac\u0131yev","@id":"https:\/\/kokpit.az\/#\/schema\/person\/f4114e650bc2993d0650e4fb6933c581"},"headline":"Mercedes 102 milyondan ke\u00e7m\u0259y\u0259 haz\u0131rd\u0131r","datePublished":"2025-07-09T09:25:36+00:00","dateModified":"2025-07-09T10:26:04+00:00","mainEntityOfPage":{"@id":"https:\/\/kokpit.az\/?p=16426"},"wordCount":345,"commentCount":0,"publisher":{"@id":"https:\/\/kokpit.az\/#organization"},"image":{"@id":"https:\/\/kokpit.az\/?p=16426#primaryimage"},"thumbnailUrl":"https:\/\/kokpit.az\/wp-content\/uploads\/2024\/06\/max-verstappen-george-russell-press-conference-canada-planetf1-e1717916739894.jpg","keywords":["Max Verstappen","Mercedes AMG Petronas F1 Team","Red Bull Racing","Verstappen Mercedes"],"articleSection":["X\u0259b\u0259rl\u0259r"],"inLanguage":"az","potentialAction":[{"@type":"CommentAction","name":"Comment","target":["https:\/\/kokpit.az\/?p=16426#respond"]}]},{"@type":"WebPage","@id":"https:\/\/kokpit.az\/?p=16426","url":"https:\/\/kokpit.az\/?p=16426","name":"Mercedes 102 milyondan ke\u00e7m\u0259y\u0259 haz\u0131rd\u0131r - X\u0259b\u0259ri Kokpitd\u0259 Oxuyun!","isPartOf":{"@id":"https:\/\/kokpit.az\/#website"},"primaryImageOfPage":{"@id":"https:\/\/kokpit.az\/?p=16426#primaryimage"},"image":{"@id":"https:\/\/kokpit.az\/?p=16426#primaryimage"},"thumbnailUrl":"https:\/\/kokpit.az\/wp-content\/uploads\/2024\/06\/max-verstappen-george-russell-press-conference-canada-planetf1-e1717916739894.jpg","datePublished":"2025-07-09T09:25:36+00:00","dateModified":"2025-07-09T10:26:04+00:00","breadcrumb":{"@id":"https:\/\/kokpit.az\/?p=16426#breadcrumb"},"inLanguage":"az","potentialAction":[{"@type":"ReadAction","target":["https:\/\/kokpit.az\/?p=16426"]}]},{"@type":"ImageObject","inLanguage":"az","@id":"https:\/\/kokpit.az\/?p=16426#primaryimage","url":"https:\/\/kokpit.az\/wp-content\/uploads\/2024\/06\/max-verstappen-george-russell-press-conference-canada-planetf1-e1717916739894.jpg","contentUrl":"https:\/\/kokpit.az\/wp-content\/uploads\/2024\/06\/max-verstappen-george-russell-press-conference-canada-planetf1-e1717916739894.jpg","width":1200,"height":630},{"@type":"BreadcrumbList","@id":"https:\/\/kokpit.az\/?p=16426#breadcrumb","itemListElement":[{"@type":"ListItem","position":1,"name":"Home","item":"https:\/\/kokpit.az\/"},{"@type":"ListItem","position":2,"name":"Mercedes 102 milyondan ke\u00e7m\u0259y\u0259 haz\u0131rd\u0131r"}]},{"@type":"WebSite","@id":"https:\/\/kokpit.az\/#website","url":"https:\/\/kokpit.az\/","name":"X\u0259b\u0259ri Kokpitd\u0259 Oxuyun!","description":"","publisher":{"@id":"https:\/\/kokpit.az\/#organization"},"potentialAction":[{"@type":"SearchAction","target":{"@type":"EntryPoint","urlTemplate":"https:\/\/kokpit.az\/?s={search_term_string}"},"query-input":{"@type":"PropertyValueSpecification","valueRequired":true,"valueName":"search_term_string"}}],"inLanguage":"az"},{"@type":"Organization","@id":"https:\/\/kokpit.az\/#organization","name":"X\u0259b\u0259ri Kokpitd\u0259 Oxuyun!","url":"https:\/\/kokpit.az\/","logo":{"@type":"ImageObject","inLanguage":"az","@id":"https:\/\/kokpit.az\/#\/schema\/logo\/image\/","url":"https:\/\/kokpit.az\/wp-content\/uploads\/2023\/05\/kokpit.jpg","contentUrl":"https:\/\/kokpit.az\/wp-content\/uploads\/2023\/05\/kokpit.jpg","width":488,"height":245,"caption":"X\u0259b\u0259ri Kokpitd\u0259 Oxuyun!"},"image":{"@id":"https:\/\/kokpit.az\/#\/schema\/logo\/image\/"},"sameAs":["https:\/\/www.facebook.com\/profile.php?id=61553756392357"]},{"@type":"Person","@id":"https:\/\/kokpit.az\/#\/schema\/person\/f4114e650bc2993d0650e4fb6933c581","name":"Rauf Hac\u0131yev","image":{"@type":"ImageObject","inLanguage":"az","@id":"https:\/\/secure.gravatar.com\/avatar\/394a2085c47c7acdcf41f7d270b7cbb52513d6f4f24c1cb6dfbbd61f98c0503d?s=96&d=mm&r=g","url":"https:\/\/secure.gravatar.com\/avatar\/394a2085c47c7acdcf41f7d270b7cbb52513d6f4f24c1cb6dfbbd61f98c0503d?s=96&d=mm&r=g","contentUrl":"https:\/\/secure.gravatar.com\/avatar\/394a2085c47c7acdcf41f7d270b7cbb52513d6f4f24c1cb6dfbbd61f98c0503d?s=96&d=mm&r=g","caption":"Rauf Hac\u0131yev"},"sameAs":["https:\/\/kokpit.az"],"url":"https:\/\/kokpit.az\/?author=2"}]}},"_links":{"self":[{"href":"https:\/\/kokpit.az\/index.php?rest_route=\/wp\/v2\/posts\/16426","targetHints":{"allow":["GET"]}}],"collection":[{"href":"https:\/\/kokpit.az\/index.php?rest_route=\/wp\/v2\/posts"}],"about":[{"href":"https:\/\/kokpit.az\/index.php?rest_route=\/wp\/v2\/types\/post"}],"author":[{"embeddable":true,"href":"https:\/\/kokpit.az\/index.php?rest_route=\/wp\/v2\/users\/2"}],"replies":[{"embeddable":true,"href":"https:\/\/kokpit.az\/index.php?rest_route=%2Fwp%2Fv2%2Fcomments&post=16426"}],"version-history":[{"count":1,"href":"https:\/\/kokpit.az\/index.php?rest_route=\/wp\/v2\/posts\/16426\/revisions"}],"predecessor-version":[{"id":16427,"href":"https:\/\/kokpit.az\/index.php?rest_route=\/wp\/v2\/posts\/16426\/revisions\/16427"}],"wp:featuredmedia":[{"embeddable":true,"href":"https:\/\/kokpit.az\/index.php?rest_route=\/wp\/v2\/media\/5956"}],"wp:attachment":[{"href":"https:\/\/kokpit.az\/index.php?rest_route=%2Fwp%2Fv2%2Fmedia&parent=16426"}],"wp:term":[{"taxonomy":"category","embeddable":true,"href":"https:\/\/kokpit.az\/index.php?rest_route=%2Fwp%2Fv2%2Fcategories&post=16426"},{"taxonomy":"post_tag","embeddable":true,"href":"https:\/\/kokpit.az\/index.php?rest_route=%2Fwp%2Fv2%2Ftags&post=16426"}],"curies":[{"name":"wp","href":"https:\/\/api.w.org\/{rel}","templated":true}]}}