{"id":14310,"date":"2025-05-09T14:38:36","date_gmt":"2025-05-09T10:38:36","guid":{"rendered":"https:\/\/kokpit.az\/?p=14310"},"modified":"2025-05-09T15:40:41","modified_gmt":"2025-05-09T11:40:41","slug":"k-sayns-h%c9%99d%c9%99fim-fia-nin-statusunu-artirmaqdir","status":"publish","type":"post","link":"https:\/\/kokpit.az\/?p=14310","title":{"rendered":"K.Sayns: H\u0259d\u0259fim F\u0130A-n\u0131n statusunu art\u0131rmaqd\u0131r"},"content":{"rendered":"<p>Kokpit.az bildirir ki, F\u0130A-n\u0131n prezident se\u00e7kil\u0259ri 12 dekabrda \u00d6zb\u0259kistan\u0131n paytaxt\u0131 Da\u015fk\u0259ndd\u0259 olacaq.<\/p>\n<p>Ke\u00e7mi\u015fd\u0259 D\u00fcnya Ralli \u00c7empionat\u0131nda iki d\u0259f\u0259 D\u00fcnya \u00c7empionu olmu\u015f v\u0259 haz\u0131rda Dakarda aktiv olaraq yar\u0131\u015fan Karlos Sayns da prezidentlik \u00fc\u00e7\u00fcn namiz\u0259dliyini verm\u0259y\u0259 haz\u0131rla\u015f\u0131r.<\/p>\n<p><strong>Karlos Sayns<\/strong>: \u201cBu q\u0259rara t\u0259sir ed\u0259n \u00e7ox s\u0259b\u0259b var. Bu idmanda 40 ild\u0259n \u00e7oxdur ki, s\u00fckan arxas\u0131ndayam v\u0259 avtoidman m\u0259n\u0259 h\u0259r \u015feyi verdi.<\/p>\n<p>Prezidentlik uzun m\u00fcdd\u0259tdir ki, a\u011fl\u0131mda idi, amma bel\u0259 d\u0259rin d\u00fc\u015f\u00fcnm\u0259mi\u015fdim. \u0130ndi is\u0259 karyeramda bu add\u0131m\u0131 atmaq \u00fc\u00e7\u00fcn do\u011fru zaman\u0131n oldu\u011funu d\u00fc\u015f\u00fcn\u00fcr\u0259m. \u0130nan\u0131ram ki, yax\u015f\u0131 i\u015f g\u00f6r\u0259r\u0259m v\u0259 yax\u015f\u0131 komanda quraram.<\/p>\n<p>Bu idmanda ill\u0259r \u0259rzind\u0259 \u00e7ox yax\u015f\u0131 t\u0259cr\u00fcb\u0259 toplad\u0131m v\u0259 avtoidman\u0131 inki\u015faf etdirm\u0259k \u00fc\u00e7\u00fcn maraql\u0131 q\u0259rarlar t\u0259qdim ed\u0259 bil\u0259r\u0259m\u201d.<\/p>\n<p>Karlos Sayns\u0131n o\u011flu Karlos Sayns Jr haz\u0131rda Formula 1-d\u0259 yar\u0131\u015f\u0131r v\u0259 Williams komandas\u0131n\u0131n \u015f\u0259r\u0259fini qoruyur. \u018fks\u0259riyy\u0259t bunun s\u00f6z-s\u00f6hb\u0259tl\u0259r\u0259 s\u0259b\u0259b olaca\u011f\u0131n\u0131 d\u00fc\u015f\u00fcn\u00fcr.<\/p>\n<p>Lakin ispaniyal\u0131 \u0259fsan\u0259vi pilot bu fikird\u0259 deyil: \u201cM\u0259nim ke\u00e7mi\u015fim g\u00f6z qaba\u011f\u0131ndad\u0131r v\u0259 insanlar m\u0259ni \u00e7ox yax\u015f\u0131 tan\u0131y\u0131rlar. Bunun problem olmayaca\u011f\u0131n\u0131 bilirl\u0259r.<\/p>\n<p>Karlos art\u0131q u\u015faq deyil. 10 ildir ki, Formula 1-d\u0259 yar\u0131\u015f\u0131r v\u0259 bu layih\u0259y\u0259 davam ets\u0259m, aram\u0131zdak\u0131 m\u00fcbasib\u0259t, \u0259lb\u0259tt\u0259, d\u0259yi\u015f\u0259c\u0259k. Amma F\u0130A ciddi qurumdur v\u0259 burada h\u0259r hans\u0131 m\u0259nf\u0259\u0259t ola bilm\u0259z\u201d.<\/p>\n<p>Karlos Sayns bildirib ki, prezident se\u00e7ils\u0259, onun \u0259n b\u00f6y\u00fck \u00fcst\u00fcnl\u00fcy\u00fc ke\u00e7mi\u015fd\u0259ki pe\u015f\u0259kar yana\u015fmas\u0131 olacaq: \u201cHam\u0131 qurumu \u00f6z t\u0259rzi var v\u0259 \u0259n yax\u015f\u0131 hal adamdan adama d\u0259yi\u015fir.<\/p>\n<p>M\u0259nim ke\u00e7mi\u015fim\u0259 baxanda bunu g\u00f6r\u00fcrs\u00fcn\u00fcz: Bir \u015fey\u0259 k\u00f6kl\u0259n\u0259nd\u0259 onu pe\u015f\u0259kar, ciddi v\u0259 d\u00fczg\u00fcn \u015f\u0259kild\u0259 edir\u0259m\u201d.<\/p>\n<p>Son d\u00f6vrl\u0259rd\u0259 Formula 1 il\u0259 F\u0130A-n\u0131n m\u00fcnasib\u0259tl\u0259ri g\u0259rginl\u0259\u015fib. Mohammed Ben Sulayem bir yar\u0131\u015f\u0131n n\u0259tic\u0259sin\u0259 t\u0259sir g\u00f6st\u0259rm\u0259k iddias\u0131 il\u0259 istintaqa c\u0259lb olunub. Bundan ba\u015fqa s\u00f6y\u00fc\u015f s\u00f6ym\u0259yi yasaqlad\u0131\u011f\u0131 \u00fc\u00e7\u00fcn b\u0259zi seriyalardak\u0131 pilotlar F\u0130A-n\u0131 boykot edibl\u0259r. \u018fn \u0259sas\u0131 is\u0259 Avtoidman \u015euras\u0131na b\u0259zi \u00fczvl\u0259rin giri\u015fi yasaqlan\u0131b. Bu da F\u0130A-n\u0131n imicin\u0259 z\u0259r\u0259r vurub.<\/p>\n<p>Lakin Sayns bu bar\u0259r\u0259 dan\u0131\u015fmama\u011fa \u00fcst\u00fcnl\u00fck verib: \u201cSon d\u00f6vrl\u0259rd\u0259 b\u0259zi m\u00fcbahis\u0259l\u0259rin oldu\u011fu g\u00f6z qaba\u011f\u0131ndad\u0131r. Amma m\u0259n sad\u0259c\u0259 \u00f6z\u00fcm\u0259 fokuslanm\u0131\u015fam. \u018fg\u0259r namiz\u0259d olsam, he\u00e7 kiml\u0259 dava etm\u0259y\u0259c\u0259y\u0259m. M\u0259nim \u0259sas ist\u0259yim avtoidmana olan sevgiml\u0259 b\u0259zi \u015feyl\u0259ri yax\u015f\u0131la\u015fd\u0131rmaqd\u0131r.<\/p>\n<p>M\u0259nc\u0259, bu zaman, \u015f\u0259xsi v\u0259 pe\u015f\u0259kar c\u0259h\u0259td\u0259n m\u0259nim \u00fc\u00e7\u00fcn do\u011fru zaman ola bil\u0259r. Buna g\u00f6r\u0259 d\u0259 bu ehtimal\u0131 d\u0259y\u0259rl\u0259ndirir\u0259m.<\/p>\n<p>Avtoidman\u0131n dig\u0259r t\u0259r\u0259find\u0259 d\u0259 olmu\u015fam v\u0259 insanlar\u0131 dinl\u0259m\u0259yin n\u0259 q\u0259d\u0259r vacib oldu\u011funu bilir\u0259m. S\u00fcr\u00fcc\u00fcl\u0259r, komandalar, azarke\u015fl\u0259r, t\u0259\u015fkilat\u00e7\u0131lar, sponsotlar v\u0259 istehsal\u00e7\u0131lar\u2026<\/p>\n<p>\u0130nan\u0131ram ki, bu m\u00fcnasib\u0259ti ax\u0131c\u0131 v\u0259 g\u00fccl\u00fc hala g\u0259tir\u0259 bil\u0259c\u0259m. F\u0130A-n\u0131n g\u0259l\u0259c\u0259kd\u0259 ham\u0131 t\u0259r\u0259find\u0259n h\u00f6rm\u0259t g\u00f6r\u0259n v\u0259 sevil\u0259n qurum olmas\u0131n\u0131 ist\u0259yir\u0259m\u201d.<\/p>\n","protected":false},"excerpt":{"rendered":"<p>\u018ffsan\u0259vi ralli s\u00fcr\u00fcc\u00fcs\u00fc Karlos Sayns bildirib ki, F\u0130A-n\u0131n prezidentliyin\u0259 namiz\u0259d olma\u011f\u0131 d\u0259y\u0259rl\u0259ndirir.<\/p>\n","protected":false},"author":2,"featured_media":14311,"comment_status":"open","ping_status":"open","sticky":false,"template":"","format":"standard","meta":{"footnotes":""},"categories":[2],"tags":[313,115],"class_list":["post-14310","post","type-post","status-publish","format-standard","has-post-thumbnail","hentry","category-news","tag-carlos-sainz-sr","tag-fia"],"yoast_head":"<!-- This site is optimized with the Yoast SEO plugin v27.5 - https:\/\/yoast.com\/product\/yoast-seo-wordpress\/ -->\n<title>K.Sayns: H\u0259d\u0259fim F\u0130A-n\u0131n statusunu art\u0131rmaqd\u0131r - X\u0259b\u0259ri Kokpitd\u0259 Oxuyun!<\/title>\n<meta name=\"robots\" content=\"index, follow, max-snippet:-1, max-image-preview:large, max-video-preview:-1\" \/>\n<link rel=\"canonical\" href=\"https:\/\/kokpit.az\/?p=14310\" \/>\n<meta property=\"og:locale\" content=\"az_AZ\" \/>\n<meta property=\"og:type\" content=\"article\" \/>\n<meta property=\"og:title\" content=\"K.Sayns: H\u0259d\u0259fim F\u0130A-n\u0131n statusunu art\u0131rmaqd\u0131r - X\u0259b\u0259ri Kokpitd\u0259 Oxuyun!\" \/>\n<meta property=\"og:description\" content=\"\u018ffsan\u0259vi ralli s\u00fcr\u00fcc\u00fcs\u00fc Karlos Sayns bildirib ki, F\u0130A-n\u0131n prezidentliyin\u0259 namiz\u0259d olma\u011f\u0131 d\u0259y\u0259rl\u0259ndirir.\" \/>\n<meta property=\"og:url\" content=\"https:\/\/kokpit.az\/?p=14310\" \/>\n<meta property=\"og:site_name\" content=\"X\u0259b\u0259ri Kokpitd\u0259 Oxuyun!\" \/>\n<meta property=\"article:publisher\" content=\"https:\/\/www.facebook.com\/profile.php?id=61553756392357\" \/>\n<meta property=\"article:published_time\" content=\"2025-05-09T10:38:36+00:00\" \/>\n<meta property=\"article:modified_time\" content=\"2025-05-09T11:40:41+00:00\" \/>\n<meta property=\"og:image\" content=\"https:\/\/kokpit.az\/wp-content\/uploads\/2025\/05\/IMG_2099.jpeg\" \/>\n\t<meta property=\"og:image:width\" content=\"1280\" \/>\n\t<meta property=\"og:image:height\" content=\"720\" \/>\n\t<meta property=\"og:image:type\" content=\"image\/jpeg\" \/>\n<meta name=\"author\" content=\"Rauf Hac\u0131yev\" \/>\n<meta name=\"twitter:card\" content=\"summary_large_image\" \/>\n<meta name=\"twitter:label1\" content=\"Written by\" \/>\n\t<meta name=\"twitter:data1\" content=\"Rauf Hac\u0131yev\" \/>\n\t<meta name=\"twitter:label2\" content=\"Est. reading time\" \/>\n\t<meta name=\"twitter:data2\" content=\"3 minutes\" \/>\n<script type=\"application\/ld+json\" class=\"yoast-schema-graph\">{\"@context\":\"https:\\\/\\\/schema.org\",\"@graph\":[{\"@type\":\"Article\",\"@id\":\"https:\\\/\\\/kokpit.az\\\/?p=14310#article\",\"isPartOf\":{\"@id\":\"https:\\\/\\\/kokpit.az\\\/?p=14310\"},\"author\":{\"name\":\"Rauf Hac\u0131yev\",\"@id\":\"https:\\\/\\\/kokpit.az\\\/#\\\/schema\\\/person\\\/f4114e650bc2993d0650e4fb6933c581\"},\"headline\":\"K.Sayns: H\u0259d\u0259fim F\u0130A-n\u0131n statusunu art\u0131rmaqd\u0131r\",\"datePublished\":\"2025-05-09T10:38:36+00:00\",\"dateModified\":\"2025-05-09T11:40:41+00:00\",\"mainEntityOfPage\":{\"@id\":\"https:\\\/\\\/kokpit.az\\\/?p=14310\"},\"wordCount\":627,\"commentCount\":0,\"publisher\":{\"@id\":\"https:\\\/\\\/kokpit.az\\\/#organization\"},\"image\":{\"@id\":\"https:\\\/\\\/kokpit.az\\\/?p=14310#primaryimage\"},\"thumbnailUrl\":\"https:\\\/\\\/kokpit.az\\\/wp-content\\\/uploads\\\/2025\\\/05\\\/IMG_2099.jpeg\",\"keywords\":[\"Carlos Sainz Sr.\",\"FIA\"],\"articleSection\":[\"X\u0259b\u0259rl\u0259r\"],\"inLanguage\":\"az\",\"potentialAction\":[{\"@type\":\"CommentAction\",\"name\":\"Comment\",\"target\":[\"https:\\\/\\\/kokpit.az\\\/?p=14310#respond\"]}]},{\"@type\":\"WebPage\",\"@id\":\"https:\\\/\\\/kokpit.az\\\/?p=14310\",\"url\":\"https:\\\/\\\/kokpit.az\\\/?p=14310\",\"name\":\"K.Sayns: H\u0259d\u0259fim F\u0130A-n\u0131n statusunu art\u0131rmaqd\u0131r - X\u0259b\u0259ri Kokpitd\u0259 Oxuyun!\",\"isPartOf\":{\"@id\":\"https:\\\/\\\/kokpit.az\\\/#website\"},\"primaryImageOfPage\":{\"@id\":\"https:\\\/\\\/kokpit.az\\\/?p=14310#primaryimage\"},\"image\":{\"@id\":\"https:\\\/\\\/kokpit.az\\\/?p=14310#primaryimage\"},\"thumbnailUrl\":\"https:\\\/\\\/kokpit.az\\\/wp-content\\\/uploads\\\/2025\\\/05\\\/IMG_2099.jpeg\",\"datePublished\":\"2025-05-09T10:38:36+00:00\",\"dateModified\":\"2025-05-09T11:40:41+00:00\",\"breadcrumb\":{\"@id\":\"https:\\\/\\\/kokpit.az\\\/?p=14310#breadcrumb\"},\"inLanguage\":\"az\",\"potentialAction\":[{\"@type\":\"ReadAction\",\"target\":[\"https:\\\/\\\/kokpit.az\\\/?p=14310\"]}]},{\"@type\":\"ImageObject\",\"inLanguage\":\"az\",\"@id\":\"https:\\\/\\\/kokpit.az\\\/?p=14310#primaryimage\",\"url\":\"https:\\\/\\\/kokpit.az\\\/wp-content\\\/uploads\\\/2025\\\/05\\\/IMG_2099.jpeg\",\"contentUrl\":\"https:\\\/\\\/kokpit.az\\\/wp-content\\\/uploads\\\/2025\\\/05\\\/IMG_2099.jpeg\",\"width\":1280,\"height\":720},{\"@type\":\"BreadcrumbList\",\"@id\":\"https:\\\/\\\/kokpit.az\\\/?p=14310#breadcrumb\",\"itemListElement\":[{\"@type\":\"ListItem\",\"position\":1,\"name\":\"Home\",\"item\":\"https:\\\/\\\/kokpit.az\\\/\"},{\"@type\":\"ListItem\",\"position\":2,\"name\":\"K.Sayns: H\u0259d\u0259fim F\u0130A-n\u0131n statusunu art\u0131rmaqd\u0131r\"}]},{\"@type\":\"WebSite\",\"@id\":\"https:\\\/\\\/kokpit.az\\\/#website\",\"url\":\"https:\\\/\\\/kokpit.az\\\/\",\"name\":\"X\u0259b\u0259ri Kokpitd\u0259 Oxuyun!\",\"description\":\"\",\"publisher\":{\"@id\":\"https:\\\/\\\/kokpit.az\\\/#organization\"},\"potentialAction\":[{\"@type\":\"SearchAction\",\"target\":{\"@type\":\"EntryPoint\",\"urlTemplate\":\"https:\\\/\\\/kokpit.az\\\/?s={search_term_string}\"},\"query-input\":{\"@type\":\"PropertyValueSpecification\",\"valueRequired\":true,\"valueName\":\"search_term_string\"}}],\"inLanguage\":\"az\"},{\"@type\":\"Organization\",\"@id\":\"https:\\\/\\\/kokpit.az\\\/#organization\",\"name\":\"X\u0259b\u0259ri Kokpitd\u0259 Oxuyun!\",\"url\":\"https:\\\/\\\/kokpit.az\\\/\",\"logo\":{\"@type\":\"ImageObject\",\"inLanguage\":\"az\",\"@id\":\"https:\\\/\\\/kokpit.az\\\/#\\\/schema\\\/logo\\\/image\\\/\",\"url\":\"https:\\\/\\\/kokpit.az\\\/wp-content\\\/uploads\\\/2023\\\/05\\\/kokpit.jpg\",\"contentUrl\":\"https:\\\/\\\/kokpit.az\\\/wp-content\\\/uploads\\\/2023\\\/05\\\/kokpit.jpg\",\"width\":488,\"height\":245,\"caption\":\"X\u0259b\u0259ri Kokpitd\u0259 Oxuyun!\"},\"image\":{\"@id\":\"https:\\\/\\\/kokpit.az\\\/#\\\/schema\\\/logo\\\/image\\\/\"},\"sameAs\":[\"https:\\\/\\\/www.facebook.com\\\/profile.php?id=61553756392357\"]},{\"@type\":\"Person\",\"@id\":\"https:\\\/\\\/kokpit.az\\\/#\\\/schema\\\/person\\\/f4114e650bc2993d0650e4fb6933c581\",\"name\":\"Rauf Hac\u0131yev\",\"image\":{\"@type\":\"ImageObject\",\"inLanguage\":\"az\",\"@id\":\"https:\\\/\\\/secure.gravatar.com\\\/avatar\\\/394a2085c47c7acdcf41f7d270b7cbb52513d6f4f24c1cb6dfbbd61f98c0503d?s=96&d=mm&r=g\",\"url\":\"https:\\\/\\\/secure.gravatar.com\\\/avatar\\\/394a2085c47c7acdcf41f7d270b7cbb52513d6f4f24c1cb6dfbbd61f98c0503d?s=96&d=mm&r=g\",\"contentUrl\":\"https:\\\/\\\/secure.gravatar.com\\\/avatar\\\/394a2085c47c7acdcf41f7d270b7cbb52513d6f4f24c1cb6dfbbd61f98c0503d?s=96&d=mm&r=g\",\"caption\":\"Rauf Hac\u0131yev\"},\"sameAs\":[\"https:\\\/\\\/kokpit.az\"],\"url\":\"https:\\\/\\\/kokpit.az\\\/?author=2\"}]}<\/script>\n<!-- \/ Yoast SEO plugin. -->","yoast_head_json":{"title":"K.Sayns: H\u0259d\u0259fim F\u0130A-n\u0131n statusunu art\u0131rmaqd\u0131r - X\u0259b\u0259ri Kokpitd\u0259 Oxuyun!","robots":{"index":"index","follow":"follow","max-snippet":"max-snippet:-1","max-image-preview":"max-image-preview:large","max-video-preview":"max-video-preview:-1"},"canonical":"https:\/\/kokpit.az\/?p=14310","og_locale":"az_AZ","og_type":"article","og_title":"K.Sayns: H\u0259d\u0259fim F\u0130A-n\u0131n statusunu art\u0131rmaqd\u0131r - X\u0259b\u0259ri Kokpitd\u0259 Oxuyun!","og_description":"\u018ffsan\u0259vi ralli s\u00fcr\u00fcc\u00fcs\u00fc Karlos Sayns bildirib ki, F\u0130A-n\u0131n prezidentliyin\u0259 namiz\u0259d olma\u011f\u0131 d\u0259y\u0259rl\u0259ndirir.","og_url":"https:\/\/kokpit.az\/?p=14310","og_site_name":"X\u0259b\u0259ri Kokpitd\u0259 Oxuyun!","article_publisher":"https:\/\/www.facebook.com\/profile.php?id=61553756392357","article_published_time":"2025-05-09T10:38:36+00:00","article_modified_time":"2025-05-09T11:40:41+00:00","og_image":[{"width":1280,"height":720,"url":"https:\/\/kokpit.az\/wp-content\/uploads\/2025\/05\/IMG_2099.jpeg","type":"image\/jpeg"}],"author":"Rauf Hac\u0131yev","twitter_card":"summary_large_image","twitter_misc":{"Written by":"Rauf Hac\u0131yev","Est. reading time":"3 minutes"},"schema":{"@context":"https:\/\/schema.org","@graph":[{"@type":"Article","@id":"https:\/\/kokpit.az\/?p=14310#article","isPartOf":{"@id":"https:\/\/kokpit.az\/?p=14310"},"author":{"name":"Rauf Hac\u0131yev","@id":"https:\/\/kokpit.az\/#\/schema\/person\/f4114e650bc2993d0650e4fb6933c581"},"headline":"K.Sayns: H\u0259d\u0259fim F\u0130A-n\u0131n statusunu art\u0131rmaqd\u0131r","datePublished":"2025-05-09T10:38:36+00:00","dateModified":"2025-05-09T11:40:41+00:00","mainEntityOfPage":{"@id":"https:\/\/kokpit.az\/?p=14310"},"wordCount":627,"commentCount":0,"publisher":{"@id":"https:\/\/kokpit.az\/#organization"},"image":{"@id":"https:\/\/kokpit.az\/?p=14310#primaryimage"},"thumbnailUrl":"https:\/\/kokpit.az\/wp-content\/uploads\/2025\/05\/IMG_2099.jpeg","keywords":["Carlos Sainz Sr.","FIA"],"articleSection":["X\u0259b\u0259rl\u0259r"],"inLanguage":"az","potentialAction":[{"@type":"CommentAction","name":"Comment","target":["https:\/\/kokpit.az\/?p=14310#respond"]}]},{"@type":"WebPage","@id":"https:\/\/kokpit.az\/?p=14310","url":"https:\/\/kokpit.az\/?p=14310","name":"K.Sayns: H\u0259d\u0259fim F\u0130A-n\u0131n statusunu art\u0131rmaqd\u0131r - X\u0259b\u0259ri Kokpitd\u0259 Oxuyun!","isPartOf":{"@id":"https:\/\/kokpit.az\/#website"},"primaryImageOfPage":{"@id":"https:\/\/kokpit.az\/?p=14310#primaryimage"},"image":{"@id":"https:\/\/kokpit.az\/?p=14310#primaryimage"},"thumbnailUrl":"https:\/\/kokpit.az\/wp-content\/uploads\/2025\/05\/IMG_2099.jpeg","datePublished":"2025-05-09T10:38:36+00:00","dateModified":"2025-05-09T11:40:41+00:00","breadcrumb":{"@id":"https:\/\/kokpit.az\/?p=14310#breadcrumb"},"inLanguage":"az","potentialAction":[{"@type":"ReadAction","target":["https:\/\/kokpit.az\/?p=14310"]}]},{"@type":"ImageObject","inLanguage":"az","@id":"https:\/\/kokpit.az\/?p=14310#primaryimage","url":"https:\/\/kokpit.az\/wp-content\/uploads\/2025\/05\/IMG_2099.jpeg","contentUrl":"https:\/\/kokpit.az\/wp-content\/uploads\/2025\/05\/IMG_2099.jpeg","width":1280,"height":720},{"@type":"BreadcrumbList","@id":"https:\/\/kokpit.az\/?p=14310#breadcrumb","itemListElement":[{"@type":"ListItem","position":1,"name":"Home","item":"https:\/\/kokpit.az\/"},{"@type":"ListItem","position":2,"name":"K.Sayns: H\u0259d\u0259fim F\u0130A-n\u0131n statusunu art\u0131rmaqd\u0131r"}]},{"@type":"WebSite","@id":"https:\/\/kokpit.az\/#website","url":"https:\/\/kokpit.az\/","name":"X\u0259b\u0259ri Kokpitd\u0259 Oxuyun!","description":"","publisher":{"@id":"https:\/\/kokpit.az\/#organization"},"potentialAction":[{"@type":"SearchAction","target":{"@type":"EntryPoint","urlTemplate":"https:\/\/kokpit.az\/?s={search_term_string}"},"query-input":{"@type":"PropertyValueSpecification","valueRequired":true,"valueName":"search_term_string"}}],"inLanguage":"az"},{"@type":"Organization","@id":"https:\/\/kokpit.az\/#organization","name":"X\u0259b\u0259ri Kokpitd\u0259 Oxuyun!","url":"https:\/\/kokpit.az\/","logo":{"@type":"ImageObject","inLanguage":"az","@id":"https:\/\/kokpit.az\/#\/schema\/logo\/image\/","url":"https:\/\/kokpit.az\/wp-content\/uploads\/2023\/05\/kokpit.jpg","contentUrl":"https:\/\/kokpit.az\/wp-content\/uploads\/2023\/05\/kokpit.jpg","width":488,"height":245,"caption":"X\u0259b\u0259ri Kokpitd\u0259 Oxuyun!"},"image":{"@id":"https:\/\/kokpit.az\/#\/schema\/logo\/image\/"},"sameAs":["https:\/\/www.facebook.com\/profile.php?id=61553756392357"]},{"@type":"Person","@id":"https:\/\/kokpit.az\/#\/schema\/person\/f4114e650bc2993d0650e4fb6933c581","name":"Rauf Hac\u0131yev","image":{"@type":"ImageObject","inLanguage":"az","@id":"https:\/\/secure.gravatar.com\/avatar\/394a2085c47c7acdcf41f7d270b7cbb52513d6f4f24c1cb6dfbbd61f98c0503d?s=96&d=mm&r=g","url":"https:\/\/secure.gravatar.com\/avatar\/394a2085c47c7acdcf41f7d270b7cbb52513d6f4f24c1cb6dfbbd61f98c0503d?s=96&d=mm&r=g","contentUrl":"https:\/\/secure.gravatar.com\/avatar\/394a2085c47c7acdcf41f7d270b7cbb52513d6f4f24c1cb6dfbbd61f98c0503d?s=96&d=mm&r=g","caption":"Rauf Hac\u0131yev"},"sameAs":["https:\/\/kokpit.az"],"url":"https:\/\/kokpit.az\/?author=2"}]}},"_links":{"self":[{"href":"https:\/\/kokpit.az\/index.php?rest_route=\/wp\/v2\/posts\/14310","targetHints":{"allow":["GET"]}}],"collection":[{"href":"https:\/\/kokpit.az\/index.php?rest_route=\/wp\/v2\/posts"}],"about":[{"href":"https:\/\/kokpit.az\/index.php?rest_route=\/wp\/v2\/types\/post"}],"author":[{"embeddable":true,"href":"https:\/\/kokpit.az\/index.php?rest_route=\/wp\/v2\/users\/2"}],"replies":[{"embeddable":true,"href":"https:\/\/kokpit.az\/index.php?rest_route=%2Fwp%2Fv2%2Fcomments&post=14310"}],"version-history":[{"count":1,"href":"https:\/\/kokpit.az\/index.php?rest_route=\/wp\/v2\/posts\/14310\/revisions"}],"predecessor-version":[{"id":14312,"href":"https:\/\/kokpit.az\/index.php?rest_route=\/wp\/v2\/posts\/14310\/revisions\/14312"}],"wp:featuredmedia":[{"embeddable":true,"href":"https:\/\/kokpit.az\/index.php?rest_route=\/wp\/v2\/media\/14311"}],"wp:attachment":[{"href":"https:\/\/kokpit.az\/index.php?rest_route=%2Fwp%2Fv2%2Fmedia&parent=14310"}],"wp:term":[{"taxonomy":"category","embeddable":true,"href":"https:\/\/kokpit.az\/index.php?rest_route=%2Fwp%2Fv2%2Fcategories&post=14310"},{"taxonomy":"post_tag","embeddable":true,"href":"https:\/\/kokpit.az\/index.php?rest_route=%2Fwp%2Fv2%2Ftags&post=14310"}],"curies":[{"name":"wp","href":"https:\/\/api.w.org\/{rel}","templated":true}]}}