{"id":12939,"date":"2025-03-17T00:04:20","date_gmt":"2025-03-16T20:04:20","guid":{"rendered":"https:\/\/kokpit.az\/?p=12939"},"modified":"2025-03-17T12:02:50","modified_gmt":"2025-03-17T08:02:50","slug":"argentina-gp-markes-qardaslarini-saxlamaq-olmur","status":"publish","type":"post","link":"https:\/\/kokpit.az\/?p=12939","title":{"rendered":"Argentina GP: Markes qarda\u015flar\u0131 qar\u015f\u0131s\u0131al\u0131nmazd\u0131r"},"content":{"rendered":"<div class=\"msnt-entity-header pb-6 pt-4 t:pb-8 t:pt-0 \">\n<h2><span style=\"font-size: 16px;\">Kokpit.az bildirir ki, ispaniyal\u0131 s\u00fcr\u00fcc\u00fc pouldan ba\u015flad\u0131\u011f\u0131 yar\u0131\u015fda yax\u015f\u0131 start al\u0131b v\u0259 liderliyini qoruyub. Birinci d\u00f6ng\u0259d\u0259 Fabio Kuartararo il\u0259 t\u0259mas ya\u015fayan Marko Bezzekki q\u0259za ed\u0259r\u0259k m\u00fcbariz\u0259ni vaxt\u0131ndan \u0259vv\u0259l dayand\u0131r\u0131b. Bu anda Fran\u00e7esko Banyaya il\u0259 il\u0259 Yohan Zarko aras\u0131nda \u00fc\u00e7\u00fcnc\u00fc yer u\u011frunda m\u00fcbariz\u0259 gedib. Ancaq birinci d\u00f6vr\u0259nin sonunda italyan s\u00fcr\u00fcc\u00fc \u00f6nd\u0259 qala bilib.\u00a0<\/span><\/h2>\n<\/div>\n<p>\u0130kinci d\u00f6vr\u0259nin \u0259vv\u0259lind\u0259 q\u0131sa m\u00fcdd\u0259t d\u0259 olsa, sar\u0131 bayraqlar \u00e7\u0131x\u0131b. KTM komandas\u0131ndan Enea Bastyanini q\u0259za ed\u0259r\u0259k, ax\u0131r\u0131nc\u0131 yer\u0259 d\u00fc\u015f\u00fcb.<\/p>\n<p>Franko Morbidelli d\u00f6rd\u00fcnc\u00fc d\u00f6vr\u0259d\u0259 Yohan Zarkonu ke\u00e7\u0259r\u0259k, d\u00f6rd\u00fcnc\u00fc yer\u0259 y\u00fcks\u0259lib. Daha sonra is\u0259 yerlisi Fran\u00e7esko Banyayan\u0131 ke\u00e7\u0259r\u0259k, \u00fc\u00e7\u00fcnc\u00fc olub. El\u0259 eyni d\u00f6vr\u0259d\u0259 Aleks Markes liderliyi qarda\u015f\u0131 Mark Markesin \u0259lind\u0259n al\u0131b. Uzun m\u00fcdd\u0259t ilk \u00fc\u00e7l\u00fck bel\u0259 olub &#8211; Aleks Markes, Mark Markes v\u0259 Franko Morbidelli.<\/p>\n<p>Yar\u0131\u015f\u0131n ortas\u0131nda Ai Oqura v\u0259 Pedro Akosta aras\u0131nda s\u0259kkizinci yer u\u011frunda m\u00fcbariz\u0259 ya\u015fan\u0131b. Akosta bu m\u00fcbariz\u0259d\u0259 \u00f6nd\u0259 qal\u0131b. 16-c\u0131 d\u00f6vr\u0259d\u0259 is\u0259 Mark Markes 6-c\u0131 d\u00f6ng\u0259d\u0259 az qala y\u0131x\u0131l\u0131rd\u0131. O, son anda balans\u0131n\u0131 qoruya bilib.<\/p>\n<p>Bir q\u0259d\u0259r sonra Mark Markes liderliyi almaq \u00fc\u00e7\u00fcn qarda\u015f\u0131 Aleks Markes\u0259 h\u00fccumlar edib. Lakin u\u011furlu olmay\u0131b. Ancaq yar\u0131\u015f\u0131n sonuna 5 d\u00f6vr\u0259 qalm\u0131\u015f Mark yenid\u0259n h\u00fccum c\u0259hdi edib v\u0259 bu d\u0259f\u0259 liderliyi \u0259l\u0259 ala bilib.<\/p>\n<p>Bel\u0259likl\u0259, 25 d\u00f6vr\u0259lik Argentina yar\u0131\u015f\u0131nda qalib Mark Markes olub. Qarda\u015f\u0131 1.6 saniy\u0259 gerid\u0259 qalaraq ikincilikl\u0259 bar\u0131\u015f\u0131b. Podiumun son pill\u0259sin\u0259 is\u0259 VR46 komandas\u0131ndan Franko Morbidelli y\u00fcks\u0259lib. \u0130kiqat D\u00fcnya \u00c7empionu Fran\u00e7esko Banyaya d\u00f6rd\u00fcnc\u00fc yeri tutub. Be\u015fliyi VR46-n\u0131n dig\u0259r s\u00fcr\u00fcc\u00fcs\u00fc Fabio Di Canantonio ba\u011flay\u0131b. Yohan Zarko, Bred Binder, Ai Ogura, Pedro Akosta v\u0259 Xoan Mir onluqda q\u0259rarla\u015fan s\u00fcr\u00fcc\u00fcl\u0259r olublar.<\/p>\n","protected":false},"excerpt":{"rendered":"<p>MotoGP \u00fczr\u0259 Argentina yar\u0131\u015f\u0131n\u0131 Mark Markes qazan\u0131b. \u0130lk yar\u0131\u015fda oldu\u011fu kimi onu Aleks Markes izl\u0259yib. \u00dc\u00e7\u00fcnc\u00fc yeri is\u0259 Franko Morbidelli tutub.\u00a0<\/p>\n","protected":false},"author":2,"featured_media":12940,"comment_status":"open","ping_status":"open","sticky":false,"template":"","format":"standard","meta":{"footnotes":""},"categories":[5,232],"tags":[902,834,1016,286,923,586,369,318,947,973,320,746,1017,323],"class_list":["post-12939","post","type-post","status-publish","format-standard","has-post-thumbnail","hentry","category-other-series","category-motogp","tag-ai-ogura","tag-alex-marquez","tag-argentina-grand-prix","tag-ducati","tag-fabio-di-gianantonio","tag-francesco-bagnaia","tag-franco-morbidelli","tag-gresini","tag-joan-mir","tag-johan-zarco","tag-marc-marquez","tag-pedro-acosta","tag-termas-de-rio-hondo","tag-vr46-racing"],"yoast_head":"<!-- This site is optimized with the Yoast SEO plugin v27.5 - https:\/\/yoast.com\/product\/yoast-seo-wordpress\/ -->\n<title>Argentina GP: Markes qarda\u015flar\u0131 qar\u015f\u0131s\u0131al\u0131nmazd\u0131r - X\u0259b\u0259ri Kokpitd\u0259 Oxuyun!<\/title>\n<meta name=\"robots\" content=\"index, follow, max-snippet:-1, max-image-preview:large, max-video-preview:-1\" \/>\n<link rel=\"canonical\" href=\"https:\/\/kokpit.az\/?p=12939\" \/>\n<meta property=\"og:locale\" content=\"az_AZ\" \/>\n<meta property=\"og:type\" content=\"article\" \/>\n<meta property=\"og:title\" content=\"Argentina GP: Markes qarda\u015flar\u0131 qar\u015f\u0131s\u0131al\u0131nmazd\u0131r - X\u0259b\u0259ri Kokpitd\u0259 Oxuyun!\" \/>\n<meta property=\"og:description\" content=\"MotoGP \u00fczr\u0259 Argentina yar\u0131\u015f\u0131n\u0131 Mark Markes qazan\u0131b. \u0130lk yar\u0131\u015fda oldu\u011fu kimi onu Aleks Markes izl\u0259yib. \u00dc\u00e7\u00fcnc\u00fc yeri is\u0259 Franko Morbidelli tutub.\u00a0\" \/>\n<meta property=\"og:url\" content=\"https:\/\/kokpit.az\/?p=12939\" \/>\n<meta property=\"og:site_name\" content=\"X\u0259b\u0259ri Kokpitd\u0259 Oxuyun!\" \/>\n<meta property=\"article:publisher\" content=\"https:\/\/www.facebook.com\/profile.php?id=61553756392357\" \/>\n<meta property=\"article:published_time\" content=\"2025-03-16T20:04:20+00:00\" \/>\n<meta property=\"article:modified_time\" content=\"2025-03-17T08:02:50+00:00\" \/>\n<meta property=\"og:image\" content=\"https:\/\/kokpit.az\/wp-content\/uploads\/2025\/03\/marc-marquez-ducati-team-3.webp\" \/>\n\t<meta property=\"og:image:width\" content=\"1200\" \/>\n\t<meta property=\"og:image:height\" content=\"799\" \/>\n\t<meta property=\"og:image:type\" content=\"image\/webp\" \/>\n<meta name=\"author\" content=\"Rauf Hac\u0131yev\" \/>\n<meta name=\"twitter:card\" content=\"summary_large_image\" \/>\n<meta name=\"twitter:label1\" content=\"Written by\" \/>\n\t<meta name=\"twitter:data1\" content=\"Rauf Hac\u0131yev\" \/>\n\t<meta name=\"twitter:label2\" content=\"Est. reading time\" \/>\n\t<meta name=\"twitter:data2\" content=\"2 minutes\" \/>\n<script type=\"application\/ld+json\" class=\"yoast-schema-graph\">{\"@context\":\"https:\\\/\\\/schema.org\",\"@graph\":[{\"@type\":\"Article\",\"@id\":\"https:\\\/\\\/kokpit.az\\\/?p=12939#article\",\"isPartOf\":{\"@id\":\"https:\\\/\\\/kokpit.az\\\/?p=12939\"},\"author\":{\"name\":\"Rauf Hac\u0131yev\",\"@id\":\"https:\\\/\\\/kokpit.az\\\/#\\\/schema\\\/person\\\/f4114e650bc2993d0650e4fb6933c581\"},\"headline\":\"Argentina GP: Markes qarda\u015flar\u0131 qar\u015f\u0131s\u0131al\u0131nmazd\u0131r\",\"datePublished\":\"2025-03-16T20:04:20+00:00\",\"dateModified\":\"2025-03-17T08:02:50+00:00\",\"mainEntityOfPage\":{\"@id\":\"https:\\\/\\\/kokpit.az\\\/?p=12939\"},\"wordCount\":365,\"commentCount\":0,\"publisher\":{\"@id\":\"https:\\\/\\\/kokpit.az\\\/#organization\"},\"image\":{\"@id\":\"https:\\\/\\\/kokpit.az\\\/?p=12939#primaryimage\"},\"thumbnailUrl\":\"https:\\\/\\\/kokpit.az\\\/wp-content\\\/uploads\\\/2025\\\/03\\\/marc-marquez-ducati-team-3.webp\",\"keywords\":[\"Ai Ogura\",\"Alex Marquez\",\"Argentina Grand Prix\",\"Ducati\",\"Fabio di Gianantonio\",\"Francesco Bagnaia\",\"Franco Morbidelli\",\"Gresini\",\"Joan Mir\",\"Johan Zarco\",\"Marc Marquez\",\"Pedro Acosta\",\"Termas de Rio Hondo\",\"VR46 Racing\"],\"articleSection\":[\"Dig\u0259r seriyalar\",\"MotoGP\"],\"inLanguage\":\"az\",\"potentialAction\":[{\"@type\":\"CommentAction\",\"name\":\"Comment\",\"target\":[\"https:\\\/\\\/kokpit.az\\\/?p=12939#respond\"]}]},{\"@type\":\"WebPage\",\"@id\":\"https:\\\/\\\/kokpit.az\\\/?p=12939\",\"url\":\"https:\\\/\\\/kokpit.az\\\/?p=12939\",\"name\":\"Argentina GP: Markes qarda\u015flar\u0131 qar\u015f\u0131s\u0131al\u0131nmazd\u0131r - X\u0259b\u0259ri Kokpitd\u0259 Oxuyun!\",\"isPartOf\":{\"@id\":\"https:\\\/\\\/kokpit.az\\\/#website\"},\"primaryImageOfPage\":{\"@id\":\"https:\\\/\\\/kokpit.az\\\/?p=12939#primaryimage\"},\"image\":{\"@id\":\"https:\\\/\\\/kokpit.az\\\/?p=12939#primaryimage\"},\"thumbnailUrl\":\"https:\\\/\\\/kokpit.az\\\/wp-content\\\/uploads\\\/2025\\\/03\\\/marc-marquez-ducati-team-3.webp\",\"datePublished\":\"2025-03-16T20:04:20+00:00\",\"dateModified\":\"2025-03-17T08:02:50+00:00\",\"breadcrumb\":{\"@id\":\"https:\\\/\\\/kokpit.az\\\/?p=12939#breadcrumb\"},\"inLanguage\":\"az\",\"potentialAction\":[{\"@type\":\"ReadAction\",\"target\":[\"https:\\\/\\\/kokpit.az\\\/?p=12939\"]}]},{\"@type\":\"ImageObject\",\"inLanguage\":\"az\",\"@id\":\"https:\\\/\\\/kokpit.az\\\/?p=12939#primaryimage\",\"url\":\"https:\\\/\\\/kokpit.az\\\/wp-content\\\/uploads\\\/2025\\\/03\\\/marc-marquez-ducati-team-3.webp\",\"contentUrl\":\"https:\\\/\\\/kokpit.az\\\/wp-content\\\/uploads\\\/2025\\\/03\\\/marc-marquez-ducati-team-3.webp\",\"width\":1200,\"height\":799},{\"@type\":\"BreadcrumbList\",\"@id\":\"https:\\\/\\\/kokpit.az\\\/?p=12939#breadcrumb\",\"itemListElement\":[{\"@type\":\"ListItem\",\"position\":1,\"name\":\"Home\",\"item\":\"https:\\\/\\\/kokpit.az\\\/\"},{\"@type\":\"ListItem\",\"position\":2,\"name\":\"Argentina GP: Markes qarda\u015flar\u0131 qar\u015f\u0131s\u0131al\u0131nmazd\u0131r\"}]},{\"@type\":\"WebSite\",\"@id\":\"https:\\\/\\\/kokpit.az\\\/#website\",\"url\":\"https:\\\/\\\/kokpit.az\\\/\",\"name\":\"X\u0259b\u0259ri Kokpitd\u0259 Oxuyun!\",\"description\":\"\",\"publisher\":{\"@id\":\"https:\\\/\\\/kokpit.az\\\/#organization\"},\"potentialAction\":[{\"@type\":\"SearchAction\",\"target\":{\"@type\":\"EntryPoint\",\"urlTemplate\":\"https:\\\/\\\/kokpit.az\\\/?s={search_term_string}\"},\"query-input\":{\"@type\":\"PropertyValueSpecification\",\"valueRequired\":true,\"valueName\":\"search_term_string\"}}],\"inLanguage\":\"az\"},{\"@type\":\"Organization\",\"@id\":\"https:\\\/\\\/kokpit.az\\\/#organization\",\"name\":\"X\u0259b\u0259ri Kokpitd\u0259 Oxuyun!\",\"url\":\"https:\\\/\\\/kokpit.az\\\/\",\"logo\":{\"@type\":\"ImageObject\",\"inLanguage\":\"az\",\"@id\":\"https:\\\/\\\/kokpit.az\\\/#\\\/schema\\\/logo\\\/image\\\/\",\"url\":\"https:\\\/\\\/kokpit.az\\\/wp-content\\\/uploads\\\/2023\\\/05\\\/kokpit.jpg\",\"contentUrl\":\"https:\\\/\\\/kokpit.az\\\/wp-content\\\/uploads\\\/2023\\\/05\\\/kokpit.jpg\",\"width\":488,\"height\":245,\"caption\":\"X\u0259b\u0259ri Kokpitd\u0259 Oxuyun!\"},\"image\":{\"@id\":\"https:\\\/\\\/kokpit.az\\\/#\\\/schema\\\/logo\\\/image\\\/\"},\"sameAs\":[\"https:\\\/\\\/www.facebook.com\\\/profile.php?id=61553756392357\"]},{\"@type\":\"Person\",\"@id\":\"https:\\\/\\\/kokpit.az\\\/#\\\/schema\\\/person\\\/f4114e650bc2993d0650e4fb6933c581\",\"name\":\"Rauf Hac\u0131yev\",\"image\":{\"@type\":\"ImageObject\",\"inLanguage\":\"az\",\"@id\":\"https:\\\/\\\/secure.gravatar.com\\\/avatar\\\/394a2085c47c7acdcf41f7d270b7cbb52513d6f4f24c1cb6dfbbd61f98c0503d?s=96&d=mm&r=g\",\"url\":\"https:\\\/\\\/secure.gravatar.com\\\/avatar\\\/394a2085c47c7acdcf41f7d270b7cbb52513d6f4f24c1cb6dfbbd61f98c0503d?s=96&d=mm&r=g\",\"contentUrl\":\"https:\\\/\\\/secure.gravatar.com\\\/avatar\\\/394a2085c47c7acdcf41f7d270b7cbb52513d6f4f24c1cb6dfbbd61f98c0503d?s=96&d=mm&r=g\",\"caption\":\"Rauf Hac\u0131yev\"},\"sameAs\":[\"https:\\\/\\\/kokpit.az\"],\"url\":\"https:\\\/\\\/kokpit.az\\\/?author=2\"}]}<\/script>\n<!-- \/ Yoast SEO plugin. -->","yoast_head_json":{"title":"Argentina GP: Markes qarda\u015flar\u0131 qar\u015f\u0131s\u0131al\u0131nmazd\u0131r - X\u0259b\u0259ri Kokpitd\u0259 Oxuyun!","robots":{"index":"index","follow":"follow","max-snippet":"max-snippet:-1","max-image-preview":"max-image-preview:large","max-video-preview":"max-video-preview:-1"},"canonical":"https:\/\/kokpit.az\/?p=12939","og_locale":"az_AZ","og_type":"article","og_title":"Argentina GP: Markes qarda\u015flar\u0131 qar\u015f\u0131s\u0131al\u0131nmazd\u0131r - X\u0259b\u0259ri Kokpitd\u0259 Oxuyun!","og_description":"MotoGP \u00fczr\u0259 Argentina yar\u0131\u015f\u0131n\u0131 Mark Markes qazan\u0131b. \u0130lk yar\u0131\u015fda oldu\u011fu kimi onu Aleks Markes izl\u0259yib. \u00dc\u00e7\u00fcnc\u00fc yeri is\u0259 Franko Morbidelli tutub.\u00a0","og_url":"https:\/\/kokpit.az\/?p=12939","og_site_name":"X\u0259b\u0259ri Kokpitd\u0259 Oxuyun!","article_publisher":"https:\/\/www.facebook.com\/profile.php?id=61553756392357","article_published_time":"2025-03-16T20:04:20+00:00","article_modified_time":"2025-03-17T08:02:50+00:00","og_image":[{"width":1200,"height":799,"url":"https:\/\/kokpit.az\/wp-content\/uploads\/2025\/03\/marc-marquez-ducati-team-3.webp","type":"image\/webp"}],"author":"Rauf Hac\u0131yev","twitter_card":"summary_large_image","twitter_misc":{"Written by":"Rauf Hac\u0131yev","Est. reading time":"2 minutes"},"schema":{"@context":"https:\/\/schema.org","@graph":[{"@type":"Article","@id":"https:\/\/kokpit.az\/?p=12939#article","isPartOf":{"@id":"https:\/\/kokpit.az\/?p=12939"},"author":{"name":"Rauf Hac\u0131yev","@id":"https:\/\/kokpit.az\/#\/schema\/person\/f4114e650bc2993d0650e4fb6933c581"},"headline":"Argentina GP: Markes qarda\u015flar\u0131 qar\u015f\u0131s\u0131al\u0131nmazd\u0131r","datePublished":"2025-03-16T20:04:20+00:00","dateModified":"2025-03-17T08:02:50+00:00","mainEntityOfPage":{"@id":"https:\/\/kokpit.az\/?p=12939"},"wordCount":365,"commentCount":0,"publisher":{"@id":"https:\/\/kokpit.az\/#organization"},"image":{"@id":"https:\/\/kokpit.az\/?p=12939#primaryimage"},"thumbnailUrl":"https:\/\/kokpit.az\/wp-content\/uploads\/2025\/03\/marc-marquez-ducati-team-3.webp","keywords":["Ai Ogura","Alex Marquez","Argentina Grand Prix","Ducati","Fabio di Gianantonio","Francesco Bagnaia","Franco Morbidelli","Gresini","Joan Mir","Johan Zarco","Marc Marquez","Pedro Acosta","Termas de Rio Hondo","VR46 Racing"],"articleSection":["Dig\u0259r seriyalar","MotoGP"],"inLanguage":"az","potentialAction":[{"@type":"CommentAction","name":"Comment","target":["https:\/\/kokpit.az\/?p=12939#respond"]}]},{"@type":"WebPage","@id":"https:\/\/kokpit.az\/?p=12939","url":"https:\/\/kokpit.az\/?p=12939","name":"Argentina GP: Markes qarda\u015flar\u0131 qar\u015f\u0131s\u0131al\u0131nmazd\u0131r - X\u0259b\u0259ri Kokpitd\u0259 Oxuyun!","isPartOf":{"@id":"https:\/\/kokpit.az\/#website"},"primaryImageOfPage":{"@id":"https:\/\/kokpit.az\/?p=12939#primaryimage"},"image":{"@id":"https:\/\/kokpit.az\/?p=12939#primaryimage"},"thumbnailUrl":"https:\/\/kokpit.az\/wp-content\/uploads\/2025\/03\/marc-marquez-ducati-team-3.webp","datePublished":"2025-03-16T20:04:20+00:00","dateModified":"2025-03-17T08:02:50+00:00","breadcrumb":{"@id":"https:\/\/kokpit.az\/?p=12939#breadcrumb"},"inLanguage":"az","potentialAction":[{"@type":"ReadAction","target":["https:\/\/kokpit.az\/?p=12939"]}]},{"@type":"ImageObject","inLanguage":"az","@id":"https:\/\/kokpit.az\/?p=12939#primaryimage","url":"https:\/\/kokpit.az\/wp-content\/uploads\/2025\/03\/marc-marquez-ducati-team-3.webp","contentUrl":"https:\/\/kokpit.az\/wp-content\/uploads\/2025\/03\/marc-marquez-ducati-team-3.webp","width":1200,"height":799},{"@type":"BreadcrumbList","@id":"https:\/\/kokpit.az\/?p=12939#breadcrumb","itemListElement":[{"@type":"ListItem","position":1,"name":"Home","item":"https:\/\/kokpit.az\/"},{"@type":"ListItem","position":2,"name":"Argentina GP: Markes qarda\u015flar\u0131 qar\u015f\u0131s\u0131al\u0131nmazd\u0131r"}]},{"@type":"WebSite","@id":"https:\/\/kokpit.az\/#website","url":"https:\/\/kokpit.az\/","name":"X\u0259b\u0259ri Kokpitd\u0259 Oxuyun!","description":"","publisher":{"@id":"https:\/\/kokpit.az\/#organization"},"potentialAction":[{"@type":"SearchAction","target":{"@type":"EntryPoint","urlTemplate":"https:\/\/kokpit.az\/?s={search_term_string}"},"query-input":{"@type":"PropertyValueSpecification","valueRequired":true,"valueName":"search_term_string"}}],"inLanguage":"az"},{"@type":"Organization","@id":"https:\/\/kokpit.az\/#organization","name":"X\u0259b\u0259ri Kokpitd\u0259 Oxuyun!","url":"https:\/\/kokpit.az\/","logo":{"@type":"ImageObject","inLanguage":"az","@id":"https:\/\/kokpit.az\/#\/schema\/logo\/image\/","url":"https:\/\/kokpit.az\/wp-content\/uploads\/2023\/05\/kokpit.jpg","contentUrl":"https:\/\/kokpit.az\/wp-content\/uploads\/2023\/05\/kokpit.jpg","width":488,"height":245,"caption":"X\u0259b\u0259ri Kokpitd\u0259 Oxuyun!"},"image":{"@id":"https:\/\/kokpit.az\/#\/schema\/logo\/image\/"},"sameAs":["https:\/\/www.facebook.com\/profile.php?id=61553756392357"]},{"@type":"Person","@id":"https:\/\/kokpit.az\/#\/schema\/person\/f4114e650bc2993d0650e4fb6933c581","name":"Rauf Hac\u0131yev","image":{"@type":"ImageObject","inLanguage":"az","@id":"https:\/\/secure.gravatar.com\/avatar\/394a2085c47c7acdcf41f7d270b7cbb52513d6f4f24c1cb6dfbbd61f98c0503d?s=96&d=mm&r=g","url":"https:\/\/secure.gravatar.com\/avatar\/394a2085c47c7acdcf41f7d270b7cbb52513d6f4f24c1cb6dfbbd61f98c0503d?s=96&d=mm&r=g","contentUrl":"https:\/\/secure.gravatar.com\/avatar\/394a2085c47c7acdcf41f7d270b7cbb52513d6f4f24c1cb6dfbbd61f98c0503d?s=96&d=mm&r=g","caption":"Rauf Hac\u0131yev"},"sameAs":["https:\/\/kokpit.az"],"url":"https:\/\/kokpit.az\/?author=2"}]}},"_links":{"self":[{"href":"https:\/\/kokpit.az\/index.php?rest_route=\/wp\/v2\/posts\/12939","targetHints":{"allow":["GET"]}}],"collection":[{"href":"https:\/\/kokpit.az\/index.php?rest_route=\/wp\/v2\/posts"}],"about":[{"href":"https:\/\/kokpit.az\/index.php?rest_route=\/wp\/v2\/types\/post"}],"author":[{"embeddable":true,"href":"https:\/\/kokpit.az\/index.php?rest_route=\/wp\/v2\/users\/2"}],"replies":[{"embeddable":true,"href":"https:\/\/kokpit.az\/index.php?rest_route=%2Fwp%2Fv2%2Fcomments&post=12939"}],"version-history":[{"count":2,"href":"https:\/\/kokpit.az\/index.php?rest_route=\/wp\/v2\/posts\/12939\/revisions"}],"predecessor-version":[{"id":12942,"href":"https:\/\/kokpit.az\/index.php?rest_route=\/wp\/v2\/posts\/12939\/revisions\/12942"}],"wp:featuredmedia":[{"embeddable":true,"href":"https:\/\/kokpit.az\/index.php?rest_route=\/wp\/v2\/media\/12940"}],"wp:attachment":[{"href":"https:\/\/kokpit.az\/index.php?rest_route=%2Fwp%2Fv2%2Fmedia&parent=12939"}],"wp:term":[{"taxonomy":"category","embeddable":true,"href":"https:\/\/kokpit.az\/index.php?rest_route=%2Fwp%2Fv2%2Fcategories&post=12939"},{"taxonomy":"post_tag","embeddable":true,"href":"https:\/\/kokpit.az\/index.php?rest_route=%2Fwp%2Fv2%2Ftags&post=12939"}],"curies":[{"name":"wp","href":"https:\/\/api.w.org\/{rel}","templated":true}]}}