{"id":12813,"date":"2025-03-14T19:25:45","date_gmt":"2025-03-14T15:25:45","guid":{"rendered":"https:\/\/kokpit.az\/?p=12813"},"modified":"2025-03-14T20:47:09","modified_gmt":"2025-03-14T16:47:09","slug":"markes-argentinada-da-firtina-%c9%99sdirir","status":"publish","type":"post","link":"https:\/\/kokpit.az\/?p=12813","title":{"rendered":"Markes Argentinada da f\u0131rt\u0131na \u0259sdirir"},"content":{"rendered":"<div class=\"msnt-entity-header  pb-6 pt-4 t:pb-8 t:pt-0  \">\n<h2><span style=\"font-size: 16px;\">Kokpit.az bildirir ki, ispaniyal\u0131 s\u00fcr\u00fcc\u00fc m\u00f6vs\u00fcm\u00fcn ilk yar\u0131\u015f\u0131 Taylandda qalib g\u0259ldikd\u0259n sonra bu g\u00fcn Termas de Rio Hondo tras\u0131nda ke\u00e7iril\u0259n birinci s\u0259rb\u0259st y\u00fcr\u00fc\u015fl\u0259rd\u0259 d\u0259 ham\u0131n\u0131 qabaqlay\u0131b. \u018ffsan\u0259vi s\u00fcr\u00fcc\u00fc 99 saniy\u0259nin alt\u0131na d\u00fc\u015f\u0259n yegan\u0259 pilot olub.\u00a0<\/span><\/h2>\n<\/div>\n<p>C\u00fcm\u0259 g\u00fcn\u00fc s\u0259h\u0259r ya\u011f\u0131\u015f ya\u011fd\u0131\u011f\u0131 \u00fc\u00e7\u00fcn tras n\u0259m idi, ancaq sessiya \u0259rzind\u0259 tras quruyub v\u0259 s\u00fcr\u00fcc\u00fcl\u0259r trasa quru hava t\u0259k\u0259rl\u0259ri il\u0259 \u00e7\u0131x\u0131blar.<\/p>\n<p>Bel\u0259likl\u0131 birinci yeri Mark Markes tutub. \u0130kinci yeri Yohan Zarko, \u00fc\u00e7\u00fcnc\u00fc yeri Aleks Markes, d\u00f6rd\u00fcnc\u00fc yeri is\u0259 Franko Morbidello \u0259ld\u0259 edib. Be\u015fliyi is\u0259 Marko Bezzekki ba\u011flay\u0131b. Markesin komanda yolda\u015f\u0131 Fran\u00e7esko Banyaya birinci s\u0259rb\u0259st y\u00fcr\u00fc\u015fl\u0259ri 16-c\u0131 yerd\u0259 ba\u011flay\u0131b.<\/p>\n<p>Sonuncu D\u00fcnya \u00c7empionu Xorxe Martin is\u0259 z\u0259d\u0259 s\u0259b\u0259bind\u0259n Argentina Qran Prisini buraxmal\u0131 olub. Onu Aprilia komandas\u0131n\u0131n test s\u00fcr\u00fcc\u00fcs\u00fc Lorenzo Savadori \u0259v\u0259z edib.<\/p>\n<div class=\"ms-article_detail\">\n<div class=\"ms-article__main mb-dynamic\">\n<div class=\"ms-article__body\">\n<div class=\"ms-article-content-wrapper my-dynamic\">\n<div class=\"ms-article-content\" data-autoplay=\"0\" data-mute=\"0\" data-position=\"embed\" data-series=\"motogp\">\n<div id=\"empowerplayercontainer\">\n<div id=\"tip_text_content\">\n<div id=\"noktaplayercontainer\">\n<div id=\"noktaplayer0\" class=\"\" data-noktaplayer-videoid=\"10906245\" data-noktaplayer-readyhandler=\"empowerDesktopPlayerReadyHandler\" data-noktaplayer-videoinfo=\"{&quot;id&quot;:10906245,&quot;videoTitle&quot;:&quot;motorsport&quot;,&quot;media&quot;:{&quot;level&quot;:[{&quot;value&quot;:&quot;360&quot;,&quot;source&quot;:&quot;https:\/\/istr-n22.nktcdn.com\/data\/videos\/10906\/10906245-270_1-72k.mp4?token=sWH7oWy2edwjtb6jD6nBuw&amp;ts=2101530855&quot;}]},&quot;posterURL&quot;:&quot;\/\/i1.imgiz.com\/rshots\/10906\/sezononcesi_10906245-1140_306x191.jpg&quot;}\" data-noktaplayer-options=\"{&quot;playerName&quot;:&quot;npm_tr_motorsport&quot;,&quot;loadAdsFromServer&quot;:false,&quot;adSiteID&quot;:&quot;tr_motorsport:site_geneli&quot;,&quot;adCatID&quot;:&quot;site_geneli&quot;,&quot;adTimeout&quot;:6,&quot;autoPlay&quot;:false,&quot;volume&quot;:0,&quot;theme&quot;:{&quot;highlight&quot;:&quot;#3949ff&quot;}}\">\n<div class=\"EmpowerPlayer ep-active ep-npm_tr_motorsport-theme ep-showTitleBar\">\n<div class=\"ep-pluginContainer\"><\/div>\n<div class=\"ep-loadIndicator ep-absolute\"><\/div>\n<\/div>\n<\/div>\n<\/div>\n<\/div>\n<\/div>\n<p>&nbsp;<\/p>\n<\/div>\n<\/div>\n<\/div>\n<\/div>\n<\/div>\n","protected":false},"excerpt":{"rendered":"<p>MotoGP \u00fczr\u0259 Argentina Qran Prisinin birinci s\u0259rb\u0259st y\u00fcr\u00fc\u015fl\u0259ri gerid\u0259 qal\u0131b. Ducati komandas\u0131ndan Mark Markes birinci sessiyada ham\u0131dan s\u00fcr\u0259tli olub.\u00a0<\/p>\n","protected":false},"author":2,"featured_media":12814,"comment_status":"open","ping_status":"open","sticky":false,"template":"","format":"standard","meta":{"footnotes":""},"categories":[5,232],"tags":[1016,286,320,1017],"class_list":["post-12813","post","type-post","status-publish","format-standard","has-post-thumbnail","hentry","category-other-series","category-motogp","tag-argentina-grand-prix","tag-ducati","tag-marc-marquez","tag-termas-de-rio-hondo"],"yoast_head":"<!-- This site is optimized with the Yoast SEO plugin v27.5 - https:\/\/yoast.com\/product\/yoast-seo-wordpress\/ -->\n<title>Markes Argentinada da f\u0131rt\u0131na \u0259sdirir - X\u0259b\u0259ri Kokpitd\u0259 Oxuyun!<\/title>\n<meta name=\"robots\" content=\"index, follow, max-snippet:-1, max-image-preview:large, max-video-preview:-1\" \/>\n<link rel=\"canonical\" href=\"https:\/\/kokpit.az\/?p=12813\" \/>\n<meta property=\"og:locale\" content=\"az_AZ\" \/>\n<meta property=\"og:type\" content=\"article\" \/>\n<meta property=\"og:title\" content=\"Markes Argentinada da f\u0131rt\u0131na \u0259sdirir - X\u0259b\u0259ri Kokpitd\u0259 Oxuyun!\" \/>\n<meta property=\"og:description\" content=\"MotoGP \u00fczr\u0259 Argentina Qran Prisinin birinci s\u0259rb\u0259st y\u00fcr\u00fc\u015fl\u0259ri gerid\u0259 qal\u0131b. Ducati komandas\u0131ndan Mark Markes birinci sessiyada ham\u0131dan s\u00fcr\u0259tli olub.\u00a0\" \/>\n<meta property=\"og:url\" content=\"https:\/\/kokpit.az\/?p=12813\" \/>\n<meta property=\"og:site_name\" content=\"X\u0259b\u0259ri Kokpitd\u0259 Oxuyun!\" \/>\n<meta property=\"article:publisher\" content=\"https:\/\/www.facebook.com\/profile.php?id=61553756392357\" \/>\n<meta property=\"article:published_time\" content=\"2025-03-14T15:25:45+00:00\" \/>\n<meta property=\"article:modified_time\" content=\"2025-03-14T16:47:09+00:00\" \/>\n<meta property=\"og:image\" content=\"https:\/\/kokpit.az\/wp-content\/uploads\/2025\/03\/marc-marquez-ducati-team-2-e1741970819450.webp\" \/>\n\t<meta property=\"og:image:width\" content=\"1200\" \/>\n\t<meta property=\"og:image:height\" content=\"630\" \/>\n\t<meta property=\"og:image:type\" content=\"image\/webp\" \/>\n<meta name=\"author\" content=\"Rauf Hac\u0131yev\" \/>\n<meta name=\"twitter:card\" content=\"summary_large_image\" \/>\n<meta name=\"twitter:label1\" content=\"Written by\" \/>\n\t<meta name=\"twitter:data1\" content=\"Rauf Hac\u0131yev\" \/>\n\t<meta name=\"twitter:label2\" content=\"Est. reading time\" \/>\n\t<meta name=\"twitter:data2\" content=\"1 minute\" \/>\n<script type=\"application\/ld+json\" class=\"yoast-schema-graph\">{\"@context\":\"https:\\\/\\\/schema.org\",\"@graph\":[{\"@type\":\"Article\",\"@id\":\"https:\\\/\\\/kokpit.az\\\/?p=12813#article\",\"isPartOf\":{\"@id\":\"https:\\\/\\\/kokpit.az\\\/?p=12813\"},\"author\":{\"name\":\"Rauf Hac\u0131yev\",\"@id\":\"https:\\\/\\\/kokpit.az\\\/#\\\/schema\\\/person\\\/f4114e650bc2993d0650e4fb6933c581\"},\"headline\":\"Markes Argentinada da f\u0131rt\u0131na \u0259sdirir\",\"datePublished\":\"2025-03-14T15:25:45+00:00\",\"dateModified\":\"2025-03-14T16:47:09+00:00\",\"mainEntityOfPage\":{\"@id\":\"https:\\\/\\\/kokpit.az\\\/?p=12813\"},\"wordCount\":187,\"commentCount\":0,\"publisher\":{\"@id\":\"https:\\\/\\\/kokpit.az\\\/#organization\"},\"image\":{\"@id\":\"https:\\\/\\\/kokpit.az\\\/?p=12813#primaryimage\"},\"thumbnailUrl\":\"https:\\\/\\\/kokpit.az\\\/wp-content\\\/uploads\\\/2025\\\/03\\\/marc-marquez-ducati-team-2-e1741970819450.webp\",\"keywords\":[\"Argentina Grand Prix\",\"Ducati\",\"Marc Marquez\",\"Termas de Rio Hondo\"],\"articleSection\":[\"Dig\u0259r seriyalar\",\"MotoGP\"],\"inLanguage\":\"az\",\"potentialAction\":[{\"@type\":\"CommentAction\",\"name\":\"Comment\",\"target\":[\"https:\\\/\\\/kokpit.az\\\/?p=12813#respond\"]}]},{\"@type\":\"WebPage\",\"@id\":\"https:\\\/\\\/kokpit.az\\\/?p=12813\",\"url\":\"https:\\\/\\\/kokpit.az\\\/?p=12813\",\"name\":\"Markes Argentinada da f\u0131rt\u0131na \u0259sdirir - X\u0259b\u0259ri Kokpitd\u0259 Oxuyun!\",\"isPartOf\":{\"@id\":\"https:\\\/\\\/kokpit.az\\\/#website\"},\"primaryImageOfPage\":{\"@id\":\"https:\\\/\\\/kokpit.az\\\/?p=12813#primaryimage\"},\"image\":{\"@id\":\"https:\\\/\\\/kokpit.az\\\/?p=12813#primaryimage\"},\"thumbnailUrl\":\"https:\\\/\\\/kokpit.az\\\/wp-content\\\/uploads\\\/2025\\\/03\\\/marc-marquez-ducati-team-2-e1741970819450.webp\",\"datePublished\":\"2025-03-14T15:25:45+00:00\",\"dateModified\":\"2025-03-14T16:47:09+00:00\",\"breadcrumb\":{\"@id\":\"https:\\\/\\\/kokpit.az\\\/?p=12813#breadcrumb\"},\"inLanguage\":\"az\",\"potentialAction\":[{\"@type\":\"ReadAction\",\"target\":[\"https:\\\/\\\/kokpit.az\\\/?p=12813\"]}]},{\"@type\":\"ImageObject\",\"inLanguage\":\"az\",\"@id\":\"https:\\\/\\\/kokpit.az\\\/?p=12813#primaryimage\",\"url\":\"https:\\\/\\\/kokpit.az\\\/wp-content\\\/uploads\\\/2025\\\/03\\\/marc-marquez-ducati-team-2-e1741970819450.webp\",\"contentUrl\":\"https:\\\/\\\/kokpit.az\\\/wp-content\\\/uploads\\\/2025\\\/03\\\/marc-marquez-ducati-team-2-e1741970819450.webp\",\"width\":1200,\"height\":630},{\"@type\":\"BreadcrumbList\",\"@id\":\"https:\\\/\\\/kokpit.az\\\/?p=12813#breadcrumb\",\"itemListElement\":[{\"@type\":\"ListItem\",\"position\":1,\"name\":\"Home\",\"item\":\"https:\\\/\\\/kokpit.az\\\/\"},{\"@type\":\"ListItem\",\"position\":2,\"name\":\"Markes Argentinada da f\u0131rt\u0131na \u0259sdirir\"}]},{\"@type\":\"WebSite\",\"@id\":\"https:\\\/\\\/kokpit.az\\\/#website\",\"url\":\"https:\\\/\\\/kokpit.az\\\/\",\"name\":\"X\u0259b\u0259ri Kokpitd\u0259 Oxuyun!\",\"description\":\"\",\"publisher\":{\"@id\":\"https:\\\/\\\/kokpit.az\\\/#organization\"},\"potentialAction\":[{\"@type\":\"SearchAction\",\"target\":{\"@type\":\"EntryPoint\",\"urlTemplate\":\"https:\\\/\\\/kokpit.az\\\/?s={search_term_string}\"},\"query-input\":{\"@type\":\"PropertyValueSpecification\",\"valueRequired\":true,\"valueName\":\"search_term_string\"}}],\"inLanguage\":\"az\"},{\"@type\":\"Organization\",\"@id\":\"https:\\\/\\\/kokpit.az\\\/#organization\",\"name\":\"X\u0259b\u0259ri Kokpitd\u0259 Oxuyun!\",\"url\":\"https:\\\/\\\/kokpit.az\\\/\",\"logo\":{\"@type\":\"ImageObject\",\"inLanguage\":\"az\",\"@id\":\"https:\\\/\\\/kokpit.az\\\/#\\\/schema\\\/logo\\\/image\\\/\",\"url\":\"https:\\\/\\\/kokpit.az\\\/wp-content\\\/uploads\\\/2023\\\/05\\\/kokpit.jpg\",\"contentUrl\":\"https:\\\/\\\/kokpit.az\\\/wp-content\\\/uploads\\\/2023\\\/05\\\/kokpit.jpg\",\"width\":488,\"height\":245,\"caption\":\"X\u0259b\u0259ri Kokpitd\u0259 Oxuyun!\"},\"image\":{\"@id\":\"https:\\\/\\\/kokpit.az\\\/#\\\/schema\\\/logo\\\/image\\\/\"},\"sameAs\":[\"https:\\\/\\\/www.facebook.com\\\/profile.php?id=61553756392357\"]},{\"@type\":\"Person\",\"@id\":\"https:\\\/\\\/kokpit.az\\\/#\\\/schema\\\/person\\\/f4114e650bc2993d0650e4fb6933c581\",\"name\":\"Rauf Hac\u0131yev\",\"image\":{\"@type\":\"ImageObject\",\"inLanguage\":\"az\",\"@id\":\"https:\\\/\\\/secure.gravatar.com\\\/avatar\\\/394a2085c47c7acdcf41f7d270b7cbb52513d6f4f24c1cb6dfbbd61f98c0503d?s=96&d=mm&r=g\",\"url\":\"https:\\\/\\\/secure.gravatar.com\\\/avatar\\\/394a2085c47c7acdcf41f7d270b7cbb52513d6f4f24c1cb6dfbbd61f98c0503d?s=96&d=mm&r=g\",\"contentUrl\":\"https:\\\/\\\/secure.gravatar.com\\\/avatar\\\/394a2085c47c7acdcf41f7d270b7cbb52513d6f4f24c1cb6dfbbd61f98c0503d?s=96&d=mm&r=g\",\"caption\":\"Rauf Hac\u0131yev\"},\"sameAs\":[\"https:\\\/\\\/kokpit.az\"],\"url\":\"https:\\\/\\\/kokpit.az\\\/?author=2\"}]}<\/script>\n<!-- \/ Yoast SEO plugin. -->","yoast_head_json":{"title":"Markes Argentinada da f\u0131rt\u0131na \u0259sdirir - X\u0259b\u0259ri Kokpitd\u0259 Oxuyun!","robots":{"index":"index","follow":"follow","max-snippet":"max-snippet:-1","max-image-preview":"max-image-preview:large","max-video-preview":"max-video-preview:-1"},"canonical":"https:\/\/kokpit.az\/?p=12813","og_locale":"az_AZ","og_type":"article","og_title":"Markes Argentinada da f\u0131rt\u0131na \u0259sdirir - X\u0259b\u0259ri Kokpitd\u0259 Oxuyun!","og_description":"MotoGP \u00fczr\u0259 Argentina Qran Prisinin birinci s\u0259rb\u0259st y\u00fcr\u00fc\u015fl\u0259ri gerid\u0259 qal\u0131b. Ducati komandas\u0131ndan Mark Markes birinci sessiyada ham\u0131dan s\u00fcr\u0259tli olub.\u00a0","og_url":"https:\/\/kokpit.az\/?p=12813","og_site_name":"X\u0259b\u0259ri Kokpitd\u0259 Oxuyun!","article_publisher":"https:\/\/www.facebook.com\/profile.php?id=61553756392357","article_published_time":"2025-03-14T15:25:45+00:00","article_modified_time":"2025-03-14T16:47:09+00:00","og_image":[{"width":1200,"height":630,"url":"https:\/\/kokpit.az\/wp-content\/uploads\/2025\/03\/marc-marquez-ducati-team-2-e1741970819450.webp","type":"image\/webp"}],"author":"Rauf Hac\u0131yev","twitter_card":"summary_large_image","twitter_misc":{"Written by":"Rauf Hac\u0131yev","Est. reading time":"1 minute"},"schema":{"@context":"https:\/\/schema.org","@graph":[{"@type":"Article","@id":"https:\/\/kokpit.az\/?p=12813#article","isPartOf":{"@id":"https:\/\/kokpit.az\/?p=12813"},"author":{"name":"Rauf Hac\u0131yev","@id":"https:\/\/kokpit.az\/#\/schema\/person\/f4114e650bc2993d0650e4fb6933c581"},"headline":"Markes Argentinada da f\u0131rt\u0131na \u0259sdirir","datePublished":"2025-03-14T15:25:45+00:00","dateModified":"2025-03-14T16:47:09+00:00","mainEntityOfPage":{"@id":"https:\/\/kokpit.az\/?p=12813"},"wordCount":187,"commentCount":0,"publisher":{"@id":"https:\/\/kokpit.az\/#organization"},"image":{"@id":"https:\/\/kokpit.az\/?p=12813#primaryimage"},"thumbnailUrl":"https:\/\/kokpit.az\/wp-content\/uploads\/2025\/03\/marc-marquez-ducati-team-2-e1741970819450.webp","keywords":["Argentina Grand Prix","Ducati","Marc Marquez","Termas de Rio Hondo"],"articleSection":["Dig\u0259r seriyalar","MotoGP"],"inLanguage":"az","potentialAction":[{"@type":"CommentAction","name":"Comment","target":["https:\/\/kokpit.az\/?p=12813#respond"]}]},{"@type":"WebPage","@id":"https:\/\/kokpit.az\/?p=12813","url":"https:\/\/kokpit.az\/?p=12813","name":"Markes Argentinada da f\u0131rt\u0131na \u0259sdirir - X\u0259b\u0259ri Kokpitd\u0259 Oxuyun!","isPartOf":{"@id":"https:\/\/kokpit.az\/#website"},"primaryImageOfPage":{"@id":"https:\/\/kokpit.az\/?p=12813#primaryimage"},"image":{"@id":"https:\/\/kokpit.az\/?p=12813#primaryimage"},"thumbnailUrl":"https:\/\/kokpit.az\/wp-content\/uploads\/2025\/03\/marc-marquez-ducati-team-2-e1741970819450.webp","datePublished":"2025-03-14T15:25:45+00:00","dateModified":"2025-03-14T16:47:09+00:00","breadcrumb":{"@id":"https:\/\/kokpit.az\/?p=12813#breadcrumb"},"inLanguage":"az","potentialAction":[{"@type":"ReadAction","target":["https:\/\/kokpit.az\/?p=12813"]}]},{"@type":"ImageObject","inLanguage":"az","@id":"https:\/\/kokpit.az\/?p=12813#primaryimage","url":"https:\/\/kokpit.az\/wp-content\/uploads\/2025\/03\/marc-marquez-ducati-team-2-e1741970819450.webp","contentUrl":"https:\/\/kokpit.az\/wp-content\/uploads\/2025\/03\/marc-marquez-ducati-team-2-e1741970819450.webp","width":1200,"height":630},{"@type":"BreadcrumbList","@id":"https:\/\/kokpit.az\/?p=12813#breadcrumb","itemListElement":[{"@type":"ListItem","position":1,"name":"Home","item":"https:\/\/kokpit.az\/"},{"@type":"ListItem","position":2,"name":"Markes Argentinada da f\u0131rt\u0131na \u0259sdirir"}]},{"@type":"WebSite","@id":"https:\/\/kokpit.az\/#website","url":"https:\/\/kokpit.az\/","name":"X\u0259b\u0259ri Kokpitd\u0259 Oxuyun!","description":"","publisher":{"@id":"https:\/\/kokpit.az\/#organization"},"potentialAction":[{"@type":"SearchAction","target":{"@type":"EntryPoint","urlTemplate":"https:\/\/kokpit.az\/?s={search_term_string}"},"query-input":{"@type":"PropertyValueSpecification","valueRequired":true,"valueName":"search_term_string"}}],"inLanguage":"az"},{"@type":"Organization","@id":"https:\/\/kokpit.az\/#organization","name":"X\u0259b\u0259ri Kokpitd\u0259 Oxuyun!","url":"https:\/\/kokpit.az\/","logo":{"@type":"ImageObject","inLanguage":"az","@id":"https:\/\/kokpit.az\/#\/schema\/logo\/image\/","url":"https:\/\/kokpit.az\/wp-content\/uploads\/2023\/05\/kokpit.jpg","contentUrl":"https:\/\/kokpit.az\/wp-content\/uploads\/2023\/05\/kokpit.jpg","width":488,"height":245,"caption":"X\u0259b\u0259ri Kokpitd\u0259 Oxuyun!"},"image":{"@id":"https:\/\/kokpit.az\/#\/schema\/logo\/image\/"},"sameAs":["https:\/\/www.facebook.com\/profile.php?id=61553756392357"]},{"@type":"Person","@id":"https:\/\/kokpit.az\/#\/schema\/person\/f4114e650bc2993d0650e4fb6933c581","name":"Rauf Hac\u0131yev","image":{"@type":"ImageObject","inLanguage":"az","@id":"https:\/\/secure.gravatar.com\/avatar\/394a2085c47c7acdcf41f7d270b7cbb52513d6f4f24c1cb6dfbbd61f98c0503d?s=96&d=mm&r=g","url":"https:\/\/secure.gravatar.com\/avatar\/394a2085c47c7acdcf41f7d270b7cbb52513d6f4f24c1cb6dfbbd61f98c0503d?s=96&d=mm&r=g","contentUrl":"https:\/\/secure.gravatar.com\/avatar\/394a2085c47c7acdcf41f7d270b7cbb52513d6f4f24c1cb6dfbbd61f98c0503d?s=96&d=mm&r=g","caption":"Rauf Hac\u0131yev"},"sameAs":["https:\/\/kokpit.az"],"url":"https:\/\/kokpit.az\/?author=2"}]}},"_links":{"self":[{"href":"https:\/\/kokpit.az\/index.php?rest_route=\/wp\/v2\/posts\/12813","targetHints":{"allow":["GET"]}}],"collection":[{"href":"https:\/\/kokpit.az\/index.php?rest_route=\/wp\/v2\/posts"}],"about":[{"href":"https:\/\/kokpit.az\/index.php?rest_route=\/wp\/v2\/types\/post"}],"author":[{"embeddable":true,"href":"https:\/\/kokpit.az\/index.php?rest_route=\/wp\/v2\/users\/2"}],"replies":[{"embeddable":true,"href":"https:\/\/kokpit.az\/index.php?rest_route=%2Fwp%2Fv2%2Fcomments&post=12813"}],"version-history":[{"count":1,"href":"https:\/\/kokpit.az\/index.php?rest_route=\/wp\/v2\/posts\/12813\/revisions"}],"predecessor-version":[{"id":12815,"href":"https:\/\/kokpit.az\/index.php?rest_route=\/wp\/v2\/posts\/12813\/revisions\/12815"}],"wp:featuredmedia":[{"embeddable":true,"href":"https:\/\/kokpit.az\/index.php?rest_route=\/wp\/v2\/media\/12814"}],"wp:attachment":[{"href":"https:\/\/kokpit.az\/index.php?rest_route=%2Fwp%2Fv2%2Fmedia&parent=12813"}],"wp:term":[{"taxonomy":"category","embeddable":true,"href":"https:\/\/kokpit.az\/index.php?rest_route=%2Fwp%2Fv2%2Fcategories&post=12813"},{"taxonomy":"post_tag","embeddable":true,"href":"https:\/\/kokpit.az\/index.php?rest_route=%2Fwp%2Fv2%2Ftags&post=12813"}],"curies":[{"name":"wp","href":"https:\/\/api.w.org\/{rel}","templated":true}]}}