{"id":12776,"date":"2025-03-13T18:49:29","date_gmt":"2025-03-13T14:49:29","guid":{"rendered":"https:\/\/kokpit.az\/?p=12776"},"modified":"2025-03-13T23:57:21","modified_gmt":"2025-03-13T19:57:21","slug":"m-ferstappen-umidini-itirmir","status":"publish","type":"post","link":"https:\/\/kokpit.az\/?p=12776","title":{"rendered":"M.Ferstappen \u00fcmidini itirmir"},"content":{"rendered":"<div class=\"msnt-entity-header  pb-6 pt-4 t:pb-8 t:pt-0  \">\n<h2><span style=\"font-size: 16px;\">Kokpit.az xat\u0131rlad\u0131r ki, ke\u00e7\u0259n m\u00f6vs\u00fcm McLaren ilk yar\u0131\u015flarda \u00e7\u0259tinlik \u00e7\u0259ks\u0259 d\u0259, sonradan g\u00fccl\u0259nmi\u015f v\u0259 M\u00fch\u0259ndisl\u0259r Kubokunu qazanm\u0131\u015fd\u0131. &#8220;Nar\u0131nc\u0131lar&#8221;\u0131n s\u00fcr\u00fcc\u00fcs\u00fc Lando Norris uzun m\u00fcdd\u0259t Maks Ferstappenl\u0259 \u00e7empionluq u\u011frunda m\u00fcbariz\u0259 aparsa da, sonda niderlandl\u0131 s\u00fcr\u00fcc\u00fc titulu qazanm\u0131\u015fd\u0131.\u00a0<\/span><\/h2>\n<\/div>\n<p>Buna baxmayaraq McLaren komandas\u0131 1998-ci ild\u0259 sonra ilk d\u0259f\u0259 M\u00fch\u0259ndisl\u0259r Kubokunu qazanaraq, b\u00f6y\u00fck u\u011fur \u0259ld\u0259 etmi\u015fdi.<\/p>\n<p>Avstraliya Qran Prisind\u0259n \u0259vv\u0259l ke\u00e7iril\u0259n m\u0259tbuat konfrans\u0131nda <strong>Maks Ferstappen<\/strong> bildirib ki, haz\u0131rda \u0259n s\u00fcr\u0259tli ma\u015f\u0131na sahib olmasalar da, h\u0259l\u0259 dan\u0131\u015fmaq \u00fc\u00e7\u00fcn \u00e7ox tezdir: &#8220;Haz\u0131rda q\u0259ti s\u00f6z dem\u0259k m\u00fcmk\u00fcns\u00fczd\u00fcr. Haz\u0131rda \u0259n s\u00fcr\u0259tli ma\u015f\u0131na sahib olmad\u0131\u011f\u0131m\u0131z\u0131 bilir\u0259m, amma \u00f6n\u00fcm\u00fczd\u0259 uzun m\u00f6vs\u00fcm var. Ke\u00e7\u0259n ili d\u00fc\u015f\u00fcn\u0259nd\u0259 m\u00f6vs\u00fcm\u00fcn \u0259vv\u0259li il\u0259 sonu aras\u0131ndak\u0131 g\u00f6r\u00fcnt\u00fc bir-birind\u0259n \u00e7ox f\u0259rqli idi. Formula 1-d\u0259 h\u0259r \u015fey \u00e7ox s\u00fcr\u0259tl\u0259 d\u0259yi\u015f\u0259 bil\u0259r&#8221;.<\/p>\n<p>&nbsp;<\/p>\n","protected":false},"excerpt":{"rendered":"<p>Red Bull komandas\u0131n\u0131n s\u00fcr\u00fcc\u00fcs\u00fc Maks Ferstappen bildirib ki, Red Bull m\u00f6vs\u00fcm\u00fcn \u0259vv\u0259lind\u0259 \u0259n s\u00fcr\u0259tli ma\u015f\u0131n olmasa da, m\u00f6vs\u00fcm r\u0259zind\u0259 h\u0259r \u015fey d\u0259yi\u015f\u0259 bil\u0259r.\u00a0<\/p>\n","protected":false},"author":2,"featured_media":12777,"comment_status":"open","ping_status":"open","sticky":false,"template":"","format":"standard","meta":{"footnotes":""},"categories":[193,2],"tags":[153,96,56,51],"class_list":["post-12776","post","type-post","status-publish","format-standard","has-post-thumbnail","hentry","category-avstraliya-qran-prisi","category-news","tag-albert-park-circuit","tag-australian-grand-prix","tag-max-verstappen","tag-red-bull-racing"],"yoast_head":"<!-- This site is optimized with the Yoast SEO plugin v27.5 - https:\/\/yoast.com\/product\/yoast-seo-wordpress\/ -->\n<title>M.Ferstappen \u00fcmidini itirmir - X\u0259b\u0259ri Kokpitd\u0259 Oxuyun!<\/title>\n<meta name=\"robots\" content=\"index, follow, max-snippet:-1, max-image-preview:large, max-video-preview:-1\" \/>\n<link rel=\"canonical\" href=\"https:\/\/kokpit.az\/?p=12776\" \/>\n<meta property=\"og:locale\" content=\"az_AZ\" \/>\n<meta property=\"og:type\" content=\"article\" \/>\n<meta property=\"og:title\" content=\"M.Ferstappen \u00fcmidini itirmir - X\u0259b\u0259ri Kokpitd\u0259 Oxuyun!\" \/>\n<meta property=\"og:description\" content=\"Red Bull komandas\u0131n\u0131n s\u00fcr\u00fcc\u00fcs\u00fc Maks Ferstappen bildirib ki, Red Bull m\u00f6vs\u00fcm\u00fcn \u0259vv\u0259lind\u0259 \u0259n s\u00fcr\u0259tli ma\u015f\u0131n olmasa da, m\u00f6vs\u00fcm r\u0259zind\u0259 h\u0259r \u015fey d\u0259yi\u015f\u0259 bil\u0259r.\u00a0\" \/>\n<meta property=\"og:url\" content=\"https:\/\/kokpit.az\/?p=12776\" \/>\n<meta property=\"og:site_name\" content=\"X\u0259b\u0259ri Kokpitd\u0259 Oxuyun!\" \/>\n<meta property=\"article:publisher\" content=\"https:\/\/www.facebook.com\/profile.php?id=61553756392357\" \/>\n<meta property=\"article:published_time\" content=\"2025-03-13T14:49:29+00:00\" \/>\n<meta property=\"article:modified_time\" content=\"2025-03-13T19:57:21+00:00\" \/>\n<meta property=\"og:image\" content=\"https:\/\/kokpit.az\/wp-content\/uploads\/2025\/03\/max-verstappen-red-bull-racing-31-e1741895833720.webp\" \/>\n\t<meta property=\"og:image:width\" content=\"1200\" \/>\n\t<meta property=\"og:image:height\" content=\"632\" \/>\n\t<meta property=\"og:image:type\" content=\"image\/webp\" \/>\n<meta name=\"author\" content=\"Rauf Hac\u0131yev\" \/>\n<meta name=\"twitter:card\" content=\"summary_large_image\" \/>\n<meta name=\"twitter:label1\" content=\"Written by\" \/>\n\t<meta name=\"twitter:data1\" content=\"Rauf Hac\u0131yev\" \/>\n\t<meta name=\"twitter:label2\" content=\"Est. reading time\" \/>\n\t<meta name=\"twitter:data2\" content=\"1 minute\" \/>\n<script type=\"application\/ld+json\" class=\"yoast-schema-graph\">{\"@context\":\"https:\\\/\\\/schema.org\",\"@graph\":[{\"@type\":\"Article\",\"@id\":\"https:\\\/\\\/kokpit.az\\\/?p=12776#article\",\"isPartOf\":{\"@id\":\"https:\\\/\\\/kokpit.az\\\/?p=12776\"},\"author\":{\"name\":\"Rauf Hac\u0131yev\",\"@id\":\"https:\\\/\\\/kokpit.az\\\/#\\\/schema\\\/person\\\/f4114e650bc2993d0650e4fb6933c581\"},\"headline\":\"M.Ferstappen \u00fcmidini itirmir\",\"datePublished\":\"2025-03-13T14:49:29+00:00\",\"dateModified\":\"2025-03-13T19:57:21+00:00\",\"mainEntityOfPage\":{\"@id\":\"https:\\\/\\\/kokpit.az\\\/?p=12776\"},\"wordCount\":199,\"commentCount\":0,\"publisher\":{\"@id\":\"https:\\\/\\\/kokpit.az\\\/#organization\"},\"image\":{\"@id\":\"https:\\\/\\\/kokpit.az\\\/?p=12776#primaryimage\"},\"thumbnailUrl\":\"https:\\\/\\\/kokpit.az\\\/wp-content\\\/uploads\\\/2025\\\/03\\\/max-verstappen-red-bull-racing-31-e1741895833720.webp\",\"keywords\":[\"Albert Park Circuit\",\"Australian Grand Prix\",\"Max Verstappen\",\"Red Bull Racing\"],\"articleSection\":[\"Avstraliya Qran Prisi\",\"X\u0259b\u0259rl\u0259r\"],\"inLanguage\":\"az\",\"potentialAction\":[{\"@type\":\"CommentAction\",\"name\":\"Comment\",\"target\":[\"https:\\\/\\\/kokpit.az\\\/?p=12776#respond\"]}]},{\"@type\":\"WebPage\",\"@id\":\"https:\\\/\\\/kokpit.az\\\/?p=12776\",\"url\":\"https:\\\/\\\/kokpit.az\\\/?p=12776\",\"name\":\"M.Ferstappen \u00fcmidini itirmir - X\u0259b\u0259ri Kokpitd\u0259 Oxuyun!\",\"isPartOf\":{\"@id\":\"https:\\\/\\\/kokpit.az\\\/#website\"},\"primaryImageOfPage\":{\"@id\":\"https:\\\/\\\/kokpit.az\\\/?p=12776#primaryimage\"},\"image\":{\"@id\":\"https:\\\/\\\/kokpit.az\\\/?p=12776#primaryimage\"},\"thumbnailUrl\":\"https:\\\/\\\/kokpit.az\\\/wp-content\\\/uploads\\\/2025\\\/03\\\/max-verstappen-red-bull-racing-31-e1741895833720.webp\",\"datePublished\":\"2025-03-13T14:49:29+00:00\",\"dateModified\":\"2025-03-13T19:57:21+00:00\",\"breadcrumb\":{\"@id\":\"https:\\\/\\\/kokpit.az\\\/?p=12776#breadcrumb\"},\"inLanguage\":\"az\",\"potentialAction\":[{\"@type\":\"ReadAction\",\"target\":[\"https:\\\/\\\/kokpit.az\\\/?p=12776\"]}]},{\"@type\":\"ImageObject\",\"inLanguage\":\"az\",\"@id\":\"https:\\\/\\\/kokpit.az\\\/?p=12776#primaryimage\",\"url\":\"https:\\\/\\\/kokpit.az\\\/wp-content\\\/uploads\\\/2025\\\/03\\\/max-verstappen-red-bull-racing-31-e1741895833720.webp\",\"contentUrl\":\"https:\\\/\\\/kokpit.az\\\/wp-content\\\/uploads\\\/2025\\\/03\\\/max-verstappen-red-bull-racing-31-e1741895833720.webp\",\"width\":1200,\"height\":632},{\"@type\":\"BreadcrumbList\",\"@id\":\"https:\\\/\\\/kokpit.az\\\/?p=12776#breadcrumb\",\"itemListElement\":[{\"@type\":\"ListItem\",\"position\":1,\"name\":\"Home\",\"item\":\"https:\\\/\\\/kokpit.az\\\/\"},{\"@type\":\"ListItem\",\"position\":2,\"name\":\"M.Ferstappen \u00fcmidini itirmir\"}]},{\"@type\":\"WebSite\",\"@id\":\"https:\\\/\\\/kokpit.az\\\/#website\",\"url\":\"https:\\\/\\\/kokpit.az\\\/\",\"name\":\"X\u0259b\u0259ri Kokpitd\u0259 Oxuyun!\",\"description\":\"\",\"publisher\":{\"@id\":\"https:\\\/\\\/kokpit.az\\\/#organization\"},\"potentialAction\":[{\"@type\":\"SearchAction\",\"target\":{\"@type\":\"EntryPoint\",\"urlTemplate\":\"https:\\\/\\\/kokpit.az\\\/?s={search_term_string}\"},\"query-input\":{\"@type\":\"PropertyValueSpecification\",\"valueRequired\":true,\"valueName\":\"search_term_string\"}}],\"inLanguage\":\"az\"},{\"@type\":\"Organization\",\"@id\":\"https:\\\/\\\/kokpit.az\\\/#organization\",\"name\":\"X\u0259b\u0259ri Kokpitd\u0259 Oxuyun!\",\"url\":\"https:\\\/\\\/kokpit.az\\\/\",\"logo\":{\"@type\":\"ImageObject\",\"inLanguage\":\"az\",\"@id\":\"https:\\\/\\\/kokpit.az\\\/#\\\/schema\\\/logo\\\/image\\\/\",\"url\":\"https:\\\/\\\/kokpit.az\\\/wp-content\\\/uploads\\\/2023\\\/05\\\/kokpit.jpg\",\"contentUrl\":\"https:\\\/\\\/kokpit.az\\\/wp-content\\\/uploads\\\/2023\\\/05\\\/kokpit.jpg\",\"width\":488,\"height\":245,\"caption\":\"X\u0259b\u0259ri Kokpitd\u0259 Oxuyun!\"},\"image\":{\"@id\":\"https:\\\/\\\/kokpit.az\\\/#\\\/schema\\\/logo\\\/image\\\/\"},\"sameAs\":[\"https:\\\/\\\/www.facebook.com\\\/profile.php?id=61553756392357\"]},{\"@type\":\"Person\",\"@id\":\"https:\\\/\\\/kokpit.az\\\/#\\\/schema\\\/person\\\/f4114e650bc2993d0650e4fb6933c581\",\"name\":\"Rauf Hac\u0131yev\",\"image\":{\"@type\":\"ImageObject\",\"inLanguage\":\"az\",\"@id\":\"https:\\\/\\\/secure.gravatar.com\\\/avatar\\\/394a2085c47c7acdcf41f7d270b7cbb52513d6f4f24c1cb6dfbbd61f98c0503d?s=96&d=mm&r=g\",\"url\":\"https:\\\/\\\/secure.gravatar.com\\\/avatar\\\/394a2085c47c7acdcf41f7d270b7cbb52513d6f4f24c1cb6dfbbd61f98c0503d?s=96&d=mm&r=g\",\"contentUrl\":\"https:\\\/\\\/secure.gravatar.com\\\/avatar\\\/394a2085c47c7acdcf41f7d270b7cbb52513d6f4f24c1cb6dfbbd61f98c0503d?s=96&d=mm&r=g\",\"caption\":\"Rauf Hac\u0131yev\"},\"sameAs\":[\"https:\\\/\\\/kokpit.az\"],\"url\":\"https:\\\/\\\/kokpit.az\\\/?author=2\"}]}<\/script>\n<!-- \/ Yoast SEO plugin. -->","yoast_head_json":{"title":"M.Ferstappen \u00fcmidini itirmir - X\u0259b\u0259ri Kokpitd\u0259 Oxuyun!","robots":{"index":"index","follow":"follow","max-snippet":"max-snippet:-1","max-image-preview":"max-image-preview:large","max-video-preview":"max-video-preview:-1"},"canonical":"https:\/\/kokpit.az\/?p=12776","og_locale":"az_AZ","og_type":"article","og_title":"M.Ferstappen \u00fcmidini itirmir - X\u0259b\u0259ri Kokpitd\u0259 Oxuyun!","og_description":"Red Bull komandas\u0131n\u0131n s\u00fcr\u00fcc\u00fcs\u00fc Maks Ferstappen bildirib ki, Red Bull m\u00f6vs\u00fcm\u00fcn \u0259vv\u0259lind\u0259 \u0259n s\u00fcr\u0259tli ma\u015f\u0131n olmasa da, m\u00f6vs\u00fcm r\u0259zind\u0259 h\u0259r \u015fey d\u0259yi\u015f\u0259 bil\u0259r.\u00a0","og_url":"https:\/\/kokpit.az\/?p=12776","og_site_name":"X\u0259b\u0259ri Kokpitd\u0259 Oxuyun!","article_publisher":"https:\/\/www.facebook.com\/profile.php?id=61553756392357","article_published_time":"2025-03-13T14:49:29+00:00","article_modified_time":"2025-03-13T19:57:21+00:00","og_image":[{"width":1200,"height":632,"url":"https:\/\/kokpit.az\/wp-content\/uploads\/2025\/03\/max-verstappen-red-bull-racing-31-e1741895833720.webp","type":"image\/webp"}],"author":"Rauf Hac\u0131yev","twitter_card":"summary_large_image","twitter_misc":{"Written by":"Rauf Hac\u0131yev","Est. reading time":"1 minute"},"schema":{"@context":"https:\/\/schema.org","@graph":[{"@type":"Article","@id":"https:\/\/kokpit.az\/?p=12776#article","isPartOf":{"@id":"https:\/\/kokpit.az\/?p=12776"},"author":{"name":"Rauf Hac\u0131yev","@id":"https:\/\/kokpit.az\/#\/schema\/person\/f4114e650bc2993d0650e4fb6933c581"},"headline":"M.Ferstappen \u00fcmidini itirmir","datePublished":"2025-03-13T14:49:29+00:00","dateModified":"2025-03-13T19:57:21+00:00","mainEntityOfPage":{"@id":"https:\/\/kokpit.az\/?p=12776"},"wordCount":199,"commentCount":0,"publisher":{"@id":"https:\/\/kokpit.az\/#organization"},"image":{"@id":"https:\/\/kokpit.az\/?p=12776#primaryimage"},"thumbnailUrl":"https:\/\/kokpit.az\/wp-content\/uploads\/2025\/03\/max-verstappen-red-bull-racing-31-e1741895833720.webp","keywords":["Albert Park Circuit","Australian Grand Prix","Max Verstappen","Red Bull Racing"],"articleSection":["Avstraliya Qran Prisi","X\u0259b\u0259rl\u0259r"],"inLanguage":"az","potentialAction":[{"@type":"CommentAction","name":"Comment","target":["https:\/\/kokpit.az\/?p=12776#respond"]}]},{"@type":"WebPage","@id":"https:\/\/kokpit.az\/?p=12776","url":"https:\/\/kokpit.az\/?p=12776","name":"M.Ferstappen \u00fcmidini itirmir - X\u0259b\u0259ri Kokpitd\u0259 Oxuyun!","isPartOf":{"@id":"https:\/\/kokpit.az\/#website"},"primaryImageOfPage":{"@id":"https:\/\/kokpit.az\/?p=12776#primaryimage"},"image":{"@id":"https:\/\/kokpit.az\/?p=12776#primaryimage"},"thumbnailUrl":"https:\/\/kokpit.az\/wp-content\/uploads\/2025\/03\/max-verstappen-red-bull-racing-31-e1741895833720.webp","datePublished":"2025-03-13T14:49:29+00:00","dateModified":"2025-03-13T19:57:21+00:00","breadcrumb":{"@id":"https:\/\/kokpit.az\/?p=12776#breadcrumb"},"inLanguage":"az","potentialAction":[{"@type":"ReadAction","target":["https:\/\/kokpit.az\/?p=12776"]}]},{"@type":"ImageObject","inLanguage":"az","@id":"https:\/\/kokpit.az\/?p=12776#primaryimage","url":"https:\/\/kokpit.az\/wp-content\/uploads\/2025\/03\/max-verstappen-red-bull-racing-31-e1741895833720.webp","contentUrl":"https:\/\/kokpit.az\/wp-content\/uploads\/2025\/03\/max-verstappen-red-bull-racing-31-e1741895833720.webp","width":1200,"height":632},{"@type":"BreadcrumbList","@id":"https:\/\/kokpit.az\/?p=12776#breadcrumb","itemListElement":[{"@type":"ListItem","position":1,"name":"Home","item":"https:\/\/kokpit.az\/"},{"@type":"ListItem","position":2,"name":"M.Ferstappen \u00fcmidini itirmir"}]},{"@type":"WebSite","@id":"https:\/\/kokpit.az\/#website","url":"https:\/\/kokpit.az\/","name":"X\u0259b\u0259ri Kokpitd\u0259 Oxuyun!","description":"","publisher":{"@id":"https:\/\/kokpit.az\/#organization"},"potentialAction":[{"@type":"SearchAction","target":{"@type":"EntryPoint","urlTemplate":"https:\/\/kokpit.az\/?s={search_term_string}"},"query-input":{"@type":"PropertyValueSpecification","valueRequired":true,"valueName":"search_term_string"}}],"inLanguage":"az"},{"@type":"Organization","@id":"https:\/\/kokpit.az\/#organization","name":"X\u0259b\u0259ri Kokpitd\u0259 Oxuyun!","url":"https:\/\/kokpit.az\/","logo":{"@type":"ImageObject","inLanguage":"az","@id":"https:\/\/kokpit.az\/#\/schema\/logo\/image\/","url":"https:\/\/kokpit.az\/wp-content\/uploads\/2023\/05\/kokpit.jpg","contentUrl":"https:\/\/kokpit.az\/wp-content\/uploads\/2023\/05\/kokpit.jpg","width":488,"height":245,"caption":"X\u0259b\u0259ri Kokpitd\u0259 Oxuyun!"},"image":{"@id":"https:\/\/kokpit.az\/#\/schema\/logo\/image\/"},"sameAs":["https:\/\/www.facebook.com\/profile.php?id=61553756392357"]},{"@type":"Person","@id":"https:\/\/kokpit.az\/#\/schema\/person\/f4114e650bc2993d0650e4fb6933c581","name":"Rauf Hac\u0131yev","image":{"@type":"ImageObject","inLanguage":"az","@id":"https:\/\/secure.gravatar.com\/avatar\/394a2085c47c7acdcf41f7d270b7cbb52513d6f4f24c1cb6dfbbd61f98c0503d?s=96&d=mm&r=g","url":"https:\/\/secure.gravatar.com\/avatar\/394a2085c47c7acdcf41f7d270b7cbb52513d6f4f24c1cb6dfbbd61f98c0503d?s=96&d=mm&r=g","contentUrl":"https:\/\/secure.gravatar.com\/avatar\/394a2085c47c7acdcf41f7d270b7cbb52513d6f4f24c1cb6dfbbd61f98c0503d?s=96&d=mm&r=g","caption":"Rauf Hac\u0131yev"},"sameAs":["https:\/\/kokpit.az"],"url":"https:\/\/kokpit.az\/?author=2"}]}},"_links":{"self":[{"href":"https:\/\/kokpit.az\/index.php?rest_route=\/wp\/v2\/posts\/12776","targetHints":{"allow":["GET"]}}],"collection":[{"href":"https:\/\/kokpit.az\/index.php?rest_route=\/wp\/v2\/posts"}],"about":[{"href":"https:\/\/kokpit.az\/index.php?rest_route=\/wp\/v2\/types\/post"}],"author":[{"embeddable":true,"href":"https:\/\/kokpit.az\/index.php?rest_route=\/wp\/v2\/users\/2"}],"replies":[{"embeddable":true,"href":"https:\/\/kokpit.az\/index.php?rest_route=%2Fwp%2Fv2%2Fcomments&post=12776"}],"version-history":[{"count":1,"href":"https:\/\/kokpit.az\/index.php?rest_route=\/wp\/v2\/posts\/12776\/revisions"}],"predecessor-version":[{"id":12778,"href":"https:\/\/kokpit.az\/index.php?rest_route=\/wp\/v2\/posts\/12776\/revisions\/12778"}],"wp:featuredmedia":[{"embeddable":true,"href":"https:\/\/kokpit.az\/index.php?rest_route=\/wp\/v2\/media\/12777"}],"wp:attachment":[{"href":"https:\/\/kokpit.az\/index.php?rest_route=%2Fwp%2Fv2%2Fmedia&parent=12776"}],"wp:term":[{"taxonomy":"category","embeddable":true,"href":"https:\/\/kokpit.az\/index.php?rest_route=%2Fwp%2Fv2%2Fcategories&post=12776"},{"taxonomy":"post_tag","embeddable":true,"href":"https:\/\/kokpit.az\/index.php?rest_route=%2Fwp%2Fv2%2Ftags&post=12776"}],"curies":[{"name":"wp","href":"https:\/\/api.w.org\/{rel}","templated":true}]}}