{"id":12713,"date":"2025-03-08T05:59:54","date_gmt":"2025-03-08T01:59:54","guid":{"rendered":"https:\/\/kokpit.az\/?p=12713"},"modified":"2025-03-08T05:59:54","modified_gmt":"2025-03-08T01:59:54","slug":"maks-ferstappenin-%c9%99sas-muh%c9%99ndisi-onunla-qalacaq","status":"publish","type":"post","link":"https:\/\/kokpit.az\/?p=12713","title":{"rendered":"Maks Ferstappenin \u0259sas m\u00fch\u0259ndisi onunla qalacaq"},"content":{"rendered":"<p>Kokpit.az bildirir ki, Maykl Menninqin Red Bull komandas\u0131nda ba\u015fqa v\u0259zif\u0259y\u0259 ke\u00e7\u0259c\u0259yi g\u00f6zl\u0259nilirdi. Lakin onun \u0259vv\u0259lki i\u015find\u0259 i\u015fl\u0259y\u0259c\u0259yi a\u00e7\u0131qlan\u0131b.<\/p>\n<p>Menninq Maks Ferstappenin yar\u0131\u015f start\u0131ndan m\u0259sul m\u00fch\u0259ndis idi. O, ke\u00e7\u0259n il daha yax\u015f\u0131 v\u0259zif\u0259y\u0259 y\u00fcks\u0259lm\u0259k \u00fc\u00e7\u00fcn Red Bull r\u0259hb\u0259rliyin\u0259 m\u00fcraci\u0259t etmi\u015fdi.<\/p>\n<p>Lakin Britaniya m\u0259tbuat\u0131 Red Bull komandas\u0131nda planlar\u0131n d\u0259yi\u015fdiyini Menninqin 2025-ci ild\u0259 d\u0259 Maks Ferstappenl\u0259 i\u015fl\u0259y\u0259c\u0259yini yaz\u0131b.<\/p>\n<p><strong>Red Bull komandas\u0131<\/strong> bu bar\u0259d\u0259 bel\u0259 a\u00e7\u0131qlama verib: \u201cMaykl Menninq 2025-ci il m\u00f6vs\u00fcm\u00fcnd\u0259 d\u0259 indiki v\u0259zif\u0259sind\u0259 i\u015fl\u0259y\u0259c\u0259k\u201d.<\/p>\n<p>Qeyd ed\u0259k ki, Menninq Maks Ferstappenin \u0259n yax\u0131n m\u00fch\u0259ndis hey\u0259tinin bir \u00fczv\u00fcd\u00fcr. Bu hey\u0259td\u0259 Canpiero Lambiase, Tom Hart v\u0259 Devid Mart da var.<\/p>\n","protected":false},"excerpt":{"rendered":"<p>Maykl Menninq yeni m\u00f6vs\u00fcmd\u0259 d\u0259 Maks Ferstappenin m\u00fch\u0259ndis hey\u0259tind\u0259 i\u015fl\u0259m\u0259y\u0259 davam ed\u0259c\u0259k.<\/p>\n","protected":false},"author":2,"featured_media":12715,"comment_status":"open","ping_status":"open","sticky":false,"template":"","format":"standard","meta":{"footnotes":""},"categories":[2],"tags":[56,870,51],"class_list":["post-12713","post","type-post","status-publish","format-standard","has-post-thumbnail","hentry","category-news","tag-max-verstappen","tag-michael-manning","tag-red-bull-racing"],"yoast_head":"<!-- This site is optimized with the Yoast SEO plugin v27.5 - https:\/\/yoast.com\/product\/yoast-seo-wordpress\/ -->\n<title>Maks Ferstappenin \u0259sas m\u00fch\u0259ndisi onunla qalacaq - X\u0259b\u0259ri Kokpitd\u0259 Oxuyun!<\/title>\n<meta name=\"robots\" content=\"index, follow, max-snippet:-1, max-image-preview:large, max-video-preview:-1\" \/>\n<link rel=\"canonical\" href=\"https:\/\/kokpit.az\/?p=12713\" \/>\n<meta property=\"og:locale\" content=\"az_AZ\" \/>\n<meta property=\"og:type\" content=\"article\" \/>\n<meta property=\"og:title\" content=\"Maks Ferstappenin \u0259sas m\u00fch\u0259ndisi onunla qalacaq - X\u0259b\u0259ri Kokpitd\u0259 Oxuyun!\" \/>\n<meta property=\"og:description\" content=\"Maykl Menninq yeni m\u00f6vs\u00fcmd\u0259 d\u0259 Maks Ferstappenin m\u00fch\u0259ndis hey\u0259tind\u0259 i\u015fl\u0259m\u0259y\u0259 davam ed\u0259c\u0259k.\" \/>\n<meta property=\"og:url\" content=\"https:\/\/kokpit.az\/?p=12713\" \/>\n<meta property=\"og:site_name\" content=\"X\u0259b\u0259ri Kokpitd\u0259 Oxuyun!\" \/>\n<meta property=\"article:publisher\" content=\"https:\/\/www.facebook.com\/profile.php?id=61553756392357\" \/>\n<meta property=\"article:published_time\" content=\"2025-03-08T01:59:54+00:00\" \/>\n<meta property=\"og:image\" content=\"https:\/\/kokpit.az\/wp-content\/uploads\/2025\/03\/IMG_0290.webp\" \/>\n\t<meta property=\"og:image:width\" content=\"1600\" \/>\n\t<meta property=\"og:image:height\" content=\"900\" \/>\n\t<meta property=\"og:image:type\" content=\"image\/webp\" \/>\n<meta name=\"author\" content=\"Rauf Hac\u0131yev\" \/>\n<meta name=\"twitter:card\" content=\"summary_large_image\" \/>\n<meta name=\"twitter:label1\" content=\"Written by\" \/>\n\t<meta name=\"twitter:data1\" content=\"Rauf Hac\u0131yev\" \/>\n\t<meta name=\"twitter:label2\" content=\"Est. reading time\" \/>\n\t<meta name=\"twitter:data2\" content=\"1 minute\" \/>\n<script type=\"application\/ld+json\" class=\"yoast-schema-graph\">{\"@context\":\"https:\\\/\\\/schema.org\",\"@graph\":[{\"@type\":\"Article\",\"@id\":\"https:\\\/\\\/kokpit.az\\\/?p=12713#article\",\"isPartOf\":{\"@id\":\"https:\\\/\\\/kokpit.az\\\/?p=12713\"},\"author\":{\"name\":\"Rauf Hac\u0131yev\",\"@id\":\"https:\\\/\\\/kokpit.az\\\/#\\\/schema\\\/person\\\/f4114e650bc2993d0650e4fb6933c581\"},\"headline\":\"Maks Ferstappenin \u0259sas m\u00fch\u0259ndisi onunla qalacaq\",\"datePublished\":\"2025-03-08T01:59:54+00:00\",\"mainEntityOfPage\":{\"@id\":\"https:\\\/\\\/kokpit.az\\\/?p=12713\"},\"wordCount\":164,\"commentCount\":0,\"publisher\":{\"@id\":\"https:\\\/\\\/kokpit.az\\\/#organization\"},\"image\":{\"@id\":\"https:\\\/\\\/kokpit.az\\\/?p=12713#primaryimage\"},\"thumbnailUrl\":\"https:\\\/\\\/kokpit.az\\\/wp-content\\\/uploads\\\/2025\\\/03\\\/IMG_0290.webp\",\"keywords\":[\"Max Verstappen\",\"Michael Manning\",\"Red Bull Racing\"],\"articleSection\":[\"X\u0259b\u0259rl\u0259r\"],\"inLanguage\":\"az\",\"potentialAction\":[{\"@type\":\"CommentAction\",\"name\":\"Comment\",\"target\":[\"https:\\\/\\\/kokpit.az\\\/?p=12713#respond\"]}]},{\"@type\":\"WebPage\",\"@id\":\"https:\\\/\\\/kokpit.az\\\/?p=12713\",\"url\":\"https:\\\/\\\/kokpit.az\\\/?p=12713\",\"name\":\"Maks Ferstappenin \u0259sas m\u00fch\u0259ndisi onunla qalacaq - X\u0259b\u0259ri Kokpitd\u0259 Oxuyun!\",\"isPartOf\":{\"@id\":\"https:\\\/\\\/kokpit.az\\\/#website\"},\"primaryImageOfPage\":{\"@id\":\"https:\\\/\\\/kokpit.az\\\/?p=12713#primaryimage\"},\"image\":{\"@id\":\"https:\\\/\\\/kokpit.az\\\/?p=12713#primaryimage\"},\"thumbnailUrl\":\"https:\\\/\\\/kokpit.az\\\/wp-content\\\/uploads\\\/2025\\\/03\\\/IMG_0290.webp\",\"datePublished\":\"2025-03-08T01:59:54+00:00\",\"breadcrumb\":{\"@id\":\"https:\\\/\\\/kokpit.az\\\/?p=12713#breadcrumb\"},\"inLanguage\":\"az\",\"potentialAction\":[{\"@type\":\"ReadAction\",\"target\":[\"https:\\\/\\\/kokpit.az\\\/?p=12713\"]}]},{\"@type\":\"ImageObject\",\"inLanguage\":\"az\",\"@id\":\"https:\\\/\\\/kokpit.az\\\/?p=12713#primaryimage\",\"url\":\"https:\\\/\\\/kokpit.az\\\/wp-content\\\/uploads\\\/2025\\\/03\\\/IMG_0290.webp\",\"contentUrl\":\"https:\\\/\\\/kokpit.az\\\/wp-content\\\/uploads\\\/2025\\\/03\\\/IMG_0290.webp\",\"width\":1600,\"height\":900},{\"@type\":\"BreadcrumbList\",\"@id\":\"https:\\\/\\\/kokpit.az\\\/?p=12713#breadcrumb\",\"itemListElement\":[{\"@type\":\"ListItem\",\"position\":1,\"name\":\"Home\",\"item\":\"https:\\\/\\\/kokpit.az\\\/\"},{\"@type\":\"ListItem\",\"position\":2,\"name\":\"Maks Ferstappenin \u0259sas m\u00fch\u0259ndisi onunla qalacaq\"}]},{\"@type\":\"WebSite\",\"@id\":\"https:\\\/\\\/kokpit.az\\\/#website\",\"url\":\"https:\\\/\\\/kokpit.az\\\/\",\"name\":\"X\u0259b\u0259ri Kokpitd\u0259 Oxuyun!\",\"description\":\"\",\"publisher\":{\"@id\":\"https:\\\/\\\/kokpit.az\\\/#organization\"},\"potentialAction\":[{\"@type\":\"SearchAction\",\"target\":{\"@type\":\"EntryPoint\",\"urlTemplate\":\"https:\\\/\\\/kokpit.az\\\/?s={search_term_string}\"},\"query-input\":{\"@type\":\"PropertyValueSpecification\",\"valueRequired\":true,\"valueName\":\"search_term_string\"}}],\"inLanguage\":\"az\"},{\"@type\":\"Organization\",\"@id\":\"https:\\\/\\\/kokpit.az\\\/#organization\",\"name\":\"X\u0259b\u0259ri Kokpitd\u0259 Oxuyun!\",\"url\":\"https:\\\/\\\/kokpit.az\\\/\",\"logo\":{\"@type\":\"ImageObject\",\"inLanguage\":\"az\",\"@id\":\"https:\\\/\\\/kokpit.az\\\/#\\\/schema\\\/logo\\\/image\\\/\",\"url\":\"https:\\\/\\\/kokpit.az\\\/wp-content\\\/uploads\\\/2023\\\/05\\\/kokpit.jpg\",\"contentUrl\":\"https:\\\/\\\/kokpit.az\\\/wp-content\\\/uploads\\\/2023\\\/05\\\/kokpit.jpg\",\"width\":488,\"height\":245,\"caption\":\"X\u0259b\u0259ri Kokpitd\u0259 Oxuyun!\"},\"image\":{\"@id\":\"https:\\\/\\\/kokpit.az\\\/#\\\/schema\\\/logo\\\/image\\\/\"},\"sameAs\":[\"https:\\\/\\\/www.facebook.com\\\/profile.php?id=61553756392357\"]},{\"@type\":\"Person\",\"@id\":\"https:\\\/\\\/kokpit.az\\\/#\\\/schema\\\/person\\\/f4114e650bc2993d0650e4fb6933c581\",\"name\":\"Rauf Hac\u0131yev\",\"image\":{\"@type\":\"ImageObject\",\"inLanguage\":\"az\",\"@id\":\"https:\\\/\\\/secure.gravatar.com\\\/avatar\\\/394a2085c47c7acdcf41f7d270b7cbb52513d6f4f24c1cb6dfbbd61f98c0503d?s=96&d=mm&r=g\",\"url\":\"https:\\\/\\\/secure.gravatar.com\\\/avatar\\\/394a2085c47c7acdcf41f7d270b7cbb52513d6f4f24c1cb6dfbbd61f98c0503d?s=96&d=mm&r=g\",\"contentUrl\":\"https:\\\/\\\/secure.gravatar.com\\\/avatar\\\/394a2085c47c7acdcf41f7d270b7cbb52513d6f4f24c1cb6dfbbd61f98c0503d?s=96&d=mm&r=g\",\"caption\":\"Rauf Hac\u0131yev\"},\"sameAs\":[\"https:\\\/\\\/kokpit.az\"],\"url\":\"https:\\\/\\\/kokpit.az\\\/?author=2\"}]}<\/script>\n<!-- \/ Yoast SEO plugin. -->","yoast_head_json":{"title":"Maks Ferstappenin \u0259sas m\u00fch\u0259ndisi onunla qalacaq - X\u0259b\u0259ri Kokpitd\u0259 Oxuyun!","robots":{"index":"index","follow":"follow","max-snippet":"max-snippet:-1","max-image-preview":"max-image-preview:large","max-video-preview":"max-video-preview:-1"},"canonical":"https:\/\/kokpit.az\/?p=12713","og_locale":"az_AZ","og_type":"article","og_title":"Maks Ferstappenin \u0259sas m\u00fch\u0259ndisi onunla qalacaq - X\u0259b\u0259ri Kokpitd\u0259 Oxuyun!","og_description":"Maykl Menninq yeni m\u00f6vs\u00fcmd\u0259 d\u0259 Maks Ferstappenin m\u00fch\u0259ndis hey\u0259tind\u0259 i\u015fl\u0259m\u0259y\u0259 davam ed\u0259c\u0259k.","og_url":"https:\/\/kokpit.az\/?p=12713","og_site_name":"X\u0259b\u0259ri Kokpitd\u0259 Oxuyun!","article_publisher":"https:\/\/www.facebook.com\/profile.php?id=61553756392357","article_published_time":"2025-03-08T01:59:54+00:00","og_image":[{"width":1600,"height":900,"url":"https:\/\/kokpit.az\/wp-content\/uploads\/2025\/03\/IMG_0290.webp","type":"image\/webp"}],"author":"Rauf Hac\u0131yev","twitter_card":"summary_large_image","twitter_misc":{"Written by":"Rauf Hac\u0131yev","Est. reading time":"1 minute"},"schema":{"@context":"https:\/\/schema.org","@graph":[{"@type":"Article","@id":"https:\/\/kokpit.az\/?p=12713#article","isPartOf":{"@id":"https:\/\/kokpit.az\/?p=12713"},"author":{"name":"Rauf Hac\u0131yev","@id":"https:\/\/kokpit.az\/#\/schema\/person\/f4114e650bc2993d0650e4fb6933c581"},"headline":"Maks Ferstappenin \u0259sas m\u00fch\u0259ndisi onunla qalacaq","datePublished":"2025-03-08T01:59:54+00:00","mainEntityOfPage":{"@id":"https:\/\/kokpit.az\/?p=12713"},"wordCount":164,"commentCount":0,"publisher":{"@id":"https:\/\/kokpit.az\/#organization"},"image":{"@id":"https:\/\/kokpit.az\/?p=12713#primaryimage"},"thumbnailUrl":"https:\/\/kokpit.az\/wp-content\/uploads\/2025\/03\/IMG_0290.webp","keywords":["Max Verstappen","Michael Manning","Red Bull Racing"],"articleSection":["X\u0259b\u0259rl\u0259r"],"inLanguage":"az","potentialAction":[{"@type":"CommentAction","name":"Comment","target":["https:\/\/kokpit.az\/?p=12713#respond"]}]},{"@type":"WebPage","@id":"https:\/\/kokpit.az\/?p=12713","url":"https:\/\/kokpit.az\/?p=12713","name":"Maks Ferstappenin \u0259sas m\u00fch\u0259ndisi onunla qalacaq - X\u0259b\u0259ri Kokpitd\u0259 Oxuyun!","isPartOf":{"@id":"https:\/\/kokpit.az\/#website"},"primaryImageOfPage":{"@id":"https:\/\/kokpit.az\/?p=12713#primaryimage"},"image":{"@id":"https:\/\/kokpit.az\/?p=12713#primaryimage"},"thumbnailUrl":"https:\/\/kokpit.az\/wp-content\/uploads\/2025\/03\/IMG_0290.webp","datePublished":"2025-03-08T01:59:54+00:00","breadcrumb":{"@id":"https:\/\/kokpit.az\/?p=12713#breadcrumb"},"inLanguage":"az","potentialAction":[{"@type":"ReadAction","target":["https:\/\/kokpit.az\/?p=12713"]}]},{"@type":"ImageObject","inLanguage":"az","@id":"https:\/\/kokpit.az\/?p=12713#primaryimage","url":"https:\/\/kokpit.az\/wp-content\/uploads\/2025\/03\/IMG_0290.webp","contentUrl":"https:\/\/kokpit.az\/wp-content\/uploads\/2025\/03\/IMG_0290.webp","width":1600,"height":900},{"@type":"BreadcrumbList","@id":"https:\/\/kokpit.az\/?p=12713#breadcrumb","itemListElement":[{"@type":"ListItem","position":1,"name":"Home","item":"https:\/\/kokpit.az\/"},{"@type":"ListItem","position":2,"name":"Maks Ferstappenin \u0259sas m\u00fch\u0259ndisi onunla qalacaq"}]},{"@type":"WebSite","@id":"https:\/\/kokpit.az\/#website","url":"https:\/\/kokpit.az\/","name":"X\u0259b\u0259ri Kokpitd\u0259 Oxuyun!","description":"","publisher":{"@id":"https:\/\/kokpit.az\/#organization"},"potentialAction":[{"@type":"SearchAction","target":{"@type":"EntryPoint","urlTemplate":"https:\/\/kokpit.az\/?s={search_term_string}"},"query-input":{"@type":"PropertyValueSpecification","valueRequired":true,"valueName":"search_term_string"}}],"inLanguage":"az"},{"@type":"Organization","@id":"https:\/\/kokpit.az\/#organization","name":"X\u0259b\u0259ri Kokpitd\u0259 Oxuyun!","url":"https:\/\/kokpit.az\/","logo":{"@type":"ImageObject","inLanguage":"az","@id":"https:\/\/kokpit.az\/#\/schema\/logo\/image\/","url":"https:\/\/kokpit.az\/wp-content\/uploads\/2023\/05\/kokpit.jpg","contentUrl":"https:\/\/kokpit.az\/wp-content\/uploads\/2023\/05\/kokpit.jpg","width":488,"height":245,"caption":"X\u0259b\u0259ri Kokpitd\u0259 Oxuyun!"},"image":{"@id":"https:\/\/kokpit.az\/#\/schema\/logo\/image\/"},"sameAs":["https:\/\/www.facebook.com\/profile.php?id=61553756392357"]},{"@type":"Person","@id":"https:\/\/kokpit.az\/#\/schema\/person\/f4114e650bc2993d0650e4fb6933c581","name":"Rauf Hac\u0131yev","image":{"@type":"ImageObject","inLanguage":"az","@id":"https:\/\/secure.gravatar.com\/avatar\/394a2085c47c7acdcf41f7d270b7cbb52513d6f4f24c1cb6dfbbd61f98c0503d?s=96&d=mm&r=g","url":"https:\/\/secure.gravatar.com\/avatar\/394a2085c47c7acdcf41f7d270b7cbb52513d6f4f24c1cb6dfbbd61f98c0503d?s=96&d=mm&r=g","contentUrl":"https:\/\/secure.gravatar.com\/avatar\/394a2085c47c7acdcf41f7d270b7cbb52513d6f4f24c1cb6dfbbd61f98c0503d?s=96&d=mm&r=g","caption":"Rauf Hac\u0131yev"},"sameAs":["https:\/\/kokpit.az"],"url":"https:\/\/kokpit.az\/?author=2"}]}},"_links":{"self":[{"href":"https:\/\/kokpit.az\/index.php?rest_route=\/wp\/v2\/posts\/12713","targetHints":{"allow":["GET"]}}],"collection":[{"href":"https:\/\/kokpit.az\/index.php?rest_route=\/wp\/v2\/posts"}],"about":[{"href":"https:\/\/kokpit.az\/index.php?rest_route=\/wp\/v2\/types\/post"}],"author":[{"embeddable":true,"href":"https:\/\/kokpit.az\/index.php?rest_route=\/wp\/v2\/users\/2"}],"replies":[{"embeddable":true,"href":"https:\/\/kokpit.az\/index.php?rest_route=%2Fwp%2Fv2%2Fcomments&post=12713"}],"version-history":[{"count":1,"href":"https:\/\/kokpit.az\/index.php?rest_route=\/wp\/v2\/posts\/12713\/revisions"}],"predecessor-version":[{"id":12714,"href":"https:\/\/kokpit.az\/index.php?rest_route=\/wp\/v2\/posts\/12713\/revisions\/12714"}],"wp:featuredmedia":[{"embeddable":true,"href":"https:\/\/kokpit.az\/index.php?rest_route=\/wp\/v2\/media\/12715"}],"wp:attachment":[{"href":"https:\/\/kokpit.az\/index.php?rest_route=%2Fwp%2Fv2%2Fmedia&parent=12713"}],"wp:term":[{"taxonomy":"category","embeddable":true,"href":"https:\/\/kokpit.az\/index.php?rest_route=%2Fwp%2Fv2%2Fcategories&post=12713"},{"taxonomy":"post_tag","embeddable":true,"href":"https:\/\/kokpit.az\/index.php?rest_route=%2Fwp%2Fv2%2Ftags&post=12713"}],"curies":[{"name":"wp","href":"https:\/\/api.w.org\/{rel}","templated":true}]}}