{"id":12710,"date":"2025-03-07T23:52:25","date_gmt":"2025-03-07T19:52:25","guid":{"rendered":"https:\/\/kokpit.az\/?p=12710"},"modified":"2025-03-07T23:52:25","modified_gmt":"2025-03-07T19:52:25","slug":"fia-red-bull-un-sozu-il%c9%99-iki-komandani-yoxlayacaq","status":"publish","type":"post","link":"https:\/\/kokpit.az\/?p=12710","title":{"rendered":"F\u0130A Red Bull-un s\u00f6z\u00fc il\u0259 iki komandan\u0131 yoxlayacaq?"},"content":{"rendered":"<p>Kokpit.az bildirir ki, B\u0259hreyn testind\u0259 \u0259ks\u0259riyy\u0259t Red Bull-un \u00f6n qanad\u0131n\u0131n elastikliyin\u0259 fokuslan\u0131b. Lakin \u201cq\u0131rm\u0131z\u0131 \u00f6k\u00fczl\u0259r\u201d Ferrari v\u0259 McLaren-in arxa qanad\u0131n\u0131 n\u0259zar\u0259t\u0259 g\u00f6t\u00fcr\u00fcbl\u0259r.<\/p>\n<p>Avstriya t\u0259msil\u00e7isi d\u00fc\u015f\u00fcn\u00fcr ki, Ferrari v\u0259 McLaren mini-DRS sistemind\u0259n faydalan\u0131r v\u0259 bundan \u00fcst\u00fcnl\u00fck qazan\u0131r.<\/p>\n<p>F\u0130A ke\u00e7\u0259n il \u00f6n qanadlardak\u0131 elastikliyi yoxlamaq \u00fc\u00e7\u00fcn bolidl\u0259r\u0259 kameralar yerl\u0259\u015fdirmi\u015f, amma qaydalar\u0131n pozulmad\u0131\u011f\u0131 a\u015fkarlanm\u0131\u015fd\u0131.<\/p>\n<p>Melburnda eyni kameralar arxa qanadlara qoyulacaq, amma Red Bull daha art\u0131\u011f\u0131n\u0131 ist\u0259yir. \u0130taliya m\u0259tbuat\u0131n\u0131n x\u0259b\u0259rin\u0259 g\u00f6r\u0259 Red Bull F\u0130A \u00fc\u00e7\u00fcn r\u0259smi ittiham dosyesi haz\u0131rlay\u0131b. Buna g\u00f6r\u0259 d\u0259 F\u0130A-nin texniki n\u00fcmay\u0259nd\u0259l\u0259ri yoxlama \u00fc\u00e7\u00fcn Ferrari v\u0259 McLaren-in bazalar\u0131na ged\u0259c\u0259kl\u0259r.<\/p>\n","protected":false},"excerpt":{"rendered":"<p>\u0130taliya m\u0259tbuat\u0131n\u0131n verdiyi x\u0259b\u0259r\u0259 g\u00f6r\u0259 F\u0130A mini-DRS m\u00fczakir\u0259l\u0259rin\u0259 g\u00f6r\u0259 Ferrari v\u0259 McLaren-in bazas\u0131na ged\u0259c\u0259k.<\/p>\n","protected":false},"author":2,"featured_media":12712,"comment_status":"open","ping_status":"open","sticky":false,"template":"","format":"standard","meta":{"footnotes":""},"categories":[2],"tags":[70,51,53],"class_list":["post-12710","post","type-post","status-publish","format-standard","has-post-thumbnail","hentry","category-news","tag-mclaren-formula-1-team","tag-red-bull-racing","tag-scuderia-ferrari"],"yoast_head":"<!-- This site is optimized with the Yoast SEO plugin v27.5 - https:\/\/yoast.com\/product\/yoast-seo-wordpress\/ -->\n<title>F\u0130A Red Bull-un s\u00f6z\u00fc il\u0259 iki komandan\u0131 yoxlayacaq? - X\u0259b\u0259ri Kokpitd\u0259 Oxuyun!<\/title>\n<meta name=\"robots\" content=\"index, follow, max-snippet:-1, max-image-preview:large, max-video-preview:-1\" \/>\n<link rel=\"canonical\" href=\"https:\/\/kokpit.az\/?p=12710\" \/>\n<meta property=\"og:locale\" content=\"az_AZ\" \/>\n<meta property=\"og:type\" content=\"article\" \/>\n<meta property=\"og:title\" content=\"F\u0130A Red Bull-un s\u00f6z\u00fc il\u0259 iki komandan\u0131 yoxlayacaq? - X\u0259b\u0259ri Kokpitd\u0259 Oxuyun!\" \/>\n<meta property=\"og:description\" content=\"\u0130taliya m\u0259tbuat\u0131n\u0131n verdiyi x\u0259b\u0259r\u0259 g\u00f6r\u0259 F\u0130A mini-DRS m\u00fczakir\u0259l\u0259rin\u0259 g\u00f6r\u0259 Ferrari v\u0259 McLaren-in bazas\u0131na ged\u0259c\u0259k.\" \/>\n<meta property=\"og:url\" content=\"https:\/\/kokpit.az\/?p=12710\" \/>\n<meta property=\"og:site_name\" content=\"X\u0259b\u0259ri Kokpitd\u0259 Oxuyun!\" \/>\n<meta property=\"article:publisher\" content=\"https:\/\/www.facebook.com\/profile.php?id=61553756392357\" \/>\n<meta property=\"article:published_time\" content=\"2025-03-07T19:52:25+00:00\" \/>\n<meta property=\"og:image\" content=\"https:\/\/kokpit.az\/wp-content\/uploads\/2025\/03\/IMG_0288.webp\" \/>\n\t<meta property=\"og:image:width\" content=\"1920\" \/>\n\t<meta property=\"og:image:height\" content=\"1080\" \/>\n\t<meta property=\"og:image:type\" content=\"image\/webp\" \/>\n<meta name=\"author\" content=\"Rauf Hac\u0131yev\" \/>\n<meta name=\"twitter:card\" content=\"summary_large_image\" \/>\n<meta name=\"twitter:label1\" content=\"Written by\" \/>\n\t<meta name=\"twitter:data1\" content=\"Rauf Hac\u0131yev\" \/>\n\t<meta name=\"twitter:label2\" content=\"Est. reading time\" \/>\n\t<meta name=\"twitter:data2\" content=\"1 minute\" \/>\n<script type=\"application\/ld+json\" class=\"yoast-schema-graph\">{\"@context\":\"https:\\\/\\\/schema.org\",\"@graph\":[{\"@type\":\"Article\",\"@id\":\"https:\\\/\\\/kokpit.az\\\/?p=12710#article\",\"isPartOf\":{\"@id\":\"https:\\\/\\\/kokpit.az\\\/?p=12710\"},\"author\":{\"name\":\"Rauf Hac\u0131yev\",\"@id\":\"https:\\\/\\\/kokpit.az\\\/#\\\/schema\\\/person\\\/f4114e650bc2993d0650e4fb6933c581\"},\"headline\":\"F\u0130A Red Bull-un s\u00f6z\u00fc il\u0259 iki komandan\u0131 yoxlayacaq?\",\"datePublished\":\"2025-03-07T19:52:25+00:00\",\"mainEntityOfPage\":{\"@id\":\"https:\\\/\\\/kokpit.az\\\/?p=12710\"},\"wordCount\":154,\"commentCount\":0,\"publisher\":{\"@id\":\"https:\\\/\\\/kokpit.az\\\/#organization\"},\"image\":{\"@id\":\"https:\\\/\\\/kokpit.az\\\/?p=12710#primaryimage\"},\"thumbnailUrl\":\"https:\\\/\\\/kokpit.az\\\/wp-content\\\/uploads\\\/2025\\\/03\\\/IMG_0288.webp\",\"keywords\":[\"McLaren Formula 1 Team\",\"Red Bull Racing\",\"Scuderia Ferrari\"],\"articleSection\":[\"X\u0259b\u0259rl\u0259r\"],\"inLanguage\":\"az\",\"potentialAction\":[{\"@type\":\"CommentAction\",\"name\":\"Comment\",\"target\":[\"https:\\\/\\\/kokpit.az\\\/?p=12710#respond\"]}]},{\"@type\":\"WebPage\",\"@id\":\"https:\\\/\\\/kokpit.az\\\/?p=12710\",\"url\":\"https:\\\/\\\/kokpit.az\\\/?p=12710\",\"name\":\"F\u0130A Red Bull-un s\u00f6z\u00fc il\u0259 iki komandan\u0131 yoxlayacaq? - X\u0259b\u0259ri Kokpitd\u0259 Oxuyun!\",\"isPartOf\":{\"@id\":\"https:\\\/\\\/kokpit.az\\\/#website\"},\"primaryImageOfPage\":{\"@id\":\"https:\\\/\\\/kokpit.az\\\/?p=12710#primaryimage\"},\"image\":{\"@id\":\"https:\\\/\\\/kokpit.az\\\/?p=12710#primaryimage\"},\"thumbnailUrl\":\"https:\\\/\\\/kokpit.az\\\/wp-content\\\/uploads\\\/2025\\\/03\\\/IMG_0288.webp\",\"datePublished\":\"2025-03-07T19:52:25+00:00\",\"breadcrumb\":{\"@id\":\"https:\\\/\\\/kokpit.az\\\/?p=12710#breadcrumb\"},\"inLanguage\":\"az\",\"potentialAction\":[{\"@type\":\"ReadAction\",\"target\":[\"https:\\\/\\\/kokpit.az\\\/?p=12710\"]}]},{\"@type\":\"ImageObject\",\"inLanguage\":\"az\",\"@id\":\"https:\\\/\\\/kokpit.az\\\/?p=12710#primaryimage\",\"url\":\"https:\\\/\\\/kokpit.az\\\/wp-content\\\/uploads\\\/2025\\\/03\\\/IMG_0288.webp\",\"contentUrl\":\"https:\\\/\\\/kokpit.az\\\/wp-content\\\/uploads\\\/2025\\\/03\\\/IMG_0288.webp\",\"width\":1920,\"height\":1080},{\"@type\":\"BreadcrumbList\",\"@id\":\"https:\\\/\\\/kokpit.az\\\/?p=12710#breadcrumb\",\"itemListElement\":[{\"@type\":\"ListItem\",\"position\":1,\"name\":\"Home\",\"item\":\"https:\\\/\\\/kokpit.az\\\/\"},{\"@type\":\"ListItem\",\"position\":2,\"name\":\"F\u0130A Red Bull-un s\u00f6z\u00fc il\u0259 iki komandan\u0131 yoxlayacaq?\"}]},{\"@type\":\"WebSite\",\"@id\":\"https:\\\/\\\/kokpit.az\\\/#website\",\"url\":\"https:\\\/\\\/kokpit.az\\\/\",\"name\":\"X\u0259b\u0259ri Kokpitd\u0259 Oxuyun!\",\"description\":\"\",\"publisher\":{\"@id\":\"https:\\\/\\\/kokpit.az\\\/#organization\"},\"potentialAction\":[{\"@type\":\"SearchAction\",\"target\":{\"@type\":\"EntryPoint\",\"urlTemplate\":\"https:\\\/\\\/kokpit.az\\\/?s={search_term_string}\"},\"query-input\":{\"@type\":\"PropertyValueSpecification\",\"valueRequired\":true,\"valueName\":\"search_term_string\"}}],\"inLanguage\":\"az\"},{\"@type\":\"Organization\",\"@id\":\"https:\\\/\\\/kokpit.az\\\/#organization\",\"name\":\"X\u0259b\u0259ri Kokpitd\u0259 Oxuyun!\",\"url\":\"https:\\\/\\\/kokpit.az\\\/\",\"logo\":{\"@type\":\"ImageObject\",\"inLanguage\":\"az\",\"@id\":\"https:\\\/\\\/kokpit.az\\\/#\\\/schema\\\/logo\\\/image\\\/\",\"url\":\"https:\\\/\\\/kokpit.az\\\/wp-content\\\/uploads\\\/2023\\\/05\\\/kokpit.jpg\",\"contentUrl\":\"https:\\\/\\\/kokpit.az\\\/wp-content\\\/uploads\\\/2023\\\/05\\\/kokpit.jpg\",\"width\":488,\"height\":245,\"caption\":\"X\u0259b\u0259ri Kokpitd\u0259 Oxuyun!\"},\"image\":{\"@id\":\"https:\\\/\\\/kokpit.az\\\/#\\\/schema\\\/logo\\\/image\\\/\"},\"sameAs\":[\"https:\\\/\\\/www.facebook.com\\\/profile.php?id=61553756392357\"]},{\"@type\":\"Person\",\"@id\":\"https:\\\/\\\/kokpit.az\\\/#\\\/schema\\\/person\\\/f4114e650bc2993d0650e4fb6933c581\",\"name\":\"Rauf Hac\u0131yev\",\"image\":{\"@type\":\"ImageObject\",\"inLanguage\":\"az\",\"@id\":\"https:\\\/\\\/secure.gravatar.com\\\/avatar\\\/394a2085c47c7acdcf41f7d270b7cbb52513d6f4f24c1cb6dfbbd61f98c0503d?s=96&d=mm&r=g\",\"url\":\"https:\\\/\\\/secure.gravatar.com\\\/avatar\\\/394a2085c47c7acdcf41f7d270b7cbb52513d6f4f24c1cb6dfbbd61f98c0503d?s=96&d=mm&r=g\",\"contentUrl\":\"https:\\\/\\\/secure.gravatar.com\\\/avatar\\\/394a2085c47c7acdcf41f7d270b7cbb52513d6f4f24c1cb6dfbbd61f98c0503d?s=96&d=mm&r=g\",\"caption\":\"Rauf Hac\u0131yev\"},\"sameAs\":[\"https:\\\/\\\/kokpit.az\"],\"url\":\"https:\\\/\\\/kokpit.az\\\/?author=2\"}]}<\/script>\n<!-- \/ Yoast SEO plugin. -->","yoast_head_json":{"title":"F\u0130A Red Bull-un s\u00f6z\u00fc il\u0259 iki komandan\u0131 yoxlayacaq? - X\u0259b\u0259ri Kokpitd\u0259 Oxuyun!","robots":{"index":"index","follow":"follow","max-snippet":"max-snippet:-1","max-image-preview":"max-image-preview:large","max-video-preview":"max-video-preview:-1"},"canonical":"https:\/\/kokpit.az\/?p=12710","og_locale":"az_AZ","og_type":"article","og_title":"F\u0130A Red Bull-un s\u00f6z\u00fc il\u0259 iki komandan\u0131 yoxlayacaq? - X\u0259b\u0259ri Kokpitd\u0259 Oxuyun!","og_description":"\u0130taliya m\u0259tbuat\u0131n\u0131n verdiyi x\u0259b\u0259r\u0259 g\u00f6r\u0259 F\u0130A mini-DRS m\u00fczakir\u0259l\u0259rin\u0259 g\u00f6r\u0259 Ferrari v\u0259 McLaren-in bazas\u0131na ged\u0259c\u0259k.","og_url":"https:\/\/kokpit.az\/?p=12710","og_site_name":"X\u0259b\u0259ri Kokpitd\u0259 Oxuyun!","article_publisher":"https:\/\/www.facebook.com\/profile.php?id=61553756392357","article_published_time":"2025-03-07T19:52:25+00:00","og_image":[{"width":1920,"height":1080,"url":"https:\/\/kokpit.az\/wp-content\/uploads\/2025\/03\/IMG_0288.webp","type":"image\/webp"}],"author":"Rauf Hac\u0131yev","twitter_card":"summary_large_image","twitter_misc":{"Written by":"Rauf Hac\u0131yev","Est. reading time":"1 minute"},"schema":{"@context":"https:\/\/schema.org","@graph":[{"@type":"Article","@id":"https:\/\/kokpit.az\/?p=12710#article","isPartOf":{"@id":"https:\/\/kokpit.az\/?p=12710"},"author":{"name":"Rauf Hac\u0131yev","@id":"https:\/\/kokpit.az\/#\/schema\/person\/f4114e650bc2993d0650e4fb6933c581"},"headline":"F\u0130A Red Bull-un s\u00f6z\u00fc il\u0259 iki komandan\u0131 yoxlayacaq?","datePublished":"2025-03-07T19:52:25+00:00","mainEntityOfPage":{"@id":"https:\/\/kokpit.az\/?p=12710"},"wordCount":154,"commentCount":0,"publisher":{"@id":"https:\/\/kokpit.az\/#organization"},"image":{"@id":"https:\/\/kokpit.az\/?p=12710#primaryimage"},"thumbnailUrl":"https:\/\/kokpit.az\/wp-content\/uploads\/2025\/03\/IMG_0288.webp","keywords":["McLaren Formula 1 Team","Red Bull Racing","Scuderia Ferrari"],"articleSection":["X\u0259b\u0259rl\u0259r"],"inLanguage":"az","potentialAction":[{"@type":"CommentAction","name":"Comment","target":["https:\/\/kokpit.az\/?p=12710#respond"]}]},{"@type":"WebPage","@id":"https:\/\/kokpit.az\/?p=12710","url":"https:\/\/kokpit.az\/?p=12710","name":"F\u0130A Red Bull-un s\u00f6z\u00fc il\u0259 iki komandan\u0131 yoxlayacaq? - X\u0259b\u0259ri Kokpitd\u0259 Oxuyun!","isPartOf":{"@id":"https:\/\/kokpit.az\/#website"},"primaryImageOfPage":{"@id":"https:\/\/kokpit.az\/?p=12710#primaryimage"},"image":{"@id":"https:\/\/kokpit.az\/?p=12710#primaryimage"},"thumbnailUrl":"https:\/\/kokpit.az\/wp-content\/uploads\/2025\/03\/IMG_0288.webp","datePublished":"2025-03-07T19:52:25+00:00","breadcrumb":{"@id":"https:\/\/kokpit.az\/?p=12710#breadcrumb"},"inLanguage":"az","potentialAction":[{"@type":"ReadAction","target":["https:\/\/kokpit.az\/?p=12710"]}]},{"@type":"ImageObject","inLanguage":"az","@id":"https:\/\/kokpit.az\/?p=12710#primaryimage","url":"https:\/\/kokpit.az\/wp-content\/uploads\/2025\/03\/IMG_0288.webp","contentUrl":"https:\/\/kokpit.az\/wp-content\/uploads\/2025\/03\/IMG_0288.webp","width":1920,"height":1080},{"@type":"BreadcrumbList","@id":"https:\/\/kokpit.az\/?p=12710#breadcrumb","itemListElement":[{"@type":"ListItem","position":1,"name":"Home","item":"https:\/\/kokpit.az\/"},{"@type":"ListItem","position":2,"name":"F\u0130A Red Bull-un s\u00f6z\u00fc il\u0259 iki komandan\u0131 yoxlayacaq?"}]},{"@type":"WebSite","@id":"https:\/\/kokpit.az\/#website","url":"https:\/\/kokpit.az\/","name":"X\u0259b\u0259ri Kokpitd\u0259 Oxuyun!","description":"","publisher":{"@id":"https:\/\/kokpit.az\/#organization"},"potentialAction":[{"@type":"SearchAction","target":{"@type":"EntryPoint","urlTemplate":"https:\/\/kokpit.az\/?s={search_term_string}"},"query-input":{"@type":"PropertyValueSpecification","valueRequired":true,"valueName":"search_term_string"}}],"inLanguage":"az"},{"@type":"Organization","@id":"https:\/\/kokpit.az\/#organization","name":"X\u0259b\u0259ri Kokpitd\u0259 Oxuyun!","url":"https:\/\/kokpit.az\/","logo":{"@type":"ImageObject","inLanguage":"az","@id":"https:\/\/kokpit.az\/#\/schema\/logo\/image\/","url":"https:\/\/kokpit.az\/wp-content\/uploads\/2023\/05\/kokpit.jpg","contentUrl":"https:\/\/kokpit.az\/wp-content\/uploads\/2023\/05\/kokpit.jpg","width":488,"height":245,"caption":"X\u0259b\u0259ri Kokpitd\u0259 Oxuyun!"},"image":{"@id":"https:\/\/kokpit.az\/#\/schema\/logo\/image\/"},"sameAs":["https:\/\/www.facebook.com\/profile.php?id=61553756392357"]},{"@type":"Person","@id":"https:\/\/kokpit.az\/#\/schema\/person\/f4114e650bc2993d0650e4fb6933c581","name":"Rauf Hac\u0131yev","image":{"@type":"ImageObject","inLanguage":"az","@id":"https:\/\/secure.gravatar.com\/avatar\/394a2085c47c7acdcf41f7d270b7cbb52513d6f4f24c1cb6dfbbd61f98c0503d?s=96&d=mm&r=g","url":"https:\/\/secure.gravatar.com\/avatar\/394a2085c47c7acdcf41f7d270b7cbb52513d6f4f24c1cb6dfbbd61f98c0503d?s=96&d=mm&r=g","contentUrl":"https:\/\/secure.gravatar.com\/avatar\/394a2085c47c7acdcf41f7d270b7cbb52513d6f4f24c1cb6dfbbd61f98c0503d?s=96&d=mm&r=g","caption":"Rauf Hac\u0131yev"},"sameAs":["https:\/\/kokpit.az"],"url":"https:\/\/kokpit.az\/?author=2"}]}},"_links":{"self":[{"href":"https:\/\/kokpit.az\/index.php?rest_route=\/wp\/v2\/posts\/12710","targetHints":{"allow":["GET"]}}],"collection":[{"href":"https:\/\/kokpit.az\/index.php?rest_route=\/wp\/v2\/posts"}],"about":[{"href":"https:\/\/kokpit.az\/index.php?rest_route=\/wp\/v2\/types\/post"}],"author":[{"embeddable":true,"href":"https:\/\/kokpit.az\/index.php?rest_route=\/wp\/v2\/users\/2"}],"replies":[{"embeddable":true,"href":"https:\/\/kokpit.az\/index.php?rest_route=%2Fwp%2Fv2%2Fcomments&post=12710"}],"version-history":[{"count":1,"href":"https:\/\/kokpit.az\/index.php?rest_route=\/wp\/v2\/posts\/12710\/revisions"}],"predecessor-version":[{"id":12711,"href":"https:\/\/kokpit.az\/index.php?rest_route=\/wp\/v2\/posts\/12710\/revisions\/12711"}],"wp:featuredmedia":[{"embeddable":true,"href":"https:\/\/kokpit.az\/index.php?rest_route=\/wp\/v2\/media\/12712"}],"wp:attachment":[{"href":"https:\/\/kokpit.az\/index.php?rest_route=%2Fwp%2Fv2%2Fmedia&parent=12710"}],"wp:term":[{"taxonomy":"category","embeddable":true,"href":"https:\/\/kokpit.az\/index.php?rest_route=%2Fwp%2Fv2%2Fcategories&post=12710"},{"taxonomy":"post_tag","embeddable":true,"href":"https:\/\/kokpit.az\/index.php?rest_route=%2Fwp%2Fv2%2Ftags&post=12710"}],"curies":[{"name":"wp","href":"https:\/\/api.w.org\/{rel}","templated":true}]}}