{"id":12694,"date":"2025-03-06T14:49:13","date_gmt":"2025-03-06T10:49:13","guid":{"rendered":"https:\/\/kokpit.az\/?p=12694"},"modified":"2025-03-06T14:49:13","modified_gmt":"2025-03-06T10:49:13","slug":"k-antonelli-s%c9%99hv-etm%c9%99m%c9%99y%c9%99-calisacagam","status":"publish","type":"post","link":"https:\/\/kokpit.az\/?p=12694","title":{"rendered":"K.Antonelli: S\u0259hv etm\u0259m\u0259y\u0259 \u00e7al\u0131\u015faca\u011fam"},"content":{"rendered":"<p>Kokpit.az xat\u0131rlad\u0131r ki, italyan s\u00fcr\u00fcc\u00fc haz\u0131rda \u0259n istedadl\u0131 pilotlardan biri say\u0131l\u0131r v\u0259 buna g\u00f6r\u0259 d\u0259 Mercedes komandas\u0131 onu 18 ya\u015f\u0131nda transfer edib.<\/p>\n<p>Kimi h\u0259l\u0259 11 ya\u015f\u0131ndan Mercedes-in S\u00fcr\u00fcc\u00fc Akademiyas\u0131na daxil olub v\u0259 \u201cg\u00fcm\u00fc\u015f\u00fc oxlar\u201d onu 18 ya\u015f\u0131nda Formula 1 komandas\u0131na g\u0259tiribl\u0259r. G\u0259nc s\u00fcr\u00fcc\u00fc bu f\u00fcrs\u0259td\u0259n maksimum istifad\u0259 etm\u0259k ist\u0259yir.<\/p>\n<p>Jurnalistl\u0259r <strong>Kimi Antonellid\u0259n<\/strong> \u201cLyuis H\u0259miltonu \u0259v\u0259z edirs\u0259n?\u201d dey\u0259 soru\u015fublar. 18 ya\u015fl\u0131 pilot buna bel\u0259 cavab verib: \u201c\u00d6z\u00fcm\u00fc Lyuisin yerin\u0259 ke\u00e7mi\u015f kimi hiss etmir\u0259m. M\u0259n sad\u0259c\u0259 Mercedes-in s\u00fcr\u00fcc\u00fcs\u00fcy\u0259m.<\/p>\n<p>M\u0259n\u0259 inan\u0131lmaz f\u00fcrs\u0259t verdil\u0259r v\u0259 m\u0259n\u0259 inand\u0131qlar\u0131 \u00fc\u00e7\u00fcn onlara minn\u0259tdaram. Ancaq bu eyni zamanda b\u00f6y\u00fck m\u0259suliyy\u0259tdir.<\/p>\n<p>Mercedes kimi h\u0259mi\u015f\u0259 zirv\u0259 h\u0259d\u0259fi olan bir komanda \u00fc\u00e7\u00fcn yar\u0131\u015faca\u011fam v\u0259 ham\u0131 m\u0259nd\u0259n yax\u015f\u0131 n\u0259tic\u0259 g\u00f6zl\u0259yir.<\/p>\n<p>H\u0259l\u0259 \u00fc\u00e7 il yar\u0131m bundan \u0259vv\u0259l kartinqd\u0259 yar\u0131\u015f\u0131rd\u0131m. Formula 1 h\u0259mi\u015f\u0259 m\u0259nim x\u0259yal\u0131m idi, amma bel\u0259 s\u00fcr\u0259tl\u0259 inki\u015faf ed\u0259c\u0259yimi he\u00e7 vaxt d\u00fc\u015f\u00fcnm\u0259mi\u015fdim.<\/p>\n<p>\u0130ndi x\u0259yallar\u0131m realla\u015fd\u0131. \u0130lk g\u00fcnd\u0259n etibar\u0259n yax\u015f\u0131 bir temp tutub, stabil formada inki\u015faf etm\u0259k ist\u0259yir\u0259m. B\u00f6y\u00fck s\u0259hvl\u0259r etm\u0259m\u0259y\u0259 \u00e7al\u0131\u015faca\u011fam, \u00e7\u00fcnki bel\u0259 s\u0259hvl\u0259r insan\u0131 bir ne\u00e7\u0259 add\u0131m geriy\u0259 apara bil\u0259r v\u0259 yenid\u0259n \u00f6z\u00fcn\u0259 g\u0259lm\u0259k vaxt ala bil\u0259r. G\u00f6zl\u0259ntil\u0259ri qar\u015f\u0131lamaq \u00fc\u00e7\u00fcn \u0259limd\u0259n g\u0259l\u0259ni ed\u0259c\u0259y\u0259m\u201d.<\/p>\n","protected":false},"excerpt":{"rendered":"<p>Mercedes komandas\u0131n\u0131n deb\u00fctant s\u00fcr\u00fcc\u00fcs\u00fc Kimi Antonelli bildirib ki, \u0259sas h\u0259d\u0259fi s\u0259hv etm\u0259m\u0259k olacaq.<\/p>\n","protected":false},"author":2,"featured_media":12696,"comment_status":"open","ping_status":"open","sticky":false,"template":"","format":"standard","meta":{"footnotes":""},"categories":[2],"tags":[389,52],"class_list":["post-12694","post","type-post","status-publish","format-standard","has-post-thumbnail","hentry","category-news","tag-kimi-antonelli","tag-mercedes-amg-petronas-f1-team"],"yoast_head":"<!-- This site is optimized with the Yoast SEO plugin v27.5 - https:\/\/yoast.com\/product\/yoast-seo-wordpress\/ -->\n<title>K.Antonelli: S\u0259hv etm\u0259m\u0259y\u0259 \u00e7al\u0131\u015faca\u011fam - X\u0259b\u0259ri Kokpitd\u0259 Oxuyun!<\/title>\n<meta name=\"robots\" content=\"index, follow, max-snippet:-1, max-image-preview:large, max-video-preview:-1\" \/>\n<link rel=\"canonical\" href=\"https:\/\/kokpit.az\/?p=12694\" \/>\n<meta property=\"og:locale\" content=\"az_AZ\" \/>\n<meta property=\"og:type\" content=\"article\" \/>\n<meta property=\"og:title\" content=\"K.Antonelli: S\u0259hv etm\u0259m\u0259y\u0259 \u00e7al\u0131\u015faca\u011fam - X\u0259b\u0259ri Kokpitd\u0259 Oxuyun!\" \/>\n<meta property=\"og:description\" content=\"Mercedes komandas\u0131n\u0131n deb\u00fctant s\u00fcr\u00fcc\u00fcs\u00fc Kimi Antonelli bildirib ki, \u0259sas h\u0259d\u0259fi s\u0259hv etm\u0259m\u0259k olacaq.\" \/>\n<meta property=\"og:url\" content=\"https:\/\/kokpit.az\/?p=12694\" \/>\n<meta property=\"og:site_name\" content=\"X\u0259b\u0259ri Kokpitd\u0259 Oxuyun!\" \/>\n<meta property=\"article:publisher\" content=\"https:\/\/www.facebook.com\/profile.php?id=61553756392357\" \/>\n<meta property=\"article:published_time\" content=\"2025-03-06T10:49:13+00:00\" \/>\n<meta property=\"og:image\" content=\"https:\/\/kokpit.az\/wp-content\/uploads\/2025\/03\/IMG_2008.jpeg\" \/>\n\t<meta property=\"og:image:width\" content=\"1200\" \/>\n\t<meta property=\"og:image:height\" content=\"692\" \/>\n\t<meta property=\"og:image:type\" content=\"image\/jpeg\" \/>\n<meta name=\"author\" content=\"Rauf Hac\u0131yev\" \/>\n<meta name=\"twitter:card\" content=\"summary_large_image\" \/>\n<meta name=\"twitter:label1\" content=\"Written by\" \/>\n\t<meta name=\"twitter:data1\" content=\"Rauf Hac\u0131yev\" \/>\n\t<meta name=\"twitter:label2\" content=\"Est. reading time\" \/>\n\t<meta name=\"twitter:data2\" content=\"1 minute\" \/>\n<script type=\"application\/ld+json\" class=\"yoast-schema-graph\">{\"@context\":\"https:\\\/\\\/schema.org\",\"@graph\":[{\"@type\":\"Article\",\"@id\":\"https:\\\/\\\/kokpit.az\\\/?p=12694#article\",\"isPartOf\":{\"@id\":\"https:\\\/\\\/kokpit.az\\\/?p=12694\"},\"author\":{\"name\":\"Rauf Hac\u0131yev\",\"@id\":\"https:\\\/\\\/kokpit.az\\\/#\\\/schema\\\/person\\\/f4114e650bc2993d0650e4fb6933c581\"},\"headline\":\"K.Antonelli: S\u0259hv etm\u0259m\u0259y\u0259 \u00e7al\u0131\u015faca\u011fam\",\"datePublished\":\"2025-03-06T10:49:13+00:00\",\"mainEntityOfPage\":{\"@id\":\"https:\\\/\\\/kokpit.az\\\/?p=12694\"},\"wordCount\":296,\"commentCount\":0,\"publisher\":{\"@id\":\"https:\\\/\\\/kokpit.az\\\/#organization\"},\"image\":{\"@id\":\"https:\\\/\\\/kokpit.az\\\/?p=12694#primaryimage\"},\"thumbnailUrl\":\"https:\\\/\\\/kokpit.az\\\/wp-content\\\/uploads\\\/2025\\\/03\\\/IMG_2008.jpeg\",\"keywords\":[\"Kimi Antonelli\",\"Mercedes AMG Petronas F1 Team\"],\"articleSection\":[\"X\u0259b\u0259rl\u0259r\"],\"inLanguage\":\"az\",\"potentialAction\":[{\"@type\":\"CommentAction\",\"name\":\"Comment\",\"target\":[\"https:\\\/\\\/kokpit.az\\\/?p=12694#respond\"]}]},{\"@type\":\"WebPage\",\"@id\":\"https:\\\/\\\/kokpit.az\\\/?p=12694\",\"url\":\"https:\\\/\\\/kokpit.az\\\/?p=12694\",\"name\":\"K.Antonelli: S\u0259hv etm\u0259m\u0259y\u0259 \u00e7al\u0131\u015faca\u011fam - X\u0259b\u0259ri Kokpitd\u0259 Oxuyun!\",\"isPartOf\":{\"@id\":\"https:\\\/\\\/kokpit.az\\\/#website\"},\"primaryImageOfPage\":{\"@id\":\"https:\\\/\\\/kokpit.az\\\/?p=12694#primaryimage\"},\"image\":{\"@id\":\"https:\\\/\\\/kokpit.az\\\/?p=12694#primaryimage\"},\"thumbnailUrl\":\"https:\\\/\\\/kokpit.az\\\/wp-content\\\/uploads\\\/2025\\\/03\\\/IMG_2008.jpeg\",\"datePublished\":\"2025-03-06T10:49:13+00:00\",\"breadcrumb\":{\"@id\":\"https:\\\/\\\/kokpit.az\\\/?p=12694#breadcrumb\"},\"inLanguage\":\"az\",\"potentialAction\":[{\"@type\":\"ReadAction\",\"target\":[\"https:\\\/\\\/kokpit.az\\\/?p=12694\"]}]},{\"@type\":\"ImageObject\",\"inLanguage\":\"az\",\"@id\":\"https:\\\/\\\/kokpit.az\\\/?p=12694#primaryimage\",\"url\":\"https:\\\/\\\/kokpit.az\\\/wp-content\\\/uploads\\\/2025\\\/03\\\/IMG_2008.jpeg\",\"contentUrl\":\"https:\\\/\\\/kokpit.az\\\/wp-content\\\/uploads\\\/2025\\\/03\\\/IMG_2008.jpeg\",\"width\":1200,\"height\":692},{\"@type\":\"BreadcrumbList\",\"@id\":\"https:\\\/\\\/kokpit.az\\\/?p=12694#breadcrumb\",\"itemListElement\":[{\"@type\":\"ListItem\",\"position\":1,\"name\":\"Home\",\"item\":\"https:\\\/\\\/kokpit.az\\\/\"},{\"@type\":\"ListItem\",\"position\":2,\"name\":\"K.Antonelli: S\u0259hv etm\u0259m\u0259y\u0259 \u00e7al\u0131\u015faca\u011fam\"}]},{\"@type\":\"WebSite\",\"@id\":\"https:\\\/\\\/kokpit.az\\\/#website\",\"url\":\"https:\\\/\\\/kokpit.az\\\/\",\"name\":\"X\u0259b\u0259ri Kokpitd\u0259 Oxuyun!\",\"description\":\"\",\"publisher\":{\"@id\":\"https:\\\/\\\/kokpit.az\\\/#organization\"},\"potentialAction\":[{\"@type\":\"SearchAction\",\"target\":{\"@type\":\"EntryPoint\",\"urlTemplate\":\"https:\\\/\\\/kokpit.az\\\/?s={search_term_string}\"},\"query-input\":{\"@type\":\"PropertyValueSpecification\",\"valueRequired\":true,\"valueName\":\"search_term_string\"}}],\"inLanguage\":\"az\"},{\"@type\":\"Organization\",\"@id\":\"https:\\\/\\\/kokpit.az\\\/#organization\",\"name\":\"X\u0259b\u0259ri Kokpitd\u0259 Oxuyun!\",\"url\":\"https:\\\/\\\/kokpit.az\\\/\",\"logo\":{\"@type\":\"ImageObject\",\"inLanguage\":\"az\",\"@id\":\"https:\\\/\\\/kokpit.az\\\/#\\\/schema\\\/logo\\\/image\\\/\",\"url\":\"https:\\\/\\\/kokpit.az\\\/wp-content\\\/uploads\\\/2023\\\/05\\\/kokpit.jpg\",\"contentUrl\":\"https:\\\/\\\/kokpit.az\\\/wp-content\\\/uploads\\\/2023\\\/05\\\/kokpit.jpg\",\"width\":488,\"height\":245,\"caption\":\"X\u0259b\u0259ri Kokpitd\u0259 Oxuyun!\"},\"image\":{\"@id\":\"https:\\\/\\\/kokpit.az\\\/#\\\/schema\\\/logo\\\/image\\\/\"},\"sameAs\":[\"https:\\\/\\\/www.facebook.com\\\/profile.php?id=61553756392357\"]},{\"@type\":\"Person\",\"@id\":\"https:\\\/\\\/kokpit.az\\\/#\\\/schema\\\/person\\\/f4114e650bc2993d0650e4fb6933c581\",\"name\":\"Rauf Hac\u0131yev\",\"image\":{\"@type\":\"ImageObject\",\"inLanguage\":\"az\",\"@id\":\"https:\\\/\\\/secure.gravatar.com\\\/avatar\\\/394a2085c47c7acdcf41f7d270b7cbb52513d6f4f24c1cb6dfbbd61f98c0503d?s=96&d=mm&r=g\",\"url\":\"https:\\\/\\\/secure.gravatar.com\\\/avatar\\\/394a2085c47c7acdcf41f7d270b7cbb52513d6f4f24c1cb6dfbbd61f98c0503d?s=96&d=mm&r=g\",\"contentUrl\":\"https:\\\/\\\/secure.gravatar.com\\\/avatar\\\/394a2085c47c7acdcf41f7d270b7cbb52513d6f4f24c1cb6dfbbd61f98c0503d?s=96&d=mm&r=g\",\"caption\":\"Rauf Hac\u0131yev\"},\"sameAs\":[\"https:\\\/\\\/kokpit.az\"],\"url\":\"https:\\\/\\\/kokpit.az\\\/?author=2\"}]}<\/script>\n<!-- \/ Yoast SEO plugin. -->","yoast_head_json":{"title":"K.Antonelli: S\u0259hv etm\u0259m\u0259y\u0259 \u00e7al\u0131\u015faca\u011fam - X\u0259b\u0259ri Kokpitd\u0259 Oxuyun!","robots":{"index":"index","follow":"follow","max-snippet":"max-snippet:-1","max-image-preview":"max-image-preview:large","max-video-preview":"max-video-preview:-1"},"canonical":"https:\/\/kokpit.az\/?p=12694","og_locale":"az_AZ","og_type":"article","og_title":"K.Antonelli: S\u0259hv etm\u0259m\u0259y\u0259 \u00e7al\u0131\u015faca\u011fam - X\u0259b\u0259ri Kokpitd\u0259 Oxuyun!","og_description":"Mercedes komandas\u0131n\u0131n deb\u00fctant s\u00fcr\u00fcc\u00fcs\u00fc Kimi Antonelli bildirib ki, \u0259sas h\u0259d\u0259fi s\u0259hv etm\u0259m\u0259k olacaq.","og_url":"https:\/\/kokpit.az\/?p=12694","og_site_name":"X\u0259b\u0259ri Kokpitd\u0259 Oxuyun!","article_publisher":"https:\/\/www.facebook.com\/profile.php?id=61553756392357","article_published_time":"2025-03-06T10:49:13+00:00","og_image":[{"width":1200,"height":692,"url":"https:\/\/kokpit.az\/wp-content\/uploads\/2025\/03\/IMG_2008.jpeg","type":"image\/jpeg"}],"author":"Rauf Hac\u0131yev","twitter_card":"summary_large_image","twitter_misc":{"Written by":"Rauf Hac\u0131yev","Est. reading time":"1 minute"},"schema":{"@context":"https:\/\/schema.org","@graph":[{"@type":"Article","@id":"https:\/\/kokpit.az\/?p=12694#article","isPartOf":{"@id":"https:\/\/kokpit.az\/?p=12694"},"author":{"name":"Rauf Hac\u0131yev","@id":"https:\/\/kokpit.az\/#\/schema\/person\/f4114e650bc2993d0650e4fb6933c581"},"headline":"K.Antonelli: S\u0259hv etm\u0259m\u0259y\u0259 \u00e7al\u0131\u015faca\u011fam","datePublished":"2025-03-06T10:49:13+00:00","mainEntityOfPage":{"@id":"https:\/\/kokpit.az\/?p=12694"},"wordCount":296,"commentCount":0,"publisher":{"@id":"https:\/\/kokpit.az\/#organization"},"image":{"@id":"https:\/\/kokpit.az\/?p=12694#primaryimage"},"thumbnailUrl":"https:\/\/kokpit.az\/wp-content\/uploads\/2025\/03\/IMG_2008.jpeg","keywords":["Kimi Antonelli","Mercedes AMG Petronas F1 Team"],"articleSection":["X\u0259b\u0259rl\u0259r"],"inLanguage":"az","potentialAction":[{"@type":"CommentAction","name":"Comment","target":["https:\/\/kokpit.az\/?p=12694#respond"]}]},{"@type":"WebPage","@id":"https:\/\/kokpit.az\/?p=12694","url":"https:\/\/kokpit.az\/?p=12694","name":"K.Antonelli: S\u0259hv etm\u0259m\u0259y\u0259 \u00e7al\u0131\u015faca\u011fam - X\u0259b\u0259ri Kokpitd\u0259 Oxuyun!","isPartOf":{"@id":"https:\/\/kokpit.az\/#website"},"primaryImageOfPage":{"@id":"https:\/\/kokpit.az\/?p=12694#primaryimage"},"image":{"@id":"https:\/\/kokpit.az\/?p=12694#primaryimage"},"thumbnailUrl":"https:\/\/kokpit.az\/wp-content\/uploads\/2025\/03\/IMG_2008.jpeg","datePublished":"2025-03-06T10:49:13+00:00","breadcrumb":{"@id":"https:\/\/kokpit.az\/?p=12694#breadcrumb"},"inLanguage":"az","potentialAction":[{"@type":"ReadAction","target":["https:\/\/kokpit.az\/?p=12694"]}]},{"@type":"ImageObject","inLanguage":"az","@id":"https:\/\/kokpit.az\/?p=12694#primaryimage","url":"https:\/\/kokpit.az\/wp-content\/uploads\/2025\/03\/IMG_2008.jpeg","contentUrl":"https:\/\/kokpit.az\/wp-content\/uploads\/2025\/03\/IMG_2008.jpeg","width":1200,"height":692},{"@type":"BreadcrumbList","@id":"https:\/\/kokpit.az\/?p=12694#breadcrumb","itemListElement":[{"@type":"ListItem","position":1,"name":"Home","item":"https:\/\/kokpit.az\/"},{"@type":"ListItem","position":2,"name":"K.Antonelli: S\u0259hv etm\u0259m\u0259y\u0259 \u00e7al\u0131\u015faca\u011fam"}]},{"@type":"WebSite","@id":"https:\/\/kokpit.az\/#website","url":"https:\/\/kokpit.az\/","name":"X\u0259b\u0259ri Kokpitd\u0259 Oxuyun!","description":"","publisher":{"@id":"https:\/\/kokpit.az\/#organization"},"potentialAction":[{"@type":"SearchAction","target":{"@type":"EntryPoint","urlTemplate":"https:\/\/kokpit.az\/?s={search_term_string}"},"query-input":{"@type":"PropertyValueSpecification","valueRequired":true,"valueName":"search_term_string"}}],"inLanguage":"az"},{"@type":"Organization","@id":"https:\/\/kokpit.az\/#organization","name":"X\u0259b\u0259ri Kokpitd\u0259 Oxuyun!","url":"https:\/\/kokpit.az\/","logo":{"@type":"ImageObject","inLanguage":"az","@id":"https:\/\/kokpit.az\/#\/schema\/logo\/image\/","url":"https:\/\/kokpit.az\/wp-content\/uploads\/2023\/05\/kokpit.jpg","contentUrl":"https:\/\/kokpit.az\/wp-content\/uploads\/2023\/05\/kokpit.jpg","width":488,"height":245,"caption":"X\u0259b\u0259ri Kokpitd\u0259 Oxuyun!"},"image":{"@id":"https:\/\/kokpit.az\/#\/schema\/logo\/image\/"},"sameAs":["https:\/\/www.facebook.com\/profile.php?id=61553756392357"]},{"@type":"Person","@id":"https:\/\/kokpit.az\/#\/schema\/person\/f4114e650bc2993d0650e4fb6933c581","name":"Rauf Hac\u0131yev","image":{"@type":"ImageObject","inLanguage":"az","@id":"https:\/\/secure.gravatar.com\/avatar\/394a2085c47c7acdcf41f7d270b7cbb52513d6f4f24c1cb6dfbbd61f98c0503d?s=96&d=mm&r=g","url":"https:\/\/secure.gravatar.com\/avatar\/394a2085c47c7acdcf41f7d270b7cbb52513d6f4f24c1cb6dfbbd61f98c0503d?s=96&d=mm&r=g","contentUrl":"https:\/\/secure.gravatar.com\/avatar\/394a2085c47c7acdcf41f7d270b7cbb52513d6f4f24c1cb6dfbbd61f98c0503d?s=96&d=mm&r=g","caption":"Rauf Hac\u0131yev"},"sameAs":["https:\/\/kokpit.az"],"url":"https:\/\/kokpit.az\/?author=2"}]}},"_links":{"self":[{"href":"https:\/\/kokpit.az\/index.php?rest_route=\/wp\/v2\/posts\/12694","targetHints":{"allow":["GET"]}}],"collection":[{"href":"https:\/\/kokpit.az\/index.php?rest_route=\/wp\/v2\/posts"}],"about":[{"href":"https:\/\/kokpit.az\/index.php?rest_route=\/wp\/v2\/types\/post"}],"author":[{"embeddable":true,"href":"https:\/\/kokpit.az\/index.php?rest_route=\/wp\/v2\/users\/2"}],"replies":[{"embeddable":true,"href":"https:\/\/kokpit.az\/index.php?rest_route=%2Fwp%2Fv2%2Fcomments&post=12694"}],"version-history":[{"count":1,"href":"https:\/\/kokpit.az\/index.php?rest_route=\/wp\/v2\/posts\/12694\/revisions"}],"predecessor-version":[{"id":12695,"href":"https:\/\/kokpit.az\/index.php?rest_route=\/wp\/v2\/posts\/12694\/revisions\/12695"}],"wp:featuredmedia":[{"embeddable":true,"href":"https:\/\/kokpit.az\/index.php?rest_route=\/wp\/v2\/media\/12696"}],"wp:attachment":[{"href":"https:\/\/kokpit.az\/index.php?rest_route=%2Fwp%2Fv2%2Fmedia&parent=12694"}],"wp:term":[{"taxonomy":"category","embeddable":true,"href":"https:\/\/kokpit.az\/index.php?rest_route=%2Fwp%2Fv2%2Fcategories&post=12694"},{"taxonomy":"post_tag","embeddable":true,"href":"https:\/\/kokpit.az\/index.php?rest_route=%2Fwp%2Fv2%2Ftags&post=12694"}],"curies":[{"name":"wp","href":"https:\/\/api.w.org\/{rel}","templated":true}]}}