{"id":12388,"date":"2025-02-14T12:10:38","date_gmt":"2025-02-14T08:10:38","guid":{"rendered":"https:\/\/kokpit.az\/?p=12388"},"modified":"2025-02-14T14:34:29","modified_gmt":"2025-02-14T10:34:29","slug":"ferstappen-yeni-d%c9%99bilq%c9%99sini-t%c9%99qdim-edib","status":"publish","type":"post","link":"https:\/\/kokpit.az\/?p=12388","title":{"rendered":"Ferstappen yeni d\u0259bilq\u0259sini t\u0259qdim edib"},"content":{"rendered":"<p>Kokpit.az bildirir ki, niderlandl\u0131 s\u00fcr\u00fcc\u00fc kartinqd\u0259 yar\u0131\u015fd\u0131\u011f\u0131 zaman istifad\u0259 etdiyi d\u0259bilq\u0259nin dizayn\u0131na ke\u00e7ib. Yeni d\u0259bilq\u0259 onun atas\u0131n\u0131 xat\u0131rlad\u0131r.<\/p>\n<p>Bel\u0259 ki, Yos Ferstappen 1994-2001-ci ill\u0259rd\u0259 Formula 1-d\u0259 yar\u0131\u015fark\u0259n d\u0259bilq\u0259sind\u0259 Niderland\u0131n bayra\u011f\u0131ndak\u0131 q\u0131rm\u0131z\u0131, a\u011f v\u0259 g\u00f6y r\u0259ngl\u0259rd\u0259n istifad\u0259 etmi\u015fdi.<\/p>\n<p><img loading=\"lazy\" decoding=\"async\" class=\"aligncenter wp-image-12391 size-large\" src=\"https:\/\/kokpit.az\/wp-content\/uploads\/2025\/02\/IMG_9853-1024x1024.jpeg\" alt=\"\" width=\"770\" height=\"770\" srcset=\"https:\/\/kokpit.az\/wp-content\/uploads\/2025\/02\/IMG_9853-1024x1024.jpeg 1024w, https:\/\/kokpit.az\/wp-content\/uploads\/2025\/02\/IMG_9853-300x300.jpeg 300w, https:\/\/kokpit.az\/wp-content\/uploads\/2025\/02\/IMG_9853-150x150.jpeg 150w, https:\/\/kokpit.az\/wp-content\/uploads\/2025\/02\/IMG_9853-768x768.jpeg 768w, https:\/\/kokpit.az\/wp-content\/uploads\/2025\/02\/IMG_9853-1536x1536.jpeg 1536w, https:\/\/kokpit.az\/wp-content\/uploads\/2025\/02\/IMG_9853-270x270.jpeg 270w, https:\/\/kokpit.az\/wp-content\/uploads\/2025\/02\/IMG_9853-370x370.jpeg 370w, https:\/\/kokpit.az\/wp-content\/uploads\/2025\/02\/IMG_9853-570x570.jpeg 570w, https:\/\/kokpit.az\/wp-content\/uploads\/2025\/02\/IMG_9853-740x740.jpeg 740w, https:\/\/kokpit.az\/wp-content\/uploads\/2025\/02\/IMG_9853.jpeg 2048w\" sizes=\"auto, (max-width: 770px) 100vw, 770px\" \/><\/p>\n<p><strong>D\u0259bilq\u0259 Maks Feratappenin son ill\u0259rd\u0259 istifad\u0259 etdiyi d\u0259bilq\u0259l\u0259r\u0259 b\u0259nz\u0259yir. Ancaq d\u00f6rdqat D\u00fcnya \u00c7empionu a\u00e7\u0131qlamas\u0131nda yeni d\u0259bilq\u0259sind\u0259ki detallardan dan\u0131\u015f\u0131b<\/strong>: \u201cBu d\u0259bilq\u0259 d\u00f6rd ya\u015f\u0131mda yar\u0131\u015fma\u011fa ba\u015fkad\u0131\u011f\u0131m dizaynla eynidir.<\/p>\n<p>Atam\u0131n d\u0259bilq\u0259sin\u0259 b\u0259nz\u0259yir v\u0259 bununla q\u00fcrur duyuram. Yar\u0131\u015fma\u011fa ba\u015flayanda atam\u0131n d\u0259bilq\u0259 dizayn\u0131 m\u0259nim \u00fc\u00e7\u00fcn \u00e7ox vacib idi v\u0259 taqd\u0131\u011f\u0131m \u00fc\u00e7\u00fcn q\u00fcrur duyurdum.<\/p>\n<p><img loading=\"lazy\" decoding=\"async\" class=\"aligncenter wp-image-12392 size-large\" src=\"https:\/\/kokpit.az\/wp-content\/uploads\/2025\/02\/IMG_9854-1024x1024.jpeg\" alt=\"\" width=\"770\" height=\"770\" srcset=\"https:\/\/kokpit.az\/wp-content\/uploads\/2025\/02\/IMG_9854-1024x1024.jpeg 1024w, https:\/\/kokpit.az\/wp-content\/uploads\/2025\/02\/IMG_9854-300x300.jpeg 300w, https:\/\/kokpit.az\/wp-content\/uploads\/2025\/02\/IMG_9854-150x150.jpeg 150w, https:\/\/kokpit.az\/wp-content\/uploads\/2025\/02\/IMG_9854-768x768.jpeg 768w, https:\/\/kokpit.az\/wp-content\/uploads\/2025\/02\/IMG_9854-1536x1536.jpeg 1536w, https:\/\/kokpit.az\/wp-content\/uploads\/2025\/02\/IMG_9854-270x270.jpeg 270w, https:\/\/kokpit.az\/wp-content\/uploads\/2025\/02\/IMG_9854-370x370.jpeg 370w, https:\/\/kokpit.az\/wp-content\/uploads\/2025\/02\/IMG_9854-570x570.jpeg 570w, https:\/\/kokpit.az\/wp-content\/uploads\/2025\/02\/IMG_9854-740x740.jpeg 740w, https:\/\/kokpit.az\/wp-content\/uploads\/2025\/02\/IMG_9854.jpeg 2048w\" sizes=\"auto, (max-width: 770px) 100vw, 770px\" \/><\/p>\n<p>Ki\u00e7ik detallardan biri d\u0259 Niderland bayra\u011f\u0131n\u0131 t\u0259msil ed\u0259n q\u0131rm\u0131z\u0131 v\u0259 mavi r\u0259ngl\u0259rdir. M\u00fcmk\u00fcn q\u0259d\u0259r sad\u0259 tutma\u011fa \u00e7al\u0131\u015fd\u0131m v\u0259 bu m\u0259nim xo\u015fuma g\u0259lir. T\u0259bii ki, \u00fcst hiss\u0259sind\u0259 aslan \u015f\u0259kli d\u0259 var.<\/p>\n<p>Q\u0259tilikl\u0259 deyir\u0259m ki, bu bizim ail\u0259mizin dizayn\u0131d\u0131r. B\u0259zi detallar d\u0259yi\u015fib, ancaq \u00fcmumilikd\u0259 ke\u00e7mi\u015fimiz\u0259 geri qay\u0131td\u0131q. Buna g\u00f6r\u0259 \u00e7ox xo\u015fb\u0259xt\u0259m\u201d.<\/p>\n<p><img loading=\"lazy\" decoding=\"async\" class=\"aligncenter wp-image-12393 size-large\" src=\"https:\/\/kokpit.az\/wp-content\/uploads\/2025\/02\/IMG_9855-1024x1024.jpeg\" alt=\"\" width=\"770\" height=\"770\" srcset=\"https:\/\/kokpit.az\/wp-content\/uploads\/2025\/02\/IMG_9855-1024x1024.jpeg 1024w, https:\/\/kokpit.az\/wp-content\/uploads\/2025\/02\/IMG_9855-300x300.jpeg 300w, https:\/\/kokpit.az\/wp-content\/uploads\/2025\/02\/IMG_9855-150x150.jpeg 150w, https:\/\/kokpit.az\/wp-content\/uploads\/2025\/02\/IMG_9855-768x768.jpeg 768w, https:\/\/kokpit.az\/wp-content\/uploads\/2025\/02\/IMG_9855-1536x1536.jpeg 1536w, https:\/\/kokpit.az\/wp-content\/uploads\/2025\/02\/IMG_9855-270x270.jpeg 270w, https:\/\/kokpit.az\/wp-content\/uploads\/2025\/02\/IMG_9855-370x370.jpeg 370w, https:\/\/kokpit.az\/wp-content\/uploads\/2025\/02\/IMG_9855-570x570.jpeg 570w, https:\/\/kokpit.az\/wp-content\/uploads\/2025\/02\/IMG_9855-740x740.jpeg 740w, https:\/\/kokpit.az\/wp-content\/uploads\/2025\/02\/IMG_9855.jpeg 2048w\" sizes=\"auto, (max-width: 770px) 100vw, 770px\" \/><\/p>\n","protected":false},"excerpt":{"rendered":"<p>Red Bull komandas\u0131n\u0131n s\u00fcr\u00fcc\u00fcs\u00fc Maks Ferstappen 2025-ci ild\u0259 yar\u0131\u015faca\u011f\u0131 d\u0259bilq\u0259ni t\u0259qdim edib.<\/p>\n","protected":false},"author":2,"featured_media":12390,"comment_status":"open","ping_status":"open","sticky":false,"template":"","format":"standard","meta":{"footnotes":""},"categories":[2],"tags":[56,986,51],"class_list":["post-12388","post","type-post","status-publish","format-standard","has-post-thumbnail","hentry","category-news","tag-max-verstappen","tag-max-verstappen-helmet","tag-red-bull-racing"],"yoast_head":"<!-- This site is optimized with the Yoast SEO plugin v27.5 - https:\/\/yoast.com\/product\/yoast-seo-wordpress\/ -->\n<title>Ferstappen yeni d\u0259bilq\u0259sini t\u0259qdim edib - X\u0259b\u0259ri Kokpitd\u0259 Oxuyun!<\/title>\n<meta name=\"robots\" content=\"index, follow, max-snippet:-1, max-image-preview:large, max-video-preview:-1\" \/>\n<link rel=\"canonical\" href=\"https:\/\/kokpit.az\/?p=12388\" \/>\n<meta property=\"og:locale\" content=\"az_AZ\" \/>\n<meta property=\"og:type\" content=\"article\" \/>\n<meta property=\"og:title\" content=\"Ferstappen yeni d\u0259bilq\u0259sini t\u0259qdim edib - X\u0259b\u0259ri Kokpitd\u0259 Oxuyun!\" \/>\n<meta property=\"og:description\" content=\"Red Bull komandas\u0131n\u0131n s\u00fcr\u00fcc\u00fcs\u00fc Maks Ferstappen 2025-ci ild\u0259 yar\u0131\u015faca\u011f\u0131 d\u0259bilq\u0259ni t\u0259qdim edib.\" \/>\n<meta property=\"og:url\" content=\"https:\/\/kokpit.az\/?p=12388\" \/>\n<meta property=\"og:site_name\" content=\"X\u0259b\u0259ri Kokpitd\u0259 Oxuyun!\" \/>\n<meta property=\"article:publisher\" content=\"https:\/\/www.facebook.com\/profile.php?id=61553756392357\" \/>\n<meta property=\"article:published_time\" content=\"2025-02-14T08:10:38+00:00\" \/>\n<meta property=\"article:modified_time\" content=\"2025-02-14T10:34:29+00:00\" \/>\n<meta property=\"og:image\" content=\"https:\/\/kokpit.az\/wp-content\/uploads\/2025\/02\/IMG_9851.jpeg\" \/>\n\t<meta property=\"og:image:width\" content=\"640\" \/>\n\t<meta property=\"og:image:height\" content=\"425\" \/>\n\t<meta property=\"og:image:type\" content=\"image\/jpeg\" \/>\n<meta name=\"author\" content=\"Rauf Hac\u0131yev\" \/>\n<meta name=\"twitter:card\" content=\"summary_large_image\" \/>\n<meta name=\"twitter:label1\" content=\"Written by\" \/>\n\t<meta name=\"twitter:data1\" content=\"Rauf Hac\u0131yev\" \/>\n\t<meta name=\"twitter:label2\" content=\"Est. reading time\" \/>\n\t<meta name=\"twitter:data2\" content=\"1 minute\" \/>\n<script type=\"application\/ld+json\" class=\"yoast-schema-graph\">{\"@context\":\"https:\\\/\\\/schema.org\",\"@graph\":[{\"@type\":\"Article\",\"@id\":\"https:\\\/\\\/kokpit.az\\\/?p=12388#article\",\"isPartOf\":{\"@id\":\"https:\\\/\\\/kokpit.az\\\/?p=12388\"},\"author\":{\"name\":\"Rauf Hac\u0131yev\",\"@id\":\"https:\\\/\\\/kokpit.az\\\/#\\\/schema\\\/person\\\/f4114e650bc2993d0650e4fb6933c581\"},\"headline\":\"Ferstappen yeni d\u0259bilq\u0259sini t\u0259qdim edib\",\"datePublished\":\"2025-02-14T08:10:38+00:00\",\"dateModified\":\"2025-02-14T10:34:29+00:00\",\"mainEntityOfPage\":{\"@id\":\"https:\\\/\\\/kokpit.az\\\/?p=12388\"},\"wordCount\":241,\"commentCount\":0,\"publisher\":{\"@id\":\"https:\\\/\\\/kokpit.az\\\/#organization\"},\"image\":{\"@id\":\"https:\\\/\\\/kokpit.az\\\/?p=12388#primaryimage\"},\"thumbnailUrl\":\"https:\\\/\\\/kokpit.az\\\/wp-content\\\/uploads\\\/2025\\\/02\\\/IMG_9851.jpeg\",\"keywords\":[\"Max Verstappen\",\"Max Verstappen Helmet\",\"Red Bull Racing\"],\"articleSection\":[\"X\u0259b\u0259rl\u0259r\"],\"inLanguage\":\"az\",\"potentialAction\":[{\"@type\":\"CommentAction\",\"name\":\"Comment\",\"target\":[\"https:\\\/\\\/kokpit.az\\\/?p=12388#respond\"]}]},{\"@type\":\"WebPage\",\"@id\":\"https:\\\/\\\/kokpit.az\\\/?p=12388\",\"url\":\"https:\\\/\\\/kokpit.az\\\/?p=12388\",\"name\":\"Ferstappen yeni d\u0259bilq\u0259sini t\u0259qdim edib - X\u0259b\u0259ri Kokpitd\u0259 Oxuyun!\",\"isPartOf\":{\"@id\":\"https:\\\/\\\/kokpit.az\\\/#website\"},\"primaryImageOfPage\":{\"@id\":\"https:\\\/\\\/kokpit.az\\\/?p=12388#primaryimage\"},\"image\":{\"@id\":\"https:\\\/\\\/kokpit.az\\\/?p=12388#primaryimage\"},\"thumbnailUrl\":\"https:\\\/\\\/kokpit.az\\\/wp-content\\\/uploads\\\/2025\\\/02\\\/IMG_9851.jpeg\",\"datePublished\":\"2025-02-14T08:10:38+00:00\",\"dateModified\":\"2025-02-14T10:34:29+00:00\",\"breadcrumb\":{\"@id\":\"https:\\\/\\\/kokpit.az\\\/?p=12388#breadcrumb\"},\"inLanguage\":\"az\",\"potentialAction\":[{\"@type\":\"ReadAction\",\"target\":[\"https:\\\/\\\/kokpit.az\\\/?p=12388\"]}]},{\"@type\":\"ImageObject\",\"inLanguage\":\"az\",\"@id\":\"https:\\\/\\\/kokpit.az\\\/?p=12388#primaryimage\",\"url\":\"https:\\\/\\\/kokpit.az\\\/wp-content\\\/uploads\\\/2025\\\/02\\\/IMG_9851.jpeg\",\"contentUrl\":\"https:\\\/\\\/kokpit.az\\\/wp-content\\\/uploads\\\/2025\\\/02\\\/IMG_9851.jpeg\",\"width\":640,\"height\":425},{\"@type\":\"BreadcrumbList\",\"@id\":\"https:\\\/\\\/kokpit.az\\\/?p=12388#breadcrumb\",\"itemListElement\":[{\"@type\":\"ListItem\",\"position\":1,\"name\":\"Home\",\"item\":\"https:\\\/\\\/kokpit.az\\\/\"},{\"@type\":\"ListItem\",\"position\":2,\"name\":\"Ferstappen yeni d\u0259bilq\u0259sini t\u0259qdim edib\"}]},{\"@type\":\"WebSite\",\"@id\":\"https:\\\/\\\/kokpit.az\\\/#website\",\"url\":\"https:\\\/\\\/kokpit.az\\\/\",\"name\":\"X\u0259b\u0259ri Kokpitd\u0259 Oxuyun!\",\"description\":\"\",\"publisher\":{\"@id\":\"https:\\\/\\\/kokpit.az\\\/#organization\"},\"potentialAction\":[{\"@type\":\"SearchAction\",\"target\":{\"@type\":\"EntryPoint\",\"urlTemplate\":\"https:\\\/\\\/kokpit.az\\\/?s={search_term_string}\"},\"query-input\":{\"@type\":\"PropertyValueSpecification\",\"valueRequired\":true,\"valueName\":\"search_term_string\"}}],\"inLanguage\":\"az\"},{\"@type\":\"Organization\",\"@id\":\"https:\\\/\\\/kokpit.az\\\/#organization\",\"name\":\"X\u0259b\u0259ri Kokpitd\u0259 Oxuyun!\",\"url\":\"https:\\\/\\\/kokpit.az\\\/\",\"logo\":{\"@type\":\"ImageObject\",\"inLanguage\":\"az\",\"@id\":\"https:\\\/\\\/kokpit.az\\\/#\\\/schema\\\/logo\\\/image\\\/\",\"url\":\"https:\\\/\\\/kokpit.az\\\/wp-content\\\/uploads\\\/2023\\\/05\\\/kokpit.jpg\",\"contentUrl\":\"https:\\\/\\\/kokpit.az\\\/wp-content\\\/uploads\\\/2023\\\/05\\\/kokpit.jpg\",\"width\":488,\"height\":245,\"caption\":\"X\u0259b\u0259ri Kokpitd\u0259 Oxuyun!\"},\"image\":{\"@id\":\"https:\\\/\\\/kokpit.az\\\/#\\\/schema\\\/logo\\\/image\\\/\"},\"sameAs\":[\"https:\\\/\\\/www.facebook.com\\\/profile.php?id=61553756392357\"]},{\"@type\":\"Person\",\"@id\":\"https:\\\/\\\/kokpit.az\\\/#\\\/schema\\\/person\\\/f4114e650bc2993d0650e4fb6933c581\",\"name\":\"Rauf Hac\u0131yev\",\"image\":{\"@type\":\"ImageObject\",\"inLanguage\":\"az\",\"@id\":\"https:\\\/\\\/secure.gravatar.com\\\/avatar\\\/394a2085c47c7acdcf41f7d270b7cbb52513d6f4f24c1cb6dfbbd61f98c0503d?s=96&d=mm&r=g\",\"url\":\"https:\\\/\\\/secure.gravatar.com\\\/avatar\\\/394a2085c47c7acdcf41f7d270b7cbb52513d6f4f24c1cb6dfbbd61f98c0503d?s=96&d=mm&r=g\",\"contentUrl\":\"https:\\\/\\\/secure.gravatar.com\\\/avatar\\\/394a2085c47c7acdcf41f7d270b7cbb52513d6f4f24c1cb6dfbbd61f98c0503d?s=96&d=mm&r=g\",\"caption\":\"Rauf Hac\u0131yev\"},\"sameAs\":[\"https:\\\/\\\/kokpit.az\"],\"url\":\"https:\\\/\\\/kokpit.az\\\/?author=2\"}]}<\/script>\n<!-- \/ Yoast SEO plugin. -->","yoast_head_json":{"title":"Ferstappen yeni d\u0259bilq\u0259sini t\u0259qdim edib - X\u0259b\u0259ri Kokpitd\u0259 Oxuyun!","robots":{"index":"index","follow":"follow","max-snippet":"max-snippet:-1","max-image-preview":"max-image-preview:large","max-video-preview":"max-video-preview:-1"},"canonical":"https:\/\/kokpit.az\/?p=12388","og_locale":"az_AZ","og_type":"article","og_title":"Ferstappen yeni d\u0259bilq\u0259sini t\u0259qdim edib - X\u0259b\u0259ri Kokpitd\u0259 Oxuyun!","og_description":"Red Bull komandas\u0131n\u0131n s\u00fcr\u00fcc\u00fcs\u00fc Maks Ferstappen 2025-ci ild\u0259 yar\u0131\u015faca\u011f\u0131 d\u0259bilq\u0259ni t\u0259qdim edib.","og_url":"https:\/\/kokpit.az\/?p=12388","og_site_name":"X\u0259b\u0259ri Kokpitd\u0259 Oxuyun!","article_publisher":"https:\/\/www.facebook.com\/profile.php?id=61553756392357","article_published_time":"2025-02-14T08:10:38+00:00","article_modified_time":"2025-02-14T10:34:29+00:00","og_image":[{"width":640,"height":425,"url":"https:\/\/kokpit.az\/wp-content\/uploads\/2025\/02\/IMG_9851.jpeg","type":"image\/jpeg"}],"author":"Rauf Hac\u0131yev","twitter_card":"summary_large_image","twitter_misc":{"Written by":"Rauf Hac\u0131yev","Est. reading time":"1 minute"},"schema":{"@context":"https:\/\/schema.org","@graph":[{"@type":"Article","@id":"https:\/\/kokpit.az\/?p=12388#article","isPartOf":{"@id":"https:\/\/kokpit.az\/?p=12388"},"author":{"name":"Rauf Hac\u0131yev","@id":"https:\/\/kokpit.az\/#\/schema\/person\/f4114e650bc2993d0650e4fb6933c581"},"headline":"Ferstappen yeni d\u0259bilq\u0259sini t\u0259qdim edib","datePublished":"2025-02-14T08:10:38+00:00","dateModified":"2025-02-14T10:34:29+00:00","mainEntityOfPage":{"@id":"https:\/\/kokpit.az\/?p=12388"},"wordCount":241,"commentCount":0,"publisher":{"@id":"https:\/\/kokpit.az\/#organization"},"image":{"@id":"https:\/\/kokpit.az\/?p=12388#primaryimage"},"thumbnailUrl":"https:\/\/kokpit.az\/wp-content\/uploads\/2025\/02\/IMG_9851.jpeg","keywords":["Max Verstappen","Max Verstappen Helmet","Red Bull Racing"],"articleSection":["X\u0259b\u0259rl\u0259r"],"inLanguage":"az","potentialAction":[{"@type":"CommentAction","name":"Comment","target":["https:\/\/kokpit.az\/?p=12388#respond"]}]},{"@type":"WebPage","@id":"https:\/\/kokpit.az\/?p=12388","url":"https:\/\/kokpit.az\/?p=12388","name":"Ferstappen yeni d\u0259bilq\u0259sini t\u0259qdim edib - X\u0259b\u0259ri Kokpitd\u0259 Oxuyun!","isPartOf":{"@id":"https:\/\/kokpit.az\/#website"},"primaryImageOfPage":{"@id":"https:\/\/kokpit.az\/?p=12388#primaryimage"},"image":{"@id":"https:\/\/kokpit.az\/?p=12388#primaryimage"},"thumbnailUrl":"https:\/\/kokpit.az\/wp-content\/uploads\/2025\/02\/IMG_9851.jpeg","datePublished":"2025-02-14T08:10:38+00:00","dateModified":"2025-02-14T10:34:29+00:00","breadcrumb":{"@id":"https:\/\/kokpit.az\/?p=12388#breadcrumb"},"inLanguage":"az","potentialAction":[{"@type":"ReadAction","target":["https:\/\/kokpit.az\/?p=12388"]}]},{"@type":"ImageObject","inLanguage":"az","@id":"https:\/\/kokpit.az\/?p=12388#primaryimage","url":"https:\/\/kokpit.az\/wp-content\/uploads\/2025\/02\/IMG_9851.jpeg","contentUrl":"https:\/\/kokpit.az\/wp-content\/uploads\/2025\/02\/IMG_9851.jpeg","width":640,"height":425},{"@type":"BreadcrumbList","@id":"https:\/\/kokpit.az\/?p=12388#breadcrumb","itemListElement":[{"@type":"ListItem","position":1,"name":"Home","item":"https:\/\/kokpit.az\/"},{"@type":"ListItem","position":2,"name":"Ferstappen yeni d\u0259bilq\u0259sini t\u0259qdim edib"}]},{"@type":"WebSite","@id":"https:\/\/kokpit.az\/#website","url":"https:\/\/kokpit.az\/","name":"X\u0259b\u0259ri Kokpitd\u0259 Oxuyun!","description":"","publisher":{"@id":"https:\/\/kokpit.az\/#organization"},"potentialAction":[{"@type":"SearchAction","target":{"@type":"EntryPoint","urlTemplate":"https:\/\/kokpit.az\/?s={search_term_string}"},"query-input":{"@type":"PropertyValueSpecification","valueRequired":true,"valueName":"search_term_string"}}],"inLanguage":"az"},{"@type":"Organization","@id":"https:\/\/kokpit.az\/#organization","name":"X\u0259b\u0259ri Kokpitd\u0259 Oxuyun!","url":"https:\/\/kokpit.az\/","logo":{"@type":"ImageObject","inLanguage":"az","@id":"https:\/\/kokpit.az\/#\/schema\/logo\/image\/","url":"https:\/\/kokpit.az\/wp-content\/uploads\/2023\/05\/kokpit.jpg","contentUrl":"https:\/\/kokpit.az\/wp-content\/uploads\/2023\/05\/kokpit.jpg","width":488,"height":245,"caption":"X\u0259b\u0259ri Kokpitd\u0259 Oxuyun!"},"image":{"@id":"https:\/\/kokpit.az\/#\/schema\/logo\/image\/"},"sameAs":["https:\/\/www.facebook.com\/profile.php?id=61553756392357"]},{"@type":"Person","@id":"https:\/\/kokpit.az\/#\/schema\/person\/f4114e650bc2993d0650e4fb6933c581","name":"Rauf Hac\u0131yev","image":{"@type":"ImageObject","inLanguage":"az","@id":"https:\/\/secure.gravatar.com\/avatar\/394a2085c47c7acdcf41f7d270b7cbb52513d6f4f24c1cb6dfbbd61f98c0503d?s=96&d=mm&r=g","url":"https:\/\/secure.gravatar.com\/avatar\/394a2085c47c7acdcf41f7d270b7cbb52513d6f4f24c1cb6dfbbd61f98c0503d?s=96&d=mm&r=g","contentUrl":"https:\/\/secure.gravatar.com\/avatar\/394a2085c47c7acdcf41f7d270b7cbb52513d6f4f24c1cb6dfbbd61f98c0503d?s=96&d=mm&r=g","caption":"Rauf Hac\u0131yev"},"sameAs":["https:\/\/kokpit.az"],"url":"https:\/\/kokpit.az\/?author=2"}]}},"_links":{"self":[{"href":"https:\/\/kokpit.az\/index.php?rest_route=\/wp\/v2\/posts\/12388","targetHints":{"allow":["GET"]}}],"collection":[{"href":"https:\/\/kokpit.az\/index.php?rest_route=\/wp\/v2\/posts"}],"about":[{"href":"https:\/\/kokpit.az\/index.php?rest_route=\/wp\/v2\/types\/post"}],"author":[{"embeddable":true,"href":"https:\/\/kokpit.az\/index.php?rest_route=\/wp\/v2\/users\/2"}],"replies":[{"embeddable":true,"href":"https:\/\/kokpit.az\/index.php?rest_route=%2Fwp%2Fv2%2Fcomments&post=12388"}],"version-history":[{"count":2,"href":"https:\/\/kokpit.az\/index.php?rest_route=\/wp\/v2\/posts\/12388\/revisions"}],"predecessor-version":[{"id":12394,"href":"https:\/\/kokpit.az\/index.php?rest_route=\/wp\/v2\/posts\/12388\/revisions\/12394"}],"wp:featuredmedia":[{"embeddable":true,"href":"https:\/\/kokpit.az\/index.php?rest_route=\/wp\/v2\/media\/12390"}],"wp:attachment":[{"href":"https:\/\/kokpit.az\/index.php?rest_route=%2Fwp%2Fv2%2Fmedia&parent=12388"}],"wp:term":[{"taxonomy":"category","embeddable":true,"href":"https:\/\/kokpit.az\/index.php?rest_route=%2Fwp%2Fv2%2Fcategories&post=12388"},{"taxonomy":"post_tag","embeddable":true,"href":"https:\/\/kokpit.az\/index.php?rest_route=%2Fwp%2Fv2%2Ftags&post=12388"}],"curies":[{"name":"wp","href":"https:\/\/api.w.org\/{rel}","templated":true}]}}