{"id":12345,"date":"2025-02-11T20:53:59","date_gmt":"2025-02-11T16:53:59","guid":{"rendered":"https:\/\/kokpit.az\/?p=12345"},"modified":"2025-02-11T22:10:58","modified_gmt":"2025-02-11T18:10:58","slug":"mclaren-prodromou-il%c9%99-muqavil%c9%99-uzadib","status":"publish","type":"post","link":"https:\/\/kokpit.az\/?p=12345","title":{"rendered":"McLaren Prodromou il\u0259 m\u00fcqavil\u0259 uzad\u0131b"},"content":{"rendered":"<p>Kokpit.az bildirir ki, McLaren Formula 1 komandas\u0131 \u00a0aerodinamik r\u0259hb\u0259ri Piter Prodromu il\u0259 m\u00fcqavil\u0259ni uzatd\u0131\u011f\u0131n\u0131 a\u00e7\u0131qlay\u0131b. Prodromou McLaren-in 2024-c\u00fc il m\u00f6vs\u00fcm\u00fcnd\u0259 doqquzuncu komanda M\u00fch\u0259ndisl\u0259r Kubokubu qazanmas\u0131nda m\u00fch\u00fcm rol oynam\u0131\u015fd\u0131.<\/p>\n<p><strong>Komandan\u0131n r\u0259hb\u0259ri Andrea Stella<\/strong> m\u00fcqavil\u0259nin uzad\u0131lmas\u0131 bar\u0259d\u0259 bunlar\u0131 deyib: \u201cPiterl\u0259 \u00e7oxillik m\u00fcqavil\u0259 il\u0259 yenil\u0259diyimizi sevincl\u0259 elan edir\u0259m. Piter m\u0259d\u0259ni, t\u0259\u015fkilati v\u0259 texniki bax\u0131mdan komandaya b\u00f6y\u00fck t\u00f6hf\u0259l\u0259r verib v\u0259 performans\u0131m\u0131z\u0131n artmas\u0131nda \u0259sas rol oynay\u0131b. Onun liderliyi olmasayd\u0131, biz bu u\u011fura qazanabilm\u0259zdik\u201d.<\/p>\n<p><strong>Piter Prodromou<\/strong> is\u0259 a\u00e7\u0131qlamas\u0131nda bel\u0259 deyib: \u201cMcLaren F1 Komandas\u0131n\u0131n Texniki Direktoru kimi v\u0259zif\u0259mi davam etdirm\u0259kd\u0259n \u00e7ox xo\u015fb\u0259xt\u0259m. Bel\u0259 komandan\u0131n bir hiss\u0259si olmaqdan q\u00fcrur duyuram.<\/p>\n<p>Ke\u00e7\u0259n m\u00f6vs\u00fcm \u0259ld\u0259 etdiyimiz u\u011furdan sonra m\u0259n g\u0259l\u0259c\u0259kd\u0259 daha \u00e7ox \u00e7empionluqlara t\u00f6hf\u0259 verm\u0259yi s\u0259birsizlikl\u0259 g\u00f6zl\u0259yir\u0259m\u201d.<\/p>\n<p>Qeyd ed\u0259k ki, 1991-ci ild\u0259 McLaren-d\u0259 i\u015fl\u0259m\u0259y\u0259 ba\u015flayan Prodromu 2006-c\u0131 ild\u0259 Red Bull-a ke\u00e7ib. Lakin 2014-c\u00fc ild\u0259 McLaren-\u0259 qay\u0131dan britaniyal\u0131 m\u00fch\u0259ndis 2023-c\u00fc ild\u0259 Andrea Stellan\u0131n yeni texniki strukturu \u00e7\u0259r\u00e7iv\u0259sind\u0259 aerodinamika \u00fczr\u0259 texniki direktor v\u0259zif\u0259sin\u0259 y\u00fcks\u0259lib<\/p>\n","protected":false},"excerpt":{"rendered":"<p>McLaren 2024-c\u00fc ild\u0259ki u\u011furun memarlar\u0131ndan biri olan Piter Prodromou il\u0259 yeni \u00e7oxillik m\u00fcqavil\u0259 imzalay\u0131b.<\/p>\n","protected":false},"author":2,"featured_media":12347,"comment_status":"open","ping_status":"open","sticky":false,"template":"","format":"standard","meta":{"footnotes":""},"categories":[2],"tags":[72,70,979],"class_list":["post-12345","post","type-post","status-publish","format-standard","has-post-thumbnail","hentry","category-news","tag-andrea-stella","tag-mclaren-formula-1-team","tag-peter-prodromou"],"yoast_head":"<!-- This site is optimized with the Yoast SEO plugin v27.5 - https:\/\/yoast.com\/product\/yoast-seo-wordpress\/ -->\n<title>McLaren Prodromou il\u0259 m\u00fcqavil\u0259 uzad\u0131b - X\u0259b\u0259ri Kokpitd\u0259 Oxuyun!<\/title>\n<meta name=\"robots\" content=\"index, follow, max-snippet:-1, max-image-preview:large, max-video-preview:-1\" \/>\n<link rel=\"canonical\" href=\"https:\/\/kokpit.az\/?p=12345\" \/>\n<meta property=\"og:locale\" content=\"az_AZ\" \/>\n<meta property=\"og:type\" content=\"article\" \/>\n<meta property=\"og:title\" content=\"McLaren Prodromou il\u0259 m\u00fcqavil\u0259 uzad\u0131b - X\u0259b\u0259ri Kokpitd\u0259 Oxuyun!\" \/>\n<meta property=\"og:description\" content=\"McLaren 2024-c\u00fc ild\u0259ki u\u011furun memarlar\u0131ndan biri olan Piter Prodromou il\u0259 yeni \u00e7oxillik m\u00fcqavil\u0259 imzalay\u0131b.\" \/>\n<meta property=\"og:url\" content=\"https:\/\/kokpit.az\/?p=12345\" \/>\n<meta property=\"og:site_name\" content=\"X\u0259b\u0259ri Kokpitd\u0259 Oxuyun!\" \/>\n<meta property=\"article:publisher\" content=\"https:\/\/www.facebook.com\/profile.php?id=61553756392357\" \/>\n<meta property=\"article:published_time\" content=\"2025-02-11T16:53:59+00:00\" \/>\n<meta property=\"article:modified_time\" content=\"2025-02-11T18:10:58+00:00\" \/>\n<meta property=\"og:image\" content=\"https:\/\/kokpit.az\/wp-content\/uploads\/2025\/02\/IMG_1721.webp\" \/>\n\t<meta property=\"og:image:width\" content=\"1320\" \/>\n\t<meta property=\"og:image:height\" content=\"742\" \/>\n\t<meta property=\"og:image:type\" content=\"image\/webp\" \/>\n<meta name=\"author\" content=\"Rauf Hac\u0131yev\" \/>\n<meta name=\"twitter:card\" content=\"summary_large_image\" \/>\n<meta name=\"twitter:label1\" content=\"Written by\" \/>\n\t<meta name=\"twitter:data1\" content=\"Rauf Hac\u0131yev\" \/>\n\t<meta name=\"twitter:label2\" content=\"Est. reading time\" \/>\n\t<meta name=\"twitter:data2\" content=\"1 minute\" \/>\n<script type=\"application\/ld+json\" class=\"yoast-schema-graph\">{\"@context\":\"https:\\\/\\\/schema.org\",\"@graph\":[{\"@type\":\"Article\",\"@id\":\"https:\\\/\\\/kokpit.az\\\/?p=12345#article\",\"isPartOf\":{\"@id\":\"https:\\\/\\\/kokpit.az\\\/?p=12345\"},\"author\":{\"name\":\"Rauf Hac\u0131yev\",\"@id\":\"https:\\\/\\\/kokpit.az\\\/#\\\/schema\\\/person\\\/f4114e650bc2993d0650e4fb6933c581\"},\"headline\":\"McLaren Prodromou il\u0259 m\u00fcqavil\u0259 uzad\u0131b\",\"datePublished\":\"2025-02-11T16:53:59+00:00\",\"dateModified\":\"2025-02-11T18:10:58+00:00\",\"mainEntityOfPage\":{\"@id\":\"https:\\\/\\\/kokpit.az\\\/?p=12345\"},\"wordCount\":236,\"commentCount\":0,\"publisher\":{\"@id\":\"https:\\\/\\\/kokpit.az\\\/#organization\"},\"image\":{\"@id\":\"https:\\\/\\\/kokpit.az\\\/?p=12345#primaryimage\"},\"thumbnailUrl\":\"https:\\\/\\\/kokpit.az\\\/wp-content\\\/uploads\\\/2025\\\/02\\\/IMG_1721.webp\",\"keywords\":[\"Andrea Stella\",\"McLaren Formula 1 Team\",\"Peter Prodromou\"],\"articleSection\":[\"X\u0259b\u0259rl\u0259r\"],\"inLanguage\":\"az\",\"potentialAction\":[{\"@type\":\"CommentAction\",\"name\":\"Comment\",\"target\":[\"https:\\\/\\\/kokpit.az\\\/?p=12345#respond\"]}]},{\"@type\":\"WebPage\",\"@id\":\"https:\\\/\\\/kokpit.az\\\/?p=12345\",\"url\":\"https:\\\/\\\/kokpit.az\\\/?p=12345\",\"name\":\"McLaren Prodromou il\u0259 m\u00fcqavil\u0259 uzad\u0131b - X\u0259b\u0259ri Kokpitd\u0259 Oxuyun!\",\"isPartOf\":{\"@id\":\"https:\\\/\\\/kokpit.az\\\/#website\"},\"primaryImageOfPage\":{\"@id\":\"https:\\\/\\\/kokpit.az\\\/?p=12345#primaryimage\"},\"image\":{\"@id\":\"https:\\\/\\\/kokpit.az\\\/?p=12345#primaryimage\"},\"thumbnailUrl\":\"https:\\\/\\\/kokpit.az\\\/wp-content\\\/uploads\\\/2025\\\/02\\\/IMG_1721.webp\",\"datePublished\":\"2025-02-11T16:53:59+00:00\",\"dateModified\":\"2025-02-11T18:10:58+00:00\",\"breadcrumb\":{\"@id\":\"https:\\\/\\\/kokpit.az\\\/?p=12345#breadcrumb\"},\"inLanguage\":\"az\",\"potentialAction\":[{\"@type\":\"ReadAction\",\"target\":[\"https:\\\/\\\/kokpit.az\\\/?p=12345\"]}]},{\"@type\":\"ImageObject\",\"inLanguage\":\"az\",\"@id\":\"https:\\\/\\\/kokpit.az\\\/?p=12345#primaryimage\",\"url\":\"https:\\\/\\\/kokpit.az\\\/wp-content\\\/uploads\\\/2025\\\/02\\\/IMG_1721.webp\",\"contentUrl\":\"https:\\\/\\\/kokpit.az\\\/wp-content\\\/uploads\\\/2025\\\/02\\\/IMG_1721.webp\",\"width\":1320,\"height\":742},{\"@type\":\"BreadcrumbList\",\"@id\":\"https:\\\/\\\/kokpit.az\\\/?p=12345#breadcrumb\",\"itemListElement\":[{\"@type\":\"ListItem\",\"position\":1,\"name\":\"Home\",\"item\":\"https:\\\/\\\/kokpit.az\\\/\"},{\"@type\":\"ListItem\",\"position\":2,\"name\":\"McLaren Prodromou il\u0259 m\u00fcqavil\u0259 uzad\u0131b\"}]},{\"@type\":\"WebSite\",\"@id\":\"https:\\\/\\\/kokpit.az\\\/#website\",\"url\":\"https:\\\/\\\/kokpit.az\\\/\",\"name\":\"X\u0259b\u0259ri Kokpitd\u0259 Oxuyun!\",\"description\":\"\",\"publisher\":{\"@id\":\"https:\\\/\\\/kokpit.az\\\/#organization\"},\"potentialAction\":[{\"@type\":\"SearchAction\",\"target\":{\"@type\":\"EntryPoint\",\"urlTemplate\":\"https:\\\/\\\/kokpit.az\\\/?s={search_term_string}\"},\"query-input\":{\"@type\":\"PropertyValueSpecification\",\"valueRequired\":true,\"valueName\":\"search_term_string\"}}],\"inLanguage\":\"az\"},{\"@type\":\"Organization\",\"@id\":\"https:\\\/\\\/kokpit.az\\\/#organization\",\"name\":\"X\u0259b\u0259ri Kokpitd\u0259 Oxuyun!\",\"url\":\"https:\\\/\\\/kokpit.az\\\/\",\"logo\":{\"@type\":\"ImageObject\",\"inLanguage\":\"az\",\"@id\":\"https:\\\/\\\/kokpit.az\\\/#\\\/schema\\\/logo\\\/image\\\/\",\"url\":\"https:\\\/\\\/kokpit.az\\\/wp-content\\\/uploads\\\/2023\\\/05\\\/kokpit.jpg\",\"contentUrl\":\"https:\\\/\\\/kokpit.az\\\/wp-content\\\/uploads\\\/2023\\\/05\\\/kokpit.jpg\",\"width\":488,\"height\":245,\"caption\":\"X\u0259b\u0259ri Kokpitd\u0259 Oxuyun!\"},\"image\":{\"@id\":\"https:\\\/\\\/kokpit.az\\\/#\\\/schema\\\/logo\\\/image\\\/\"},\"sameAs\":[\"https:\\\/\\\/www.facebook.com\\\/profile.php?id=61553756392357\"]},{\"@type\":\"Person\",\"@id\":\"https:\\\/\\\/kokpit.az\\\/#\\\/schema\\\/person\\\/f4114e650bc2993d0650e4fb6933c581\",\"name\":\"Rauf Hac\u0131yev\",\"image\":{\"@type\":\"ImageObject\",\"inLanguage\":\"az\",\"@id\":\"https:\\\/\\\/secure.gravatar.com\\\/avatar\\\/394a2085c47c7acdcf41f7d270b7cbb52513d6f4f24c1cb6dfbbd61f98c0503d?s=96&d=mm&r=g\",\"url\":\"https:\\\/\\\/secure.gravatar.com\\\/avatar\\\/394a2085c47c7acdcf41f7d270b7cbb52513d6f4f24c1cb6dfbbd61f98c0503d?s=96&d=mm&r=g\",\"contentUrl\":\"https:\\\/\\\/secure.gravatar.com\\\/avatar\\\/394a2085c47c7acdcf41f7d270b7cbb52513d6f4f24c1cb6dfbbd61f98c0503d?s=96&d=mm&r=g\",\"caption\":\"Rauf Hac\u0131yev\"},\"sameAs\":[\"https:\\\/\\\/kokpit.az\"],\"url\":\"https:\\\/\\\/kokpit.az\\\/?author=2\"}]}<\/script>\n<!-- \/ Yoast SEO plugin. -->","yoast_head_json":{"title":"McLaren Prodromou il\u0259 m\u00fcqavil\u0259 uzad\u0131b - X\u0259b\u0259ri Kokpitd\u0259 Oxuyun!","robots":{"index":"index","follow":"follow","max-snippet":"max-snippet:-1","max-image-preview":"max-image-preview:large","max-video-preview":"max-video-preview:-1"},"canonical":"https:\/\/kokpit.az\/?p=12345","og_locale":"az_AZ","og_type":"article","og_title":"McLaren Prodromou il\u0259 m\u00fcqavil\u0259 uzad\u0131b - X\u0259b\u0259ri Kokpitd\u0259 Oxuyun!","og_description":"McLaren 2024-c\u00fc ild\u0259ki u\u011furun memarlar\u0131ndan biri olan Piter Prodromou il\u0259 yeni \u00e7oxillik m\u00fcqavil\u0259 imzalay\u0131b.","og_url":"https:\/\/kokpit.az\/?p=12345","og_site_name":"X\u0259b\u0259ri Kokpitd\u0259 Oxuyun!","article_publisher":"https:\/\/www.facebook.com\/profile.php?id=61553756392357","article_published_time":"2025-02-11T16:53:59+00:00","article_modified_time":"2025-02-11T18:10:58+00:00","og_image":[{"width":1320,"height":742,"url":"https:\/\/kokpit.az\/wp-content\/uploads\/2025\/02\/IMG_1721.webp","type":"image\/webp"}],"author":"Rauf Hac\u0131yev","twitter_card":"summary_large_image","twitter_misc":{"Written by":"Rauf Hac\u0131yev","Est. reading time":"1 minute"},"schema":{"@context":"https:\/\/schema.org","@graph":[{"@type":"Article","@id":"https:\/\/kokpit.az\/?p=12345#article","isPartOf":{"@id":"https:\/\/kokpit.az\/?p=12345"},"author":{"name":"Rauf Hac\u0131yev","@id":"https:\/\/kokpit.az\/#\/schema\/person\/f4114e650bc2993d0650e4fb6933c581"},"headline":"McLaren Prodromou il\u0259 m\u00fcqavil\u0259 uzad\u0131b","datePublished":"2025-02-11T16:53:59+00:00","dateModified":"2025-02-11T18:10:58+00:00","mainEntityOfPage":{"@id":"https:\/\/kokpit.az\/?p=12345"},"wordCount":236,"commentCount":0,"publisher":{"@id":"https:\/\/kokpit.az\/#organization"},"image":{"@id":"https:\/\/kokpit.az\/?p=12345#primaryimage"},"thumbnailUrl":"https:\/\/kokpit.az\/wp-content\/uploads\/2025\/02\/IMG_1721.webp","keywords":["Andrea Stella","McLaren Formula 1 Team","Peter Prodromou"],"articleSection":["X\u0259b\u0259rl\u0259r"],"inLanguage":"az","potentialAction":[{"@type":"CommentAction","name":"Comment","target":["https:\/\/kokpit.az\/?p=12345#respond"]}]},{"@type":"WebPage","@id":"https:\/\/kokpit.az\/?p=12345","url":"https:\/\/kokpit.az\/?p=12345","name":"McLaren Prodromou il\u0259 m\u00fcqavil\u0259 uzad\u0131b - X\u0259b\u0259ri Kokpitd\u0259 Oxuyun!","isPartOf":{"@id":"https:\/\/kokpit.az\/#website"},"primaryImageOfPage":{"@id":"https:\/\/kokpit.az\/?p=12345#primaryimage"},"image":{"@id":"https:\/\/kokpit.az\/?p=12345#primaryimage"},"thumbnailUrl":"https:\/\/kokpit.az\/wp-content\/uploads\/2025\/02\/IMG_1721.webp","datePublished":"2025-02-11T16:53:59+00:00","dateModified":"2025-02-11T18:10:58+00:00","breadcrumb":{"@id":"https:\/\/kokpit.az\/?p=12345#breadcrumb"},"inLanguage":"az","potentialAction":[{"@type":"ReadAction","target":["https:\/\/kokpit.az\/?p=12345"]}]},{"@type":"ImageObject","inLanguage":"az","@id":"https:\/\/kokpit.az\/?p=12345#primaryimage","url":"https:\/\/kokpit.az\/wp-content\/uploads\/2025\/02\/IMG_1721.webp","contentUrl":"https:\/\/kokpit.az\/wp-content\/uploads\/2025\/02\/IMG_1721.webp","width":1320,"height":742},{"@type":"BreadcrumbList","@id":"https:\/\/kokpit.az\/?p=12345#breadcrumb","itemListElement":[{"@type":"ListItem","position":1,"name":"Home","item":"https:\/\/kokpit.az\/"},{"@type":"ListItem","position":2,"name":"McLaren Prodromou il\u0259 m\u00fcqavil\u0259 uzad\u0131b"}]},{"@type":"WebSite","@id":"https:\/\/kokpit.az\/#website","url":"https:\/\/kokpit.az\/","name":"X\u0259b\u0259ri Kokpitd\u0259 Oxuyun!","description":"","publisher":{"@id":"https:\/\/kokpit.az\/#organization"},"potentialAction":[{"@type":"SearchAction","target":{"@type":"EntryPoint","urlTemplate":"https:\/\/kokpit.az\/?s={search_term_string}"},"query-input":{"@type":"PropertyValueSpecification","valueRequired":true,"valueName":"search_term_string"}}],"inLanguage":"az"},{"@type":"Organization","@id":"https:\/\/kokpit.az\/#organization","name":"X\u0259b\u0259ri Kokpitd\u0259 Oxuyun!","url":"https:\/\/kokpit.az\/","logo":{"@type":"ImageObject","inLanguage":"az","@id":"https:\/\/kokpit.az\/#\/schema\/logo\/image\/","url":"https:\/\/kokpit.az\/wp-content\/uploads\/2023\/05\/kokpit.jpg","contentUrl":"https:\/\/kokpit.az\/wp-content\/uploads\/2023\/05\/kokpit.jpg","width":488,"height":245,"caption":"X\u0259b\u0259ri Kokpitd\u0259 Oxuyun!"},"image":{"@id":"https:\/\/kokpit.az\/#\/schema\/logo\/image\/"},"sameAs":["https:\/\/www.facebook.com\/profile.php?id=61553756392357"]},{"@type":"Person","@id":"https:\/\/kokpit.az\/#\/schema\/person\/f4114e650bc2993d0650e4fb6933c581","name":"Rauf Hac\u0131yev","image":{"@type":"ImageObject","inLanguage":"az","@id":"https:\/\/secure.gravatar.com\/avatar\/394a2085c47c7acdcf41f7d270b7cbb52513d6f4f24c1cb6dfbbd61f98c0503d?s=96&d=mm&r=g","url":"https:\/\/secure.gravatar.com\/avatar\/394a2085c47c7acdcf41f7d270b7cbb52513d6f4f24c1cb6dfbbd61f98c0503d?s=96&d=mm&r=g","contentUrl":"https:\/\/secure.gravatar.com\/avatar\/394a2085c47c7acdcf41f7d270b7cbb52513d6f4f24c1cb6dfbbd61f98c0503d?s=96&d=mm&r=g","caption":"Rauf Hac\u0131yev"},"sameAs":["https:\/\/kokpit.az"],"url":"https:\/\/kokpit.az\/?author=2"}]}},"_links":{"self":[{"href":"https:\/\/kokpit.az\/index.php?rest_route=\/wp\/v2\/posts\/12345","targetHints":{"allow":["GET"]}}],"collection":[{"href":"https:\/\/kokpit.az\/index.php?rest_route=\/wp\/v2\/posts"}],"about":[{"href":"https:\/\/kokpit.az\/index.php?rest_route=\/wp\/v2\/types\/post"}],"author":[{"embeddable":true,"href":"https:\/\/kokpit.az\/index.php?rest_route=\/wp\/v2\/users\/2"}],"replies":[{"embeddable":true,"href":"https:\/\/kokpit.az\/index.php?rest_route=%2Fwp%2Fv2%2Fcomments&post=12345"}],"version-history":[{"count":1,"href":"https:\/\/kokpit.az\/index.php?rest_route=\/wp\/v2\/posts\/12345\/revisions"}],"predecessor-version":[{"id":12346,"href":"https:\/\/kokpit.az\/index.php?rest_route=\/wp\/v2\/posts\/12345\/revisions\/12346"}],"wp:featuredmedia":[{"embeddable":true,"href":"https:\/\/kokpit.az\/index.php?rest_route=\/wp\/v2\/media\/12347"}],"wp:attachment":[{"href":"https:\/\/kokpit.az\/index.php?rest_route=%2Fwp%2Fv2%2Fmedia&parent=12345"}],"wp:term":[{"taxonomy":"category","embeddable":true,"href":"https:\/\/kokpit.az\/index.php?rest_route=%2Fwp%2Fv2%2Fcategories&post=12345"},{"taxonomy":"post_tag","embeddable":true,"href":"https:\/\/kokpit.az\/index.php?rest_route=%2Fwp%2Fv2%2Ftags&post=12345"}],"curies":[{"name":"wp","href":"https:\/\/api.w.org\/{rel}","templated":true}]}}