{"id":11994,"date":"2025-01-22T15:56:01","date_gmt":"2025-01-22T11:56:01","guid":{"rendered":"https:\/\/kokpit.az\/?p=11994"},"modified":"2025-01-22T17:01:14","modified_gmt":"2025-01-22T13:01:14","slug":"pedro-qomes-sauber-%c9%99-kecib","status":"publish","type":"post","link":"https:\/\/kokpit.az\/?p=11994","title":{"rendered":"Pedro Qomes Sauber-\u0259 ke\u00e7ib"},"content":{"rendered":"<p>Kokpit.az bildirir ki, Qomes McLaren-in aerodinamik \u015f\u00f6b\u0259sind\u0259 m\u00f6ht\u0259\u015f\u0259m i\u015fl\u0259r g\u00f6rs\u0259 d\u0259, iki h\u0259ft\u0259 \u0259vv\u0259l Britaniya komandas\u0131ndan ayr\u0131laca\u011f\u0131n\u0131 a\u00e7\u0131qlam\u0131\u015fd\u0131. Lakin hara ged\u0259c\u0259yini dem\u0259mi\u015fdi.<\/p>\n<p>Art\u0131q bu m\u00fc\u0259mma sona \u00e7at\u0131r: \u0130spaniyal\u0131 m\u00fch\u0259ndis Sauber il\u0259 m\u00fcqavil\u0259 ba\u011flay\u0131b v\u0259 o, Audi-d\u0259 ba\u015f aerodinamik konstruktor olacaq.<\/p>\n<p><strong>Pedro Qomes<\/strong>: \u201cBu g\u00fcn Audi Formula 1 komandas\u0131nda i\u015fl\u0259y\u0259c\u0259yimi siz\u0259 bildirdiyim \u00fc\u00e7\u00fcn \u00e7ox sevincliy\u0259m.<\/p>\n<p>Bu, h\u0259y\u0259canl\u0131, \u00e7\u0259tin v\u0259 \u00e7ox i\u015fl\u0259m\u0259yi t\u0259l\u0259b ed\u0259n proses olacaq, amma eyni zamanda \u0259yl\u0259n\u0259c\u0259yik v\u0259 bu i\u015fd\u0259n h\u0259zz alaca\u011f\u0131q\u201d.<\/p>\n<p>Qomes art\u0131q Audi komandas\u0131n\u0131n \u0130sve\u00e7r\u0259d\u0259ki bazas\u0131na gedib. Bu bazan\u0131 Mattia Binotto idar\u0259 edir.<\/p>\n<p>\u0130spaniyal\u0131 m\u00fch\u0259ndis bazadak\u0131 ilk i\u015f g\u00fcn\u00fcnd\u0259n sonra \u00e7ox t\u0259sirl\u0259nib: \u201cBu g\u00fcn\u0259 q\u0259d\u0259r g\u00f6rd\u00fckl\u0259rim m\u0259n\u0259 \u00e7ox t\u0259sir etdi. Amma m\u0259n\u0259 \u0259n \u00e7ox t\u0259sir ed\u0259n \u015fey g\u0259l\u0259c\u0259kd\u0259ki yenilikl\u0259r v\u0259 komandadak\u0131 inki\u015faf oldu. Komandan\u0131n sadiqliyi v\u0259 birliyi \u00e7ox t\u0259siredicidir\u201d.<\/p>\n<p>Pedro Qomes McLaren komandas\u0131nda 15 il i\u015fl\u0259yib v\u0259 \u00e7oxlu vacib layih\u0259y\u0259 imza at\u0131b. \u201cNar\u0131nc\u0131lar\u201d\u0131n 2024-c\u00fc ild\u0259 qazand\u0131\u011f\u0131 M\u00fch\u0259ndisl\u0259r Kuboku is\u0259 onun karyeras\u0131n\u0131n zirv\u0259si olub. Pedro Qomes ayr\u0131l\u0131q q\u0259rar\u0131n\u0131 bu s\u00f6zl\u0259rl\u0259 ifad\u0259 edib: \u201c2010-cu ild\u0259 h\u0259yat yolda\u015f\u0131mla birlikd\u0259 \u0130spaniyadan \u0130ngilt\u0259r\u0259y\u0259 k\u00f6\u00e7m\u0259k q\u0259rar\u0131 alm\u0131\u015fd\u0131q. Bu da iki u\u015fa\u011f\u0131m\u0131z\u0131 ail\u0259mizd\u0259n v\u0259 dostlar\u0131m\u0131zdan uzaqla\u015fd\u0131rmaq dem\u0259k idi. Amma bu q\u0259rara g\u00f6r\u0259 he\u00e7 vaxt pe\u015fman olmad\u0131q. Bu proses \u00e7ox \u00e7\u0259tin idi. Eni\u015f\u0131\u0259r, yoxu\u015flar, \u00e7ox i\u015fl\u0259m\u0259k laz\u0131m idi. Amma bu \u00e7\u0259tinlikl\u0259r\u0259 d\u0259ydi\u201d.<\/p>\n<p>Qeyd ed\u0259k ki, Pedro Qomes t\u0259kc\u0259 McLaren-d\u0259 i\u015fl\u0259m\u0259yib. O, 2007-2008-ci ill\u0259rd\u0259 Ferrari komandas\u0131nda i\u015fl\u0259yib.<\/p>\n","protected":false},"excerpt":{"rendered":"<p>\u0130spaniyal\u0131 m\u00fch\u0259ndis Pedro Qomes uzun ill\u0259r McLaren-d\u0259 u\u011furla i\u015fl\u0259dikd\u0259n sonra Audi-nin Formula 1 layih\u0259sin\u0259 ke\u00e7ib. O, Audi-nin ba\u015f konstruktoru olacaq.<\/p>\n","protected":false},"author":2,"featured_media":11996,"comment_status":"open","ping_status":"open","sticky":false,"template":"","format":"standard","meta":{"footnotes":""},"categories":[2],"tags":[294,914,277],"class_list":["post-11994","post","type-post","status-publish","format-standard","has-post-thumbnail","hentry","category-news","tag-audi","tag-pedro-gomez","tag-stake-f1-team-kick-sauber"],"yoast_head":"<!-- This site is optimized with the Yoast SEO plugin v27.5 - https:\/\/yoast.com\/product\/yoast-seo-wordpress\/ -->\n<title>Pedro Qomes Sauber-\u0259 ke\u00e7ib - X\u0259b\u0259ri Kokpitd\u0259 Oxuyun!<\/title>\n<meta name=\"robots\" content=\"index, follow, max-snippet:-1, max-image-preview:large, max-video-preview:-1\" \/>\n<link rel=\"canonical\" href=\"https:\/\/kokpit.az\/?p=11994\" \/>\n<meta property=\"og:locale\" content=\"az_AZ\" \/>\n<meta property=\"og:type\" content=\"article\" \/>\n<meta property=\"og:title\" content=\"Pedro Qomes Sauber-\u0259 ke\u00e7ib - X\u0259b\u0259ri Kokpitd\u0259 Oxuyun!\" \/>\n<meta property=\"og:description\" content=\"\u0130spaniyal\u0131 m\u00fch\u0259ndis Pedro Qomes uzun ill\u0259r McLaren-d\u0259 u\u011furla i\u015fl\u0259dikd\u0259n sonra Audi-nin Formula 1 layih\u0259sin\u0259 ke\u00e7ib. O, Audi-nin ba\u015f konstruktoru olacaq.\" \/>\n<meta property=\"og:url\" content=\"https:\/\/kokpit.az\/?p=11994\" \/>\n<meta property=\"og:site_name\" content=\"X\u0259b\u0259ri Kokpitd\u0259 Oxuyun!\" \/>\n<meta property=\"article:publisher\" content=\"https:\/\/www.facebook.com\/profile.php?id=61553756392357\" \/>\n<meta property=\"article:published_time\" content=\"2025-01-22T11:56:01+00:00\" \/>\n<meta property=\"article:modified_time\" content=\"2025-01-22T13:01:14+00:00\" \/>\n<meta property=\"og:image\" content=\"https:\/\/kokpit.az\/wp-content\/uploads\/2025\/01\/IMG_9399.jpeg\" \/>\n\t<meta property=\"og:image:width\" content=\"1600\" \/>\n\t<meta property=\"og:image:height\" content=\"900\" \/>\n\t<meta property=\"og:image:type\" content=\"image\/jpeg\" \/>\n<meta name=\"author\" content=\"Rauf Hac\u0131yev\" \/>\n<meta name=\"twitter:card\" content=\"summary_large_image\" \/>\n<meta name=\"twitter:label1\" content=\"Written by\" \/>\n\t<meta name=\"twitter:data1\" content=\"Rauf Hac\u0131yev\" \/>\n\t<meta name=\"twitter:label2\" content=\"Est. reading time\" \/>\n\t<meta name=\"twitter:data2\" content=\"2 minutes\" \/>\n<script type=\"application\/ld+json\" class=\"yoast-schema-graph\">{\"@context\":\"https:\\\/\\\/schema.org\",\"@graph\":[{\"@type\":\"Article\",\"@id\":\"https:\\\/\\\/kokpit.az\\\/?p=11994#article\",\"isPartOf\":{\"@id\":\"https:\\\/\\\/kokpit.az\\\/?p=11994\"},\"author\":{\"name\":\"Rauf Hac\u0131yev\",\"@id\":\"https:\\\/\\\/kokpit.az\\\/#\\\/schema\\\/person\\\/f4114e650bc2993d0650e4fb6933c581\"},\"headline\":\"Pedro Qomes Sauber-\u0259 ke\u00e7ib\",\"datePublished\":\"2025-01-22T11:56:01+00:00\",\"dateModified\":\"2025-01-22T13:01:14+00:00\",\"mainEntityOfPage\":{\"@id\":\"https:\\\/\\\/kokpit.az\\\/?p=11994\"},\"wordCount\":356,\"commentCount\":0,\"publisher\":{\"@id\":\"https:\\\/\\\/kokpit.az\\\/#organization\"},\"image\":{\"@id\":\"https:\\\/\\\/kokpit.az\\\/?p=11994#primaryimage\"},\"thumbnailUrl\":\"https:\\\/\\\/kokpit.az\\\/wp-content\\\/uploads\\\/2025\\\/01\\\/IMG_9399.jpeg\",\"keywords\":[\"Audi\",\"Pedro Gomez\",\"Stake F1 Team Kick Sauber\"],\"articleSection\":[\"X\u0259b\u0259rl\u0259r\"],\"inLanguage\":\"az\",\"potentialAction\":[{\"@type\":\"CommentAction\",\"name\":\"Comment\",\"target\":[\"https:\\\/\\\/kokpit.az\\\/?p=11994#respond\"]}]},{\"@type\":\"WebPage\",\"@id\":\"https:\\\/\\\/kokpit.az\\\/?p=11994\",\"url\":\"https:\\\/\\\/kokpit.az\\\/?p=11994\",\"name\":\"Pedro Qomes Sauber-\u0259 ke\u00e7ib - X\u0259b\u0259ri Kokpitd\u0259 Oxuyun!\",\"isPartOf\":{\"@id\":\"https:\\\/\\\/kokpit.az\\\/#website\"},\"primaryImageOfPage\":{\"@id\":\"https:\\\/\\\/kokpit.az\\\/?p=11994#primaryimage\"},\"image\":{\"@id\":\"https:\\\/\\\/kokpit.az\\\/?p=11994#primaryimage\"},\"thumbnailUrl\":\"https:\\\/\\\/kokpit.az\\\/wp-content\\\/uploads\\\/2025\\\/01\\\/IMG_9399.jpeg\",\"datePublished\":\"2025-01-22T11:56:01+00:00\",\"dateModified\":\"2025-01-22T13:01:14+00:00\",\"breadcrumb\":{\"@id\":\"https:\\\/\\\/kokpit.az\\\/?p=11994#breadcrumb\"},\"inLanguage\":\"az\",\"potentialAction\":[{\"@type\":\"ReadAction\",\"target\":[\"https:\\\/\\\/kokpit.az\\\/?p=11994\"]}]},{\"@type\":\"ImageObject\",\"inLanguage\":\"az\",\"@id\":\"https:\\\/\\\/kokpit.az\\\/?p=11994#primaryimage\",\"url\":\"https:\\\/\\\/kokpit.az\\\/wp-content\\\/uploads\\\/2025\\\/01\\\/IMG_9399.jpeg\",\"contentUrl\":\"https:\\\/\\\/kokpit.az\\\/wp-content\\\/uploads\\\/2025\\\/01\\\/IMG_9399.jpeg\",\"width\":1600,\"height\":900},{\"@type\":\"BreadcrumbList\",\"@id\":\"https:\\\/\\\/kokpit.az\\\/?p=11994#breadcrumb\",\"itemListElement\":[{\"@type\":\"ListItem\",\"position\":1,\"name\":\"Home\",\"item\":\"https:\\\/\\\/kokpit.az\\\/\"},{\"@type\":\"ListItem\",\"position\":2,\"name\":\"Pedro Qomes Sauber-\u0259 ke\u00e7ib\"}]},{\"@type\":\"WebSite\",\"@id\":\"https:\\\/\\\/kokpit.az\\\/#website\",\"url\":\"https:\\\/\\\/kokpit.az\\\/\",\"name\":\"X\u0259b\u0259ri Kokpitd\u0259 Oxuyun!\",\"description\":\"\",\"publisher\":{\"@id\":\"https:\\\/\\\/kokpit.az\\\/#organization\"},\"potentialAction\":[{\"@type\":\"SearchAction\",\"target\":{\"@type\":\"EntryPoint\",\"urlTemplate\":\"https:\\\/\\\/kokpit.az\\\/?s={search_term_string}\"},\"query-input\":{\"@type\":\"PropertyValueSpecification\",\"valueRequired\":true,\"valueName\":\"search_term_string\"}}],\"inLanguage\":\"az\"},{\"@type\":\"Organization\",\"@id\":\"https:\\\/\\\/kokpit.az\\\/#organization\",\"name\":\"X\u0259b\u0259ri Kokpitd\u0259 Oxuyun!\",\"url\":\"https:\\\/\\\/kokpit.az\\\/\",\"logo\":{\"@type\":\"ImageObject\",\"inLanguage\":\"az\",\"@id\":\"https:\\\/\\\/kokpit.az\\\/#\\\/schema\\\/logo\\\/image\\\/\",\"url\":\"https:\\\/\\\/kokpit.az\\\/wp-content\\\/uploads\\\/2023\\\/05\\\/kokpit.jpg\",\"contentUrl\":\"https:\\\/\\\/kokpit.az\\\/wp-content\\\/uploads\\\/2023\\\/05\\\/kokpit.jpg\",\"width\":488,\"height\":245,\"caption\":\"X\u0259b\u0259ri Kokpitd\u0259 Oxuyun!\"},\"image\":{\"@id\":\"https:\\\/\\\/kokpit.az\\\/#\\\/schema\\\/logo\\\/image\\\/\"},\"sameAs\":[\"https:\\\/\\\/www.facebook.com\\\/profile.php?id=61553756392357\"]},{\"@type\":\"Person\",\"@id\":\"https:\\\/\\\/kokpit.az\\\/#\\\/schema\\\/person\\\/f4114e650bc2993d0650e4fb6933c581\",\"name\":\"Rauf Hac\u0131yev\",\"image\":{\"@type\":\"ImageObject\",\"inLanguage\":\"az\",\"@id\":\"https:\\\/\\\/secure.gravatar.com\\\/avatar\\\/394a2085c47c7acdcf41f7d270b7cbb52513d6f4f24c1cb6dfbbd61f98c0503d?s=96&d=mm&r=g\",\"url\":\"https:\\\/\\\/secure.gravatar.com\\\/avatar\\\/394a2085c47c7acdcf41f7d270b7cbb52513d6f4f24c1cb6dfbbd61f98c0503d?s=96&d=mm&r=g\",\"contentUrl\":\"https:\\\/\\\/secure.gravatar.com\\\/avatar\\\/394a2085c47c7acdcf41f7d270b7cbb52513d6f4f24c1cb6dfbbd61f98c0503d?s=96&d=mm&r=g\",\"caption\":\"Rauf Hac\u0131yev\"},\"sameAs\":[\"https:\\\/\\\/kokpit.az\"],\"url\":\"https:\\\/\\\/kokpit.az\\\/?author=2\"}]}<\/script>\n<!-- \/ Yoast SEO plugin. -->","yoast_head_json":{"title":"Pedro Qomes Sauber-\u0259 ke\u00e7ib - X\u0259b\u0259ri Kokpitd\u0259 Oxuyun!","robots":{"index":"index","follow":"follow","max-snippet":"max-snippet:-1","max-image-preview":"max-image-preview:large","max-video-preview":"max-video-preview:-1"},"canonical":"https:\/\/kokpit.az\/?p=11994","og_locale":"az_AZ","og_type":"article","og_title":"Pedro Qomes Sauber-\u0259 ke\u00e7ib - X\u0259b\u0259ri Kokpitd\u0259 Oxuyun!","og_description":"\u0130spaniyal\u0131 m\u00fch\u0259ndis Pedro Qomes uzun ill\u0259r McLaren-d\u0259 u\u011furla i\u015fl\u0259dikd\u0259n sonra Audi-nin Formula 1 layih\u0259sin\u0259 ke\u00e7ib. O, Audi-nin ba\u015f konstruktoru olacaq.","og_url":"https:\/\/kokpit.az\/?p=11994","og_site_name":"X\u0259b\u0259ri Kokpitd\u0259 Oxuyun!","article_publisher":"https:\/\/www.facebook.com\/profile.php?id=61553756392357","article_published_time":"2025-01-22T11:56:01+00:00","article_modified_time":"2025-01-22T13:01:14+00:00","og_image":[{"width":1600,"height":900,"url":"https:\/\/kokpit.az\/wp-content\/uploads\/2025\/01\/IMG_9399.jpeg","type":"image\/jpeg"}],"author":"Rauf Hac\u0131yev","twitter_card":"summary_large_image","twitter_misc":{"Written by":"Rauf Hac\u0131yev","Est. reading time":"2 minutes"},"schema":{"@context":"https:\/\/schema.org","@graph":[{"@type":"Article","@id":"https:\/\/kokpit.az\/?p=11994#article","isPartOf":{"@id":"https:\/\/kokpit.az\/?p=11994"},"author":{"name":"Rauf Hac\u0131yev","@id":"https:\/\/kokpit.az\/#\/schema\/person\/f4114e650bc2993d0650e4fb6933c581"},"headline":"Pedro Qomes Sauber-\u0259 ke\u00e7ib","datePublished":"2025-01-22T11:56:01+00:00","dateModified":"2025-01-22T13:01:14+00:00","mainEntityOfPage":{"@id":"https:\/\/kokpit.az\/?p=11994"},"wordCount":356,"commentCount":0,"publisher":{"@id":"https:\/\/kokpit.az\/#organization"},"image":{"@id":"https:\/\/kokpit.az\/?p=11994#primaryimage"},"thumbnailUrl":"https:\/\/kokpit.az\/wp-content\/uploads\/2025\/01\/IMG_9399.jpeg","keywords":["Audi","Pedro Gomez","Stake F1 Team Kick Sauber"],"articleSection":["X\u0259b\u0259rl\u0259r"],"inLanguage":"az","potentialAction":[{"@type":"CommentAction","name":"Comment","target":["https:\/\/kokpit.az\/?p=11994#respond"]}]},{"@type":"WebPage","@id":"https:\/\/kokpit.az\/?p=11994","url":"https:\/\/kokpit.az\/?p=11994","name":"Pedro Qomes Sauber-\u0259 ke\u00e7ib - X\u0259b\u0259ri Kokpitd\u0259 Oxuyun!","isPartOf":{"@id":"https:\/\/kokpit.az\/#website"},"primaryImageOfPage":{"@id":"https:\/\/kokpit.az\/?p=11994#primaryimage"},"image":{"@id":"https:\/\/kokpit.az\/?p=11994#primaryimage"},"thumbnailUrl":"https:\/\/kokpit.az\/wp-content\/uploads\/2025\/01\/IMG_9399.jpeg","datePublished":"2025-01-22T11:56:01+00:00","dateModified":"2025-01-22T13:01:14+00:00","breadcrumb":{"@id":"https:\/\/kokpit.az\/?p=11994#breadcrumb"},"inLanguage":"az","potentialAction":[{"@type":"ReadAction","target":["https:\/\/kokpit.az\/?p=11994"]}]},{"@type":"ImageObject","inLanguage":"az","@id":"https:\/\/kokpit.az\/?p=11994#primaryimage","url":"https:\/\/kokpit.az\/wp-content\/uploads\/2025\/01\/IMG_9399.jpeg","contentUrl":"https:\/\/kokpit.az\/wp-content\/uploads\/2025\/01\/IMG_9399.jpeg","width":1600,"height":900},{"@type":"BreadcrumbList","@id":"https:\/\/kokpit.az\/?p=11994#breadcrumb","itemListElement":[{"@type":"ListItem","position":1,"name":"Home","item":"https:\/\/kokpit.az\/"},{"@type":"ListItem","position":2,"name":"Pedro Qomes Sauber-\u0259 ke\u00e7ib"}]},{"@type":"WebSite","@id":"https:\/\/kokpit.az\/#website","url":"https:\/\/kokpit.az\/","name":"X\u0259b\u0259ri Kokpitd\u0259 Oxuyun!","description":"","publisher":{"@id":"https:\/\/kokpit.az\/#organization"},"potentialAction":[{"@type":"SearchAction","target":{"@type":"EntryPoint","urlTemplate":"https:\/\/kokpit.az\/?s={search_term_string}"},"query-input":{"@type":"PropertyValueSpecification","valueRequired":true,"valueName":"search_term_string"}}],"inLanguage":"az"},{"@type":"Organization","@id":"https:\/\/kokpit.az\/#organization","name":"X\u0259b\u0259ri Kokpitd\u0259 Oxuyun!","url":"https:\/\/kokpit.az\/","logo":{"@type":"ImageObject","inLanguage":"az","@id":"https:\/\/kokpit.az\/#\/schema\/logo\/image\/","url":"https:\/\/kokpit.az\/wp-content\/uploads\/2023\/05\/kokpit.jpg","contentUrl":"https:\/\/kokpit.az\/wp-content\/uploads\/2023\/05\/kokpit.jpg","width":488,"height":245,"caption":"X\u0259b\u0259ri Kokpitd\u0259 Oxuyun!"},"image":{"@id":"https:\/\/kokpit.az\/#\/schema\/logo\/image\/"},"sameAs":["https:\/\/www.facebook.com\/profile.php?id=61553756392357"]},{"@type":"Person","@id":"https:\/\/kokpit.az\/#\/schema\/person\/f4114e650bc2993d0650e4fb6933c581","name":"Rauf Hac\u0131yev","image":{"@type":"ImageObject","inLanguage":"az","@id":"https:\/\/secure.gravatar.com\/avatar\/394a2085c47c7acdcf41f7d270b7cbb52513d6f4f24c1cb6dfbbd61f98c0503d?s=96&d=mm&r=g","url":"https:\/\/secure.gravatar.com\/avatar\/394a2085c47c7acdcf41f7d270b7cbb52513d6f4f24c1cb6dfbbd61f98c0503d?s=96&d=mm&r=g","contentUrl":"https:\/\/secure.gravatar.com\/avatar\/394a2085c47c7acdcf41f7d270b7cbb52513d6f4f24c1cb6dfbbd61f98c0503d?s=96&d=mm&r=g","caption":"Rauf Hac\u0131yev"},"sameAs":["https:\/\/kokpit.az"],"url":"https:\/\/kokpit.az\/?author=2"}]}},"_links":{"self":[{"href":"https:\/\/kokpit.az\/index.php?rest_route=\/wp\/v2\/posts\/11994","targetHints":{"allow":["GET"]}}],"collection":[{"href":"https:\/\/kokpit.az\/index.php?rest_route=\/wp\/v2\/posts"}],"about":[{"href":"https:\/\/kokpit.az\/index.php?rest_route=\/wp\/v2\/types\/post"}],"author":[{"embeddable":true,"href":"https:\/\/kokpit.az\/index.php?rest_route=\/wp\/v2\/users\/2"}],"replies":[{"embeddable":true,"href":"https:\/\/kokpit.az\/index.php?rest_route=%2Fwp%2Fv2%2Fcomments&post=11994"}],"version-history":[{"count":1,"href":"https:\/\/kokpit.az\/index.php?rest_route=\/wp\/v2\/posts\/11994\/revisions"}],"predecessor-version":[{"id":11995,"href":"https:\/\/kokpit.az\/index.php?rest_route=\/wp\/v2\/posts\/11994\/revisions\/11995"}],"wp:featuredmedia":[{"embeddable":true,"href":"https:\/\/kokpit.az\/index.php?rest_route=\/wp\/v2\/media\/11996"}],"wp:attachment":[{"href":"https:\/\/kokpit.az\/index.php?rest_route=%2Fwp%2Fv2%2Fmedia&parent=11994"}],"wp:term":[{"taxonomy":"category","embeddable":true,"href":"https:\/\/kokpit.az\/index.php?rest_route=%2Fwp%2Fv2%2Fcategories&post=11994"},{"taxonomy":"post_tag","embeddable":true,"href":"https:\/\/kokpit.az\/index.php?rest_route=%2Fwp%2Fv2%2Ftags&post=11994"}],"curies":[{"name":"wp","href":"https:\/\/api.w.org\/{rel}","templated":true}]}}