{"id":11672,"date":"2024-12-21T13:04:41","date_gmt":"2024-12-21T09:04:41","guid":{"rendered":"https:\/\/kokpit.az\/?p=11672"},"modified":"2024-12-21T13:04:41","modified_gmt":"2024-12-21T09:04:41","slug":"alonso-atasi-il%c9%99-birlikd%c9%99-sennanin-bolidini-surub","status":"publish","type":"post","link":"https:\/\/kokpit.az\/?p=11672","title":{"rendered":"Alonso atas\u0131 il\u0259 birlikd\u0259 Sennan\u0131n bolidini s\u00fcr\u00fcb"},"content":{"rendered":"<p>Kokpit.az xat\u0131rlad\u0131r ki, bir ne\u00e7\u0259 g\u00fcn \u0259vv\u0259l Ferrari komandas\u0131 Karlos Sayns v\u0259 atas\u0131 \u00fc\u00e7\u00fcn Fyoranoda x\u00fcsusi bir \u015fou y\u00fcr\u00fc\u015f\u00fc g\u00fcn\u00fc t\u0259\u015fkil etmi\u015f v\u0259 ata il\u0259 o\u011ful birlikd\u0259 trasa \u00e7\u0131xaraq, Ferrari-nin 2022-ci il bolidi olan SF-75-i s\u00fcrm\u00fc\u015fd\u00fcl\u0259r. T\u0259dbirin sonunda Ferrari ispaniyal\u0131 s\u00fcr\u00fcc\u00fcy\u0259 karyeras\u0131n\u0131n ilk yar\u0131\u015f\u0131n\u0131 qazand\u0131\u011f\u0131 bolidi h\u0259diyy\u0259 etmi\u015fci.<\/p>\n<p>Sayns ail\u0259sinin Ferrari-si Fyoranodan ayr\u0131ld\u0131qdan bir ne\u00e7\u0259 g\u00fcn sonra Fernando Alonso v\u0259 atas\u0131 Ayrton Sennan\u0131n 1990-c\u0131 il yar\u0131\u015fd\u0131\u011f\u0131 McLaren MP4\/5B bolidi il\u0259\u015fou y\u00fcr\u00fc\u015f\u00fc edibl\u0259r. \u00a0Bolidin sahibi Zek Braun n\u0259zak\u0259t g\u00f6st\u0259r\u0259r\u0259k, Alonso ail\u0259sin\u0259 \u00a0unudulmaz anlar ya\u015fad\u0131b.<\/p>\n<p>Formula 1-in \u0259fsan\u0259si Ayrton Sennan\u0131n \u00a0ikonik bolidini \u00a0s\u00fcrm\u0259k \u00fc\u00e7\u00fcn Fernando il\u0259 il\u0259 atas\u0131na t\u0259klif g\u00f6nd\u0259rilib. H\u0259m Fernando, h\u0259m d\u0259 atas\u0131 1990-c\u0131 ild\u0259 Sennan\u0131n geyindiyi kombinezonu geyinibl\u0259r.<\/p>\n<p><img loading=\"lazy\" decoding=\"async\" class=\"aligncenter wp-image-11674\" src=\"https:\/\/kokpit.az\/wp-content\/uploads\/2024\/12\/alonso-2.jpg\" alt=\"\" width=\"770\" height=\"513\" srcset=\"https:\/\/kokpit.az\/wp-content\/uploads\/2024\/12\/alonso-2.jpg 1000w, https:\/\/kokpit.az\/wp-content\/uploads\/2024\/12\/alonso-2-300x200.jpg 300w, https:\/\/kokpit.az\/wp-content\/uploads\/2024\/12\/alonso-2-768x511.jpg 768w, https:\/\/kokpit.az\/wp-content\/uploads\/2024\/12\/alonso-2-270x180.jpg 270w, https:\/\/kokpit.az\/wp-content\/uploads\/2024\/12\/alonso-2-370x246.jpg 370w, https:\/\/kokpit.az\/wp-content\/uploads\/2024\/12\/alonso-2-570x380.jpg 570w, https:\/\/kokpit.az\/wp-content\/uploads\/2024\/12\/alonso-2-740x493.jpg 740w\" sizes=\"auto, (max-width: 770px) 100vw, 770px\" \/><\/p>\n<p>Formula 1 \u00fczr\u0259 ikiqat D\u00fcnya \u00c7empionu Fernando Alonso bildirib ki, atas\u0131 ona Formula 1 karyeras\u0131 boyu \u00e7ox d\u0259st\u0259k olub. Buna g\u00f6r\u0259 d\u0259 atas\u0131na Formula 1 bolidi s\u00fcrm\u0259k v\u0259 bolidin \u00a0g\u00fcc\u00fcn\u00fc ya\u015famaq \u015fans\u0131 ver\u0259r\u0259k, ona minn\u0259tdarl\u0131q edib.<\/p>\n<p>Fernando Alonso daha sonra bu t\u0259dbird\u0259n olan \u015f\u0259kill\u0259ri \u00f6z sosial \u015f\u0259b\u0259k\u0259sind\u0259 payla\u015f\u0131b.<\/p>\n","protected":false},"excerpt":{"rendered":"<p>Formula 1 \u00fczr\u0259 ikiqat D\u00fcnya \u00c7empionu Fernando Alonso v\u0259 atas\u0131 Ayrton Sennan\u0131n 1990-c\u0131 il bolidi olan McLaren MP4\/5B-ni s\u00fcr\u00fcb.<\/p>\n","protected":false},"author":2,"featured_media":11673,"comment_status":"open","ping_status":"open","sticky":false,"template":"","format":"standard","meta":{"footnotes":""},"categories":[2],"tags":[140,67,871,71],"class_list":["post-11672","post","type-post","status-publish","format-standard","has-post-thumbnail","hentry","category-news","tag-ayrton-senna","tag-fernando-alonso","tag-mclaren-mp4-5b","tag-zak-brown"],"yoast_head":"<!-- This site is optimized with the Yoast SEO plugin v27.5 - https:\/\/yoast.com\/product\/yoast-seo-wordpress\/ -->\n<title>Alonso atas\u0131 il\u0259 birlikd\u0259 Sennan\u0131n bolidini s\u00fcr\u00fcb - X\u0259b\u0259ri Kokpitd\u0259 Oxuyun!<\/title>\n<meta name=\"robots\" content=\"index, follow, max-snippet:-1, max-image-preview:large, max-video-preview:-1\" \/>\n<link rel=\"canonical\" href=\"https:\/\/kokpit.az\/?p=11672\" \/>\n<meta property=\"og:locale\" content=\"az_AZ\" \/>\n<meta property=\"og:type\" content=\"article\" \/>\n<meta property=\"og:title\" content=\"Alonso atas\u0131 il\u0259 birlikd\u0259 Sennan\u0131n bolidini s\u00fcr\u00fcb - X\u0259b\u0259ri Kokpitd\u0259 Oxuyun!\" \/>\n<meta property=\"og:description\" content=\"Formula 1 \u00fczr\u0259 ikiqat D\u00fcnya \u00c7empionu Fernando Alonso v\u0259 atas\u0131 Ayrton Sennan\u0131n 1990-c\u0131 il bolidi olan McLaren MP4\/5B-ni s\u00fcr\u00fcb.\" \/>\n<meta property=\"og:url\" content=\"https:\/\/kokpit.az\/?p=11672\" \/>\n<meta property=\"og:site_name\" content=\"X\u0259b\u0259ri Kokpitd\u0259 Oxuyun!\" \/>\n<meta property=\"article:publisher\" content=\"https:\/\/www.facebook.com\/profile.php?id=61553756392357\" \/>\n<meta property=\"article:published_time\" content=\"2024-12-21T09:04:41+00:00\" \/>\n<meta property=\"og:image\" content=\"https:\/\/kokpit.az\/wp-content\/uploads\/2024\/12\/alonso-ve-babasi-2-e1734771822151.jpeg\" \/>\n\t<meta property=\"og:image:width\" content=\"1080\" \/>\n\t<meta property=\"og:image:height\" content=\"612\" \/>\n\t<meta property=\"og:image:type\" content=\"image\/jpeg\" \/>\n<meta name=\"author\" content=\"Rauf Hac\u0131yev\" \/>\n<meta name=\"twitter:card\" content=\"summary_large_image\" \/>\n<meta name=\"twitter:label1\" content=\"Written by\" \/>\n\t<meta name=\"twitter:data1\" content=\"Rauf Hac\u0131yev\" \/>\n\t<meta name=\"twitter:label2\" content=\"Est. reading time\" \/>\n\t<meta name=\"twitter:data2\" content=\"1 minute\" \/>\n<script type=\"application\/ld+json\" class=\"yoast-schema-graph\">{\"@context\":\"https:\\\/\\\/schema.org\",\"@graph\":[{\"@type\":\"Article\",\"@id\":\"https:\\\/\\\/kokpit.az\\\/?p=11672#article\",\"isPartOf\":{\"@id\":\"https:\\\/\\\/kokpit.az\\\/?p=11672\"},\"author\":{\"name\":\"Rauf Hac\u0131yev\",\"@id\":\"https:\\\/\\\/kokpit.az\\\/#\\\/schema\\\/person\\\/f4114e650bc2993d0650e4fb6933c581\"},\"headline\":\"Alonso atas\u0131 il\u0259 birlikd\u0259 Sennan\u0131n bolidini s\u00fcr\u00fcb\",\"datePublished\":\"2024-12-21T09:04:41+00:00\",\"mainEntityOfPage\":{\"@id\":\"https:\\\/\\\/kokpit.az\\\/?p=11672\"},\"wordCount\":239,\"commentCount\":0,\"publisher\":{\"@id\":\"https:\\\/\\\/kokpit.az\\\/#organization\"},\"image\":{\"@id\":\"https:\\\/\\\/kokpit.az\\\/?p=11672#primaryimage\"},\"thumbnailUrl\":\"https:\\\/\\\/kokpit.az\\\/wp-content\\\/uploads\\\/2024\\\/12\\\/alonso-ve-babasi-2-e1734771822151.jpeg\",\"keywords\":[\"Ayrton Senna\",\"Fernando Alonso\",\"Mclaren MP4\\\/5B\",\"Zak Brown\"],\"articleSection\":[\"X\u0259b\u0259rl\u0259r\"],\"inLanguage\":\"az\",\"potentialAction\":[{\"@type\":\"CommentAction\",\"name\":\"Comment\",\"target\":[\"https:\\\/\\\/kokpit.az\\\/?p=11672#respond\"]}]},{\"@type\":\"WebPage\",\"@id\":\"https:\\\/\\\/kokpit.az\\\/?p=11672\",\"url\":\"https:\\\/\\\/kokpit.az\\\/?p=11672\",\"name\":\"Alonso atas\u0131 il\u0259 birlikd\u0259 Sennan\u0131n bolidini s\u00fcr\u00fcb - X\u0259b\u0259ri Kokpitd\u0259 Oxuyun!\",\"isPartOf\":{\"@id\":\"https:\\\/\\\/kokpit.az\\\/#website\"},\"primaryImageOfPage\":{\"@id\":\"https:\\\/\\\/kokpit.az\\\/?p=11672#primaryimage\"},\"image\":{\"@id\":\"https:\\\/\\\/kokpit.az\\\/?p=11672#primaryimage\"},\"thumbnailUrl\":\"https:\\\/\\\/kokpit.az\\\/wp-content\\\/uploads\\\/2024\\\/12\\\/alonso-ve-babasi-2-e1734771822151.jpeg\",\"datePublished\":\"2024-12-21T09:04:41+00:00\",\"breadcrumb\":{\"@id\":\"https:\\\/\\\/kokpit.az\\\/?p=11672#breadcrumb\"},\"inLanguage\":\"az\",\"potentialAction\":[{\"@type\":\"ReadAction\",\"target\":[\"https:\\\/\\\/kokpit.az\\\/?p=11672\"]}]},{\"@type\":\"ImageObject\",\"inLanguage\":\"az\",\"@id\":\"https:\\\/\\\/kokpit.az\\\/?p=11672#primaryimage\",\"url\":\"https:\\\/\\\/kokpit.az\\\/wp-content\\\/uploads\\\/2024\\\/12\\\/alonso-ve-babasi-2-e1734771822151.jpeg\",\"contentUrl\":\"https:\\\/\\\/kokpit.az\\\/wp-content\\\/uploads\\\/2024\\\/12\\\/alonso-ve-babasi-2-e1734771822151.jpeg\",\"width\":1080,\"height\":612},{\"@type\":\"BreadcrumbList\",\"@id\":\"https:\\\/\\\/kokpit.az\\\/?p=11672#breadcrumb\",\"itemListElement\":[{\"@type\":\"ListItem\",\"position\":1,\"name\":\"Home\",\"item\":\"https:\\\/\\\/kokpit.az\\\/\"},{\"@type\":\"ListItem\",\"position\":2,\"name\":\"Alonso atas\u0131 il\u0259 birlikd\u0259 Sennan\u0131n bolidini s\u00fcr\u00fcb\"}]},{\"@type\":\"WebSite\",\"@id\":\"https:\\\/\\\/kokpit.az\\\/#website\",\"url\":\"https:\\\/\\\/kokpit.az\\\/\",\"name\":\"X\u0259b\u0259ri Kokpitd\u0259 Oxuyun!\",\"description\":\"\",\"publisher\":{\"@id\":\"https:\\\/\\\/kokpit.az\\\/#organization\"},\"potentialAction\":[{\"@type\":\"SearchAction\",\"target\":{\"@type\":\"EntryPoint\",\"urlTemplate\":\"https:\\\/\\\/kokpit.az\\\/?s={search_term_string}\"},\"query-input\":{\"@type\":\"PropertyValueSpecification\",\"valueRequired\":true,\"valueName\":\"search_term_string\"}}],\"inLanguage\":\"az\"},{\"@type\":\"Organization\",\"@id\":\"https:\\\/\\\/kokpit.az\\\/#organization\",\"name\":\"X\u0259b\u0259ri Kokpitd\u0259 Oxuyun!\",\"url\":\"https:\\\/\\\/kokpit.az\\\/\",\"logo\":{\"@type\":\"ImageObject\",\"inLanguage\":\"az\",\"@id\":\"https:\\\/\\\/kokpit.az\\\/#\\\/schema\\\/logo\\\/image\\\/\",\"url\":\"https:\\\/\\\/kokpit.az\\\/wp-content\\\/uploads\\\/2023\\\/05\\\/kokpit.jpg\",\"contentUrl\":\"https:\\\/\\\/kokpit.az\\\/wp-content\\\/uploads\\\/2023\\\/05\\\/kokpit.jpg\",\"width\":488,\"height\":245,\"caption\":\"X\u0259b\u0259ri Kokpitd\u0259 Oxuyun!\"},\"image\":{\"@id\":\"https:\\\/\\\/kokpit.az\\\/#\\\/schema\\\/logo\\\/image\\\/\"},\"sameAs\":[\"https:\\\/\\\/www.facebook.com\\\/profile.php?id=61553756392357\"]},{\"@type\":\"Person\",\"@id\":\"https:\\\/\\\/kokpit.az\\\/#\\\/schema\\\/person\\\/f4114e650bc2993d0650e4fb6933c581\",\"name\":\"Rauf Hac\u0131yev\",\"image\":{\"@type\":\"ImageObject\",\"inLanguage\":\"az\",\"@id\":\"https:\\\/\\\/secure.gravatar.com\\\/avatar\\\/394a2085c47c7acdcf41f7d270b7cbb52513d6f4f24c1cb6dfbbd61f98c0503d?s=96&d=mm&r=g\",\"url\":\"https:\\\/\\\/secure.gravatar.com\\\/avatar\\\/394a2085c47c7acdcf41f7d270b7cbb52513d6f4f24c1cb6dfbbd61f98c0503d?s=96&d=mm&r=g\",\"contentUrl\":\"https:\\\/\\\/secure.gravatar.com\\\/avatar\\\/394a2085c47c7acdcf41f7d270b7cbb52513d6f4f24c1cb6dfbbd61f98c0503d?s=96&d=mm&r=g\",\"caption\":\"Rauf Hac\u0131yev\"},\"sameAs\":[\"https:\\\/\\\/kokpit.az\"],\"url\":\"https:\\\/\\\/kokpit.az\\\/?author=2\"}]}<\/script>\n<!-- \/ Yoast SEO plugin. -->","yoast_head_json":{"title":"Alonso atas\u0131 il\u0259 birlikd\u0259 Sennan\u0131n bolidini s\u00fcr\u00fcb - X\u0259b\u0259ri Kokpitd\u0259 Oxuyun!","robots":{"index":"index","follow":"follow","max-snippet":"max-snippet:-1","max-image-preview":"max-image-preview:large","max-video-preview":"max-video-preview:-1"},"canonical":"https:\/\/kokpit.az\/?p=11672","og_locale":"az_AZ","og_type":"article","og_title":"Alonso atas\u0131 il\u0259 birlikd\u0259 Sennan\u0131n bolidini s\u00fcr\u00fcb - X\u0259b\u0259ri Kokpitd\u0259 Oxuyun!","og_description":"Formula 1 \u00fczr\u0259 ikiqat D\u00fcnya \u00c7empionu Fernando Alonso v\u0259 atas\u0131 Ayrton Sennan\u0131n 1990-c\u0131 il bolidi olan McLaren MP4\/5B-ni s\u00fcr\u00fcb.","og_url":"https:\/\/kokpit.az\/?p=11672","og_site_name":"X\u0259b\u0259ri Kokpitd\u0259 Oxuyun!","article_publisher":"https:\/\/www.facebook.com\/profile.php?id=61553756392357","article_published_time":"2024-12-21T09:04:41+00:00","og_image":[{"width":1080,"height":612,"url":"https:\/\/kokpit.az\/wp-content\/uploads\/2024\/12\/alonso-ve-babasi-2-e1734771822151.jpeg","type":"image\/jpeg"}],"author":"Rauf Hac\u0131yev","twitter_card":"summary_large_image","twitter_misc":{"Written by":"Rauf Hac\u0131yev","Est. reading time":"1 minute"},"schema":{"@context":"https:\/\/schema.org","@graph":[{"@type":"Article","@id":"https:\/\/kokpit.az\/?p=11672#article","isPartOf":{"@id":"https:\/\/kokpit.az\/?p=11672"},"author":{"name":"Rauf Hac\u0131yev","@id":"https:\/\/kokpit.az\/#\/schema\/person\/f4114e650bc2993d0650e4fb6933c581"},"headline":"Alonso atas\u0131 il\u0259 birlikd\u0259 Sennan\u0131n bolidini s\u00fcr\u00fcb","datePublished":"2024-12-21T09:04:41+00:00","mainEntityOfPage":{"@id":"https:\/\/kokpit.az\/?p=11672"},"wordCount":239,"commentCount":0,"publisher":{"@id":"https:\/\/kokpit.az\/#organization"},"image":{"@id":"https:\/\/kokpit.az\/?p=11672#primaryimage"},"thumbnailUrl":"https:\/\/kokpit.az\/wp-content\/uploads\/2024\/12\/alonso-ve-babasi-2-e1734771822151.jpeg","keywords":["Ayrton Senna","Fernando Alonso","Mclaren MP4\/5B","Zak Brown"],"articleSection":["X\u0259b\u0259rl\u0259r"],"inLanguage":"az","potentialAction":[{"@type":"CommentAction","name":"Comment","target":["https:\/\/kokpit.az\/?p=11672#respond"]}]},{"@type":"WebPage","@id":"https:\/\/kokpit.az\/?p=11672","url":"https:\/\/kokpit.az\/?p=11672","name":"Alonso atas\u0131 il\u0259 birlikd\u0259 Sennan\u0131n bolidini s\u00fcr\u00fcb - X\u0259b\u0259ri Kokpitd\u0259 Oxuyun!","isPartOf":{"@id":"https:\/\/kokpit.az\/#website"},"primaryImageOfPage":{"@id":"https:\/\/kokpit.az\/?p=11672#primaryimage"},"image":{"@id":"https:\/\/kokpit.az\/?p=11672#primaryimage"},"thumbnailUrl":"https:\/\/kokpit.az\/wp-content\/uploads\/2024\/12\/alonso-ve-babasi-2-e1734771822151.jpeg","datePublished":"2024-12-21T09:04:41+00:00","breadcrumb":{"@id":"https:\/\/kokpit.az\/?p=11672#breadcrumb"},"inLanguage":"az","potentialAction":[{"@type":"ReadAction","target":["https:\/\/kokpit.az\/?p=11672"]}]},{"@type":"ImageObject","inLanguage":"az","@id":"https:\/\/kokpit.az\/?p=11672#primaryimage","url":"https:\/\/kokpit.az\/wp-content\/uploads\/2024\/12\/alonso-ve-babasi-2-e1734771822151.jpeg","contentUrl":"https:\/\/kokpit.az\/wp-content\/uploads\/2024\/12\/alonso-ve-babasi-2-e1734771822151.jpeg","width":1080,"height":612},{"@type":"BreadcrumbList","@id":"https:\/\/kokpit.az\/?p=11672#breadcrumb","itemListElement":[{"@type":"ListItem","position":1,"name":"Home","item":"https:\/\/kokpit.az\/"},{"@type":"ListItem","position":2,"name":"Alonso atas\u0131 il\u0259 birlikd\u0259 Sennan\u0131n bolidini s\u00fcr\u00fcb"}]},{"@type":"WebSite","@id":"https:\/\/kokpit.az\/#website","url":"https:\/\/kokpit.az\/","name":"X\u0259b\u0259ri Kokpitd\u0259 Oxuyun!","description":"","publisher":{"@id":"https:\/\/kokpit.az\/#organization"},"potentialAction":[{"@type":"SearchAction","target":{"@type":"EntryPoint","urlTemplate":"https:\/\/kokpit.az\/?s={search_term_string}"},"query-input":{"@type":"PropertyValueSpecification","valueRequired":true,"valueName":"search_term_string"}}],"inLanguage":"az"},{"@type":"Organization","@id":"https:\/\/kokpit.az\/#organization","name":"X\u0259b\u0259ri Kokpitd\u0259 Oxuyun!","url":"https:\/\/kokpit.az\/","logo":{"@type":"ImageObject","inLanguage":"az","@id":"https:\/\/kokpit.az\/#\/schema\/logo\/image\/","url":"https:\/\/kokpit.az\/wp-content\/uploads\/2023\/05\/kokpit.jpg","contentUrl":"https:\/\/kokpit.az\/wp-content\/uploads\/2023\/05\/kokpit.jpg","width":488,"height":245,"caption":"X\u0259b\u0259ri Kokpitd\u0259 Oxuyun!"},"image":{"@id":"https:\/\/kokpit.az\/#\/schema\/logo\/image\/"},"sameAs":["https:\/\/www.facebook.com\/profile.php?id=61553756392357"]},{"@type":"Person","@id":"https:\/\/kokpit.az\/#\/schema\/person\/f4114e650bc2993d0650e4fb6933c581","name":"Rauf Hac\u0131yev","image":{"@type":"ImageObject","inLanguage":"az","@id":"https:\/\/secure.gravatar.com\/avatar\/394a2085c47c7acdcf41f7d270b7cbb52513d6f4f24c1cb6dfbbd61f98c0503d?s=96&d=mm&r=g","url":"https:\/\/secure.gravatar.com\/avatar\/394a2085c47c7acdcf41f7d270b7cbb52513d6f4f24c1cb6dfbbd61f98c0503d?s=96&d=mm&r=g","contentUrl":"https:\/\/secure.gravatar.com\/avatar\/394a2085c47c7acdcf41f7d270b7cbb52513d6f4f24c1cb6dfbbd61f98c0503d?s=96&d=mm&r=g","caption":"Rauf Hac\u0131yev"},"sameAs":["https:\/\/kokpit.az"],"url":"https:\/\/kokpit.az\/?author=2"}]}},"_links":{"self":[{"href":"https:\/\/kokpit.az\/index.php?rest_route=\/wp\/v2\/posts\/11672","targetHints":{"allow":["GET"]}}],"collection":[{"href":"https:\/\/kokpit.az\/index.php?rest_route=\/wp\/v2\/posts"}],"about":[{"href":"https:\/\/kokpit.az\/index.php?rest_route=\/wp\/v2\/types\/post"}],"author":[{"embeddable":true,"href":"https:\/\/kokpit.az\/index.php?rest_route=\/wp\/v2\/users\/2"}],"replies":[{"embeddable":true,"href":"https:\/\/kokpit.az\/index.php?rest_route=%2Fwp%2Fv2%2Fcomments&post=11672"}],"version-history":[{"count":1,"href":"https:\/\/kokpit.az\/index.php?rest_route=\/wp\/v2\/posts\/11672\/revisions"}],"predecessor-version":[{"id":11675,"href":"https:\/\/kokpit.az\/index.php?rest_route=\/wp\/v2\/posts\/11672\/revisions\/11675"}],"wp:featuredmedia":[{"embeddable":true,"href":"https:\/\/kokpit.az\/index.php?rest_route=\/wp\/v2\/media\/11673"}],"wp:attachment":[{"href":"https:\/\/kokpit.az\/index.php?rest_route=%2Fwp%2Fv2%2Fmedia&parent=11672"}],"wp:term":[{"taxonomy":"category","embeddable":true,"href":"https:\/\/kokpit.az\/index.php?rest_route=%2Fwp%2Fv2%2Fcategories&post=11672"},{"taxonomy":"post_tag","embeddable":true,"href":"https:\/\/kokpit.az\/index.php?rest_route=%2Fwp%2Fv2%2Ftags&post=11672"}],"curies":[{"name":"wp","href":"https:\/\/api.w.org\/{rel}","templated":true}]}}