{"id":11634,"date":"2024-12-19T19:37:25","date_gmt":"2024-12-19T15:37:25","guid":{"rendered":"https:\/\/kokpit.az\/?p=11634"},"modified":"2024-12-19T23:09:48","modified_gmt":"2024-12-19T19:09:48","slug":"r%c9%99smi-bottas-mercedes-%c9%99-qayidib","status":"publish","type":"post","link":"https:\/\/kokpit.az\/?p=11634","title":{"rendered":"R\u0259smi: Bottas Mercedes-\u0259 qay\u0131d\u0131b"},"content":{"rendered":"<div class=\"msnt-entity-header pb-6 pt-4 t:pb-8 t:pt-0 \">\n<h2><span style=\"font-size: 16px;\">Kokpit.az xat\u0131rlad\u0131r ki, finlandiyal\u0131 s\u00fcr\u00fcc\u00fc 2017-2021-ci ill\u0259rd\u0259 Mercedes komandas\u0131nda Lyuis H\u0259miltonla birlikd\u0259 yar\u0131\u015fm\u0131\u015f v\u0259 2019-cu ild\u0259 \u00e7empionat\u0131 ikinci yerd\u0259 ba\u011flam\u0131\u015fd\u0131. Mercedes Bottasla 5 d\u0259f\u0259 M\u00fch\u0259ndisl\u0259r Kubokunu qazanm\u0131\u015fd\u0131.\u00a0<\/span><\/h2>\n<\/div>\n<p>Valtteri 2022-ci ild\u0259 Sauber komandas\u0131na ke\u00e7mi\u015f v\u0259 son 3 ili \u0130sve\u00e7r\u0259 komandas\u0131nda ke\u00e7irmi\u015fdi. Lakin bu komandada 3 ild\u0259 ist\u0259diyi n\u0259tic\u0259l\u0259ri qazana bilm\u0259mi\u015fdi. O, 2024-c\u00fc ilin sonunda Sauber il\u0259 yollar\u0131n\u0131 ay\u0131r\u0131b.<\/p>\n<p>Valtteri Bottas 2025-ci ild\u0259 \u00f6z\u00fcn\u0259 komanda tapa bilm\u0259s\u0259 d\u0259, Mercedes-l\u0259 ehtiyat s\u00fcr\u00fcc\u00fc vakansiyas\u0131 \u00fc\u00e7\u00fcn dan\u0131\u015f\u0131qlar apar\u0131rd\u0131.N\u0259hay\u0259t ki, t\u0259r\u0259fl\u0259r raz\u0131l\u0131\u011fa g\u0259libl\u0259r v\u0259 35 ya\u015fl\u0131 pilot bu ild\u0259n etibar\u0259n Mik \u015eumaxerin \u0259v\u0259zin\u0259 Mercedes-in ehtiyat s\u00fcr\u00fcc\u00fcs\u00fc olacaq. O 2025-ci ild\u0259 Mercedes-in h\u0259m simulyatorunda i\u015fl\u0259y\u0259c\u0259k, h\u0259m d\u0259 b\u0259zi testl\u0259rd\u0259 Mercedes-in s\u00fckan\u0131 arxas\u0131na ke\u00e7\u0259c\u0259k.<\/p>\n<p>Bununla da, Valtteri Bottas formada qalacaq v\u0259 2026-c\u0131 ild\u0259 yenid\u0259n Formula 1-\u0259 qay\u0131tma\u011fa \u00fcmid ed\u0259c\u0259k: &#8220;Ke\u00e7\u0259n ay \u0259rzind\u0259 soru\u015fdu\u011fum suala n\u0259hay\u0259t ki, cavab ver\u0259 bildiyim \u00fc\u00e7\u00fcn xo\u015fb\u0259xt\u0259m. N\u00f6vb\u0259d\u0259 ehtiyat s\u00fcr\u00fcc\u00fc kimi Mercedes komandas\u0131na qay\u0131tmaq var v\u0259 bundan \u00e7ox raz\u0131yam. Totoya v\u0259 b\u00fct\u00fcn komandaya m\u0259ni yax\u015f\u0131 qar\u015f\u0131lad\u0131qlar\u0131 \u00fc\u00e7\u00fcn t\u0259\u015f\u0259kk\u00fcr etm\u0259k ist\u0259yir\u0259m.<\/p>\n<p>Son bir ne\u00e7\u0259 ild\u0259 ya\u015fad\u0131\u011f\u0131m \u00e7\u0259tinlikl\u0259r\u0259 baxmayaraq Formula 1-\u0259 \u00e7ox \u015fey qata bil\u0259r\u0259m. U\u015faql\u0131\u011f\u0131mdan b\u0259ri \u0259sas d\u00fc\u015f\u00fcnc\u0259m avtoidman\u0131n \u0259n \u00fcst m\u0259rh\u0259l\u0259sind\u0259 u\u011fur qazanmaqd\u0131r. Formula 1-d\u0259 yar\u0131\u015fd\u0131\u011f\u0131m 12 il \u0259rzind\u0259 \u00e7ox inan\u0131lmaz anlar ya\u015fad\u0131m v\u0259 buna g\u00f6r\u0259 \u015fansl\u0131yam.<\/p>\n<p>Bu anlar\u0131 \u0259ks\u0259riyy\u0259tini ya\u015fad\u0131\u011f\u0131m yer\u0259 qay\u0131tma\u011f\u0131 v\u0259 \u00e7empionluq u\u011frrunda m\u00fcbariz\u0259d\u0259 komandaya k\u00f6m\u0259k etm\u0259yi s\u0259birsizlikl\u0259 g\u00f6zl\u0259yir\u0259m&#8221;.<\/p>\n","protected":false},"excerpt":{"rendered":"<p>Valtteri Bottas \u00fc\u00e7illik fasil\u0259d\u0259n sonra ehtiyat s\u00fcr\u00fcc\u00fc kimi Mercedes komandas\u0131na qay\u0131d\u0131b.\u00a0<\/p>\n","protected":false},"author":2,"featured_media":11636,"comment_status":"open","ping_status":"open","sticky":false,"template":"","format":"standard","meta":{"footnotes":""},"categories":[1,4,2],"tags":[52,80],"class_list":["post-11634","post","type-post","status-publish","format-standard","has-post-thumbnail","hentry","category-f1","category-manshet","category-news","tag-mercedes-amg-petronas-f1-team","tag-valtteri-bottas"],"yoast_head":"<!-- This site is optimized with the Yoast SEO plugin v27.5 - https:\/\/yoast.com\/product\/yoast-seo-wordpress\/ -->\n<title>R\u0259smi: Bottas Mercedes-\u0259 qay\u0131d\u0131b - X\u0259b\u0259ri Kokpitd\u0259 Oxuyun!<\/title>\n<meta name=\"robots\" content=\"index, follow, max-snippet:-1, max-image-preview:large, max-video-preview:-1\" \/>\n<link rel=\"canonical\" href=\"https:\/\/kokpit.az\/?p=11634\" \/>\n<meta property=\"og:locale\" content=\"az_AZ\" \/>\n<meta property=\"og:type\" content=\"article\" \/>\n<meta property=\"og:title\" content=\"R\u0259smi: Bottas Mercedes-\u0259 qay\u0131d\u0131b - X\u0259b\u0259ri Kokpitd\u0259 Oxuyun!\" \/>\n<meta property=\"og:description\" content=\"Valtteri Bottas \u00fc\u00e7illik fasil\u0259d\u0259n sonra ehtiyat s\u00fcr\u00fcc\u00fc kimi Mercedes komandas\u0131na qay\u0131d\u0131b.\u00a0\" \/>\n<meta property=\"og:url\" content=\"https:\/\/kokpit.az\/?p=11634\" \/>\n<meta property=\"og:site_name\" content=\"X\u0259b\u0259ri Kokpitd\u0259 Oxuyun!\" \/>\n<meta property=\"article:publisher\" content=\"https:\/\/www.facebook.com\/profile.php?id=61553756392357\" \/>\n<meta property=\"article:published_time\" content=\"2024-12-19T15:37:25+00:00\" \/>\n<meta property=\"article:modified_time\" content=\"2024-12-19T19:09:48+00:00\" \/>\n<meta property=\"og:image\" content=\"https:\/\/kokpit.az\/wp-content\/uploads\/2024\/12\/valtteri-bottas-mercedes-return-planetf1-e1734635379434.jpg\" \/>\n\t<meta property=\"og:image:width\" content=\"1600\" \/>\n\t<meta property=\"og:image:height\" content=\"840\" \/>\n\t<meta property=\"og:image:type\" content=\"image\/jpeg\" \/>\n<meta name=\"author\" content=\"Rauf Hac\u0131yev\" \/>\n<meta name=\"twitter:card\" content=\"summary_large_image\" \/>\n<meta name=\"twitter:label1\" content=\"Written by\" \/>\n\t<meta name=\"twitter:data1\" content=\"Rauf Hac\u0131yev\" \/>\n\t<meta name=\"twitter:label2\" content=\"Est. reading time\" \/>\n\t<meta name=\"twitter:data2\" content=\"2 minutes\" \/>\n<script type=\"application\/ld+json\" class=\"yoast-schema-graph\">{\"@context\":\"https:\\\/\\\/schema.org\",\"@graph\":[{\"@type\":\"Article\",\"@id\":\"https:\\\/\\\/kokpit.az\\\/?p=11634#article\",\"isPartOf\":{\"@id\":\"https:\\\/\\\/kokpit.az\\\/?p=11634\"},\"author\":{\"name\":\"Rauf Hac\u0131yev\",\"@id\":\"https:\\\/\\\/kokpit.az\\\/#\\\/schema\\\/person\\\/f4114e650bc2993d0650e4fb6933c581\"},\"headline\":\"R\u0259smi: Bottas Mercedes-\u0259 qay\u0131d\u0131b\",\"datePublished\":\"2024-12-19T15:37:25+00:00\",\"dateModified\":\"2024-12-19T19:09:48+00:00\",\"mainEntityOfPage\":{\"@id\":\"https:\\\/\\\/kokpit.az\\\/?p=11634\"},\"wordCount\":345,\"commentCount\":0,\"publisher\":{\"@id\":\"https:\\\/\\\/kokpit.az\\\/#organization\"},\"image\":{\"@id\":\"https:\\\/\\\/kokpit.az\\\/?p=11634#primaryimage\"},\"thumbnailUrl\":\"https:\\\/\\\/kokpit.az\\\/wp-content\\\/uploads\\\/2024\\\/12\\\/valtteri-bottas-mercedes-return-planetf1-e1734635379434.jpg\",\"keywords\":[\"Mercedes AMG Petronas F1 Team\",\"Valtteri Bottas\"],\"articleSection\":[\"Formula 1\",\"Man\u015fet\",\"X\u0259b\u0259rl\u0259r\"],\"inLanguage\":\"az\",\"potentialAction\":[{\"@type\":\"CommentAction\",\"name\":\"Comment\",\"target\":[\"https:\\\/\\\/kokpit.az\\\/?p=11634#respond\"]}]},{\"@type\":\"WebPage\",\"@id\":\"https:\\\/\\\/kokpit.az\\\/?p=11634\",\"url\":\"https:\\\/\\\/kokpit.az\\\/?p=11634\",\"name\":\"R\u0259smi: Bottas Mercedes-\u0259 qay\u0131d\u0131b - X\u0259b\u0259ri Kokpitd\u0259 Oxuyun!\",\"isPartOf\":{\"@id\":\"https:\\\/\\\/kokpit.az\\\/#website\"},\"primaryImageOfPage\":{\"@id\":\"https:\\\/\\\/kokpit.az\\\/?p=11634#primaryimage\"},\"image\":{\"@id\":\"https:\\\/\\\/kokpit.az\\\/?p=11634#primaryimage\"},\"thumbnailUrl\":\"https:\\\/\\\/kokpit.az\\\/wp-content\\\/uploads\\\/2024\\\/12\\\/valtteri-bottas-mercedes-return-planetf1-e1734635379434.jpg\",\"datePublished\":\"2024-12-19T15:37:25+00:00\",\"dateModified\":\"2024-12-19T19:09:48+00:00\",\"breadcrumb\":{\"@id\":\"https:\\\/\\\/kokpit.az\\\/?p=11634#breadcrumb\"},\"inLanguage\":\"az\",\"potentialAction\":[{\"@type\":\"ReadAction\",\"target\":[\"https:\\\/\\\/kokpit.az\\\/?p=11634\"]}]},{\"@type\":\"ImageObject\",\"inLanguage\":\"az\",\"@id\":\"https:\\\/\\\/kokpit.az\\\/?p=11634#primaryimage\",\"url\":\"https:\\\/\\\/kokpit.az\\\/wp-content\\\/uploads\\\/2024\\\/12\\\/valtteri-bottas-mercedes-return-planetf1-e1734635379434.jpg\",\"contentUrl\":\"https:\\\/\\\/kokpit.az\\\/wp-content\\\/uploads\\\/2024\\\/12\\\/valtteri-bottas-mercedes-return-planetf1-e1734635379434.jpg\",\"width\":1600,\"height\":840},{\"@type\":\"BreadcrumbList\",\"@id\":\"https:\\\/\\\/kokpit.az\\\/?p=11634#breadcrumb\",\"itemListElement\":[{\"@type\":\"ListItem\",\"position\":1,\"name\":\"Home\",\"item\":\"https:\\\/\\\/kokpit.az\\\/\"},{\"@type\":\"ListItem\",\"position\":2,\"name\":\"R\u0259smi: Bottas Mercedes-\u0259 qay\u0131d\u0131b\"}]},{\"@type\":\"WebSite\",\"@id\":\"https:\\\/\\\/kokpit.az\\\/#website\",\"url\":\"https:\\\/\\\/kokpit.az\\\/\",\"name\":\"X\u0259b\u0259ri Kokpitd\u0259 Oxuyun!\",\"description\":\"\",\"publisher\":{\"@id\":\"https:\\\/\\\/kokpit.az\\\/#organization\"},\"potentialAction\":[{\"@type\":\"SearchAction\",\"target\":{\"@type\":\"EntryPoint\",\"urlTemplate\":\"https:\\\/\\\/kokpit.az\\\/?s={search_term_string}\"},\"query-input\":{\"@type\":\"PropertyValueSpecification\",\"valueRequired\":true,\"valueName\":\"search_term_string\"}}],\"inLanguage\":\"az\"},{\"@type\":\"Organization\",\"@id\":\"https:\\\/\\\/kokpit.az\\\/#organization\",\"name\":\"X\u0259b\u0259ri Kokpitd\u0259 Oxuyun!\",\"url\":\"https:\\\/\\\/kokpit.az\\\/\",\"logo\":{\"@type\":\"ImageObject\",\"inLanguage\":\"az\",\"@id\":\"https:\\\/\\\/kokpit.az\\\/#\\\/schema\\\/logo\\\/image\\\/\",\"url\":\"https:\\\/\\\/kokpit.az\\\/wp-content\\\/uploads\\\/2023\\\/05\\\/kokpit.jpg\",\"contentUrl\":\"https:\\\/\\\/kokpit.az\\\/wp-content\\\/uploads\\\/2023\\\/05\\\/kokpit.jpg\",\"width\":488,\"height\":245,\"caption\":\"X\u0259b\u0259ri Kokpitd\u0259 Oxuyun!\"},\"image\":{\"@id\":\"https:\\\/\\\/kokpit.az\\\/#\\\/schema\\\/logo\\\/image\\\/\"},\"sameAs\":[\"https:\\\/\\\/www.facebook.com\\\/profile.php?id=61553756392357\"]},{\"@type\":\"Person\",\"@id\":\"https:\\\/\\\/kokpit.az\\\/#\\\/schema\\\/person\\\/f4114e650bc2993d0650e4fb6933c581\",\"name\":\"Rauf Hac\u0131yev\",\"image\":{\"@type\":\"ImageObject\",\"inLanguage\":\"az\",\"@id\":\"https:\\\/\\\/secure.gravatar.com\\\/avatar\\\/394a2085c47c7acdcf41f7d270b7cbb52513d6f4f24c1cb6dfbbd61f98c0503d?s=96&d=mm&r=g\",\"url\":\"https:\\\/\\\/secure.gravatar.com\\\/avatar\\\/394a2085c47c7acdcf41f7d270b7cbb52513d6f4f24c1cb6dfbbd61f98c0503d?s=96&d=mm&r=g\",\"contentUrl\":\"https:\\\/\\\/secure.gravatar.com\\\/avatar\\\/394a2085c47c7acdcf41f7d270b7cbb52513d6f4f24c1cb6dfbbd61f98c0503d?s=96&d=mm&r=g\",\"caption\":\"Rauf Hac\u0131yev\"},\"sameAs\":[\"https:\\\/\\\/kokpit.az\"],\"url\":\"https:\\\/\\\/kokpit.az\\\/?author=2\"}]}<\/script>\n<!-- \/ Yoast SEO plugin. -->","yoast_head_json":{"title":"R\u0259smi: Bottas Mercedes-\u0259 qay\u0131d\u0131b - X\u0259b\u0259ri Kokpitd\u0259 Oxuyun!","robots":{"index":"index","follow":"follow","max-snippet":"max-snippet:-1","max-image-preview":"max-image-preview:large","max-video-preview":"max-video-preview:-1"},"canonical":"https:\/\/kokpit.az\/?p=11634","og_locale":"az_AZ","og_type":"article","og_title":"R\u0259smi: Bottas Mercedes-\u0259 qay\u0131d\u0131b - X\u0259b\u0259ri Kokpitd\u0259 Oxuyun!","og_description":"Valtteri Bottas \u00fc\u00e7illik fasil\u0259d\u0259n sonra ehtiyat s\u00fcr\u00fcc\u00fc kimi Mercedes komandas\u0131na qay\u0131d\u0131b.\u00a0","og_url":"https:\/\/kokpit.az\/?p=11634","og_site_name":"X\u0259b\u0259ri Kokpitd\u0259 Oxuyun!","article_publisher":"https:\/\/www.facebook.com\/profile.php?id=61553756392357","article_published_time":"2024-12-19T15:37:25+00:00","article_modified_time":"2024-12-19T19:09:48+00:00","og_image":[{"width":1600,"height":840,"url":"https:\/\/kokpit.az\/wp-content\/uploads\/2024\/12\/valtteri-bottas-mercedes-return-planetf1-e1734635379434.jpg","type":"image\/jpeg"}],"author":"Rauf Hac\u0131yev","twitter_card":"summary_large_image","twitter_misc":{"Written by":"Rauf Hac\u0131yev","Est. reading time":"2 minutes"},"schema":{"@context":"https:\/\/schema.org","@graph":[{"@type":"Article","@id":"https:\/\/kokpit.az\/?p=11634#article","isPartOf":{"@id":"https:\/\/kokpit.az\/?p=11634"},"author":{"name":"Rauf Hac\u0131yev","@id":"https:\/\/kokpit.az\/#\/schema\/person\/f4114e650bc2993d0650e4fb6933c581"},"headline":"R\u0259smi: Bottas Mercedes-\u0259 qay\u0131d\u0131b","datePublished":"2024-12-19T15:37:25+00:00","dateModified":"2024-12-19T19:09:48+00:00","mainEntityOfPage":{"@id":"https:\/\/kokpit.az\/?p=11634"},"wordCount":345,"commentCount":0,"publisher":{"@id":"https:\/\/kokpit.az\/#organization"},"image":{"@id":"https:\/\/kokpit.az\/?p=11634#primaryimage"},"thumbnailUrl":"https:\/\/kokpit.az\/wp-content\/uploads\/2024\/12\/valtteri-bottas-mercedes-return-planetf1-e1734635379434.jpg","keywords":["Mercedes AMG Petronas F1 Team","Valtteri Bottas"],"articleSection":["Formula 1","Man\u015fet","X\u0259b\u0259rl\u0259r"],"inLanguage":"az","potentialAction":[{"@type":"CommentAction","name":"Comment","target":["https:\/\/kokpit.az\/?p=11634#respond"]}]},{"@type":"WebPage","@id":"https:\/\/kokpit.az\/?p=11634","url":"https:\/\/kokpit.az\/?p=11634","name":"R\u0259smi: Bottas Mercedes-\u0259 qay\u0131d\u0131b - X\u0259b\u0259ri Kokpitd\u0259 Oxuyun!","isPartOf":{"@id":"https:\/\/kokpit.az\/#website"},"primaryImageOfPage":{"@id":"https:\/\/kokpit.az\/?p=11634#primaryimage"},"image":{"@id":"https:\/\/kokpit.az\/?p=11634#primaryimage"},"thumbnailUrl":"https:\/\/kokpit.az\/wp-content\/uploads\/2024\/12\/valtteri-bottas-mercedes-return-planetf1-e1734635379434.jpg","datePublished":"2024-12-19T15:37:25+00:00","dateModified":"2024-12-19T19:09:48+00:00","breadcrumb":{"@id":"https:\/\/kokpit.az\/?p=11634#breadcrumb"},"inLanguage":"az","potentialAction":[{"@type":"ReadAction","target":["https:\/\/kokpit.az\/?p=11634"]}]},{"@type":"ImageObject","inLanguage":"az","@id":"https:\/\/kokpit.az\/?p=11634#primaryimage","url":"https:\/\/kokpit.az\/wp-content\/uploads\/2024\/12\/valtteri-bottas-mercedes-return-planetf1-e1734635379434.jpg","contentUrl":"https:\/\/kokpit.az\/wp-content\/uploads\/2024\/12\/valtteri-bottas-mercedes-return-planetf1-e1734635379434.jpg","width":1600,"height":840},{"@type":"BreadcrumbList","@id":"https:\/\/kokpit.az\/?p=11634#breadcrumb","itemListElement":[{"@type":"ListItem","position":1,"name":"Home","item":"https:\/\/kokpit.az\/"},{"@type":"ListItem","position":2,"name":"R\u0259smi: Bottas Mercedes-\u0259 qay\u0131d\u0131b"}]},{"@type":"WebSite","@id":"https:\/\/kokpit.az\/#website","url":"https:\/\/kokpit.az\/","name":"X\u0259b\u0259ri Kokpitd\u0259 Oxuyun!","description":"","publisher":{"@id":"https:\/\/kokpit.az\/#organization"},"potentialAction":[{"@type":"SearchAction","target":{"@type":"EntryPoint","urlTemplate":"https:\/\/kokpit.az\/?s={search_term_string}"},"query-input":{"@type":"PropertyValueSpecification","valueRequired":true,"valueName":"search_term_string"}}],"inLanguage":"az"},{"@type":"Organization","@id":"https:\/\/kokpit.az\/#organization","name":"X\u0259b\u0259ri Kokpitd\u0259 Oxuyun!","url":"https:\/\/kokpit.az\/","logo":{"@type":"ImageObject","inLanguage":"az","@id":"https:\/\/kokpit.az\/#\/schema\/logo\/image\/","url":"https:\/\/kokpit.az\/wp-content\/uploads\/2023\/05\/kokpit.jpg","contentUrl":"https:\/\/kokpit.az\/wp-content\/uploads\/2023\/05\/kokpit.jpg","width":488,"height":245,"caption":"X\u0259b\u0259ri Kokpitd\u0259 Oxuyun!"},"image":{"@id":"https:\/\/kokpit.az\/#\/schema\/logo\/image\/"},"sameAs":["https:\/\/www.facebook.com\/profile.php?id=61553756392357"]},{"@type":"Person","@id":"https:\/\/kokpit.az\/#\/schema\/person\/f4114e650bc2993d0650e4fb6933c581","name":"Rauf Hac\u0131yev","image":{"@type":"ImageObject","inLanguage":"az","@id":"https:\/\/secure.gravatar.com\/avatar\/394a2085c47c7acdcf41f7d270b7cbb52513d6f4f24c1cb6dfbbd61f98c0503d?s=96&d=mm&r=g","url":"https:\/\/secure.gravatar.com\/avatar\/394a2085c47c7acdcf41f7d270b7cbb52513d6f4f24c1cb6dfbbd61f98c0503d?s=96&d=mm&r=g","contentUrl":"https:\/\/secure.gravatar.com\/avatar\/394a2085c47c7acdcf41f7d270b7cbb52513d6f4f24c1cb6dfbbd61f98c0503d?s=96&d=mm&r=g","caption":"Rauf Hac\u0131yev"},"sameAs":["https:\/\/kokpit.az"],"url":"https:\/\/kokpit.az\/?author=2"}]}},"_links":{"self":[{"href":"https:\/\/kokpit.az\/index.php?rest_route=\/wp\/v2\/posts\/11634","targetHints":{"allow":["GET"]}}],"collection":[{"href":"https:\/\/kokpit.az\/index.php?rest_route=\/wp\/v2\/posts"}],"about":[{"href":"https:\/\/kokpit.az\/index.php?rest_route=\/wp\/v2\/types\/post"}],"author":[{"embeddable":true,"href":"https:\/\/kokpit.az\/index.php?rest_route=\/wp\/v2\/users\/2"}],"replies":[{"embeddable":true,"href":"https:\/\/kokpit.az\/index.php?rest_route=%2Fwp%2Fv2%2Fcomments&post=11634"}],"version-history":[{"count":2,"href":"https:\/\/kokpit.az\/index.php?rest_route=\/wp\/v2\/posts\/11634\/revisions"}],"predecessor-version":[{"id":11637,"href":"https:\/\/kokpit.az\/index.php?rest_route=\/wp\/v2\/posts\/11634\/revisions\/11637"}],"wp:featuredmedia":[{"embeddable":true,"href":"https:\/\/kokpit.az\/index.php?rest_route=\/wp\/v2\/media\/11636"}],"wp:attachment":[{"href":"https:\/\/kokpit.az\/index.php?rest_route=%2Fwp%2Fv2%2Fmedia&parent=11634"}],"wp:term":[{"taxonomy":"category","embeddable":true,"href":"https:\/\/kokpit.az\/index.php?rest_route=%2Fwp%2Fv2%2Fcategories&post=11634"},{"taxonomy":"post_tag","embeddable":true,"href":"https:\/\/kokpit.az\/index.php?rest_route=%2Fwp%2Fv2%2Ftags&post=11634"}],"curies":[{"name":"wp","href":"https:\/\/api.w.org\/{rel}","templated":true}]}}