{"id":11606,"date":"2024-12-18T21:09:57","date_gmt":"2024-12-18T17:09:57","guid":{"rendered":"https:\/\/kokpit.az\/?p=11606"},"modified":"2024-12-18T23:41:06","modified_gmt":"2024-12-18T19:41:06","slug":"resmi-peres-red-bull-dan-ayrilib","status":"publish","type":"post","link":"https:\/\/kokpit.az\/?p=11606","title":{"rendered":"R\u0259smi: Peres Red Bull-dan ayr\u0131l\u0131b"},"content":{"rendered":"<p>2021-ci il m\u00f6vs\u00fcm\u00fcnd\u0259n \u0259vv\u0259l Red Bull h\u0259min vaxt komandas\u0131z qalan Serxio Peresl\u0259 anla\u015fm\u0131\u015f v\u0259 meksikal\u0131 pilot h\u0259min m\u00f6vs\u00fcm komanda yolda\u015f\u0131 Maks Ferstappenin \u00e7empionlu\u011funda m\u00fch\u00fcm rol oynam\u0131\u015fd\u0131.\u00a0Meksikal\u0131 s\u00fcr\u00fcc\u00fc \u00a0h\u0259m\u00e7inin Red Bull-a 2022 v\u0259 2023-c\u00fc ill\u0259rd\u0259 ard\u0131c\u0131l iki d\u0259f\u0259 M\u00fch\u0259ndisl\u0259r Kubokunu qazanma\u011fa k\u00f6m\u0259k etmi\u015fdi.<\/p>\n<p>Lakin o, he\u00e7 vaxt S\u00fcr\u00fcc\u00fcl\u0259r \u00c7empionlu\u011fu u\u011frunda m\u00fcbariz\u0259 apara bilm\u0259yiv v\u0259 m\u00fcnt\u0259z\u0259m olaraq Maks Ferstappend\u0259n geri qal\u0131b.<br \/>\n\u0130\u015f o yer\u0259 \u00e7at\u0131b ki, Peres bu ili yaln\u0131z s\u0259kkizinci yerd\u0259 bitir\u0259 bilib v\u0259 komanda yolda\u015f\u0131 Ferstappen \u00a0onu bir s\u0131ralanma turundan (Az\u0259rbaycan) ba\u015fqa b\u00fct\u00fcn yar\u0131\u015flarda qabaqlay\u0131b.<\/p>\n<p>Red Bull Peresl\u0259 performans\u0131n\u0131 yax\u015f\u0131la\u015fd\u0131rmaq \u00fc\u00e7\u00fcn 1+1 illik yeni m\u00fcqavil\u0259 imzalasa da, meksikal\u0131 s\u00fcr\u00fcc\u00fc \u00fc\u00e7\u00fcn yen\u0259 d\u0259 i\u015fl\u0259r qaydas\u0131nda getm\u0259yib. \u00a0Peres il \u0259rzind\u0259 performans\u0131n\u0131 yax\u015f\u0131la\u015fd\u0131rmaq \u00fc\u00e7\u00fcn yollar axtarsa \u200b\u200bda, f\u0259lak\u0259tli 2024-c\u00fc ild\u0259n sonra yerini itirm\u0259k t\u0259hl\u00fck\u0259si il\u0259 \u00fcz-\u00fcz\u0259 qalm\u0131\u015fd\u0131.<\/p>\n<p>N\u0259tic\u0259d\u0259 Red Bull komandas\u0131 2025-ci il m\u00f6vs\u00fcm\u00fcnd\u0259n \u0259vv\u0259l Peresl\u0259 m\u00f6vcud m\u00fcqavil\u0259ni l\u0259\u011fv etm\u0259k q\u0259rar\u0131na g\u0259lib. Dan\u0131\u015f\u0131qlardan sonra t\u0259r\u0259fl\u0259r ortaq n\u00f6qt\u0259d\u0259 raz\u0131l\u0131\u011fa g\u0259libl\u0259r v\u0259 m\u00fcnasib\u0259tl\u0259rin\u0259 son qoyublar.\u00a0Red Bull Peres\u0259 s\u0259firlik t\u0259klif ets\u0259 d\u0259, t\u0259cr\u00fcb\u0259li pilot bunu q\u0259bul etm\u0259yib v\u0259 \u015firk\u0259tl\u0259 \u0259laq\u0259l\u0259rini k\u0259sib.<\/p>\n<p>Red Bull Peresin gedi\u015find\u0259n sonra kimin onu \u0259v\u0259z ed\u0259c\u0259yini r\u0259sm\u0259n a\u00e7\u0131qlamasa da, bu s\u00fcr\u00fcc\u00fcn\u00fcn Liam Louson olaca\u011f\u0131 g\u00f6zl\u0259nilir.<br \/>\nDig\u0259r komandalarda bo\u015f yer olmad\u0131\u011f\u0131 \u00fc\u00e7\u00fcn Serxio Peres 2011-ci ild\u0259 Sauber il\u0259 ba\u015flayan Formula 1 karyeras\u0131na \u0259n az\u0131 bir il ara verm\u0259li v\u0259 ya t\u0259qa\u00fcd\u0259 \u00e7\u0131xmal\u0131 olacaq.<\/p>\n","protected":false},"excerpt":{"rendered":"<p>Red Bull komandas\u0131 uzun m\u00fcdd\u0259t davam ed\u0259n m\u00fczakir\u0259l\u0259rd\u0259n sonra Serxio Peresl\u0259 yollar\u0131n\u0131 r\u0259smi olaraq ay\u0131r\u0131b. Onu kimin \u0259v\u0259z ed\u0259c\u0259yi h\u0259l\u0259ki m\u0259lum deyil. <\/p>\n","protected":false},"author":2,"featured_media":11609,"comment_status":"open","ping_status":"open","sticky":false,"template":"","format":"standard","meta":{"footnotes":""},"categories":[4,2],"tags":[51,57],"class_list":["post-11606","post","type-post","status-publish","format-standard","has-post-thumbnail","hentry","category-manshet","category-news","tag-red-bull-racing","tag-sergio-perez"],"yoast_head":"<!-- This site is optimized with the Yoast SEO plugin v27.5 - https:\/\/yoast.com\/product\/yoast-seo-wordpress\/ -->\n<title>R\u0259smi: Peres Red Bull-dan ayr\u0131l\u0131b - X\u0259b\u0259ri Kokpitd\u0259 Oxuyun!<\/title>\n<meta name=\"robots\" content=\"index, follow, max-snippet:-1, max-image-preview:large, max-video-preview:-1\" \/>\n<link rel=\"canonical\" href=\"https:\/\/kokpit.az\/?p=11606\" \/>\n<meta property=\"og:locale\" content=\"az_AZ\" \/>\n<meta property=\"og:type\" content=\"article\" \/>\n<meta property=\"og:title\" content=\"R\u0259smi: Peres Red Bull-dan ayr\u0131l\u0131b - X\u0259b\u0259ri Kokpitd\u0259 Oxuyun!\" \/>\n<meta property=\"og:description\" content=\"Red Bull komandas\u0131 uzun m\u00fcdd\u0259t davam ed\u0259n m\u00fczakir\u0259l\u0259rd\u0259n sonra Serxio Peresl\u0259 yollar\u0131n\u0131 r\u0259smi olaraq ay\u0131r\u0131b. Onu kimin \u0259v\u0259z ed\u0259c\u0259yi h\u0259l\u0259ki m\u0259lum deyil.\" \/>\n<meta property=\"og:url\" content=\"https:\/\/kokpit.az\/?p=11606\" \/>\n<meta property=\"og:site_name\" content=\"X\u0259b\u0259ri Kokpitd\u0259 Oxuyun!\" \/>\n<meta property=\"article:publisher\" content=\"https:\/\/www.facebook.com\/profile.php?id=61553756392357\" \/>\n<meta property=\"article:published_time\" content=\"2024-12-18T17:09:57+00:00\" \/>\n<meta property=\"article:modified_time\" content=\"2024-12-18T19:41:06+00:00\" \/>\n<meta property=\"og:image\" content=\"https:\/\/kokpit.az\/wp-content\/uploads\/2024\/12\/sergio-perez-red-bull-racing-9-e1734544412986.webp\" \/>\n\t<meta property=\"og:image:width\" content=\"1200\" \/>\n\t<meta property=\"og:image:height\" content=\"630\" \/>\n\t<meta property=\"og:image:type\" content=\"image\/webp\" \/>\n<meta name=\"author\" content=\"Rauf Hac\u0131yev\" \/>\n<meta name=\"twitter:card\" content=\"summary_large_image\" \/>\n<meta name=\"twitter:label1\" content=\"Written by\" \/>\n\t<meta name=\"twitter:data1\" content=\"Rauf Hac\u0131yev\" \/>\n\t<meta name=\"twitter:label2\" content=\"Est. reading time\" \/>\n\t<meta name=\"twitter:data2\" content=\"2 minutes\" \/>\n<script type=\"application\/ld+json\" class=\"yoast-schema-graph\">{\"@context\":\"https:\\\/\\\/schema.org\",\"@graph\":[{\"@type\":\"Article\",\"@id\":\"https:\\\/\\\/kokpit.az\\\/?p=11606#article\",\"isPartOf\":{\"@id\":\"https:\\\/\\\/kokpit.az\\\/?p=11606\"},\"author\":{\"name\":\"Rauf Hac\u0131yev\",\"@id\":\"https:\\\/\\\/kokpit.az\\\/#\\\/schema\\\/person\\\/f4114e650bc2993d0650e4fb6933c581\"},\"headline\":\"R\u0259smi: Peres Red Bull-dan ayr\u0131l\u0131b\",\"datePublished\":\"2024-12-18T17:09:57+00:00\",\"dateModified\":\"2024-12-18T19:41:06+00:00\",\"mainEntityOfPage\":{\"@id\":\"https:\\\/\\\/kokpit.az\\\/?p=11606\"},\"wordCount\":352,\"commentCount\":0,\"publisher\":{\"@id\":\"https:\\\/\\\/kokpit.az\\\/#organization\"},\"image\":{\"@id\":\"https:\\\/\\\/kokpit.az\\\/?p=11606#primaryimage\"},\"thumbnailUrl\":\"https:\\\/\\\/kokpit.az\\\/wp-content\\\/uploads\\\/2024\\\/12\\\/sergio-perez-red-bull-racing-9-e1734544412986.webp\",\"keywords\":[\"Red Bull Racing\",\"Sergio Perez\"],\"articleSection\":[\"Man\u015fet\",\"X\u0259b\u0259rl\u0259r\"],\"inLanguage\":\"az\",\"potentialAction\":[{\"@type\":\"CommentAction\",\"name\":\"Comment\",\"target\":[\"https:\\\/\\\/kokpit.az\\\/?p=11606#respond\"]}]},{\"@type\":\"WebPage\",\"@id\":\"https:\\\/\\\/kokpit.az\\\/?p=11606\",\"url\":\"https:\\\/\\\/kokpit.az\\\/?p=11606\",\"name\":\"R\u0259smi: Peres Red Bull-dan ayr\u0131l\u0131b - X\u0259b\u0259ri Kokpitd\u0259 Oxuyun!\",\"isPartOf\":{\"@id\":\"https:\\\/\\\/kokpit.az\\\/#website\"},\"primaryImageOfPage\":{\"@id\":\"https:\\\/\\\/kokpit.az\\\/?p=11606#primaryimage\"},\"image\":{\"@id\":\"https:\\\/\\\/kokpit.az\\\/?p=11606#primaryimage\"},\"thumbnailUrl\":\"https:\\\/\\\/kokpit.az\\\/wp-content\\\/uploads\\\/2024\\\/12\\\/sergio-perez-red-bull-racing-9-e1734544412986.webp\",\"datePublished\":\"2024-12-18T17:09:57+00:00\",\"dateModified\":\"2024-12-18T19:41:06+00:00\",\"breadcrumb\":{\"@id\":\"https:\\\/\\\/kokpit.az\\\/?p=11606#breadcrumb\"},\"inLanguage\":\"az\",\"potentialAction\":[{\"@type\":\"ReadAction\",\"target\":[\"https:\\\/\\\/kokpit.az\\\/?p=11606\"]}]},{\"@type\":\"ImageObject\",\"inLanguage\":\"az\",\"@id\":\"https:\\\/\\\/kokpit.az\\\/?p=11606#primaryimage\",\"url\":\"https:\\\/\\\/kokpit.az\\\/wp-content\\\/uploads\\\/2024\\\/12\\\/sergio-perez-red-bull-racing-9-e1734544412986.webp\",\"contentUrl\":\"https:\\\/\\\/kokpit.az\\\/wp-content\\\/uploads\\\/2024\\\/12\\\/sergio-perez-red-bull-racing-9-e1734544412986.webp\",\"width\":1200,\"height\":630},{\"@type\":\"BreadcrumbList\",\"@id\":\"https:\\\/\\\/kokpit.az\\\/?p=11606#breadcrumb\",\"itemListElement\":[{\"@type\":\"ListItem\",\"position\":1,\"name\":\"Home\",\"item\":\"https:\\\/\\\/kokpit.az\\\/\"},{\"@type\":\"ListItem\",\"position\":2,\"name\":\"R\u0259smi: Peres Red Bull-dan ayr\u0131l\u0131b\"}]},{\"@type\":\"WebSite\",\"@id\":\"https:\\\/\\\/kokpit.az\\\/#website\",\"url\":\"https:\\\/\\\/kokpit.az\\\/\",\"name\":\"X\u0259b\u0259ri Kokpitd\u0259 Oxuyun!\",\"description\":\"\",\"publisher\":{\"@id\":\"https:\\\/\\\/kokpit.az\\\/#organization\"},\"potentialAction\":[{\"@type\":\"SearchAction\",\"target\":{\"@type\":\"EntryPoint\",\"urlTemplate\":\"https:\\\/\\\/kokpit.az\\\/?s={search_term_string}\"},\"query-input\":{\"@type\":\"PropertyValueSpecification\",\"valueRequired\":true,\"valueName\":\"search_term_string\"}}],\"inLanguage\":\"az\"},{\"@type\":\"Organization\",\"@id\":\"https:\\\/\\\/kokpit.az\\\/#organization\",\"name\":\"X\u0259b\u0259ri Kokpitd\u0259 Oxuyun!\",\"url\":\"https:\\\/\\\/kokpit.az\\\/\",\"logo\":{\"@type\":\"ImageObject\",\"inLanguage\":\"az\",\"@id\":\"https:\\\/\\\/kokpit.az\\\/#\\\/schema\\\/logo\\\/image\\\/\",\"url\":\"https:\\\/\\\/kokpit.az\\\/wp-content\\\/uploads\\\/2023\\\/05\\\/kokpit.jpg\",\"contentUrl\":\"https:\\\/\\\/kokpit.az\\\/wp-content\\\/uploads\\\/2023\\\/05\\\/kokpit.jpg\",\"width\":488,\"height\":245,\"caption\":\"X\u0259b\u0259ri Kokpitd\u0259 Oxuyun!\"},\"image\":{\"@id\":\"https:\\\/\\\/kokpit.az\\\/#\\\/schema\\\/logo\\\/image\\\/\"},\"sameAs\":[\"https:\\\/\\\/www.facebook.com\\\/profile.php?id=61553756392357\"]},{\"@type\":\"Person\",\"@id\":\"https:\\\/\\\/kokpit.az\\\/#\\\/schema\\\/person\\\/f4114e650bc2993d0650e4fb6933c581\",\"name\":\"Rauf Hac\u0131yev\",\"image\":{\"@type\":\"ImageObject\",\"inLanguage\":\"az\",\"@id\":\"https:\\\/\\\/secure.gravatar.com\\\/avatar\\\/394a2085c47c7acdcf41f7d270b7cbb52513d6f4f24c1cb6dfbbd61f98c0503d?s=96&d=mm&r=g\",\"url\":\"https:\\\/\\\/secure.gravatar.com\\\/avatar\\\/394a2085c47c7acdcf41f7d270b7cbb52513d6f4f24c1cb6dfbbd61f98c0503d?s=96&d=mm&r=g\",\"contentUrl\":\"https:\\\/\\\/secure.gravatar.com\\\/avatar\\\/394a2085c47c7acdcf41f7d270b7cbb52513d6f4f24c1cb6dfbbd61f98c0503d?s=96&d=mm&r=g\",\"caption\":\"Rauf Hac\u0131yev\"},\"sameAs\":[\"https:\\\/\\\/kokpit.az\"],\"url\":\"https:\\\/\\\/kokpit.az\\\/?author=2\"}]}<\/script>\n<!-- \/ Yoast SEO plugin. -->","yoast_head_json":{"title":"R\u0259smi: Peres Red Bull-dan ayr\u0131l\u0131b - X\u0259b\u0259ri Kokpitd\u0259 Oxuyun!","robots":{"index":"index","follow":"follow","max-snippet":"max-snippet:-1","max-image-preview":"max-image-preview:large","max-video-preview":"max-video-preview:-1"},"canonical":"https:\/\/kokpit.az\/?p=11606","og_locale":"az_AZ","og_type":"article","og_title":"R\u0259smi: Peres Red Bull-dan ayr\u0131l\u0131b - X\u0259b\u0259ri Kokpitd\u0259 Oxuyun!","og_description":"Red Bull komandas\u0131 uzun m\u00fcdd\u0259t davam ed\u0259n m\u00fczakir\u0259l\u0259rd\u0259n sonra Serxio Peresl\u0259 yollar\u0131n\u0131 r\u0259smi olaraq ay\u0131r\u0131b. Onu kimin \u0259v\u0259z ed\u0259c\u0259yi h\u0259l\u0259ki m\u0259lum deyil.","og_url":"https:\/\/kokpit.az\/?p=11606","og_site_name":"X\u0259b\u0259ri Kokpitd\u0259 Oxuyun!","article_publisher":"https:\/\/www.facebook.com\/profile.php?id=61553756392357","article_published_time":"2024-12-18T17:09:57+00:00","article_modified_time":"2024-12-18T19:41:06+00:00","og_image":[{"width":1200,"height":630,"url":"https:\/\/kokpit.az\/wp-content\/uploads\/2024\/12\/sergio-perez-red-bull-racing-9-e1734544412986.webp","type":"image\/webp"}],"author":"Rauf Hac\u0131yev","twitter_card":"summary_large_image","twitter_misc":{"Written by":"Rauf Hac\u0131yev","Est. reading time":"2 minutes"},"schema":{"@context":"https:\/\/schema.org","@graph":[{"@type":"Article","@id":"https:\/\/kokpit.az\/?p=11606#article","isPartOf":{"@id":"https:\/\/kokpit.az\/?p=11606"},"author":{"name":"Rauf Hac\u0131yev","@id":"https:\/\/kokpit.az\/#\/schema\/person\/f4114e650bc2993d0650e4fb6933c581"},"headline":"R\u0259smi: Peres Red Bull-dan ayr\u0131l\u0131b","datePublished":"2024-12-18T17:09:57+00:00","dateModified":"2024-12-18T19:41:06+00:00","mainEntityOfPage":{"@id":"https:\/\/kokpit.az\/?p=11606"},"wordCount":352,"commentCount":0,"publisher":{"@id":"https:\/\/kokpit.az\/#organization"},"image":{"@id":"https:\/\/kokpit.az\/?p=11606#primaryimage"},"thumbnailUrl":"https:\/\/kokpit.az\/wp-content\/uploads\/2024\/12\/sergio-perez-red-bull-racing-9-e1734544412986.webp","keywords":["Red Bull Racing","Sergio Perez"],"articleSection":["Man\u015fet","X\u0259b\u0259rl\u0259r"],"inLanguage":"az","potentialAction":[{"@type":"CommentAction","name":"Comment","target":["https:\/\/kokpit.az\/?p=11606#respond"]}]},{"@type":"WebPage","@id":"https:\/\/kokpit.az\/?p=11606","url":"https:\/\/kokpit.az\/?p=11606","name":"R\u0259smi: Peres Red Bull-dan ayr\u0131l\u0131b - X\u0259b\u0259ri Kokpitd\u0259 Oxuyun!","isPartOf":{"@id":"https:\/\/kokpit.az\/#website"},"primaryImageOfPage":{"@id":"https:\/\/kokpit.az\/?p=11606#primaryimage"},"image":{"@id":"https:\/\/kokpit.az\/?p=11606#primaryimage"},"thumbnailUrl":"https:\/\/kokpit.az\/wp-content\/uploads\/2024\/12\/sergio-perez-red-bull-racing-9-e1734544412986.webp","datePublished":"2024-12-18T17:09:57+00:00","dateModified":"2024-12-18T19:41:06+00:00","breadcrumb":{"@id":"https:\/\/kokpit.az\/?p=11606#breadcrumb"},"inLanguage":"az","potentialAction":[{"@type":"ReadAction","target":["https:\/\/kokpit.az\/?p=11606"]}]},{"@type":"ImageObject","inLanguage":"az","@id":"https:\/\/kokpit.az\/?p=11606#primaryimage","url":"https:\/\/kokpit.az\/wp-content\/uploads\/2024\/12\/sergio-perez-red-bull-racing-9-e1734544412986.webp","contentUrl":"https:\/\/kokpit.az\/wp-content\/uploads\/2024\/12\/sergio-perez-red-bull-racing-9-e1734544412986.webp","width":1200,"height":630},{"@type":"BreadcrumbList","@id":"https:\/\/kokpit.az\/?p=11606#breadcrumb","itemListElement":[{"@type":"ListItem","position":1,"name":"Home","item":"https:\/\/kokpit.az\/"},{"@type":"ListItem","position":2,"name":"R\u0259smi: Peres Red Bull-dan ayr\u0131l\u0131b"}]},{"@type":"WebSite","@id":"https:\/\/kokpit.az\/#website","url":"https:\/\/kokpit.az\/","name":"X\u0259b\u0259ri Kokpitd\u0259 Oxuyun!","description":"","publisher":{"@id":"https:\/\/kokpit.az\/#organization"},"potentialAction":[{"@type":"SearchAction","target":{"@type":"EntryPoint","urlTemplate":"https:\/\/kokpit.az\/?s={search_term_string}"},"query-input":{"@type":"PropertyValueSpecification","valueRequired":true,"valueName":"search_term_string"}}],"inLanguage":"az"},{"@type":"Organization","@id":"https:\/\/kokpit.az\/#organization","name":"X\u0259b\u0259ri Kokpitd\u0259 Oxuyun!","url":"https:\/\/kokpit.az\/","logo":{"@type":"ImageObject","inLanguage":"az","@id":"https:\/\/kokpit.az\/#\/schema\/logo\/image\/","url":"https:\/\/kokpit.az\/wp-content\/uploads\/2023\/05\/kokpit.jpg","contentUrl":"https:\/\/kokpit.az\/wp-content\/uploads\/2023\/05\/kokpit.jpg","width":488,"height":245,"caption":"X\u0259b\u0259ri Kokpitd\u0259 Oxuyun!"},"image":{"@id":"https:\/\/kokpit.az\/#\/schema\/logo\/image\/"},"sameAs":["https:\/\/www.facebook.com\/profile.php?id=61553756392357"]},{"@type":"Person","@id":"https:\/\/kokpit.az\/#\/schema\/person\/f4114e650bc2993d0650e4fb6933c581","name":"Rauf Hac\u0131yev","image":{"@type":"ImageObject","inLanguage":"az","@id":"https:\/\/secure.gravatar.com\/avatar\/394a2085c47c7acdcf41f7d270b7cbb52513d6f4f24c1cb6dfbbd61f98c0503d?s=96&d=mm&r=g","url":"https:\/\/secure.gravatar.com\/avatar\/394a2085c47c7acdcf41f7d270b7cbb52513d6f4f24c1cb6dfbbd61f98c0503d?s=96&d=mm&r=g","contentUrl":"https:\/\/secure.gravatar.com\/avatar\/394a2085c47c7acdcf41f7d270b7cbb52513d6f4f24c1cb6dfbbd61f98c0503d?s=96&d=mm&r=g","caption":"Rauf Hac\u0131yev"},"sameAs":["https:\/\/kokpit.az"],"url":"https:\/\/kokpit.az\/?author=2"}]}},"_links":{"self":[{"href":"https:\/\/kokpit.az\/index.php?rest_route=\/wp\/v2\/posts\/11606","targetHints":{"allow":["GET"]}}],"collection":[{"href":"https:\/\/kokpit.az\/index.php?rest_route=\/wp\/v2\/posts"}],"about":[{"href":"https:\/\/kokpit.az\/index.php?rest_route=\/wp\/v2\/types\/post"}],"author":[{"embeddable":true,"href":"https:\/\/kokpit.az\/index.php?rest_route=\/wp\/v2\/users\/2"}],"replies":[{"embeddable":true,"href":"https:\/\/kokpit.az\/index.php?rest_route=%2Fwp%2Fv2%2Fcomments&post=11606"}],"version-history":[{"count":3,"href":"https:\/\/kokpit.az\/index.php?rest_route=\/wp\/v2\/posts\/11606\/revisions"}],"predecessor-version":[{"id":11610,"href":"https:\/\/kokpit.az\/index.php?rest_route=\/wp\/v2\/posts\/11606\/revisions\/11610"}],"wp:featuredmedia":[{"embeddable":true,"href":"https:\/\/kokpit.az\/index.php?rest_route=\/wp\/v2\/media\/11609"}],"wp:attachment":[{"href":"https:\/\/kokpit.az\/index.php?rest_route=%2Fwp%2Fv2%2Fmedia&parent=11606"}],"wp:term":[{"taxonomy":"category","embeddable":true,"href":"https:\/\/kokpit.az\/index.php?rest_route=%2Fwp%2Fv2%2Fcategories&post=11606"},{"taxonomy":"post_tag","embeddable":true,"href":"https:\/\/kokpit.az\/index.php?rest_route=%2Fwp%2Fv2%2Ftags&post=11606"}],"curies":[{"name":"wp","href":"https:\/\/api.w.org\/{rel}","templated":true}]}}