{"id":11596,"date":"2024-12-18T09:43:25","date_gmt":"2024-12-18T05:43:25","guid":{"rendered":"https:\/\/kokpit.az\/?p=11596"},"modified":"2024-12-18T09:43:25","modified_gmt":"2024-12-18T05:43:25","slug":"m-ferstappen-komandani-t%c9%99rk-etm%c9%99k-fikrim-yoxdur","status":"publish","type":"post","link":"https:\/\/kokpit.az\/?p=11596","title":{"rendered":"M.Ferstappen: Komandan\u0131 t\u0259rk etm\u0259k fikrim yoxdur"},"content":{"rendered":"<p>Kokpit.az xat\u0131rlad\u0131r ki, ilin \u0259vv\u0259lind\u0259 Red Bull-da ba\u015f ver\u0259n hadis\u0259l\u0259r bir \u00e7ox \u015fayi\u0259l\u0259r\u0259 s\u0259b\u0259b olmu\u015fdu. \u00dcst\u0259lik Adrian Nyuinin da komandadan ayr\u0131laca\u011f\u0131 m\u0259lum olduqda s\u00f6z-s\u00f6hb\u0259tl\u0259r daha da q\u0131z\u0131\u015fm\u0131\u015fd\u0131. Niderlandl\u0131 s\u00fcr\u00fcc\u00fcn\u00fcn \u00f6n\u00fcm\u00fczd\u0259ki m\u00f6vs\u00fcmd\u0259 komandadan ged\u0259c\u0259yi bildirilirdi. H\u0259tta Mercedes-in r\u0259hb\u0259ri Toto Volff onun xidm\u0259tl\u0259rind\u0259 maraql\u0131 oldu\u011funu a\u00e7\u0131q \u015f\u0259kild\u0259 bildirmi\u015fdi.<\/p>\n<p><strong>Maks Ferstappen:\u00a0<\/strong>&#8220;Formula 1-d\u0259 futboldak\u0131 kimi, m\u00fcqavil\u0259ni vaxt\u0131ndan \u0259vv\u0259l pozmaq hallar\u0131 tez-tez ba\u015f vermir. M\u0259s\u0259l\u0259n, hans\u0131sa futbol\u00e7u komanda il\u0259 5 illik m\u00fcqavil\u0259 ba\u011flay\u0131b bir il sonra ba\u015fqa komandaya ke\u00e7\u0259 bilir. M\u0259nim is\u0259 bel\u0259 plan\u0131m yoxdur. Bir-iki il sonra n\u0259 olaca\u011f\u0131n\u0131 he\u00e7 kim bilmir. H\u0259r \u015fey m\u0259nd\u0259n as\u0131l\u0131 olmad\u0131\u011f\u0131 \u00fc\u00e7\u00fcn bu haqda d\u00fc\u015f\u00fcnm\u00fcr\u0259m.<\/p>\n<p>M\u0259n oldu\u011fum yerd\u0259n \u00e7ox raz\u0131yam. Daha bir titul \u0259ld\u0259 etdik. B\u0259li, daha r\u0259qab\u0259t\u0259davaml\u0131 ma\u015f\u0131na sahib olmaq ist\u0259yir\u0259m v\u0259 bu, m\u0259ntiqlidir. Komandada \u00f6z\u00fcm\u00fc rahat hiss edir\u0259m, burada \u00f6z\u00fcm\u00fc \u00f6z\u00fcm kimi hiss edir\u0259m v\u0259 bilir\u0259m ki, i\u015f\u00e7il\u0259rimiz q\u0259l\u0259b\u0259l\u0259rimiz \u00fc\u00e7\u00fcn \u0259ll\u0259rind\u0259n g\u0259l\u0259ni edirl\u0259r. \u015eikay\u0259t ed\u0259c\u0259k bir \u015feyim yoxdur.<\/p>\n<p>M\u00f6vs\u00fcm\u00fcn ortas\u0131nda \u00e7\u0259tin d\u00f6vr ya\u015fad\u0131q. Ancaq problemd\u0259n qa\u00e7maq onun h\u0259llin\u0259 k\u00f6m\u0259k etm\u0259y\u0259c\u0259k. H\u0259ll tapmaqda i\u015ftirak etm\u0259yi \u00f6z\u00fcm \u00fc\u00e7\u00fcn vacib hesab etdim. \u0130ndi ham\u0131 \u0259mindir ki, 2026-c\u0131 ild\u0259 reqlament d\u0259yi\u015fdikd\u0259 daha yax\u015f\u0131 ma\u015f\u0131n\u0131m\u0131z olacaq. \u0130nan\u0131ram ki, Red Bull bu i\u015fd\u0259 \u0259n yax\u015f\u0131s\u0131d\u0131r&#8221;.<\/p>\n","protected":false},"excerpt":{"rendered":"<p>M\u00f6vs\u00fcm \u0259rzind\u0259 Red Bull-dak\u0131 b\u00f6hran s\u0259b\u0259bind\u0259n Maks Ferstappenin ba\u015fqa komandaya m\u00fcmk\u00fcn transferi bir ne\u00e7\u0259 d\u0259f\u0259 m\u00fczakir\u0259 olunub, lakin indi Viaplay-a verdiyi m\u00fcsahib\u0259d\u0259 Maks he\u00e7 bir yerd\u0259n ayr\u0131lmaq niyy\u0259tind\u0259 olmad\u0131\u011f\u0131n\u0131 bildirib.<\/p>\n","protected":false},"author":1,"featured_media":10426,"comment_status":"open","ping_status":"open","sticky":false,"template":"","format":"standard","meta":{"footnotes":""},"categories":[2],"tags":[56,51],"class_list":["post-11596","post","type-post","status-publish","format-standard","has-post-thumbnail","hentry","category-news","tag-max-verstappen","tag-red-bull-racing"],"yoast_head":"<!-- This site is optimized with the Yoast SEO plugin v27.5 - https:\/\/yoast.com\/product\/yoast-seo-wordpress\/ -->\n<title>M.Ferstappen: Komandan\u0131 t\u0259rk etm\u0259k fikrim yoxdur - X\u0259b\u0259ri Kokpitd\u0259 Oxuyun!<\/title>\n<meta name=\"robots\" content=\"index, follow, max-snippet:-1, max-image-preview:large, max-video-preview:-1\" \/>\n<link rel=\"canonical\" href=\"https:\/\/kokpit.az\/?p=11596\" \/>\n<meta property=\"og:locale\" content=\"az_AZ\" \/>\n<meta property=\"og:type\" content=\"article\" \/>\n<meta property=\"og:title\" content=\"M.Ferstappen: Komandan\u0131 t\u0259rk etm\u0259k fikrim yoxdur - X\u0259b\u0259ri Kokpitd\u0259 Oxuyun!\" \/>\n<meta property=\"og:description\" content=\"M\u00f6vs\u00fcm \u0259rzind\u0259 Red Bull-dak\u0131 b\u00f6hran s\u0259b\u0259bind\u0259n Maks Ferstappenin ba\u015fqa komandaya m\u00fcmk\u00fcn transferi bir ne\u00e7\u0259 d\u0259f\u0259 m\u00fczakir\u0259 olunub, lakin indi Viaplay-a verdiyi m\u00fcsahib\u0259d\u0259 Maks he\u00e7 bir yerd\u0259n ayr\u0131lmaq niyy\u0259tind\u0259 olmad\u0131\u011f\u0131n\u0131 bildirib.\" \/>\n<meta property=\"og:url\" content=\"https:\/\/kokpit.az\/?p=11596\" \/>\n<meta property=\"og:site_name\" content=\"X\u0259b\u0259ri Kokpitd\u0259 Oxuyun!\" \/>\n<meta property=\"article:publisher\" content=\"https:\/\/www.facebook.com\/profile.php?id=61553756392357\" \/>\n<meta property=\"article:published_time\" content=\"2024-12-18T05:43:25+00:00\" \/>\n<meta property=\"og:image\" content=\"https:\/\/kokpit.az\/wp-content\/uploads\/2024\/11\/max-verstappen-red-bull-racing-26-e1730483581163.webp\" \/>\n\t<meta property=\"og:image:width\" content=\"1200\" \/>\n\t<meta property=\"og:image:height\" content=\"632\" \/>\n\t<meta property=\"og:image:type\" content=\"image\/webp\" \/>\n<meta name=\"author\" content=\"El\u00e7in Zodorov\" \/>\n<meta name=\"twitter:card\" content=\"summary_large_image\" \/>\n<meta name=\"twitter:label1\" content=\"Written by\" \/>\n\t<meta name=\"twitter:data1\" content=\"El\u00e7in Zodorov\" \/>\n\t<meta name=\"twitter:label2\" content=\"Est. reading time\" \/>\n\t<meta name=\"twitter:data2\" content=\"2 minutes\" \/>\n<script type=\"application\/ld+json\" class=\"yoast-schema-graph\">{\"@context\":\"https:\\\/\\\/schema.org\",\"@graph\":[{\"@type\":\"Article\",\"@id\":\"https:\\\/\\\/kokpit.az\\\/?p=11596#article\",\"isPartOf\":{\"@id\":\"https:\\\/\\\/kokpit.az\\\/?p=11596\"},\"author\":{\"name\":\"El\u00e7in Zodorov\",\"@id\":\"https:\\\/\\\/kokpit.az\\\/#\\\/schema\\\/person\\\/9a3c87bcfb1be4d1bdd26fbdf5a8ed2d\"},\"headline\":\"M.Ferstappen: Komandan\u0131 t\u0259rk etm\u0259k fikrim yoxdur\",\"datePublished\":\"2024-12-18T05:43:25+00:00\",\"mainEntityOfPage\":{\"@id\":\"https:\\\/\\\/kokpit.az\\\/?p=11596\"},\"wordCount\":317,\"commentCount\":0,\"publisher\":{\"@id\":\"https:\\\/\\\/kokpit.az\\\/#organization\"},\"image\":{\"@id\":\"https:\\\/\\\/kokpit.az\\\/?p=11596#primaryimage\"},\"thumbnailUrl\":\"https:\\\/\\\/kokpit.az\\\/wp-content\\\/uploads\\\/2024\\\/11\\\/max-verstappen-red-bull-racing-26-e1730483581163.webp\",\"keywords\":[\"Max Verstappen\",\"Red Bull Racing\"],\"articleSection\":[\"X\u0259b\u0259rl\u0259r\"],\"inLanguage\":\"az\",\"potentialAction\":[{\"@type\":\"CommentAction\",\"name\":\"Comment\",\"target\":[\"https:\\\/\\\/kokpit.az\\\/?p=11596#respond\"]}]},{\"@type\":\"WebPage\",\"@id\":\"https:\\\/\\\/kokpit.az\\\/?p=11596\",\"url\":\"https:\\\/\\\/kokpit.az\\\/?p=11596\",\"name\":\"M.Ferstappen: Komandan\u0131 t\u0259rk etm\u0259k fikrim yoxdur - X\u0259b\u0259ri Kokpitd\u0259 Oxuyun!\",\"isPartOf\":{\"@id\":\"https:\\\/\\\/kokpit.az\\\/#website\"},\"primaryImageOfPage\":{\"@id\":\"https:\\\/\\\/kokpit.az\\\/?p=11596#primaryimage\"},\"image\":{\"@id\":\"https:\\\/\\\/kokpit.az\\\/?p=11596#primaryimage\"},\"thumbnailUrl\":\"https:\\\/\\\/kokpit.az\\\/wp-content\\\/uploads\\\/2024\\\/11\\\/max-verstappen-red-bull-racing-26-e1730483581163.webp\",\"datePublished\":\"2024-12-18T05:43:25+00:00\",\"breadcrumb\":{\"@id\":\"https:\\\/\\\/kokpit.az\\\/?p=11596#breadcrumb\"},\"inLanguage\":\"az\",\"potentialAction\":[{\"@type\":\"ReadAction\",\"target\":[\"https:\\\/\\\/kokpit.az\\\/?p=11596\"]}]},{\"@type\":\"ImageObject\",\"inLanguage\":\"az\",\"@id\":\"https:\\\/\\\/kokpit.az\\\/?p=11596#primaryimage\",\"url\":\"https:\\\/\\\/kokpit.az\\\/wp-content\\\/uploads\\\/2024\\\/11\\\/max-verstappen-red-bull-racing-26-e1730483581163.webp\",\"contentUrl\":\"https:\\\/\\\/kokpit.az\\\/wp-content\\\/uploads\\\/2024\\\/11\\\/max-verstappen-red-bull-racing-26-e1730483581163.webp\",\"width\":1200,\"height\":632},{\"@type\":\"BreadcrumbList\",\"@id\":\"https:\\\/\\\/kokpit.az\\\/?p=11596#breadcrumb\",\"itemListElement\":[{\"@type\":\"ListItem\",\"position\":1,\"name\":\"Home\",\"item\":\"https:\\\/\\\/kokpit.az\\\/\"},{\"@type\":\"ListItem\",\"position\":2,\"name\":\"M.Ferstappen: Komandan\u0131 t\u0259rk etm\u0259k fikrim yoxdur\"}]},{\"@type\":\"WebSite\",\"@id\":\"https:\\\/\\\/kokpit.az\\\/#website\",\"url\":\"https:\\\/\\\/kokpit.az\\\/\",\"name\":\"X\u0259b\u0259ri Kokpitd\u0259 Oxuyun!\",\"description\":\"\",\"publisher\":{\"@id\":\"https:\\\/\\\/kokpit.az\\\/#organization\"},\"potentialAction\":[{\"@type\":\"SearchAction\",\"target\":{\"@type\":\"EntryPoint\",\"urlTemplate\":\"https:\\\/\\\/kokpit.az\\\/?s={search_term_string}\"},\"query-input\":{\"@type\":\"PropertyValueSpecification\",\"valueRequired\":true,\"valueName\":\"search_term_string\"}}],\"inLanguage\":\"az\"},{\"@type\":\"Organization\",\"@id\":\"https:\\\/\\\/kokpit.az\\\/#organization\",\"name\":\"X\u0259b\u0259ri Kokpitd\u0259 Oxuyun!\",\"url\":\"https:\\\/\\\/kokpit.az\\\/\",\"logo\":{\"@type\":\"ImageObject\",\"inLanguage\":\"az\",\"@id\":\"https:\\\/\\\/kokpit.az\\\/#\\\/schema\\\/logo\\\/image\\\/\",\"url\":\"https:\\\/\\\/kokpit.az\\\/wp-content\\\/uploads\\\/2023\\\/05\\\/kokpit.jpg\",\"contentUrl\":\"https:\\\/\\\/kokpit.az\\\/wp-content\\\/uploads\\\/2023\\\/05\\\/kokpit.jpg\",\"width\":488,\"height\":245,\"caption\":\"X\u0259b\u0259ri Kokpitd\u0259 Oxuyun!\"},\"image\":{\"@id\":\"https:\\\/\\\/kokpit.az\\\/#\\\/schema\\\/logo\\\/image\\\/\"},\"sameAs\":[\"https:\\\/\\\/www.facebook.com\\\/profile.php?id=61553756392357\"]},{\"@type\":\"Person\",\"@id\":\"https:\\\/\\\/kokpit.az\\\/#\\\/schema\\\/person\\\/9a3c87bcfb1be4d1bdd26fbdf5a8ed2d\",\"name\":\"El\u00e7in Zodorov\",\"image\":{\"@type\":\"ImageObject\",\"inLanguage\":\"az\",\"@id\":\"https:\\\/\\\/secure.gravatar.com\\\/avatar\\\/5e248c9a352ae0cf725a2dbbfd3a2a3bec9b4b965dc0a7e47723ddd11edca772?s=96&d=mm&r=g\",\"url\":\"https:\\\/\\\/secure.gravatar.com\\\/avatar\\\/5e248c9a352ae0cf725a2dbbfd3a2a3bec9b4b965dc0a7e47723ddd11edca772?s=96&d=mm&r=g\",\"contentUrl\":\"https:\\\/\\\/secure.gravatar.com\\\/avatar\\\/5e248c9a352ae0cf725a2dbbfd3a2a3bec9b4b965dc0a7e47723ddd11edca772?s=96&d=mm&r=g\",\"caption\":\"El\u00e7in Zodorov\"},\"sameAs\":[\"https:\\\/\\\/kokpit.az\"],\"url\":\"https:\\\/\\\/kokpit.az\\\/?author=1\"}]}<\/script>\n<!-- \/ Yoast SEO plugin. -->","yoast_head_json":{"title":"M.Ferstappen: Komandan\u0131 t\u0259rk etm\u0259k fikrim yoxdur - X\u0259b\u0259ri Kokpitd\u0259 Oxuyun!","robots":{"index":"index","follow":"follow","max-snippet":"max-snippet:-1","max-image-preview":"max-image-preview:large","max-video-preview":"max-video-preview:-1"},"canonical":"https:\/\/kokpit.az\/?p=11596","og_locale":"az_AZ","og_type":"article","og_title":"M.Ferstappen: Komandan\u0131 t\u0259rk etm\u0259k fikrim yoxdur - X\u0259b\u0259ri Kokpitd\u0259 Oxuyun!","og_description":"M\u00f6vs\u00fcm \u0259rzind\u0259 Red Bull-dak\u0131 b\u00f6hran s\u0259b\u0259bind\u0259n Maks Ferstappenin ba\u015fqa komandaya m\u00fcmk\u00fcn transferi bir ne\u00e7\u0259 d\u0259f\u0259 m\u00fczakir\u0259 olunub, lakin indi Viaplay-a verdiyi m\u00fcsahib\u0259d\u0259 Maks he\u00e7 bir yerd\u0259n ayr\u0131lmaq niyy\u0259tind\u0259 olmad\u0131\u011f\u0131n\u0131 bildirib.","og_url":"https:\/\/kokpit.az\/?p=11596","og_site_name":"X\u0259b\u0259ri Kokpitd\u0259 Oxuyun!","article_publisher":"https:\/\/www.facebook.com\/profile.php?id=61553756392357","article_published_time":"2024-12-18T05:43:25+00:00","og_image":[{"width":1200,"height":632,"url":"https:\/\/kokpit.az\/wp-content\/uploads\/2024\/11\/max-verstappen-red-bull-racing-26-e1730483581163.webp","type":"image\/webp"}],"author":"El\u00e7in Zodorov","twitter_card":"summary_large_image","twitter_misc":{"Written by":"El\u00e7in Zodorov","Est. reading time":"2 minutes"},"schema":{"@context":"https:\/\/schema.org","@graph":[{"@type":"Article","@id":"https:\/\/kokpit.az\/?p=11596#article","isPartOf":{"@id":"https:\/\/kokpit.az\/?p=11596"},"author":{"name":"El\u00e7in Zodorov","@id":"https:\/\/kokpit.az\/#\/schema\/person\/9a3c87bcfb1be4d1bdd26fbdf5a8ed2d"},"headline":"M.Ferstappen: Komandan\u0131 t\u0259rk etm\u0259k fikrim yoxdur","datePublished":"2024-12-18T05:43:25+00:00","mainEntityOfPage":{"@id":"https:\/\/kokpit.az\/?p=11596"},"wordCount":317,"commentCount":0,"publisher":{"@id":"https:\/\/kokpit.az\/#organization"},"image":{"@id":"https:\/\/kokpit.az\/?p=11596#primaryimage"},"thumbnailUrl":"https:\/\/kokpit.az\/wp-content\/uploads\/2024\/11\/max-verstappen-red-bull-racing-26-e1730483581163.webp","keywords":["Max Verstappen","Red Bull Racing"],"articleSection":["X\u0259b\u0259rl\u0259r"],"inLanguage":"az","potentialAction":[{"@type":"CommentAction","name":"Comment","target":["https:\/\/kokpit.az\/?p=11596#respond"]}]},{"@type":"WebPage","@id":"https:\/\/kokpit.az\/?p=11596","url":"https:\/\/kokpit.az\/?p=11596","name":"M.Ferstappen: Komandan\u0131 t\u0259rk etm\u0259k fikrim yoxdur - X\u0259b\u0259ri Kokpitd\u0259 Oxuyun!","isPartOf":{"@id":"https:\/\/kokpit.az\/#website"},"primaryImageOfPage":{"@id":"https:\/\/kokpit.az\/?p=11596#primaryimage"},"image":{"@id":"https:\/\/kokpit.az\/?p=11596#primaryimage"},"thumbnailUrl":"https:\/\/kokpit.az\/wp-content\/uploads\/2024\/11\/max-verstappen-red-bull-racing-26-e1730483581163.webp","datePublished":"2024-12-18T05:43:25+00:00","breadcrumb":{"@id":"https:\/\/kokpit.az\/?p=11596#breadcrumb"},"inLanguage":"az","potentialAction":[{"@type":"ReadAction","target":["https:\/\/kokpit.az\/?p=11596"]}]},{"@type":"ImageObject","inLanguage":"az","@id":"https:\/\/kokpit.az\/?p=11596#primaryimage","url":"https:\/\/kokpit.az\/wp-content\/uploads\/2024\/11\/max-verstappen-red-bull-racing-26-e1730483581163.webp","contentUrl":"https:\/\/kokpit.az\/wp-content\/uploads\/2024\/11\/max-verstappen-red-bull-racing-26-e1730483581163.webp","width":1200,"height":632},{"@type":"BreadcrumbList","@id":"https:\/\/kokpit.az\/?p=11596#breadcrumb","itemListElement":[{"@type":"ListItem","position":1,"name":"Home","item":"https:\/\/kokpit.az\/"},{"@type":"ListItem","position":2,"name":"M.Ferstappen: Komandan\u0131 t\u0259rk etm\u0259k fikrim yoxdur"}]},{"@type":"WebSite","@id":"https:\/\/kokpit.az\/#website","url":"https:\/\/kokpit.az\/","name":"X\u0259b\u0259ri Kokpitd\u0259 Oxuyun!","description":"","publisher":{"@id":"https:\/\/kokpit.az\/#organization"},"potentialAction":[{"@type":"SearchAction","target":{"@type":"EntryPoint","urlTemplate":"https:\/\/kokpit.az\/?s={search_term_string}"},"query-input":{"@type":"PropertyValueSpecification","valueRequired":true,"valueName":"search_term_string"}}],"inLanguage":"az"},{"@type":"Organization","@id":"https:\/\/kokpit.az\/#organization","name":"X\u0259b\u0259ri Kokpitd\u0259 Oxuyun!","url":"https:\/\/kokpit.az\/","logo":{"@type":"ImageObject","inLanguage":"az","@id":"https:\/\/kokpit.az\/#\/schema\/logo\/image\/","url":"https:\/\/kokpit.az\/wp-content\/uploads\/2023\/05\/kokpit.jpg","contentUrl":"https:\/\/kokpit.az\/wp-content\/uploads\/2023\/05\/kokpit.jpg","width":488,"height":245,"caption":"X\u0259b\u0259ri Kokpitd\u0259 Oxuyun!"},"image":{"@id":"https:\/\/kokpit.az\/#\/schema\/logo\/image\/"},"sameAs":["https:\/\/www.facebook.com\/profile.php?id=61553756392357"]},{"@type":"Person","@id":"https:\/\/kokpit.az\/#\/schema\/person\/9a3c87bcfb1be4d1bdd26fbdf5a8ed2d","name":"El\u00e7in Zodorov","image":{"@type":"ImageObject","inLanguage":"az","@id":"https:\/\/secure.gravatar.com\/avatar\/5e248c9a352ae0cf725a2dbbfd3a2a3bec9b4b965dc0a7e47723ddd11edca772?s=96&d=mm&r=g","url":"https:\/\/secure.gravatar.com\/avatar\/5e248c9a352ae0cf725a2dbbfd3a2a3bec9b4b965dc0a7e47723ddd11edca772?s=96&d=mm&r=g","contentUrl":"https:\/\/secure.gravatar.com\/avatar\/5e248c9a352ae0cf725a2dbbfd3a2a3bec9b4b965dc0a7e47723ddd11edca772?s=96&d=mm&r=g","caption":"El\u00e7in Zodorov"},"sameAs":["https:\/\/kokpit.az"],"url":"https:\/\/kokpit.az\/?author=1"}]}},"_links":{"self":[{"href":"https:\/\/kokpit.az\/index.php?rest_route=\/wp\/v2\/posts\/11596","targetHints":{"allow":["GET"]}}],"collection":[{"href":"https:\/\/kokpit.az\/index.php?rest_route=\/wp\/v2\/posts"}],"about":[{"href":"https:\/\/kokpit.az\/index.php?rest_route=\/wp\/v2\/types\/post"}],"author":[{"embeddable":true,"href":"https:\/\/kokpit.az\/index.php?rest_route=\/wp\/v2\/users\/1"}],"replies":[{"embeddable":true,"href":"https:\/\/kokpit.az\/index.php?rest_route=%2Fwp%2Fv2%2Fcomments&post=11596"}],"version-history":[{"count":1,"href":"https:\/\/kokpit.az\/index.php?rest_route=\/wp\/v2\/posts\/11596\/revisions"}],"predecessor-version":[{"id":11597,"href":"https:\/\/kokpit.az\/index.php?rest_route=\/wp\/v2\/posts\/11596\/revisions\/11597"}],"wp:featuredmedia":[{"embeddable":true,"href":"https:\/\/kokpit.az\/index.php?rest_route=\/wp\/v2\/media\/10426"}],"wp:attachment":[{"href":"https:\/\/kokpit.az\/index.php?rest_route=%2Fwp%2Fv2%2Fmedia&parent=11596"}],"wp:term":[{"taxonomy":"category","embeddable":true,"href":"https:\/\/kokpit.az\/index.php?rest_route=%2Fwp%2Fv2%2Fcategories&post=11596"},{"taxonomy":"post_tag","embeddable":true,"href":"https:\/\/kokpit.az\/index.php?rest_route=%2Fwp%2Fv2%2Ftags&post=11596"}],"curies":[{"name":"wp","href":"https:\/\/api.w.org\/{rel}","templated":true}]}}