{"id":11584,"date":"2024-12-17T14:45:12","date_gmt":"2024-12-17T10:45:12","guid":{"rendered":"https:\/\/kokpit.az\/?p=11584"},"modified":"2024-12-17T14:45:12","modified_gmt":"2024-12-17T10:45:12","slug":"f-alonso-2026-ci-il%c9%99-umid-edir","status":"publish","type":"post","link":"https:\/\/kokpit.az\/?p=11584","title":{"rendered":"F.Alonso 2026-c\u0131 il\u0259 \u00fcmid edir"},"content":{"rendered":"<p>Kokpit.az xat\u0131rlad\u0131r ki, 2026-c\u0131 ild\u0259 Formula 1-in texniki reqlamentind\u0259 d\u0259yi\u015fiklikl\u0259r olacaq.<\/p>\n<p>Buna g\u00f6r\u0259 d\u0259 <span style=\"color: #008000;\"><strong>Fernando Alonsonun<\/strong><\/span> 2025-ci il\u0259 inam\u0131 olmasa da, 2026-c\u0131 ild\u0259 Aston Martin-in g\u00fccl\u00fc performans\u0131n\u0131 g\u00f6zl\u0259yir: \u201cBu il ya\u015fad\u0131\u011f\u0131m\u0131z \u00e7\u0259tinlikl\u0259r v\u0259 s\u0259hvl\u0259rd\u0259n d\u0259rs \u00e7\u0131xararaq, h\u0259r \u015fey\u0259 yenid\u0259n ba\u015flaya bil\u0259rik. Builki t\u0259cr\u00fcb\u0259l\u0259rimizl\u0259 g\u0259l\u0259nilki ma\u015f\u0131na fokuslanaca\u011f\u0131q. Yeni baza tikilib qurtard\u0131, aerodinamik boru da tezlikl\u0259 f\u0259aliyy\u0259t\u0259 ba\u015flayacaq. \u0130dar\u0259 Hey\u0259tinin yeni r\u0259hb\u0259ri \u018fndi Kovell komandadak\u0131 b\u0259zi z\u0259iflikl\u0259ri indid\u0259n d\u0259yi\u015fdirib. Buna g\u00f6r\u0259 d\u0259 yeni idar\u0259\u00e7il\u0259r\u0259 g\u00fcv\u0259nirik v\u0259 i\u015fl\u0259rin do\u011fru y\u00f6nd\u0259 getdiyin\u0259 inan\u0131ram.<\/p>\n<p>Formula 1-d\u0259 m\u00f6c\u00fcz\u0259l\u0259r\u0259 yer yoxdur. S\u0259birli v\u0259 q\u00fcsursuz i\u015fl\u0259yib d\u00fczg\u00fcn balans\u0131 qorumaq laz\u0131md\u0131r. Altl\u0131q effektli ma\u015f\u0131nlarda d\u00fczg\u00fcn i\u015fl\u0259yib, do\u011fru yeniliyi k\u0259\u015ff etm\u0259lisiniz.<\/p>\n<p>McLaren bu m\u00f6vs\u00fcm\u0259 gerid\u0259n ba\u015flasa da, m\u00f6vs\u00fcm\u00fcn ortas\u0131nda yar\u0131\u015flar qazanma\u011fa ba\u015flad\u0131lar. Biz d\u0259 b\u0259zi \u015feyl\u0259ri \u00f6yr\u0259nm\u0259liyik. Bu inki\u015faf\u0131n nec\u0259 apar\u0131lmas\u0131na dair yax\u015f\u0131 misald\u0131r. Avstriyada bir paket g\u0259tirdil\u0259r v\u0259 bu onlara 0.6-0.7 saniy\u0259 qazand\u0131rd\u0131. Biz d\u0259 bunun \u00fcz\u0259rind\u0259 i\u015fl\u0259m\u0259liyik\u201d.<\/p>\n<p>Qeyd ed\u0259k ki, Aston Martin 2023-c\u00fc ild\u0259 m\u00f6vs\u00fcm\u0259 \u0259n s\u00fcr\u0259tli ikinci ma\u015f\u0131nla ba\u015flam\u0131\u015f v\u0259 8 podium qazanm\u0131\u015fd\u0131. Lakin sonradan geril\u0259mi\u015fdi. \u201cYa\u015f\u0131llar\u201d bu m\u00f6vs\u00fcm\u0259 pis ba\u015flam\u0131\u015f v\u0259 onlar\u0131n builki \u0259n yax\u015f\u0131 n\u0259tic\u0259l\u0259ri Cidd\u0259d\u0259ki be\u015finci yer olmu\u015fdu.<\/p>\n","protected":false},"excerpt":{"rendered":"<p>Aston Martin komandas\u0131n\u0131n s\u00fcr\u00fcc\u00fcs\u00fc Fernando Alonso bildirib ki, onlar\u0131n h\u0259d\u0259fl\u0259ri 2026-c\u0131 ild\u0259 yax\u015f\u0131 n\u0259tic\u0259l\u0259r qazanmaqd\u0131r.<\/p>\n","protected":false},"author":2,"featured_media":6674,"comment_status":"open","ping_status":"open","sticky":false,"template":"","format":"standard","meta":{"footnotes":""},"categories":[2],"tags":[348,67],"class_list":["post-11584","post","type-post","status-publish","format-standard","has-post-thumbnail","hentry","category-news","tag-aston-martin-amr24","tag-fernando-alonso"],"yoast_head":"<!-- This site is optimized with the Yoast SEO plugin v27.5 - https:\/\/yoast.com\/product\/yoast-seo-wordpress\/ -->\n<title>F.Alonso 2026-c\u0131 il\u0259 \u00fcmid edir - X\u0259b\u0259ri Kokpitd\u0259 Oxuyun!<\/title>\n<meta name=\"robots\" content=\"index, follow, max-snippet:-1, max-image-preview:large, max-video-preview:-1\" \/>\n<link rel=\"canonical\" href=\"https:\/\/kokpit.az\/?p=11584\" \/>\n<meta property=\"og:locale\" content=\"az_AZ\" \/>\n<meta property=\"og:type\" content=\"article\" \/>\n<meta property=\"og:title\" content=\"F.Alonso 2026-c\u0131 il\u0259 \u00fcmid edir - X\u0259b\u0259ri Kokpitd\u0259 Oxuyun!\" \/>\n<meta property=\"og:description\" content=\"Aston Martin komandas\u0131n\u0131n s\u00fcr\u00fcc\u00fcs\u00fc Fernando Alonso bildirib ki, onlar\u0131n h\u0259d\u0259fl\u0259ri 2026-c\u0131 ild\u0259 yax\u015f\u0131 n\u0259tic\u0259l\u0259r qazanmaqd\u0131r.\" \/>\n<meta property=\"og:url\" content=\"https:\/\/kokpit.az\/?p=11584\" \/>\n<meta property=\"og:site_name\" content=\"X\u0259b\u0259ri Kokpitd\u0259 Oxuyun!\" \/>\n<meta property=\"article:publisher\" content=\"https:\/\/www.facebook.com\/profile.php?id=61553756392357\" \/>\n<meta property=\"article:published_time\" content=\"2024-12-17T10:45:12+00:00\" \/>\n<meta property=\"og:image\" content=\"https:\/\/kokpit.az\/wp-content\/uploads\/2024\/07\/Fernando-Alonso-1.jpg\" \/>\n\t<meta property=\"og:image:width\" content=\"1200\" \/>\n\t<meta property=\"og:image:height\" content=\"630\" \/>\n\t<meta property=\"og:image:type\" content=\"image\/jpeg\" \/>\n<meta name=\"author\" content=\"Rauf Hac\u0131yev\" \/>\n<meta name=\"twitter:card\" content=\"summary_large_image\" \/>\n<meta name=\"twitter:label1\" content=\"Written by\" \/>\n\t<meta name=\"twitter:data1\" content=\"Rauf Hac\u0131yev\" \/>\n\t<meta name=\"twitter:label2\" content=\"Est. reading time\" \/>\n\t<meta name=\"twitter:data2\" content=\"1 minute\" \/>\n<script type=\"application\/ld+json\" class=\"yoast-schema-graph\">{\"@context\":\"https:\\\/\\\/schema.org\",\"@graph\":[{\"@type\":\"Article\",\"@id\":\"https:\\\/\\\/kokpit.az\\\/?p=11584#article\",\"isPartOf\":{\"@id\":\"https:\\\/\\\/kokpit.az\\\/?p=11584\"},\"author\":{\"name\":\"Rauf Hac\u0131yev\",\"@id\":\"https:\\\/\\\/kokpit.az\\\/#\\\/schema\\\/person\\\/f4114e650bc2993d0650e4fb6933c581\"},\"headline\":\"F.Alonso 2026-c\u0131 il\u0259 \u00fcmid edir\",\"datePublished\":\"2024-12-17T10:45:12+00:00\",\"mainEntityOfPage\":{\"@id\":\"https:\\\/\\\/kokpit.az\\\/?p=11584\"},\"wordCount\":303,\"commentCount\":0,\"publisher\":{\"@id\":\"https:\\\/\\\/kokpit.az\\\/#organization\"},\"image\":{\"@id\":\"https:\\\/\\\/kokpit.az\\\/?p=11584#primaryimage\"},\"thumbnailUrl\":\"https:\\\/\\\/kokpit.az\\\/wp-content\\\/uploads\\\/2024\\\/07\\\/Fernando-Alonso-1.jpg\",\"keywords\":[\"Aston Martin AMR24\",\"Fernando Alonso\"],\"articleSection\":[\"X\u0259b\u0259rl\u0259r\"],\"inLanguage\":\"az\",\"potentialAction\":[{\"@type\":\"CommentAction\",\"name\":\"Comment\",\"target\":[\"https:\\\/\\\/kokpit.az\\\/?p=11584#respond\"]}]},{\"@type\":\"WebPage\",\"@id\":\"https:\\\/\\\/kokpit.az\\\/?p=11584\",\"url\":\"https:\\\/\\\/kokpit.az\\\/?p=11584\",\"name\":\"F.Alonso 2026-c\u0131 il\u0259 \u00fcmid edir - X\u0259b\u0259ri Kokpitd\u0259 Oxuyun!\",\"isPartOf\":{\"@id\":\"https:\\\/\\\/kokpit.az\\\/#website\"},\"primaryImageOfPage\":{\"@id\":\"https:\\\/\\\/kokpit.az\\\/?p=11584#primaryimage\"},\"image\":{\"@id\":\"https:\\\/\\\/kokpit.az\\\/?p=11584#primaryimage\"},\"thumbnailUrl\":\"https:\\\/\\\/kokpit.az\\\/wp-content\\\/uploads\\\/2024\\\/07\\\/Fernando-Alonso-1.jpg\",\"datePublished\":\"2024-12-17T10:45:12+00:00\",\"breadcrumb\":{\"@id\":\"https:\\\/\\\/kokpit.az\\\/?p=11584#breadcrumb\"},\"inLanguage\":\"az\",\"potentialAction\":[{\"@type\":\"ReadAction\",\"target\":[\"https:\\\/\\\/kokpit.az\\\/?p=11584\"]}]},{\"@type\":\"ImageObject\",\"inLanguage\":\"az\",\"@id\":\"https:\\\/\\\/kokpit.az\\\/?p=11584#primaryimage\",\"url\":\"https:\\\/\\\/kokpit.az\\\/wp-content\\\/uploads\\\/2024\\\/07\\\/Fernando-Alonso-1.jpg\",\"contentUrl\":\"https:\\\/\\\/kokpit.az\\\/wp-content\\\/uploads\\\/2024\\\/07\\\/Fernando-Alonso-1.jpg\",\"width\":1200,\"height\":630},{\"@type\":\"BreadcrumbList\",\"@id\":\"https:\\\/\\\/kokpit.az\\\/?p=11584#breadcrumb\",\"itemListElement\":[{\"@type\":\"ListItem\",\"position\":1,\"name\":\"Home\",\"item\":\"https:\\\/\\\/kokpit.az\\\/\"},{\"@type\":\"ListItem\",\"position\":2,\"name\":\"F.Alonso 2026-c\u0131 il\u0259 \u00fcmid edir\"}]},{\"@type\":\"WebSite\",\"@id\":\"https:\\\/\\\/kokpit.az\\\/#website\",\"url\":\"https:\\\/\\\/kokpit.az\\\/\",\"name\":\"X\u0259b\u0259ri Kokpitd\u0259 Oxuyun!\",\"description\":\"\",\"publisher\":{\"@id\":\"https:\\\/\\\/kokpit.az\\\/#organization\"},\"potentialAction\":[{\"@type\":\"SearchAction\",\"target\":{\"@type\":\"EntryPoint\",\"urlTemplate\":\"https:\\\/\\\/kokpit.az\\\/?s={search_term_string}\"},\"query-input\":{\"@type\":\"PropertyValueSpecification\",\"valueRequired\":true,\"valueName\":\"search_term_string\"}}],\"inLanguage\":\"az\"},{\"@type\":\"Organization\",\"@id\":\"https:\\\/\\\/kokpit.az\\\/#organization\",\"name\":\"X\u0259b\u0259ri Kokpitd\u0259 Oxuyun!\",\"url\":\"https:\\\/\\\/kokpit.az\\\/\",\"logo\":{\"@type\":\"ImageObject\",\"inLanguage\":\"az\",\"@id\":\"https:\\\/\\\/kokpit.az\\\/#\\\/schema\\\/logo\\\/image\\\/\",\"url\":\"https:\\\/\\\/kokpit.az\\\/wp-content\\\/uploads\\\/2023\\\/05\\\/kokpit.jpg\",\"contentUrl\":\"https:\\\/\\\/kokpit.az\\\/wp-content\\\/uploads\\\/2023\\\/05\\\/kokpit.jpg\",\"width\":488,\"height\":245,\"caption\":\"X\u0259b\u0259ri Kokpitd\u0259 Oxuyun!\"},\"image\":{\"@id\":\"https:\\\/\\\/kokpit.az\\\/#\\\/schema\\\/logo\\\/image\\\/\"},\"sameAs\":[\"https:\\\/\\\/www.facebook.com\\\/profile.php?id=61553756392357\"]},{\"@type\":\"Person\",\"@id\":\"https:\\\/\\\/kokpit.az\\\/#\\\/schema\\\/person\\\/f4114e650bc2993d0650e4fb6933c581\",\"name\":\"Rauf Hac\u0131yev\",\"image\":{\"@type\":\"ImageObject\",\"inLanguage\":\"az\",\"@id\":\"https:\\\/\\\/secure.gravatar.com\\\/avatar\\\/394a2085c47c7acdcf41f7d270b7cbb52513d6f4f24c1cb6dfbbd61f98c0503d?s=96&d=mm&r=g\",\"url\":\"https:\\\/\\\/secure.gravatar.com\\\/avatar\\\/394a2085c47c7acdcf41f7d270b7cbb52513d6f4f24c1cb6dfbbd61f98c0503d?s=96&d=mm&r=g\",\"contentUrl\":\"https:\\\/\\\/secure.gravatar.com\\\/avatar\\\/394a2085c47c7acdcf41f7d270b7cbb52513d6f4f24c1cb6dfbbd61f98c0503d?s=96&d=mm&r=g\",\"caption\":\"Rauf Hac\u0131yev\"},\"sameAs\":[\"https:\\\/\\\/kokpit.az\"],\"url\":\"https:\\\/\\\/kokpit.az\\\/?author=2\"}]}<\/script>\n<!-- \/ Yoast SEO plugin. -->","yoast_head_json":{"title":"F.Alonso 2026-c\u0131 il\u0259 \u00fcmid edir - X\u0259b\u0259ri Kokpitd\u0259 Oxuyun!","robots":{"index":"index","follow":"follow","max-snippet":"max-snippet:-1","max-image-preview":"max-image-preview:large","max-video-preview":"max-video-preview:-1"},"canonical":"https:\/\/kokpit.az\/?p=11584","og_locale":"az_AZ","og_type":"article","og_title":"F.Alonso 2026-c\u0131 il\u0259 \u00fcmid edir - X\u0259b\u0259ri Kokpitd\u0259 Oxuyun!","og_description":"Aston Martin komandas\u0131n\u0131n s\u00fcr\u00fcc\u00fcs\u00fc Fernando Alonso bildirib ki, onlar\u0131n h\u0259d\u0259fl\u0259ri 2026-c\u0131 ild\u0259 yax\u015f\u0131 n\u0259tic\u0259l\u0259r qazanmaqd\u0131r.","og_url":"https:\/\/kokpit.az\/?p=11584","og_site_name":"X\u0259b\u0259ri Kokpitd\u0259 Oxuyun!","article_publisher":"https:\/\/www.facebook.com\/profile.php?id=61553756392357","article_published_time":"2024-12-17T10:45:12+00:00","og_image":[{"width":1200,"height":630,"url":"https:\/\/kokpit.az\/wp-content\/uploads\/2024\/07\/Fernando-Alonso-1.jpg","type":"image\/jpeg"}],"author":"Rauf Hac\u0131yev","twitter_card":"summary_large_image","twitter_misc":{"Written by":"Rauf Hac\u0131yev","Est. reading time":"1 minute"},"schema":{"@context":"https:\/\/schema.org","@graph":[{"@type":"Article","@id":"https:\/\/kokpit.az\/?p=11584#article","isPartOf":{"@id":"https:\/\/kokpit.az\/?p=11584"},"author":{"name":"Rauf Hac\u0131yev","@id":"https:\/\/kokpit.az\/#\/schema\/person\/f4114e650bc2993d0650e4fb6933c581"},"headline":"F.Alonso 2026-c\u0131 il\u0259 \u00fcmid edir","datePublished":"2024-12-17T10:45:12+00:00","mainEntityOfPage":{"@id":"https:\/\/kokpit.az\/?p=11584"},"wordCount":303,"commentCount":0,"publisher":{"@id":"https:\/\/kokpit.az\/#organization"},"image":{"@id":"https:\/\/kokpit.az\/?p=11584#primaryimage"},"thumbnailUrl":"https:\/\/kokpit.az\/wp-content\/uploads\/2024\/07\/Fernando-Alonso-1.jpg","keywords":["Aston Martin AMR24","Fernando Alonso"],"articleSection":["X\u0259b\u0259rl\u0259r"],"inLanguage":"az","potentialAction":[{"@type":"CommentAction","name":"Comment","target":["https:\/\/kokpit.az\/?p=11584#respond"]}]},{"@type":"WebPage","@id":"https:\/\/kokpit.az\/?p=11584","url":"https:\/\/kokpit.az\/?p=11584","name":"F.Alonso 2026-c\u0131 il\u0259 \u00fcmid edir - X\u0259b\u0259ri Kokpitd\u0259 Oxuyun!","isPartOf":{"@id":"https:\/\/kokpit.az\/#website"},"primaryImageOfPage":{"@id":"https:\/\/kokpit.az\/?p=11584#primaryimage"},"image":{"@id":"https:\/\/kokpit.az\/?p=11584#primaryimage"},"thumbnailUrl":"https:\/\/kokpit.az\/wp-content\/uploads\/2024\/07\/Fernando-Alonso-1.jpg","datePublished":"2024-12-17T10:45:12+00:00","breadcrumb":{"@id":"https:\/\/kokpit.az\/?p=11584#breadcrumb"},"inLanguage":"az","potentialAction":[{"@type":"ReadAction","target":["https:\/\/kokpit.az\/?p=11584"]}]},{"@type":"ImageObject","inLanguage":"az","@id":"https:\/\/kokpit.az\/?p=11584#primaryimage","url":"https:\/\/kokpit.az\/wp-content\/uploads\/2024\/07\/Fernando-Alonso-1.jpg","contentUrl":"https:\/\/kokpit.az\/wp-content\/uploads\/2024\/07\/Fernando-Alonso-1.jpg","width":1200,"height":630},{"@type":"BreadcrumbList","@id":"https:\/\/kokpit.az\/?p=11584#breadcrumb","itemListElement":[{"@type":"ListItem","position":1,"name":"Home","item":"https:\/\/kokpit.az\/"},{"@type":"ListItem","position":2,"name":"F.Alonso 2026-c\u0131 il\u0259 \u00fcmid edir"}]},{"@type":"WebSite","@id":"https:\/\/kokpit.az\/#website","url":"https:\/\/kokpit.az\/","name":"X\u0259b\u0259ri Kokpitd\u0259 Oxuyun!","description":"","publisher":{"@id":"https:\/\/kokpit.az\/#organization"},"potentialAction":[{"@type":"SearchAction","target":{"@type":"EntryPoint","urlTemplate":"https:\/\/kokpit.az\/?s={search_term_string}"},"query-input":{"@type":"PropertyValueSpecification","valueRequired":true,"valueName":"search_term_string"}}],"inLanguage":"az"},{"@type":"Organization","@id":"https:\/\/kokpit.az\/#organization","name":"X\u0259b\u0259ri Kokpitd\u0259 Oxuyun!","url":"https:\/\/kokpit.az\/","logo":{"@type":"ImageObject","inLanguage":"az","@id":"https:\/\/kokpit.az\/#\/schema\/logo\/image\/","url":"https:\/\/kokpit.az\/wp-content\/uploads\/2023\/05\/kokpit.jpg","contentUrl":"https:\/\/kokpit.az\/wp-content\/uploads\/2023\/05\/kokpit.jpg","width":488,"height":245,"caption":"X\u0259b\u0259ri Kokpitd\u0259 Oxuyun!"},"image":{"@id":"https:\/\/kokpit.az\/#\/schema\/logo\/image\/"},"sameAs":["https:\/\/www.facebook.com\/profile.php?id=61553756392357"]},{"@type":"Person","@id":"https:\/\/kokpit.az\/#\/schema\/person\/f4114e650bc2993d0650e4fb6933c581","name":"Rauf Hac\u0131yev","image":{"@type":"ImageObject","inLanguage":"az","@id":"https:\/\/secure.gravatar.com\/avatar\/394a2085c47c7acdcf41f7d270b7cbb52513d6f4f24c1cb6dfbbd61f98c0503d?s=96&d=mm&r=g","url":"https:\/\/secure.gravatar.com\/avatar\/394a2085c47c7acdcf41f7d270b7cbb52513d6f4f24c1cb6dfbbd61f98c0503d?s=96&d=mm&r=g","contentUrl":"https:\/\/secure.gravatar.com\/avatar\/394a2085c47c7acdcf41f7d270b7cbb52513d6f4f24c1cb6dfbbd61f98c0503d?s=96&d=mm&r=g","caption":"Rauf Hac\u0131yev"},"sameAs":["https:\/\/kokpit.az"],"url":"https:\/\/kokpit.az\/?author=2"}]}},"_links":{"self":[{"href":"https:\/\/kokpit.az\/index.php?rest_route=\/wp\/v2\/posts\/11584","targetHints":{"allow":["GET"]}}],"collection":[{"href":"https:\/\/kokpit.az\/index.php?rest_route=\/wp\/v2\/posts"}],"about":[{"href":"https:\/\/kokpit.az\/index.php?rest_route=\/wp\/v2\/types\/post"}],"author":[{"embeddable":true,"href":"https:\/\/kokpit.az\/index.php?rest_route=\/wp\/v2\/users\/2"}],"replies":[{"embeddable":true,"href":"https:\/\/kokpit.az\/index.php?rest_route=%2Fwp%2Fv2%2Fcomments&post=11584"}],"version-history":[{"count":1,"href":"https:\/\/kokpit.az\/index.php?rest_route=\/wp\/v2\/posts\/11584\/revisions"}],"predecessor-version":[{"id":11585,"href":"https:\/\/kokpit.az\/index.php?rest_route=\/wp\/v2\/posts\/11584\/revisions\/11585"}],"wp:featuredmedia":[{"embeddable":true,"href":"https:\/\/kokpit.az\/index.php?rest_route=\/wp\/v2\/media\/6674"}],"wp:attachment":[{"href":"https:\/\/kokpit.az\/index.php?rest_route=%2Fwp%2Fv2%2Fmedia&parent=11584"}],"wp:term":[{"taxonomy":"category","embeddable":true,"href":"https:\/\/kokpit.az\/index.php?rest_route=%2Fwp%2Fv2%2Fcategories&post=11584"},{"taxonomy":"post_tag","embeddable":true,"href":"https:\/\/kokpit.az\/index.php?rest_route=%2Fwp%2Fv2%2Ftags&post=11584"}],"curies":[{"name":"wp","href":"https:\/\/api.w.org\/{rel}","templated":true}]}}